{"id":10549,"date":"2020-03-25T13:30:25","date_gmt":"2020-03-25T16:30:25","guid":{"rendered":"https:\/\/meusitejuridico.editorajuspodivm.com.br\/?p=10549"},"modified":"2020-03-25T08:46:36","modified_gmt":"2020-03-25T11:46:36","slug":"o-coronavirus-o-direito-penal-e-escolha-de-sofia-medicina-de-catastrofe","status":"publish","type":"post","link":"https:\/\/meusitejuridico.editorajuspodivm.com.br\/2020\/03\/25\/o-coronavirus-o-direito-penal-e-escolha-de-sofia-medicina-de-catastrofe\/","title":{"rendered":"O coronav\u00edrus, o Direito Penal e a \u201cEscolha de Sofia\u201d: medicina de cat\u00e1strofe"},"content":{"rendered":"<p><strong>Das considera\u00e7\u00f5es iniciais<\/strong><\/p>\n<p>Atravessamos os \u00faltimos dias por um cen\u00e1rio desolador que nos lembram as s\u00e9ries de fic\u00e7\u00e3o cient\u00edfica conjugadas com produ\u00e7\u00f5es cinematogr\u00e1ficas de Hollywood como \u201cThe Walking Dead\u201d, \u201cResident Evil\u201d entre outras, cujos v\u00edrus se propagam no meio social de maneira alarmante, causando o caos social de efeitos inimagin\u00e1veis, tal como ocorre com o coronav\u00edrus, guardando obviamente as devidas propor\u00e7\u00f5es.<\/p>\n<p>Tem sido noticiado por meio da m\u00eddia que no Brasil, infelizmente, n\u00e3o teria leitos, respiradores entre outros equipamentos de log\u00edstica suficientes para enfrentar novo coronav\u00edrus, implicando no colapso do Sistema \u00danico de Sa\u00fade.<\/p>\n<p>Ademais, os recursos or\u00e7ament\u00e1rios e de sa\u00fade s\u00e3o finitos, ou seja, se esgotam. Embora isso n\u00e3o seja levado em considera\u00e7\u00e3o normalmente no processo de decis\u00e3o e nas escolhas feitas para cada paciente num primeiro momento, quando os recursos se tornam extremamente escassos por n\u00e3o permitirem o tratamento de v\u00e1rios pacientes que poderiam ser beneficiados, surge um enorme problema que acaba impondo se cogitar medidas racionais e pr\u00e1ticas.<\/p>\n<p>Somado a isso, temos um ordenamento jur\u00eddico repleto de prioridades asseguradas para idosos, crian\u00e7as, adolescentes, jovens, portadores de necessidades especiais, portadores de patologias graves e os integrantes de grupos de vulner\u00e1veis \u2013 al\u00e9m de ordens judiciais com liminares concedidas \u2013 no caso de falta de leitos e equipamentos, como proceder?<\/p>\n<p><strong>O novo coronav\u00edrus (COVID-19)<\/strong><\/p>\n<p>Em termos num\u00e9ricos, <a class='qlabs_tooltip_top qlabs_tooltip_style_1 cursor_pointer event_hover' style=''  aria-haspopup='true'>at\u00e9 o dia 22 de mar\u00e7o<span style='width: 180px; '  >Dados dispon\u00edveis em: &lt; https:\/\/www.bbc.com\/portuguese\/internacional-51987873&gt;. Acesso 22.03.2020.<\/span><\/a>, o novo coronav\u00edrus j\u00e1 teria chegado a 114 pa\u00edses e a todos os continentes, exceto a Ant\u00e1rtida, infectando mais de 323,6 mil pessoas, levando cerca de 13 mil delas \u00e0 morte.<\/p>\n<p>No Brasil, j\u00e1 s\u00e3o 25 mortes e 1546 casos confirmados, segundo o <a class='qlabs_tooltip_top qlabs_tooltip_style_1 cursor_pointer event_hover' style=''  aria-haspopup='true'>Ministro da Sa\u00fade<span style='width: 180px; '  >Fonte: Minist\u00e9rio da Sa\u00fade, dados obtidos no dia 22.03.2020. Dispon\u00edvel em:&lt; https:\/\/www.saude.gov.br\/noticias\/agencia-saude\/46573-coronavirus-25-mortes-e-1-546-casos-confirmados&gt;. Acesso em 22.03.2020.<\/span><\/a>, Luiz Henrique Mandetta.<\/p>\n<p>Temos o dever de trazer \u00e0 tona a afirma\u00e7\u00e3o do Ministro Mandetta feita em reuni\u00e3o no Congresso com os presidentes das duas Casas e l\u00edderes partid\u00e1rios que a expectativa \u00e9 uma expans\u00e3o vertiginosa da pandemia viral. Mandetta pediu que fossem liberados R$ 5 bilh\u00f5es de recursos para combater a pandemia e disse que o Sistema \u00danico de Sa\u00fade (SUS), do qual dependem exclusivamente os quase 70% de brasileiros que n\u00e3o t\u00eam plano de sa\u00fade, n\u00e3o suportar\u00e1 a demanda criada pelo novo coronav\u00edrus.<\/p>\n<p><strong>\u00a0\u201cA escolha de Sofia\u201d (Sophie\u2019s Choice)<\/strong><\/p>\n<p>Para entendermos melhor a express\u00e3o<strong> \u201cA Escolha de Sofia<\/strong>\u201d (<strong>Sophie&#8217;s Choice), <\/strong>importante ressaltar que tem origem em um <a class='qlabs_tooltip_top qlabs_tooltip_style_1 cursor_pointer event_hover' style=''  aria-haspopup='true'>filme<span style='width: 180px; '  >A Escolha de Sofia (filme). Dispon\u00edvel em:&lt;https:\/\/pt.wikipedia.org\/wiki\/A_Escolha_de_Sofia_(filme)&gt;.. Wikipedia \u2013 A Enciclop\u00e9dia Livre. Acesso em 21 de mar\u00e7o de 2020<\/span><\/a> estadunidense\u00a0de\u00a01982, do g\u00eanero\u00a0drama, dirigido e roteirizado por\u00a0Alan J. Pakula\u00a0e baseado no romance de 1979 de\u00a0William Styron.<\/p>\n<p>Em verdade, trata de um drama que uma cidad\u00e3 por nome de &#8220;Sofia&#8221; passa, sendo m\u00e3e\u00a0polaca, filha de pai\u00a0antissemita, presa num\u00a0campo de concentra\u00e7\u00e3o\u00a0de Auschwitz durante a\u00a0Segunda Guerra\u00a0e que \u00e9 for\u00e7ada por um soldado\u00a0nazista\u00a0a fazer uma dif\u00edcil e dolorosa escolha que lhe afetaria pelo resto de sua vida. Ela (Sofia) \u00e9 obrigada a escolher entre seus 2 (dois) filhos apenas 1 (um) filho que sobreviver\u00e1 ou se n\u00e3o escolher nenhum ambos morrer\u00e3o, impondo \u00e0quela a terr\u00edvel decis\u00e3o de escolha, onde 01 (um) ou os 02 (dois) filhos inevitavelmente iriam para a c\u00e2mara de g\u00e1s.<\/p>\n<p>Este trauma \u00e9 relembrado por Sofia em 1947, quando ela, residindo em Nova York e casada com um judeu americano, acaba por viver um tri\u00e2ngulo amoroso com um aspirante a escritor.<\/p>\n<p>&#8220;A escolha de Sofia&#8221; neste contexto, \u00e9 uma express\u00e3o que exterioriza a imposi\u00e7\u00e3o de se adotar uma decis\u00e3o dif\u00edcil sob press\u00e3o e enorme sacrif\u00edcio.<\/p>\n<p><strong>A \u201cEscolha de Sofia\u201d e o coronav\u00edrus<\/strong><\/p>\n<p>Transportando isso para o mundo jur\u00eddico e para o campo da bio\u00e9tica, a \u201cescolha de Sofia\u201d quer dizer &#8216;escolhas dif\u00edceis&#8217; e na pr\u00e1tica isso significa fazer &#8220;escolhas tr\u00e1gicas&#8221; de acordo com a chance de sucesso de tratamento de cada paciente, considerando a idade do paciente, doen\u00e7as preexistentes, a gravidade do seu estado e a possibilidade de reverter esse quadro.<\/p>\n<p>Apesar de ser reputada como uma decis\u00e3o dr\u00e1stica e excepcional, \u00e9 uma delibera\u00e7\u00e3o que perpassa pelo crivo racional, j\u00e1 que a situa\u00e7\u00e3o levada ao extremo (completa satura\u00e7\u00e3o dos recursos na UTI) cria um &#8220;gargalo&#8221; no atendimento \u00e0 popula\u00e7\u00e3o a ser superado.<\/p>\n<p>Caso se fa\u00e7a a op\u00e7\u00e3o de escolher tratar o paciente &#8216;errado&#8217;, se usar\u00e1 muito tempo e recursos finitos com algu\u00e9m que n\u00e3o se recuperar\u00e1 e ser\u00e1 salvo, deixando de atender duas ou tr\u00eas outras pessoas com maiores chances de cura, que podem falecer em raz\u00e3o da op\u00e7\u00e3o feita e invi\u00e1vel sob a \u00f3tica m\u00e9dica. Dentro da \u201cescolha de Sofia\u201d, o dilema surge: seria legal optar pelo tratamento do paciente que tenha maior chance de recupera\u00e7\u00e3o em detrimento daquele com maior probabilidade de \u00f3bito?<\/p>\n<p>N\u00e3o \u00e9 dif\u00edcil observar situa\u00e7\u00e3o semelhante no contexto vivenciado pela pandemia do coronav\u00edrus no cen\u00e1rio internacional, bastando um olhar ao caos italiano, que pode facilmente se estender ao Brasil.<\/p>\n<p>A situa\u00e7\u00e3o \u00e9 a seguinte: os hospitais est\u00e3o lotados de pessoas infectadas por COVID-19, todas em estado grave com S\u00edndrome Respirat\u00f3ria Aguda Grave \u2013 SARS, entre elas est\u00e3o crian\u00e7as, jovens, adultos, idosos, doentes cr\u00f4nicos, estes dois \u00faltimos grupos com alto risco de morte. Sabe-se que h\u00e1 necessidade de leitos com respiradores para o atendimento das v\u00edtimas, que n\u00e3o existem em n\u00famero suficiente. Qual paciente deve o profissional da \u00e1rea de sa\u00fade priorizar?<\/p>\n<p>A resposta surge quase que intuitivamente, aqueles que t\u00eam mais chances de viver. No entanto, o caso n\u00e3o nos parece t\u00e3o simplista assim. Sabe-se que idosos e portadores de doen\u00e7as cr\u00f4nicas, objetivamente considerados, t\u00eam maior probabilidade de n\u00e3o responder bem ao tratamento, portanto, menor chance de recupera\u00e7\u00e3o. Por isso poder\u00edamos simplesmente deix\u00e1-los sem atendimento?<\/p>\n<p>Na It\u00e1lia, por exemplo, que se vive o drama do coronav\u00edrus de maneira grav\u00edssima, as autoridades de sa\u00fade e a comunidade m\u00e9dica j\u00e1 cogitam empregar o m\u00e9todo de \u201c<a class='qlabs_tooltip_top qlabs_tooltip_style_1 cursor_pointer event_hover' style=''  aria-haspopup='true'>escolha de Sofia\u201d<span style='width: 180px; '  >Coronav\u00edrus: M\u00e9dicos na It\u00e1lia podem ter de fazer \"escolha de Sofia\" por quem vai receber tratamento. Em quest\u00e3o de dias, a It\u00e1lia tornou-se o segundo pa\u00eds mais afetado pela pandemia do novo coronav\u00edrus \u2014 e a situa\u00e7\u00e3o continua a se agravar. O total de casos confirmados ultrapassou 15 mil, e j\u00e1 foram registradas mais de mil mortes. Publicado no Globo.com em 13 de mar\u00e7o de 2020. Dispon\u00edvel em:&lt;&lt; https:\/\/epocanegocios.globo.com\/Mundo\/noticia\/2020\/03\/coronavirus-medicos-na-italia-podem-ter-de-fazer-escolha-de-sofia-por-quem-vai-receber-tratamento.html &gt;&gt;. Acesso em 21 de mar\u00e7o de 2020<\/span><\/a>. Ali\u00e1s, conforme reportagem, a It\u00e1lia j\u00e1 prev\u00ea deixar pacientes de covid-19 com mais de 80 anos morrerem.<\/p>\n<p>Caro leitor, seria simples se n\u00f3s fossemos seres apenas racionais, mas como voc\u00ea se sentiria ao levar seu ente querido (m\u00e3e, av\u00f3s, esposas, filhos etc) para o hospital em grave crise respirat\u00f3ria e fosse barrado logo na entrada, sob o argumento de que os leitos estariam separados para pessoas com maior chance de vida? A discuss\u00e3o adentra a Bio\u00e9tica e o Direito. \u00a0Da\u00ed a import\u00e2ncia de discutirmos esse tema.<\/p>\n<p><strong>Medicina de cat\u00e1strofe<\/strong><\/p>\n<p>Ap\u00f3s certa pesquisa, encontramos com destaque as recomenda\u00e7\u00f5es \u00e9ticas espec\u00edficas sobre atendimento na crise por pandemia do COVID-19 da <strong>Sociedade Espanhola De Terapia Intensiva \u2013 SEMICYUC &#8211; <\/strong>para a tomada de decis\u00e3o sobre quem vai ter acesso aos cuidados intensivos em caso de escassez de leitos. Os protocolos seguem o princ\u00edpio de dar oportunidade aquele que mais se beneficiar\u00e1. Para isso, eles aplicam escores espec\u00edficos de prioridade, que v\u00e3o de 1 a 4.<\/p>\n<p>As recomenda\u00e7\u00f5es \u00e9ticas para a tomada de decis\u00e3o na situa\u00e7\u00e3o excepcional de crise por pandemia COVID-19 nas unidades de cuidados intensivos situam-se na denominada <strong><em>Medicina de Cat\u00e1strofe<\/em><\/strong>. Veja um pouco sobre o tema:<\/p>\n<p style=\"padding-left: 60px;\">\u201c<em>Una pandemia global, como la del SRAS-COVID-19, puede abrumar la capacidad de las instalaciones ambulatorias, los departamentos de emergencias, los hospitales y los servicios de medicina intensiva (SMI). Impacta en los recursos disponibles, tanto a nivel de estructuras, de equipamientos y de profesionales, con graves consecuencias en los resultados de los pacientes, de sus familias, de los propios profesionales sanitarios y de la sociedad en general. <\/em><\/p>\n<p style=\"padding-left: 60px;\"><em>Esta situaci\u00f3n excepcional se debe manejar <strong><u>como las situaciones de \u201cmedicina de cat\u00e1strofe\u201d<\/u><\/strong>, aplicando una atenci\u00f3n de crisis excepcional <strong><u>basada en la justicia distributiva y en la asignaci\u00f3n adecuada de los recursos sanitarios.\u201d<\/u><\/strong><\/em><\/p>\n<p>Conforme a SEMICYUC espanhola, os <strong>princ\u00edpios chaves<\/strong> na gest\u00e3o de situa\u00e7\u00f5es de crises s\u00e3o <strong><em>justi\u00e7a, dever de cuidar, dever de administrar recursos, transpar\u00eancia, consist\u00eancia, proporcionalidade e responsabilidade<\/em><\/strong>.<\/p>\n<p>Em caso de despropor\u00e7\u00e3o entre as demandas e as possibilidades, <u>\u00e9 l\u00edcito estabelecer uma triagem de ingresso entre os pacientes, baseado no princ\u00edpio da justi\u00e7a distributiva<\/u>, evitando seguir o crit\u00e9rio habitual de \u00b4o primeiro a chegar \u00e9 o primeiro a receber assist\u00eancia\u00b4. Devem-se adotar crit\u00e9rios estritos de ingresso em UTI\u00b4s <strong><u>baseado em maximizar o benef\u00edcio do bem comum. <\/u><\/strong><\/p>\n<p>O documento espanhol assevera tamb\u00e9m que <strong><u>todo o paciente maior de 80 anos afetado por SARS, tem direito a receber assist\u00eancia sanit\u00e1ria e se determinar a intensidade terap\u00eautica, seguindo crit\u00e9rios objetivos de idoneidade e expectativas de resolu\u00e7\u00e3o do processo com base na qualidade de vida e funcionalidade<\/u>.<\/strong> O documento exterioriza que s\u00f3 ingressar\u00e1 nas UTI\u00b4s pacientes com prioridade 1 e 2, conforme escores pr\u00e9-estabelecidos no indigitado documento.<\/p>\n<p>Dada a sua import\u00e2ncia, deixamos ao final do nosso texto um \u2018link\u2019 para \u2018download\u2019 do documento original em l\u00edngua espanhola.<\/p>\n<p><strong>Bio\u00e9tica e Medicina<\/strong><\/p>\n<p>DIEGO GRACIA, psiquiatra e professor de Hist\u00f3ria da Medicina e Bio\u00e9tica e diretor de p\u00f3s-gradua\u00e7\u00e3o da disciplina na <em>Complutense Universidade de Madri e do Instituto de Bio\u00e9tica da Funda\u00e7\u00e3o para Ci\u00eancias em Sa\u00fade<\/em> da mesma cidade, em entrevista concedida no <strong><u>VI Congresso Brasileiro de Bio\u00e9tica em 2005, em Foz do Igua\u00e7u\/PR<\/u><\/strong>, explicou que:<\/p>\n<p style=\"padding-left: 60px;\">\u201cPenso que, no dia a dia do m\u00e9dico, essa seja a regra de outro, a fun\u00e7\u00e3o dele \u00e9 conseguir trabalhar as decis\u00f5es de tal maneira que sejam prudentes, ainda que distintas das que seguiram outros colegas.<\/p>\n<p style=\"padding-left: 60px;\">Numa decis\u00e3o cl\u00ednica h\u00e1 representantes de v\u00e1rias especialidades, tentando resolver qual \u00e9 a terap\u00eautica mais adequada a determinado paciente. Diferentes m\u00e9dicos podem discordar em rela\u00e7\u00e3o ao indicado \u00e0quele doente e todos estarem atuando bem. <strong><u>A fun\u00e7\u00e3o da \u00e9tica n\u00e3o \u00e9 buscar uma unanimidade. \u00c9 evitar que as decis\u00f5es sejam imprudentes.<\/u><\/strong><\/p>\n<p style=\"padding-left: 60px;\">Uma delibera\u00e7\u00e3o em \u00e9tica, sim, mas tamb\u00e9m \u00e9 cl\u00ednica. N\u00e3o existe nenhum m\u00e9dico que inclua a totalidade de fatores referentes ao paciente durante uma tomada de decis\u00e3o: se explorar exaustivamente o doente, nunca lhe passar\u00e1 um tratamento. Morreriam todos que ca\u00edssem em suas m\u00e3os.<\/p>\n<p style=\"padding-left: 60px;\">Toda pessoa que diz \u00a0\u00b4tenho um problema \u00e9tico\u00b4 quer dizer, \u00b4 tenho um conflito de valores\u00b4. Se um conflito \u00e9tico n\u00e3o tem solu\u00e7\u00e3o, n\u00e3o h\u00e1 como deliberar.\u201d<\/p>\n<p><strong>Reflexos no Direito Penal brasileiro<\/strong><\/p>\n<p>Entendemos que a \u201cescolha de Sofia\u201d poderia gerar celeumas sobre eventual tipifica\u00e7\u00e3o de homic\u00eddio entre outros delitos, j\u00e1 que a ningu\u00e9m seria dado o direito de escolher quem vive ou morre como se Deus fosse, tendo o profissional m\u00e9dico o dever de envidar esfor\u00e7os para salvar qualquer vida, conforme juramento de Hip\u00f3crates quando da formatura no curso de medicina.<\/p>\n<p>O C\u00f3digo de \u00c9tica M\u00e9dica no Brasil adotou importantes modifica\u00e7\u00f5es referentes ao direito de autonomia da pessoa doente e \u00e0 modalidade de assist\u00eancia a pacientes diagnosticados como &#8220;fora de possibilidades terap\u00eauticas de cura&#8221; ou terminais, em vista dos cuidados paliativos, podendo nos trazer solu\u00e7\u00f5es pr\u00e1ticas sobre a ortotan\u00e1sia, a boa morte, a morte sem sofrimento. Mas esse n\u00e3o \u00e9 o caso, pois o paciente deseja viver e quer o tratamento, que nem sequer \u00e9 iniciado.<\/p>\n<p>Algumas indaga\u00e7\u00f5es surgem nesse dilema: o profissional de sa\u00fade poderia se negar a atender, mesmo em estado grave, os integrantes do chamado grupo de risco (idosos e portadores de doen\u00e7as cr\u00f4nicas) no Brasil? Quais seriam os reflexos penais dessa negativa?<\/p>\n<p>O tema \u00e9 delicado e n\u00e3o h\u00e1 precedentes sobre o assunto. Precisamos nos valer de determinantes sociais, valores morais, crit\u00e9rios cient\u00edficos e defini\u00e7\u00f5es legais para o enfrentamento t\u00e9cnico da quest\u00e3o.<\/p>\n<p>Fazendo um recorte ilustrativo quanto \u00e0 situa\u00e7\u00e3o do idoso, a Lei n. 10.741\/03 \u2013 Estatuto do Idoso, com fundamento no texto constitucional, prev\u00ea no art. 3\u00ba como obriga\u00e7\u00e3o da fam\u00edlia, da comunidade, da sociedade e do Poder P\u00fablico assegurar ao idoso, com absoluta prioridade, a efetiva\u00e7\u00e3o do direito \u00e0 vida e \u00e0 sa\u00fade. O \u00a71\u00ba do mesmo artigo ainda deixa mais expresso que a garantia \u00e0 prioridade compreende, entre outras, acesso \u00e0 rede de servi\u00e7os de sa\u00fade. Como essa previs\u00e3o, a Lei estabelece a\u00e7\u00f5es que permitam o envelhecimento saud\u00e1vel e em condi\u00e7\u00f5es de dignidade.<\/p>\n<p>N\u00e3o obstante o atendimento priorit\u00e1rio ao idoso, h\u00e1 um plexo de segmentos sociais que demandam aten\u00e7\u00e3o detida. \u00c0 crian\u00e7a e ao adolescente, por exemplo, o art. 227 da CF\/88 tamb\u00e9m determina prioridade absoluta no atendimento do direito \u00e0 vida e \u00e0 sa\u00fade.<\/p>\n<p>Diante dessa celeuma, pragmaticamente, como escolher entre um idoso e uma crian\u00e7a infectados por COVID-19, ambos em estado grave?<\/p>\n<p>Caso o profissional de sa\u00fade opte por atender qualquer deles, ante a falta de leitos suficientes para acomodar ambos, entendemos que a situa\u00e7\u00e3o se encaixa com perfei\u00e7\u00e3o na excludente de ilicitude de estado de necessidade, nos termos do art. 24 do C\u00f3digo Penal, pois praticou fato para salvar de perigo atual (S\u00edndrome Respirat\u00f3ria Aguda Grave provocada por COVID-19), que n\u00e3o provocou por sua vontade, nem podia evitar (\u00e9 uma pandemia iniciada na China!), direito de outrem, qual seja, a sa\u00fade, a vida daquele que vai obter tratamento adequado.<\/p>\n<p>Como \u00faltimo requisito do Estado de Necessidade resta \u201c<em>cujo sacrif\u00edcio, nas circunst\u00e2ncias, n\u00e3o era razo\u00e1vel exigir-se<\/em>\u201d. A circunst\u00e2ncia, <em>in casu,<\/em> \u00e9 a aus\u00eancia de leitos suficientes para todos os pacientes. Sobre a razoabilidade, no entanto, nossa compreens\u00e3o \u00e9 que a vida humana n\u00e3o pode ser aferida como de maior ou menor valor.\u00a0 Assim, a vida do idoso n\u00e3o tem menor valor que \u00e0 da crian\u00e7a ou vice-versa. O estado de necessidade \u00e9 caracterizado pelo conflito de interesses l\u00edcitos, consoante nos ensina <a class='qlabs_tooltip_top qlabs_tooltip_style_1 cursor_pointer event_hover' style=''  aria-haspopup='true'>Cleber Masson<span style='width: 180px; '  >MASSON. Cleber. C\u00f3digo Penal Comentado. 2 ed. rev. atual. Editora: M\u00e9todo. S\u00e3o Paulo. 2014. p. 204.<\/span><\/a>.<\/p>\n<p>A teoria unit\u00e1ria, adotada pelo art. 24, caput e \u00a72\u00ba do CP, traduz que o estado de necessidade \u00e9 causa de exclus\u00e3o de ilicitude, desde que o bem sacrificado seja de igual ou inferior valor ao bem jur\u00eddico preservado. \u00a0Sendo a vida de todos de igual valor, tal requisito tamb\u00e9m se mostra preenchido.<\/p>\n<p>A classifica\u00e7\u00e3o doutrin\u00e1ria indica, ainda, estado de necessidade agressivo, pois para preservar o bem jur\u00eddico (vida), o m\u00e9dico pratica ou deixa de praticar o fato (realizar o atendimento adequado) contra bem jur\u00eddico pertencente a terceiro inocente (vida\/sa\u00fade), ou seja, pessoa que n\u00e3o provocou a situa\u00e7\u00e3o de perigo, o paciente n\u00e3o atendido.<\/p>\n<p>Sob outro aspecto, pode o m\u00e9dico agir sob o amparo do estrito cumprimento do dever legal (sentido amplo) caso haja disciplinamento e objetiva\u00e7\u00e3o normativa sobre os crit\u00e9rios de escolha de atendimento dos pacientes infectados pelo COVID-19, com o estabelecimento de escores, tal como ocorreu na Espanha.<\/p>\n<p>Uma vez que as autoridades de Sa\u00fade e Sanit\u00e1rias definam crit\u00e9rios, ao cumpri-los o m\u00e9dico tamb\u00e9m estaria amparado por essa excludente (CP, art. 23, III).<\/p>\n<p>Crit\u00e9rios racionais podem ser adotados, o mais usual \u00e9 o atendimento daqueles que chegam primeiro, diante da aus\u00eancia de leitos para atender os que chegam depois; outro crit\u00e9rio, por exemplo, seria transferir pessoas que n\u00e3o est\u00e3o respondendo ao tratamento para cuidados paliativos. \u00c0 luz do entendimento dos crit\u00e9rios estabelecidos pela bio\u00e9tica m\u00e9dica espanhola, o m\u00e1ximo benef\u00edcio do bem comum nos parece um bom norte a ser seguido.<\/p>\n<p>Finalmente, no campo do Direito Penal, pode ainda ser altercada a possibilidade de inexigibilidade de conduta diversa, compreendida a impossibilidade de comportamento diferente do adotado, em raz\u00e3o do <strong><u>conflito de deveres<\/u><\/strong>, pertinente a causa supralegal de excludente de culpabilidade. Situa\u00e7\u00e3o semelhante \u00e9 citada por <a class='qlabs_tooltip_top qlabs_tooltip_style_1 cursor_pointer event_hover' style=''  aria-haspopup='true'>Cirino do Santos<span style='width: 180px; '  >Juarez Cirino do Santos. A moderna teoria do fato pun\u00edvel. Ed. Freitas Bastos. 2000. p. 268.<\/span><\/a> no exemplo do maquinista que para evitar colis\u00e3o com trem de passageiros, acarretando a morte de muitos deles, desvia o trem de carga desgovernado para trilho diferente, causando a morte de alguns trabalhadores.<\/p>\n<p>De todo modo, se a \u201cEscolha de Sofia\u201d for feita dentro de par\u00e2metros razo\u00e1veis, estar\u00e1 amparada pelo Direito. Ressalta-se, por fim, a necessidade de respeito \u00e0 dignidade humana de todos os pacientes, que pode ser representado no direito \u00e0 triagem com crit\u00e9rios objetivos justos, e informa\u00e7\u00f5es adequadas sobre o seu estado de sa\u00fade, as condi\u00e7\u00f5es do sistema de atendimento e dos pr\u00f3prios crit\u00e9rios estabelecidos.<\/p>\n<p>Ainda temos uma tem\u00e1tica correlata que dialoga sobre o assunto como <strong>eutan\u00e1sia, distan\u00e1sia, ortotan\u00e1sia e suic\u00eddio assistido<\/strong>, embora n\u00e3o ser\u00e1 tratada na oportunidade.<\/p>\n<p><strong>Das considera\u00e7\u00f5es finais<\/strong><\/p>\n<p>Ap\u00f3s profunda reflex\u00e3o, chegamos \u00e0 conclus\u00e3o que a \u201cEscolha de Sofia\u201d, no caso do atendimento m\u00e9dico aos pacientes infectados por coronav\u00edrus (COVID-19), n\u00e3o competindo em regra aos juristas. A din\u00e2mica dos atendimentos m\u00e9dicos no contexto da pandemia do coronav\u00edrus encontra poucos precedentes hist\u00f3ricos recentes. A escolha entre quem deve ser atendido, ou n\u00e3o, pertence aos profissionais que est\u00e3o lidando com a situa\u00e7\u00e3o concreta, impondo-se o estabelecimento protocolos nacionais de bio\u00e9tica, a exemplo do que vem ocorrendo no \u00e2mbito internacional.<\/p>\n<p>Embora a escolha n\u00e3o caiba em regra aos juristas, a an\u00e1lise da razoabilidade, da objetividade e da racionalidade dos crit\u00e9rios pode ser objeto de questionamento no \u00e2mbito do Direito Penal, em pondera\u00e7\u00e3o dific\u00edlima, diante da complexidade do tema.<\/p>\n<p>Mormente a pandemia do COVID-19 seja assunto recente, a sa\u00fade p\u00fablica brasileira passa por situa\u00e7\u00e3o alarmante h\u00e1 bastante tempo, havendo not\u00edcias desde sempre acerca da falta de leitos, de medicamentos, de profissionais, desorganiza\u00e7\u00e3o no atendimento e, inclusive, crimes comissivos por omiss\u00e3o em determinados casos.<\/p>\n<p>Talvez n\u00e3o percebamos, mas todos os dias, seja antes ou durante (e provavelmente ap\u00f3s) a pandemia vivenciada, as \u201cSofias\u201d, representadas pelos profissionais de sa\u00fade, tenham que fazer escolhas dram\u00e1ticas. Talvez vivamos, no Brasil, em constante estado de \u201cmedicina de cat\u00e1strofe\u201d. Se pudermos extrair algo positivo disso tudo, que seja a clareza da necessidade de se estruturar e priorizar a Sa\u00fade P\u00fablica do nosso pa\u00eds \u2013 dentre outros segmentos que tamb\u00e9m merecem prioridade at\u00e9 como fator de preven\u00e7\u00e3o.<\/p>\n<p><strong>&#8212;<\/strong><\/p>\n<p>Agradecemos o importante aux\u00edlio do Dr. Pedro Artur Lobato Baptista, Perito M\u00e9dico Legista da POLITEC\/AP, por sua contribui\u00e7\u00e3o na apresenta\u00e7\u00e3o de conceitos importantes de bio\u00e9tica.<\/p>\n<p><a href=\"#_ednref1\" name=\"_edn1\"><\/a><\/p>\n","protected":false},"excerpt":{"rendered":"<p>Das considera\u00e7\u00f5es iniciais Atravessamos os \u00faltimos dias por um cen\u00e1rio desolador que nos lembram as s\u00e9ries de fic\u00e7\u00e3o cient\u00edfica conjugadas com produ\u00e7\u00f5es cinematogr\u00e1ficas de Hollywood como \u201cThe Walking Dead\u201d, \u201cResident Evil\u201d entre outras, cujos v\u00edrus se propagam no meio social de maneira alarmante, causando o caos social de efeitos inimagin\u00e1veis, tal como ocorre com o [&hellip;]<\/p>\n","protected":false},"author":114,"featured_media":10554,"comment_status":"open","ping_status":"open","sticky":false,"template":"","format":"standard","meta":{"_acf_changed":false,"footnotes":""},"categories":[1,106],"tags":[3128,3140,107],"class_list":["post-10549","post","type-post","status-publish","format-standard","has-post-thumbnail","hentry","category-artigos","category-direito-penal-disciplinas","tag-coronavirus","tag-covid-19","tag-direito-penal"],"acf":[],"yoast_head":"<!-- This site is optimized with the Yoast SEO plugin v24.8.1 - https:\/\/yoast.com\/wordpress\/plugins\/seo\/ -->\n<title>O coronav\u00edrus, o Direito Penal e a \u201cEscolha de Sofia\u201d: medicina de cat\u00e1strofe - Meu site jur\u00eddico<\/title>\n<meta name=\"robots\" content=\"index, follow, max-snippet:-1, max-image-preview:large, max-video-preview:-1\" \/>\n<link rel=\"canonical\" href=\"https:\/\/meusitejuridico.com.br\/2020\/03\/25\/o-coronavirus-o-direito-penal-e-escolha-de-sofia-medicina-de-catastrofe\/\" \/>\n<meta property=\"og:locale\" content=\"pt_BR\" \/>\n<meta property=\"og:type\" content=\"article\" \/>\n<meta property=\"og:title\" content=\"O coronav\u00edrus, o Direito Penal e a \u201cEscolha de Sofia\u201d: medicina de cat\u00e1strofe - Meu site jur\u00eddico\" \/>\n<meta property=\"og:description\" content=\"Das considera\u00e7\u00f5es iniciais Atravessamos os \u00faltimos dias por um cen\u00e1rio desolador que nos lembram as s\u00e9ries de fic\u00e7\u00e3o cient\u00edfica conjugadas com produ\u00e7\u00f5es cinematogr\u00e1ficas de Hollywood como \u201cThe Walking Dead\u201d, \u201cResident Evil\u201d entre outras, cujos v\u00edrus se propagam no meio social de maneira alarmante, causando o caos social de efeitos inimagin\u00e1veis, tal como ocorre com o [&hellip;]\" \/>\n<meta property=\"og:url\" content=\"https:\/\/meusitejuridico.com.br\/2020\/03\/25\/o-coronavirus-o-direito-penal-e-escolha-de-sofia-medicina-de-catastrofe\/\" \/>\n<meta property=\"og:site_name\" content=\"Meu site jur\u00eddico\" \/>\n<meta property=\"article:published_time\" content=\"2020-03-25T16:30:25+00:00\" \/>\n<meta property=\"og:image\" content=\"https:\/\/meusitejuridico.com.br\/s.meusitejuridico\/2020\/03\/a9d8d0ec-shutterstock-1623804370.jpg\" \/>\n\t<meta property=\"og:image:width\" content=\"1280\" \/>\n\t<meta property=\"og:image:height\" content=\"720\" \/>\n\t<meta property=\"og:image:type\" content=\"image\/jpeg\" \/>\n<meta name=\"author\" content=\"Joaquim Leit\u00e3o J\u00fanior e Paulo Reyner Camargo Mousinho\" \/>\n<meta name=\"twitter:card\" content=\"summary_large_image\" \/>\n<meta name=\"twitter:label1\" content=\"Escrito por\" \/>\n\t<meta name=\"twitter:data1\" content=\"Joaquim Leit\u00e3o J\u00fanior e Paulo Reyner Camargo Mousinho\" \/>\n\t<meta name=\"twitter:label2\" content=\"Est. tempo de leitura\" \/>\n\t<meta name=\"twitter:data2\" content=\"17 minutos\" \/>\n<script type=\"application\/ld+json\" class=\"yoast-schema-graph\">{\"@context\":\"https:\/\/schema.org\",\"@graph\":[{\"@type\":\"Article\",\"@id\":\"https:\/\/meusitejuridico.com.br\/2020\/03\/25\/o-coronavirus-o-direito-penal-e-escolha-de-sofia-medicina-de-catastrofe\/#article\",\"isPartOf\":{\"@id\":\"https:\/\/meusitejuridico.com.br\/2020\/03\/25\/o-coronavirus-o-direito-penal-e-escolha-de-sofia-medicina-de-catastrofe\/\"},\"author\":{\"name\":\"Joaquim Leit\u00e3o J\u00fanior e Paulo Reyner Camargo Mousinho\",\"@id\":\"https:\/\/cdn.meusitejuridico.com.br\/#\/schema\/person\/57ef7313e58d87a67cca8246f39b52cc\"},\"headline\":\"O coronav\u00edrus, o Direito Penal e a \u201cEscolha de Sofia\u201d: medicina de cat\u00e1strofe\",\"datePublished\":\"2020-03-25T16:30:25+00:00\",\"mainEntityOfPage\":{\"@id\":\"https:\/\/meusitejuridico.com.br\/2020\/03\/25\/o-coronavirus-o-direito-penal-e-escolha-de-sofia-medicina-de-catastrofe\/\"},\"wordCount\":3430,\"commentCount\":2,\"publisher\":{\"@id\":\"https:\/\/cdn.meusitejuridico.com.br\/#organization\"},\"image\":{\"@id\":\"https:\/\/meusitejuridico.com.br\/2020\/03\/25\/o-coronavirus-o-direito-penal-e-escolha-de-sofia-medicina-de-catastrofe\/#primaryimage\"},\"thumbnailUrl\":\"https:\/\/meusitejuridico.editorajuspodivm.com.br\/s.meusitejuridico\/2020\/03\/a9d8d0ec-shutterstock-1623804370.jpg\",\"keywords\":[\"coronav\u00edrus\",\"covid-19\",\"Direito Penal\"],\"articleSection\":[\"Artigos\",\"Direito Penal\"],\"inLanguage\":\"pt-BR\",\"potentialAction\":[{\"@type\":\"CommentAction\",\"name\":\"Comment\",\"target\":[\"https:\/\/meusitejuridico.com.br\/2020\/03\/25\/o-coronavirus-o-direito-penal-e-escolha-de-sofia-medicina-de-catastrofe\/#respond\"]}]},{\"@type\":\"WebPage\",\"@id\":\"https:\/\/meusitejuridico.com.br\/2020\/03\/25\/o-coronavirus-o-direito-penal-e-escolha-de-sofia-medicina-de-catastrofe\/\",\"url\":\"https:\/\/meusitejuridico.com.br\/2020\/03\/25\/o-coronavirus-o-direito-penal-e-escolha-de-sofia-medicina-de-catastrofe\/\",\"name\":\"O coronav\u00edrus, o Direito Penal e a \u201cEscolha de Sofia\u201d: medicina de cat\u00e1strofe - Meu site jur\u00eddico\",\"isPartOf\":{\"@id\":\"https:\/\/cdn.meusitejuridico.com.br\/#website\"},\"primaryImageOfPage\":{\"@id\":\"https:\/\/meusitejuridico.com.br\/2020\/03\/25\/o-coronavirus-o-direito-penal-e-escolha-de-sofia-medicina-de-catastrofe\/#primaryimage\"},\"image\":{\"@id\":\"https:\/\/meusitejuridico.com.br\/2020\/03\/25\/o-coronavirus-o-direito-penal-e-escolha-de-sofia-medicina-de-catastrofe\/#primaryimage\"},\"thumbnailUrl\":\"https:\/\/meusitejuridico.editorajuspodivm.com.br\/s.meusitejuridico\/2020\/03\/a9d8d0ec-shutterstock-1623804370.jpg\",\"datePublished\":\"2020-03-25T16:30:25+00:00\",\"breadcrumb\":{\"@id\":\"https:\/\/meusitejuridico.com.br\/2020\/03\/25\/o-coronavirus-o-direito-penal-e-escolha-de-sofia-medicina-de-catastrofe\/#breadcrumb\"},\"inLanguage\":\"pt-BR\",\"potentialAction\":[{\"@type\":\"ReadAction\",\"target\":[\"https:\/\/meusitejuridico.com.br\/2020\/03\/25\/o-coronavirus-o-direito-penal-e-escolha-de-sofia-medicina-de-catastrofe\/\"]}]},{\"@type\":\"ImageObject\",\"inLanguage\":\"pt-BR\",\"@id\":\"https:\/\/meusitejuridico.com.br\/2020\/03\/25\/o-coronavirus-o-direito-penal-e-escolha-de-sofia-medicina-de-catastrofe\/#primaryimage\",\"url\":\"https:\/\/meusitejuridico.editorajuspodivm.com.br\/s.meusitejuridico\/2020\/03\/a9d8d0ec-shutterstock-1623804370.jpg\",\"contentUrl\":\"https:\/\/meusitejuridico.editorajuspodivm.com.br\/s.meusitejuridico\/2020\/03\/a9d8d0ec-shutterstock-1623804370.jpg\",\"width\":1280,\"height\":720},{\"@type\":\"BreadcrumbList\",\"@id\":\"https:\/\/meusitejuridico.com.br\/2020\/03\/25\/o-coronavirus-o-direito-penal-e-escolha-de-sofia-medicina-de-catastrofe\/#breadcrumb\",\"itemListElement\":[{\"@type\":\"ListItem\",\"position\":1,\"name\":\"In\u00edcio\",\"item\":\"https:\/\/cdn.meusitejuridico.com.br\/\"},{\"@type\":\"ListItem\",\"position\":2,\"name\":\"O coronav\u00edrus, o Direito Penal e a \u201cEscolha de Sofia\u201d: medicina de cat\u00e1strofe\"}]},{\"@type\":\"WebSite\",\"@id\":\"https:\/\/cdn.meusitejuridico.com.br\/#website\",\"url\":\"https:\/\/cdn.meusitejuridico.com.br\/\",\"name\":\"Meu site jur\u00eddico\",\"description\":\"Meu site jur\u00eddico\",\"publisher\":{\"@id\":\"https:\/\/cdn.meusitejuridico.com.br\/#organization\"},\"potentialAction\":[{\"@type\":\"SearchAction\",\"target\":{\"@type\":\"EntryPoint\",\"urlTemplate\":\"https:\/\/cdn.meusitejuridico.com.br\/?s={search_term_string}\"},\"query-input\":{\"@type\":\"PropertyValueSpecification\",\"valueRequired\":true,\"valueName\":\"search_term_string\"}}],\"inLanguage\":\"pt-BR\"},{\"@type\":\"Organization\",\"@id\":\"https:\/\/cdn.meusitejuridico.com.br\/#organization\",\"name\":\"Meu site jur\u00eddico\",\"url\":\"https:\/\/cdn.meusitejuridico.com.br\/\",\"logo\":{\"@type\":\"ImageObject\",\"inLanguage\":\"pt-BR\",\"@id\":\"https:\/\/cdn.meusitejuridico.com.br\/#\/schema\/logo\/image\/\",\"url\":\"https:\/\/meusitejuridico.editorajuspodivm.com.br\/s.meusitejuridico\/2022\/03\/cropped-baeec2a3-msj-02-01-01.png\",\"contentUrl\":\"https:\/\/meusitejuridico.editorajuspodivm.com.br\/s.meusitejuridico\/2022\/03\/cropped-baeec2a3-msj-02-01-01.png\",\"width\":349,\"height\":243,\"caption\":\"Meu site jur\u00eddico\"},\"image\":{\"@id\":\"https:\/\/cdn.meusitejuridico.com.br\/#\/schema\/logo\/image\/\"}},{\"@type\":\"Person\",\"@id\":\"https:\/\/cdn.meusitejuridico.com.br\/#\/schema\/person\/57ef7313e58d87a67cca8246f39b52cc\",\"name\":\"Joaquim Leit\u00e3o J\u00fanior e Paulo Reyner Camargo Mousinho\",\"image\":{\"@type\":\"ImageObject\",\"inLanguage\":\"pt-BR\",\"@id\":\"https:\/\/cdn.meusitejuridico.com.br\/#\/schema\/person\/image\/\",\"url\":\"https:\/\/meusitejuridico.editorajuspodivm.com.br\/s.meusitejuridico\/2017\/04\/0b4f0061-msj-150x150.png\",\"contentUrl\":\"https:\/\/meusitejuridico.editorajuspodivm.com.br\/s.meusitejuridico\/2017\/04\/0b4f0061-msj-150x150.png\",\"caption\":\"Joaquim Leit\u00e3o J\u00fanior e Paulo Reyner Camargo Mousinho\"},\"description\":\"Delegado de Pol\u00edcia no Estado de Mato Grosso. Atualmente Assessor Institucional da Pol\u00edcia Judici\u00e1ria Civil do Estado de Mato Grosso. Ex-assessor do Tribunal de Justi\u00e7a de Mato Grosso. P\u00f3s-graduado em Ci\u00eancias Penais pela rede de ensino Luiz Fl\u00e1vio Gomes (LFG) em parceria com Universidade de Santa Catarina (UNISUL). P\u00f3s-graduado em Gest\u00e3o Municipal pela Universidade do Estado de Mato Grosso \u2013 UNEMAT e pela Universidade Aberta do Brasil. Curso de Extens\u00e3o pela Universidade de S\u00e3o Paulo (USP) de Integra\u00e7\u00e3o de Compet\u00eancias no Desempenho da Atividade Judici\u00e1ria com Usu\u00e1rios e Dependentes de Drogas. Colunista do site Justi\u00e7a e Pol\u00edcia, coautor de obras jur\u00eddicas e autor de artigos jur\u00eddicos ____________________________________________________________________ Delegado de Pol\u00edcia Civil no Amap\u00e1. Atualmente Assessor Institucional da Pol\u00edcia Civil do Estado do Amap\u00e1. Ex-Policial Militar. Graduado em Direito pela Universidade do Distrito Federal \u2013 UDF, Especialista em Pol\u00edticas e Gest\u00e3o em Seguran\u00e7a P\u00fablica. Autor do livro Pe\u00e7as e Pr\u00e1tica da Atividade Policial e de diversos artigos jur\u00eddicos. Administrador do site Justi\u00e7a &amp; Pol\u00edcia e Professor de cursos preparat\u00f3rios para carreira de Delegado de Pol\u00edcia, Instrutor da Academia Integrada de Forma\u00e7\u00e3o e Aperfei\u00e7oamento \u2013 AIFA\",\"url\":\"https:\/\/meusitejuridico.editorajuspodivm.com.br\/author\/joaquimpaulojoaquimpaulo\/\"}]}<\/script>\n<!-- \/ Yoast SEO plugin. -->","yoast_head_json":{"title":"O coronav\u00edrus, o Direito Penal e a \u201cEscolha de Sofia\u201d: medicina de cat\u00e1strofe - Meu site jur\u00eddico","robots":{"index":"index","follow":"follow","max-snippet":"max-snippet:-1","max-image-preview":"max-image-preview:large","max-video-preview":"max-video-preview:-1"},"canonical":"https:\/\/meusitejuridico.com.br\/2020\/03\/25\/o-coronavirus-o-direito-penal-e-escolha-de-sofia-medicina-de-catastrofe\/","og_locale":"pt_BR","og_type":"article","og_title":"O coronav\u00edrus, o Direito Penal e a \u201cEscolha de Sofia\u201d: medicina de cat\u00e1strofe - Meu site jur\u00eddico","og_description":"Das considera\u00e7\u00f5es iniciais Atravessamos os \u00faltimos dias por um cen\u00e1rio desolador que nos lembram as s\u00e9ries de fic\u00e7\u00e3o cient\u00edfica conjugadas com produ\u00e7\u00f5es cinematogr\u00e1ficas de Hollywood como \u201cThe Walking Dead\u201d, \u201cResident Evil\u201d entre outras, cujos v\u00edrus se propagam no meio social de maneira alarmante, causando o caos social de efeitos inimagin\u00e1veis, tal como ocorre com o [&hellip;]","og_url":"https:\/\/meusitejuridico.com.br\/2020\/03\/25\/o-coronavirus-o-direito-penal-e-escolha-de-sofia-medicina-de-catastrofe\/","og_site_name":"Meu site jur\u00eddico","article_published_time":"2020-03-25T16:30:25+00:00","og_image":[{"width":1280,"height":720,"url":"https:\/\/meusitejuridico.com.br\/s.meusitejuridico\/2020\/03\/a9d8d0ec-shutterstock-1623804370.jpg","type":"image\/jpeg"}],"author":"Joaquim Leit\u00e3o J\u00fanior e Paulo Reyner Camargo Mousinho","twitter_card":"summary_large_image","twitter_misc":{"Escrito por":"Joaquim Leit\u00e3o J\u00fanior e Paulo Reyner Camargo Mousinho","Est. tempo de leitura":"17 minutos"},"schema":{"@context":"https:\/\/schema.org","@graph":[{"@type":"Article","@id":"https:\/\/meusitejuridico.com.br\/2020\/03\/25\/o-coronavirus-o-direito-penal-e-escolha-de-sofia-medicina-de-catastrofe\/#article","isPartOf":{"@id":"https:\/\/meusitejuridico.com.br\/2020\/03\/25\/o-coronavirus-o-direito-penal-e-escolha-de-sofia-medicina-de-catastrofe\/"},"author":{"name":"Joaquim Leit\u00e3o J\u00fanior e Paulo Reyner Camargo Mousinho","@id":"https:\/\/cdn.meusitejuridico.com.br\/#\/schema\/person\/57ef7313e58d87a67cca8246f39b52cc"},"headline":"O coronav\u00edrus, o Direito Penal e a \u201cEscolha de Sofia\u201d: medicina de cat\u00e1strofe","datePublished":"2020-03-25T16:30:25+00:00","mainEntityOfPage":{"@id":"https:\/\/meusitejuridico.com.br\/2020\/03\/25\/o-coronavirus-o-direito-penal-e-escolha-de-sofia-medicina-de-catastrofe\/"},"wordCount":3430,"commentCount":2,"publisher":{"@id":"https:\/\/cdn.meusitejuridico.com.br\/#organization"},"image":{"@id":"https:\/\/meusitejuridico.com.br\/2020\/03\/25\/o-coronavirus-o-direito-penal-e-escolha-de-sofia-medicina-de-catastrofe\/#primaryimage"},"thumbnailUrl":"https:\/\/meusitejuridico.editorajuspodivm.com.br\/s.meusitejuridico\/2020\/03\/a9d8d0ec-shutterstock-1623804370.jpg","keywords":["coronav\u00edrus","covid-19","Direito Penal"],"articleSection":["Artigos","Direito Penal"],"inLanguage":"pt-BR","potentialAction":[{"@type":"CommentAction","name":"Comment","target":["https:\/\/meusitejuridico.com.br\/2020\/03\/25\/o-coronavirus-o-direito-penal-e-escolha-de-sofia-medicina-de-catastrofe\/#respond"]}]},{"@type":"WebPage","@id":"https:\/\/meusitejuridico.com.br\/2020\/03\/25\/o-coronavirus-o-direito-penal-e-escolha-de-sofia-medicina-de-catastrofe\/","url":"https:\/\/meusitejuridico.com.br\/2020\/03\/25\/o-coronavirus-o-direito-penal-e-escolha-de-sofia-medicina-de-catastrofe\/","name":"O coronav\u00edrus, o Direito Penal e a \u201cEscolha de Sofia\u201d: medicina de cat\u00e1strofe - Meu site jur\u00eddico","isPartOf":{"@id":"https:\/\/cdn.meusitejuridico.com.br\/#website"},"primaryImageOfPage":{"@id":"https:\/\/meusitejuridico.com.br\/2020\/03\/25\/o-coronavirus-o-direito-penal-e-escolha-de-sofia-medicina-de-catastrofe\/#primaryimage"},"image":{"@id":"https:\/\/meusitejuridico.com.br\/2020\/03\/25\/o-coronavirus-o-direito-penal-e-escolha-de-sofia-medicina-de-catastrofe\/#primaryimage"},"thumbnailUrl":"https:\/\/meusitejuridico.editorajuspodivm.com.br\/s.meusitejuridico\/2020\/03\/a9d8d0ec-shutterstock-1623804370.jpg","datePublished":"2020-03-25T16:30:25+00:00","breadcrumb":{"@id":"https:\/\/meusitejuridico.com.br\/2020\/03\/25\/o-coronavirus-o-direito-penal-e-escolha-de-sofia-medicina-de-catastrofe\/#breadcrumb"},"inLanguage":"pt-BR","potentialAction":[{"@type":"ReadAction","target":["https:\/\/meusitejuridico.com.br\/2020\/03\/25\/o-coronavirus-o-direito-penal-e-escolha-de-sofia-medicina-de-catastrofe\/"]}]},{"@type":"ImageObject","inLanguage":"pt-BR","@id":"https:\/\/meusitejuridico.com.br\/2020\/03\/25\/o-coronavirus-o-direito-penal-e-escolha-de-sofia-medicina-de-catastrofe\/#primaryimage","url":"https:\/\/meusitejuridico.editorajuspodivm.com.br\/s.meusitejuridico\/2020\/03\/a9d8d0ec-shutterstock-1623804370.jpg","contentUrl":"https:\/\/meusitejuridico.editorajuspodivm.com.br\/s.meusitejuridico\/2020\/03\/a9d8d0ec-shutterstock-1623804370.jpg","width":1280,"height":720},{"@type":"BreadcrumbList","@id":"https:\/\/meusitejuridico.com.br\/2020\/03\/25\/o-coronavirus-o-direito-penal-e-escolha-de-sofia-medicina-de-catastrofe\/#breadcrumb","itemListElement":[{"@type":"ListItem","position":1,"name":"In\u00edcio","item":"https:\/\/cdn.meusitejuridico.com.br\/"},{"@type":"ListItem","position":2,"name":"O coronav\u00edrus, o Direito Penal e a \u201cEscolha de Sofia\u201d: medicina de cat\u00e1strofe"}]},{"@type":"WebSite","@id":"https:\/\/cdn.meusitejuridico.com.br\/#website","url":"https:\/\/cdn.meusitejuridico.com.br\/","name":"Meu site jur\u00eddico","description":"Meu site jur\u00eddico","publisher":{"@id":"https:\/\/cdn.meusitejuridico.com.br\/#organization"},"potentialAction":[{"@type":"SearchAction","target":{"@type":"EntryPoint","urlTemplate":"https:\/\/cdn.meusitejuridico.com.br\/?s={search_term_string}"},"query-input":{"@type":"PropertyValueSpecification","valueRequired":true,"valueName":"search_term_string"}}],"inLanguage":"pt-BR"},{"@type":"Organization","@id":"https:\/\/cdn.meusitejuridico.com.br\/#organization","name":"Meu site jur\u00eddico","url":"https:\/\/cdn.meusitejuridico.com.br\/","logo":{"@type":"ImageObject","inLanguage":"pt-BR","@id":"https:\/\/cdn.meusitejuridico.com.br\/#\/schema\/logo\/image\/","url":"https:\/\/meusitejuridico.editorajuspodivm.com.br\/s.meusitejuridico\/2022\/03\/cropped-baeec2a3-msj-02-01-01.png","contentUrl":"https:\/\/meusitejuridico.editorajuspodivm.com.br\/s.meusitejuridico\/2022\/03\/cropped-baeec2a3-msj-02-01-01.png","width":349,"height":243,"caption":"Meu site jur\u00eddico"},"image":{"@id":"https:\/\/cdn.meusitejuridico.com.br\/#\/schema\/logo\/image\/"}},{"@type":"Person","@id":"https:\/\/cdn.meusitejuridico.com.br\/#\/schema\/person\/57ef7313e58d87a67cca8246f39b52cc","name":"Joaquim Leit\u00e3o J\u00fanior e Paulo Reyner Camargo Mousinho","image":{"@type":"ImageObject","inLanguage":"pt-BR","@id":"https:\/\/cdn.meusitejuridico.com.br\/#\/schema\/person\/image\/","url":"https:\/\/meusitejuridico.editorajuspodivm.com.br\/s.meusitejuridico\/2017\/04\/0b4f0061-msj-150x150.png","contentUrl":"https:\/\/meusitejuridico.editorajuspodivm.com.br\/s.meusitejuridico\/2017\/04\/0b4f0061-msj-150x150.png","caption":"Joaquim Leit\u00e3o J\u00fanior e Paulo Reyner Camargo Mousinho"},"description":"Delegado de Pol\u00edcia no Estado de Mato Grosso. Atualmente Assessor Institucional da Pol\u00edcia Judici\u00e1ria Civil do Estado de Mato Grosso. Ex-assessor do Tribunal de Justi\u00e7a de Mato Grosso. P\u00f3s-graduado em Ci\u00eancias Penais pela rede de ensino Luiz Fl\u00e1vio Gomes (LFG) em parceria com Universidade de Santa Catarina (UNISUL). P\u00f3s-graduado em Gest\u00e3o Municipal pela Universidade do Estado de Mato Grosso \u2013 UNEMAT e pela Universidade Aberta do Brasil. Curso de Extens\u00e3o pela Universidade de S\u00e3o Paulo (USP) de Integra\u00e7\u00e3o de Compet\u00eancias no Desempenho da Atividade Judici\u00e1ria com Usu\u00e1rios e Dependentes de Drogas. Colunista do site Justi\u00e7a e Pol\u00edcia, coautor de obras jur\u00eddicas e autor de artigos jur\u00eddicos ____________________________________________________________________ Delegado de Pol\u00edcia Civil no Amap\u00e1. Atualmente Assessor Institucional da Pol\u00edcia Civil do Estado do Amap\u00e1. Ex-Policial Militar. Graduado em Direito pela Universidade do Distrito Federal \u2013 UDF, Especialista em Pol\u00edticas e Gest\u00e3o em Seguran\u00e7a P\u00fablica. Autor do livro Pe\u00e7as e Pr\u00e1tica da Atividade Policial e de diversos artigos jur\u00eddicos. Administrador do site Justi\u00e7a &amp; Pol\u00edcia e Professor de cursos preparat\u00f3rios para carreira de Delegado de Pol\u00edcia, Instrutor da Academia Integrada de Forma\u00e7\u00e3o e Aperfei\u00e7oamento \u2013 AIFA","url":"https:\/\/meusitejuridico.editorajuspodivm.com.br\/author\/joaquimpaulojoaquimpaulo\/"}]}},"_links":{"self":[{"href":"https:\/\/meusitejuridico.editorajuspodivm.com.br\/api\/wp\/v2\/posts\/10549","targetHints":{"allow":["GET"]}}],"collection":[{"href":"https:\/\/meusitejuridico.editorajuspodivm.com.br\/api\/wp\/v2\/posts"}],"about":[{"href":"https:\/\/meusitejuridico.editorajuspodivm.com.br\/api\/wp\/v2\/types\/post"}],"author":[{"embeddable":true,"href":"https:\/\/meusitejuridico.editorajuspodivm.com.br\/api\/wp\/v2\/users\/114"}],"replies":[{"embeddable":true,"href":"https:\/\/meusitejuridico.editorajuspodivm.com.br\/api\/wp\/v2\/comments?post=10549"}],"version-history":[{"count":4,"href":"https:\/\/meusitejuridico.editorajuspodivm.com.br\/api\/wp\/v2\/posts\/10549\/revisions"}],"predecessor-version":[{"id":10555,"href":"https:\/\/meusitejuridico.editorajuspodivm.com.br\/api\/wp\/v2\/posts\/10549\/revisions\/10555"}],"wp:featuredmedia":[{"embeddable":true,"href":"https:\/\/meusitejuridico.editorajuspodivm.com.br\/api\/wp\/v2\/media\/10554"}],"wp:attachment":[{"href":"https:\/\/meusitejuridico.editorajuspodivm.com.br\/api\/wp\/v2\/media?parent=10549"}],"wp:term":[{"taxonomy":"category","embeddable":true,"href":"https:\/\/meusitejuridico.editorajuspodivm.com.br\/api\/wp\/v2\/categories?post=10549"},{"taxonomy":"post_tag","embeddable":true,"href":"https:\/\/meusitejuridico.editorajuspodivm.com.br\/api\/wp\/v2\/tags?post=10549"}],"curies":[{"name":"wp","href":"https:\/\/api.w.org\/{rel}","templated":true}]}}