{"id":10567,"date":"2020-03-27T08:30:28","date_gmt":"2020-03-27T11:30:28","guid":{"rendered":"https:\/\/meusitejuridico.editorajuspodivm.com.br\/?p=10567"},"modified":"2020-03-27T07:54:43","modified_gmt":"2020-03-27T10:54:43","slug":"o-prazo-de-prescricao-da-pretensao-executoria-se-inicia-no-dia-em-que-transita-em-julgado-sentenca-condenatoria-para-acusacao-ainda-que-haja-recurso-exclusivo-da-defesa","status":"publish","type":"post","link":"https:\/\/meusitejuridico.editorajuspodivm.com.br\/2020\/03\/27\/o-prazo-de-prescricao-da-pretensao-executoria-se-inicia-no-dia-em-que-transita-em-julgado-sentenca-condenatoria-para-acusacao-ainda-que-haja-recurso-exclusivo-da-defesa\/","title":{"rendered":"O prazo de prescri\u00e7\u00e3o da pretens\u00e3o execut\u00f3ria se inicia no dia em que transita em julgado a senten\u00e7a condenat\u00f3ria para a acusa\u00e7\u00e3o, ainda que haja recurso exclusivo da defesa"},"content":{"rendered":"<p><strong>CERTO<\/strong><\/p>\n<p>O art. 112, inciso I, do C\u00f3digo Penal disp\u00f5e que a prescri\u00e7\u00e3o da pretens\u00e3o execut\u00f3ria come\u00e7a a correr do dia em que transita em julgado a senten\u00e7a condenat\u00f3ria para a acusa\u00e7\u00e3o ou a que revoga a suspens\u00e3o condicional da pena ou o livramento condicional.<\/p>\n<p>A 5\u00aa Turma do STJ chegou a decidir que o termo inicial \u00e9 o tr\u00e2nsito em julgado para ambas as partes, pois somente neste momento \u00e9 que surge o t\u00edtulo penal pass\u00edvel de ser executado pelo Estado. Desta forma, n\u00e3o h\u00e1 como se falar em in\u00edcio da prescri\u00e7\u00e3o a partir do tr\u00e2nsito em julgado para a acusa\u00e7\u00e3o, tendo em vista a impossibilidade de se dar in\u00edcio \u00e0 execu\u00e7\u00e3o da pena, j\u00e1 que ainda n\u00e3o haveria uma condena\u00e7\u00e3o definitiva, em respeito ao disposto no artigo 5\u00ba, inciso LVII, da Constitui\u00e7\u00e3o Federal (HC 137.924\/SP, j. 25\/05\/2010).<\/p>\n<p>Decis\u00f5es posteriores, no entanto, voltaram a aplicar o disposto no art. 112: \u201cNo \u00e2mbito deste Superior Tribunal, prevalece o entendimento de que o termo inicial da contagem do prazo da prescri\u00e7\u00e3o execut\u00f3ria \u00e9 a data do tr\u00e2nsito em julgado para a acusa\u00e7\u00e3o, consoante a interpreta\u00e7\u00e3o literal do art. 112, I, do CP, que, mesmo depois da Constitui\u00e7\u00e3o Federal de 1988, n\u00e3o foi revogado por n\u00e3o recep\u00e7\u00e3o ou declarado inconstitucional e, portanto, permanece vigente no ordenamento jur\u00eddico p\u00e1trio\u201d (AgRg no HC 536.448\/SP, j. 22\/10\/2019).<\/p>\n<p>Material extra\u00eddo da obra <a href=\"https:\/\/www.editorajuspodivm.com.br\/revisaco-direito-penal-2209-questoes-comentadas-alternativa-por-alternativa-2018\" target=\"_blank\" rel=\"noopener\">Revisa\u00e7o Direito Penal<\/a><\/p>\n","protected":false},"excerpt":{"rendered":"<p>CERTO O art. 112, inciso I, do C\u00f3digo Penal disp\u00f5e que a prescri\u00e7\u00e3o da pretens\u00e3o execut\u00f3ria come\u00e7a a correr do dia em que transita em julgado a senten\u00e7a condenat\u00f3ria para a acusa\u00e7\u00e3o ou a que revoga a suspens\u00e3o condicional da pena ou o livramento condicional. A 5\u00aa Turma do STJ chegou a decidir que o [&hellip;]<\/p>\n","protected":false},"author":7,"featured_media":6924,"comment_status":"open","ping_status":"open","sticky":false,"template":"","format":"standard","meta":{"_acf_changed":false,"footnotes":""},"categories":[3090,78,437],"tags":[2305,107,111,3153,312],"class_list":["post-10567","post","type-post","status-publish","format-standard","has-post-thumbnail","hentry","category-certo-ou-errado","category-material-de-aula","category-perguntas-e-respostas","tag-art-112-cp","tag-direito-penal","tag-prescricao","tag-pretensao-executoria","tag-transito-em-julgado"],"acf":[],"yoast_head":"<!-- This site is optimized with the Yoast SEO plugin v24.8.1 - https:\/\/yoast.com\/wordpress\/plugins\/seo\/ -->\n<title>O prazo de prescri\u00e7\u00e3o da pretens\u00e3o execut\u00f3ria se inicia no dia em que transita em julgado a senten\u00e7a condenat\u00f3ria para a acusa\u00e7\u00e3o, ainda que haja recurso exclusivo da defesa - Meu site jur\u00eddico<\/title>\n<meta name=\"robots\" content=\"index, follow, max-snippet:-1, max-image-preview:large, max-video-preview:-1\" \/>\n<link rel=\"canonical\" href=\"https:\/\/meusitejuridico.com.br\/2020\/03\/27\/o-prazo-de-prescricao-da-pretensao-executoria-se-inicia-no-dia-em-que-transita-em-julgado-sentenca-condenatoria-para-acusacao-ainda-que-haja-recurso-exclusivo-da-defesa\/\" \/>\n<meta property=\"og:locale\" content=\"pt_BR\" \/>\n<meta property=\"og:type\" content=\"article\" \/>\n<meta property=\"og:title\" content=\"O prazo de prescri\u00e7\u00e3o da pretens\u00e3o execut\u00f3ria se inicia no dia em que transita em julgado a senten\u00e7a condenat\u00f3ria para a acusa\u00e7\u00e3o, ainda que haja recurso exclusivo da defesa - Meu site jur\u00eddico\" \/>\n<meta property=\"og:description\" content=\"CERTO O art. 112, inciso I, do C\u00f3digo Penal disp\u00f5e que a prescri\u00e7\u00e3o da pretens\u00e3o execut\u00f3ria come\u00e7a a correr do dia em que transita em julgado a senten\u00e7a condenat\u00f3ria para a acusa\u00e7\u00e3o ou a que revoga a suspens\u00e3o condicional da pena ou o livramento condicional. A 5\u00aa Turma do STJ chegou a decidir que o [&hellip;]\" \/>\n<meta property=\"og:url\" content=\"https:\/\/meusitejuridico.com.br\/2020\/03\/27\/o-prazo-de-prescricao-da-pretensao-executoria-se-inicia-no-dia-em-que-transita-em-julgado-sentenca-condenatoria-para-acusacao-ainda-que-haja-recurso-exclusivo-da-defesa\/\" \/>\n<meta property=\"og:site_name\" content=\"Meu site jur\u00eddico\" \/>\n<meta property=\"article:published_time\" content=\"2020-03-27T11:30:28+00:00\" \/>\n<meta property=\"og:image\" content=\"https:\/\/meusitejuridico.com.br\/s.meusitejuridico\/2018\/11\/0692a8c6-whatsapp-image-2018-11-29-at-091426.jpeg\" \/>\n\t<meta property=\"og:image:width\" content=\"1280\" \/>\n\t<meta property=\"og:image:height\" content=\"854\" \/>\n\t<meta property=\"og:image:type\" content=\"image\/jpeg\" \/>\n<meta name=\"author\" content=\"Equipe Meu Site Jur\u00eddico\" \/>\n<meta name=\"twitter:card\" content=\"summary_large_image\" \/>\n<meta name=\"twitter:label1\" content=\"Escrito por\" \/>\n\t<meta name=\"twitter:data1\" content=\"Equipe Meu Site Jur\u00eddico\" \/>\n\t<meta name=\"twitter:label2\" content=\"Est. tempo de leitura\" \/>\n\t<meta name=\"twitter:data2\" content=\"1 minuto\" \/>\n<script type=\"application\/ld+json\" class=\"yoast-schema-graph\">{\"@context\":\"https:\/\/schema.org\",\"@graph\":[{\"@type\":\"Article\",\"@id\":\"https:\/\/meusitejuridico.com.br\/2020\/03\/27\/o-prazo-de-prescricao-da-pretensao-executoria-se-inicia-no-dia-em-que-transita-em-julgado-sentenca-condenatoria-para-acusacao-ainda-que-haja-recurso-exclusivo-da-defesa\/#article\",\"isPartOf\":{\"@id\":\"https:\/\/meusitejuridico.com.br\/2020\/03\/27\/o-prazo-de-prescricao-da-pretensao-executoria-se-inicia-no-dia-em-que-transita-em-julgado-sentenca-condenatoria-para-acusacao-ainda-que-haja-recurso-exclusivo-da-defesa\/\"},\"author\":{\"name\":\"Equipe Meu Site Jur\u00eddico\",\"@id\":\"https:\/\/meusitejuridico.editorajuspodivm.com.br\/#\/schema\/person\/5c2237ac0c8ff03bcf1a09fe3e45dfce\"},\"headline\":\"O prazo de prescri\u00e7\u00e3o da pretens\u00e3o execut\u00f3ria se inicia no dia em que transita em julgado a senten\u00e7a condenat\u00f3ria para a acusa\u00e7\u00e3o, ainda que haja recurso exclusivo da defesa\",\"datePublished\":\"2020-03-27T11:30:28+00:00\",\"mainEntityOfPage\":{\"@id\":\"https:\/\/meusitejuridico.com.br\/2020\/03\/27\/o-prazo-de-prescricao-da-pretensao-executoria-se-inicia-no-dia-em-que-transita-em-julgado-sentenca-condenatoria-para-acusacao-ainda-que-haja-recurso-exclusivo-da-defesa\/\"},\"wordCount\":289,\"commentCount\":1,\"publisher\":{\"@id\":\"https:\/\/meusitejuridico.editorajuspodivm.com.br\/#organization\"},\"image\":{\"@id\":\"https:\/\/meusitejuridico.com.br\/2020\/03\/27\/o-prazo-de-prescricao-da-pretensao-executoria-se-inicia-no-dia-em-que-transita-em-julgado-sentenca-condenatoria-para-acusacao-ainda-que-haja-recurso-exclusivo-da-defesa\/#primaryimage\"},\"thumbnailUrl\":\"https:\/\/meusitejuridico.editorajuspodivm.com.br\/s.meusitejuridico\/2018\/11\/0692a8c6-whatsapp-image-2018-11-29-at-091426.jpeg\",\"keywords\":[\"art. 112 CP\",\"Direito Penal\",\"Prescri\u00e7\u00e3o\",\"pretens\u00e3o execut\u00f3ria\",\"tr\u00e2nsito em julgado\"],\"articleSection\":[\"Certo ou errado?\",\"Material de aula\",\"Perguntas e Respostas\"],\"inLanguage\":\"pt-BR\",\"potentialAction\":[{\"@type\":\"CommentAction\",\"name\":\"Comment\",\"target\":[\"https:\/\/meusitejuridico.com.br\/2020\/03\/27\/o-prazo-de-prescricao-da-pretensao-executoria-se-inicia-no-dia-em-que-transita-em-julgado-sentenca-condenatoria-para-acusacao-ainda-que-haja-recurso-exclusivo-da-defesa\/#respond\"]}]},{\"@type\":\"WebPage\",\"@id\":\"https:\/\/meusitejuridico.com.br\/2020\/03\/27\/o-prazo-de-prescricao-da-pretensao-executoria-se-inicia-no-dia-em-que-transita-em-julgado-sentenca-condenatoria-para-acusacao-ainda-que-haja-recurso-exclusivo-da-defesa\/\",\"url\":\"https:\/\/meusitejuridico.com.br\/2020\/03\/27\/o-prazo-de-prescricao-da-pretensao-executoria-se-inicia-no-dia-em-que-transita-em-julgado-sentenca-condenatoria-para-acusacao-ainda-que-haja-recurso-exclusivo-da-defesa\/\",\"name\":\"O prazo de prescri\u00e7\u00e3o da pretens\u00e3o execut\u00f3ria se inicia no dia em que transita em julgado a senten\u00e7a condenat\u00f3ria para a acusa\u00e7\u00e3o, ainda que haja recurso exclusivo da defesa - Meu site jur\u00eddico\",\"isPartOf\":{\"@id\":\"https:\/\/meusitejuridico.editorajuspodivm.com.br\/#website\"},\"primaryImageOfPage\":{\"@id\":\"https:\/\/meusitejuridico.com.br\/2020\/03\/27\/o-prazo-de-prescricao-da-pretensao-executoria-se-inicia-no-dia-em-que-transita-em-julgado-sentenca-condenatoria-para-acusacao-ainda-que-haja-recurso-exclusivo-da-defesa\/#primaryimage\"},\"image\":{\"@id\":\"https:\/\/meusitejuridico.com.br\/2020\/03\/27\/o-prazo-de-prescricao-da-pretensao-executoria-se-inicia-no-dia-em-que-transita-em-julgado-sentenca-condenatoria-para-acusacao-ainda-que-haja-recurso-exclusivo-da-defesa\/#primaryimage\"},\"thumbnailUrl\":\"https:\/\/meusitejuridico.editorajuspodivm.com.br\/s.meusitejuridico\/2018\/11\/0692a8c6-whatsapp-image-2018-11-29-at-091426.jpeg\",\"datePublished\":\"2020-03-27T11:30:28+00:00\",\"breadcrumb\":{\"@id\":\"https:\/\/meusitejuridico.com.br\/2020\/03\/27\/o-prazo-de-prescricao-da-pretensao-executoria-se-inicia-no-dia-em-que-transita-em-julgado-sentenca-condenatoria-para-acusacao-ainda-que-haja-recurso-exclusivo-da-defesa\/#breadcrumb\"},\"inLanguage\":\"pt-BR\",\"potentialAction\":[{\"@type\":\"ReadAction\",\"target\":[\"https:\/\/meusitejuridico.com.br\/2020\/03\/27\/o-prazo-de-prescricao-da-pretensao-executoria-se-inicia-no-dia-em-que-transita-em-julgado-sentenca-condenatoria-para-acusacao-ainda-que-haja-recurso-exclusivo-da-defesa\/\"]}]},{\"@type\":\"ImageObject\",\"inLanguage\":\"pt-BR\",\"@id\":\"https:\/\/meusitejuridico.com.br\/2020\/03\/27\/o-prazo-de-prescricao-da-pretensao-executoria-se-inicia-no-dia-em-que-transita-em-julgado-sentenca-condenatoria-para-acusacao-ainda-que-haja-recurso-exclusivo-da-defesa\/#primaryimage\",\"url\":\"https:\/\/meusitejuridico.editorajuspodivm.com.br\/s.meusitejuridico\/2018\/11\/0692a8c6-whatsapp-image-2018-11-29-at-091426.jpeg\",\"contentUrl\":\"https:\/\/meusitejuridico.editorajuspodivm.com.br\/s.meusitejuridico\/2018\/11\/0692a8c6-whatsapp-image-2018-11-29-at-091426.jpeg\",\"width\":1280,\"height\":854},{\"@type\":\"BreadcrumbList\",\"@id\":\"https:\/\/meusitejuridico.com.br\/2020\/03\/27\/o-prazo-de-prescricao-da-pretensao-executoria-se-inicia-no-dia-em-que-transita-em-julgado-sentenca-condenatoria-para-acusacao-ainda-que-haja-recurso-exclusivo-da-defesa\/#breadcrumb\",\"itemListElement\":[{\"@type\":\"ListItem\",\"position\":1,\"name\":\"In\u00edcio\",\"item\":\"https:\/\/meusitejuridico.editorajuspodivm.com.br\/\"},{\"@type\":\"ListItem\",\"position\":2,\"name\":\"O prazo de prescri\u00e7\u00e3o da pretens\u00e3o execut\u00f3ria se inicia no dia em que transita em julgado a senten\u00e7a condenat\u00f3ria para a acusa\u00e7\u00e3o, ainda que haja recurso exclusivo da defesa\"}]},{\"@type\":\"WebSite\",\"@id\":\"https:\/\/meusitejuridico.editorajuspodivm.com.br\/#website\",\"url\":\"https:\/\/meusitejuridico.editorajuspodivm.com.br\/\",\"name\":\"Meu site jur\u00eddico\",\"description\":\"Meu site jur\u00eddico\",\"publisher\":{\"@id\":\"https:\/\/meusitejuridico.editorajuspodivm.com.br\/#organization\"},\"potentialAction\":[{\"@type\":\"SearchAction\",\"target\":{\"@type\":\"EntryPoint\",\"urlTemplate\":\"https:\/\/meusitejuridico.editorajuspodivm.com.br\/?s={search_term_string}\"},\"query-input\":{\"@type\":\"PropertyValueSpecification\",\"valueRequired\":true,\"valueName\":\"search_term_string\"}}],\"inLanguage\":\"pt-BR\"},{\"@type\":\"Organization\",\"@id\":\"https:\/\/meusitejuridico.editorajuspodivm.com.br\/#organization\",\"name\":\"Meu site jur\u00eddico\",\"url\":\"https:\/\/meusitejuridico.editorajuspodivm.com.br\/\",\"logo\":{\"@type\":\"ImageObject\",\"inLanguage\":\"pt-BR\",\"@id\":\"https:\/\/meusitejuridico.editorajuspodivm.com.br\/#\/schema\/logo\/image\/\",\"url\":\"https:\/\/meusitejuridico.editorajuspodivm.com.br\/s.meusitejuridico\/2022\/03\/cropped-baeec2a3-msj-02-01-01.png\",\"contentUrl\":\"https:\/\/meusitejuridico.editorajuspodivm.com.br\/s.meusitejuridico\/2022\/03\/cropped-baeec2a3-msj-02-01-01.png\",\"width\":349,\"height\":243,\"caption\":\"Meu site jur\u00eddico\"},\"image\":{\"@id\":\"https:\/\/meusitejuridico.editorajuspodivm.com.br\/#\/schema\/logo\/image\/\"}},{\"@type\":\"Person\",\"@id\":\"https:\/\/meusitejuridico.editorajuspodivm.com.br\/#\/schema\/person\/5c2237ac0c8ff03bcf1a09fe3e45dfce\",\"name\":\"Equipe Meu Site Jur\u00eddico\",\"image\":{\"@type\":\"ImageObject\",\"inLanguage\":\"pt-BR\",\"@id\":\"https:\/\/meusitejuridico.editorajuspodivm.com.br\/#\/schema\/person\/image\/\",\"url\":\"https:\/\/meusitejuridico.editorajuspodivm.com.br\/s.meusitejuridico\/2020\/07\/6be289aa-logo-msj.png\",\"contentUrl\":\"https:\/\/meusitejuridico.editorajuspodivm.com.br\/s.meusitejuridico\/2020\/07\/6be289aa-logo-msj.png\",\"caption\":\"Equipe Meu Site Jur\u00eddico\"},\"description\":\"Contem conosco!\",\"url\":\"https:\/\/meusitejuridico.editorajuspodivm.com.br\/author\/equipe-meu-site-juridico\/\"}]}<\/script>\n<!-- \/ Yoast SEO plugin. -->","yoast_head_json":{"title":"O prazo de prescri\u00e7\u00e3o da pretens\u00e3o execut\u00f3ria se inicia no dia em que transita em julgado a senten\u00e7a condenat\u00f3ria para a acusa\u00e7\u00e3o, ainda que haja recurso exclusivo da defesa - Meu site jur\u00eddico","robots":{"index":"index","follow":"follow","max-snippet":"max-snippet:-1","max-image-preview":"max-image-preview:large","max-video-preview":"max-video-preview:-1"},"canonical":"https:\/\/meusitejuridico.com.br\/2020\/03\/27\/o-prazo-de-prescricao-da-pretensao-executoria-se-inicia-no-dia-em-que-transita-em-julgado-sentenca-condenatoria-para-acusacao-ainda-que-haja-recurso-exclusivo-da-defesa\/","og_locale":"pt_BR","og_type":"article","og_title":"O prazo de prescri\u00e7\u00e3o da pretens\u00e3o execut\u00f3ria se inicia no dia em que transita em julgado a senten\u00e7a condenat\u00f3ria para a acusa\u00e7\u00e3o, ainda que haja recurso exclusivo da defesa - Meu site jur\u00eddico","og_description":"CERTO O art. 112, inciso I, do C\u00f3digo Penal disp\u00f5e que a prescri\u00e7\u00e3o da pretens\u00e3o execut\u00f3ria come\u00e7a a correr do dia em que transita em julgado a senten\u00e7a condenat\u00f3ria para a acusa\u00e7\u00e3o ou a que revoga a suspens\u00e3o condicional da pena ou o livramento condicional. A 5\u00aa Turma do STJ chegou a decidir que o [&hellip;]","og_url":"https:\/\/meusitejuridico.com.br\/2020\/03\/27\/o-prazo-de-prescricao-da-pretensao-executoria-se-inicia-no-dia-em-que-transita-em-julgado-sentenca-condenatoria-para-acusacao-ainda-que-haja-recurso-exclusivo-da-defesa\/","og_site_name":"Meu site jur\u00eddico","article_published_time":"2020-03-27T11:30:28+00:00","og_image":[{"width":1280,"height":854,"url":"https:\/\/meusitejuridico.com.br\/s.meusitejuridico\/2018\/11\/0692a8c6-whatsapp-image-2018-11-29-at-091426.jpeg","type":"image\/jpeg"}],"author":"Equipe Meu Site Jur\u00eddico","twitter_card":"summary_large_image","twitter_misc":{"Escrito por":"Equipe Meu Site Jur\u00eddico","Est. tempo de leitura":"1 minuto"},"schema":{"@context":"https:\/\/schema.org","@graph":[{"@type":"Article","@id":"https:\/\/meusitejuridico.com.br\/2020\/03\/27\/o-prazo-de-prescricao-da-pretensao-executoria-se-inicia-no-dia-em-que-transita-em-julgado-sentenca-condenatoria-para-acusacao-ainda-que-haja-recurso-exclusivo-da-defesa\/#article","isPartOf":{"@id":"https:\/\/meusitejuridico.com.br\/2020\/03\/27\/o-prazo-de-prescricao-da-pretensao-executoria-se-inicia-no-dia-em-que-transita-em-julgado-sentenca-condenatoria-para-acusacao-ainda-que-haja-recurso-exclusivo-da-defesa\/"},"author":{"name":"Equipe Meu Site Jur\u00eddico","@id":"https:\/\/meusitejuridico.editorajuspodivm.com.br\/#\/schema\/person\/5c2237ac0c8ff03bcf1a09fe3e45dfce"},"headline":"O prazo de prescri\u00e7\u00e3o da pretens\u00e3o execut\u00f3ria se inicia no dia em que transita em julgado a senten\u00e7a condenat\u00f3ria para a acusa\u00e7\u00e3o, ainda que haja recurso exclusivo da defesa","datePublished":"2020-03-27T11:30:28+00:00","mainEntityOfPage":{"@id":"https:\/\/meusitejuridico.com.br\/2020\/03\/27\/o-prazo-de-prescricao-da-pretensao-executoria-se-inicia-no-dia-em-que-transita-em-julgado-sentenca-condenatoria-para-acusacao-ainda-que-haja-recurso-exclusivo-da-defesa\/"},"wordCount":289,"commentCount":1,"publisher":{"@id":"https:\/\/meusitejuridico.editorajuspodivm.com.br\/#organization"},"image":{"@id":"https:\/\/meusitejuridico.com.br\/2020\/03\/27\/o-prazo-de-prescricao-da-pretensao-executoria-se-inicia-no-dia-em-que-transita-em-julgado-sentenca-condenatoria-para-acusacao-ainda-que-haja-recurso-exclusivo-da-defesa\/#primaryimage"},"thumbnailUrl":"https:\/\/meusitejuridico.editorajuspodivm.com.br\/s.meusitejuridico\/2018\/11\/0692a8c6-whatsapp-image-2018-11-29-at-091426.jpeg","keywords":["art. 112 CP","Direito Penal","Prescri\u00e7\u00e3o","pretens\u00e3o execut\u00f3ria","tr\u00e2nsito em julgado"],"articleSection":["Certo ou errado?","Material de aula","Perguntas e Respostas"],"inLanguage":"pt-BR","potentialAction":[{"@type":"CommentAction","name":"Comment","target":["https:\/\/meusitejuridico.com.br\/2020\/03\/27\/o-prazo-de-prescricao-da-pretensao-executoria-se-inicia-no-dia-em-que-transita-em-julgado-sentenca-condenatoria-para-acusacao-ainda-que-haja-recurso-exclusivo-da-defesa\/#respond"]}]},{"@type":"WebPage","@id":"https:\/\/meusitejuridico.com.br\/2020\/03\/27\/o-prazo-de-prescricao-da-pretensao-executoria-se-inicia-no-dia-em-que-transita-em-julgado-sentenca-condenatoria-para-acusacao-ainda-que-haja-recurso-exclusivo-da-defesa\/","url":"https:\/\/meusitejuridico.com.br\/2020\/03\/27\/o-prazo-de-prescricao-da-pretensao-executoria-se-inicia-no-dia-em-que-transita-em-julgado-sentenca-condenatoria-para-acusacao-ainda-que-haja-recurso-exclusivo-da-defesa\/","name":"O prazo de prescri\u00e7\u00e3o da pretens\u00e3o execut\u00f3ria se inicia no dia em que transita em julgado a senten\u00e7a condenat\u00f3ria para a acusa\u00e7\u00e3o, ainda que haja recurso exclusivo da defesa - Meu site jur\u00eddico","isPartOf":{"@id":"https:\/\/meusitejuridico.editorajuspodivm.com.br\/#website"},"primaryImageOfPage":{"@id":"https:\/\/meusitejuridico.com.br\/2020\/03\/27\/o-prazo-de-prescricao-da-pretensao-executoria-se-inicia-no-dia-em-que-transita-em-julgado-sentenca-condenatoria-para-acusacao-ainda-que-haja-recurso-exclusivo-da-defesa\/#primaryimage"},"image":{"@id":"https:\/\/meusitejuridico.com.br\/2020\/03\/27\/o-prazo-de-prescricao-da-pretensao-executoria-se-inicia-no-dia-em-que-transita-em-julgado-sentenca-condenatoria-para-acusacao-ainda-que-haja-recurso-exclusivo-da-defesa\/#primaryimage"},"thumbnailUrl":"https:\/\/meusitejuridico.editorajuspodivm.com.br\/s.meusitejuridico\/2018\/11\/0692a8c6-whatsapp-image-2018-11-29-at-091426.jpeg","datePublished":"2020-03-27T11:30:28+00:00","breadcrumb":{"@id":"https:\/\/meusitejuridico.com.br\/2020\/03\/27\/o-prazo-de-prescricao-da-pretensao-executoria-se-inicia-no-dia-em-que-transita-em-julgado-sentenca-condenatoria-para-acusacao-ainda-que-haja-recurso-exclusivo-da-defesa\/#breadcrumb"},"inLanguage":"pt-BR","potentialAction":[{"@type":"ReadAction","target":["https:\/\/meusitejuridico.com.br\/2020\/03\/27\/o-prazo-de-prescricao-da-pretensao-executoria-se-inicia-no-dia-em-que-transita-em-julgado-sentenca-condenatoria-para-acusacao-ainda-que-haja-recurso-exclusivo-da-defesa\/"]}]},{"@type":"ImageObject","inLanguage":"pt-BR","@id":"https:\/\/meusitejuridico.com.br\/2020\/03\/27\/o-prazo-de-prescricao-da-pretensao-executoria-se-inicia-no-dia-em-que-transita-em-julgado-sentenca-condenatoria-para-acusacao-ainda-que-haja-recurso-exclusivo-da-defesa\/#primaryimage","url":"https:\/\/meusitejuridico.editorajuspodivm.com.br\/s.meusitejuridico\/2018\/11\/0692a8c6-whatsapp-image-2018-11-29-at-091426.jpeg","contentUrl":"https:\/\/meusitejuridico.editorajuspodivm.com.br\/s.meusitejuridico\/2018\/11\/0692a8c6-whatsapp-image-2018-11-29-at-091426.jpeg","width":1280,"height":854},{"@type":"BreadcrumbList","@id":"https:\/\/meusitejuridico.com.br\/2020\/03\/27\/o-prazo-de-prescricao-da-pretensao-executoria-se-inicia-no-dia-em-que-transita-em-julgado-sentenca-condenatoria-para-acusacao-ainda-que-haja-recurso-exclusivo-da-defesa\/#breadcrumb","itemListElement":[{"@type":"ListItem","position":1,"name":"In\u00edcio","item":"https:\/\/meusitejuridico.editorajuspodivm.com.br\/"},{"@type":"ListItem","position":2,"name":"O prazo de prescri\u00e7\u00e3o da pretens\u00e3o execut\u00f3ria se inicia no dia em que transita em julgado a senten\u00e7a condenat\u00f3ria para a acusa\u00e7\u00e3o, ainda que haja recurso exclusivo da defesa"}]},{"@type":"WebSite","@id":"https:\/\/meusitejuridico.editorajuspodivm.com.br\/#website","url":"https:\/\/meusitejuridico.editorajuspodivm.com.br\/","name":"Meu site jur\u00eddico","description":"Meu site jur\u00eddico","publisher":{"@id":"https:\/\/meusitejuridico.editorajuspodivm.com.br\/#organization"},"potentialAction":[{"@type":"SearchAction","target":{"@type":"EntryPoint","urlTemplate":"https:\/\/meusitejuridico.editorajuspodivm.com.br\/?s={search_term_string}"},"query-input":{"@type":"PropertyValueSpecification","valueRequired":true,"valueName":"search_term_string"}}],"inLanguage":"pt-BR"},{"@type":"Organization","@id":"https:\/\/meusitejuridico.editorajuspodivm.com.br\/#organization","name":"Meu site jur\u00eddico","url":"https:\/\/meusitejuridico.editorajuspodivm.com.br\/","logo":{"@type":"ImageObject","inLanguage":"pt-BR","@id":"https:\/\/meusitejuridico.editorajuspodivm.com.br\/#\/schema\/logo\/image\/","url":"https:\/\/meusitejuridico.editorajuspodivm.com.br\/s.meusitejuridico\/2022\/03\/cropped-baeec2a3-msj-02-01-01.png","contentUrl":"https:\/\/meusitejuridico.editorajuspodivm.com.br\/s.meusitejuridico\/2022\/03\/cropped-baeec2a3-msj-02-01-01.png","width":349,"height":243,"caption":"Meu site jur\u00eddico"},"image":{"@id":"https:\/\/meusitejuridico.editorajuspodivm.com.br\/#\/schema\/logo\/image\/"}},{"@type":"Person","@id":"https:\/\/meusitejuridico.editorajuspodivm.com.br\/#\/schema\/person\/5c2237ac0c8ff03bcf1a09fe3e45dfce","name":"Equipe Meu Site Jur\u00eddico","image":{"@type":"ImageObject","inLanguage":"pt-BR","@id":"https:\/\/meusitejuridico.editorajuspodivm.com.br\/#\/schema\/person\/image\/","url":"https:\/\/meusitejuridico.editorajuspodivm.com.br\/s.meusitejuridico\/2020\/07\/6be289aa-logo-msj.png","contentUrl":"https:\/\/meusitejuridico.editorajuspodivm.com.br\/s.meusitejuridico\/2020\/07\/6be289aa-logo-msj.png","caption":"Equipe Meu Site Jur\u00eddico"},"description":"Contem conosco!","url":"https:\/\/meusitejuridico.editorajuspodivm.com.br\/author\/equipe-meu-site-juridico\/"}]}},"_links":{"self":[{"href":"https:\/\/meusitejuridico.editorajuspodivm.com.br\/api\/wp\/v2\/posts\/10567","targetHints":{"allow":["GET"]}}],"collection":[{"href":"https:\/\/meusitejuridico.editorajuspodivm.com.br\/api\/wp\/v2\/posts"}],"about":[{"href":"https:\/\/meusitejuridico.editorajuspodivm.com.br\/api\/wp\/v2\/types\/post"}],"author":[{"embeddable":true,"href":"https:\/\/meusitejuridico.editorajuspodivm.com.br\/api\/wp\/v2\/users\/7"}],"replies":[{"embeddable":true,"href":"https:\/\/meusitejuridico.editorajuspodivm.com.br\/api\/wp\/v2\/comments?post=10567"}],"version-history":[{"count":1,"href":"https:\/\/meusitejuridico.editorajuspodivm.com.br\/api\/wp\/v2\/posts\/10567\/revisions"}],"predecessor-version":[{"id":10568,"href":"https:\/\/meusitejuridico.editorajuspodivm.com.br\/api\/wp\/v2\/posts\/10567\/revisions\/10568"}],"wp:featuredmedia":[{"embeddable":true,"href":"https:\/\/meusitejuridico.editorajuspodivm.com.br\/api\/wp\/v2\/media\/6924"}],"wp:attachment":[{"href":"https:\/\/meusitejuridico.editorajuspodivm.com.br\/api\/wp\/v2\/media?parent=10567"}],"wp:term":[{"taxonomy":"category","embeddable":true,"href":"https:\/\/meusitejuridico.editorajuspodivm.com.br\/api\/wp\/v2\/categories?post=10567"},{"taxonomy":"post_tag","embeddable":true,"href":"https:\/\/meusitejuridico.editorajuspodivm.com.br\/api\/wp\/v2\/tags?post=10567"}],"curies":[{"name":"wp","href":"https:\/\/api.w.org\/{rel}","templated":true}]}}