{"id":10721,"date":"2020-04-09T08:30:36","date_gmt":"2020-04-09T11:30:36","guid":{"rendered":"https:\/\/meusitejuridico.editorajuspodivm.com.br\/?p=10721"},"modified":"2020-04-09T07:44:13","modified_gmt":"2020-04-09T10:44:13","slug":"prestacao-pecuniaria-destinada-vitima-e-fixada-em-salarios-minimos-pode-ser-aplicada-isoladamente-ou-pode-ser-acumulada-pena-privativa-de-liberdade","status":"publish","type":"post","link":"https:\/\/meusitejuridico.editorajuspodivm.com.br\/2020\/04\/09\/prestacao-pecuniaria-destinada-vitima-e-fixada-em-salarios-minimos-pode-ser-aplicada-isoladamente-ou-pode-ser-acumulada-pena-privativa-de-liberdade\/","title":{"rendered":"A presta\u00e7\u00e3o pecuni\u00e1ria, destinada \u00e0 v\u00edtima e fixada em sal\u00e1rios m\u00ednimos, pode ser aplicada isoladamente ou pode ser acumulada \u00e0 pena privativa de liberdade"},"content":{"rendered":"<p><strong>ERRADO<\/strong><\/p>\n<p>A presta\u00e7\u00e3o pecuni\u00e1ria \u00e9 uma esp\u00e9cie de pena restritiva de direitos. As penas restritivas s\u00e3o <em>aut\u00f4nomas<\/em> e <em>substituem<\/em> as penas privativas de liberdade, ou seja, n\u00e3o podem ser aplicadas cumulativamente, ao contr\u00e1rio da multa.<\/p>\n<p>De acordo com o art. 45, \u00a7 1\u00ba, do C\u00f3digo Penal, a presta\u00e7\u00e3o pecuni\u00e1ria consiste no pagamento em dinheiro \u00e0 v\u00edtima, a seus dependentes ou a entidade p\u00fablica ou privada com destina\u00e7\u00e3o social, de import\u00e2ncia fixada pelo juiz, n\u00e3o inferior a um sal\u00e1rio m\u00ednimo nem superior a trezentos e sessenta sal\u00e1rios m\u00ednimos. Ainda conforme o dispositivo, o valor pago ser\u00e1 deduzido do montante de eventual condena\u00e7\u00e3o em a\u00e7\u00e3o de repara\u00e7\u00e3o civil, se coincidentes os benefici\u00e1rios. No c\u00e1lculo da presta\u00e7\u00e3o pecuni\u00e1ria, al\u00e9m da capacidade econ\u00f4mica do condenado, h\u00e1 de se ter em considera\u00e7\u00e3o a extens\u00e3o do dano, pois um dos escopos desta esp\u00e9cie de pena \u00e9 o de aplacar o preju\u00edzo causado pela conduta criminosa. A respeito, j\u00e1 decidiu o STJ: \u201cEm que pese o comum perfil pecuni\u00e1rio, a presta\u00e7\u00e3o pecuni\u00e1ria, conquanto seja igualmente mensurada com base na capacidade econ\u00f4mica do r\u00e9u, possui outra destina\u00e7\u00e3o e o claro objetivo de promover a repara\u00e7\u00e3o do dano causado pelo delito, n\u00e3o possuindo uma rela\u00e7\u00e3o indissoci\u00e1vel e vinculativa com as circunst\u00e2ncias previstas no artigo 59, do C\u00f3digo Penal, baseando a sua legitimidade nas raz\u00f5es que determinaram a sua fixa\u00e7\u00e3o\u201d (HC 224881\/MS).<\/p>\n<p>&nbsp;<\/p>\n","protected":false},"excerpt":{"rendered":"<p>ERRADO A presta\u00e7\u00e3o pecuni\u00e1ria \u00e9 uma esp\u00e9cie de pena restritiva de direitos. As penas restritivas s\u00e3o aut\u00f4nomas e substituem as penas privativas de liberdade, ou seja, n\u00e3o podem ser aplicadas cumulativamente, ao contr\u00e1rio da multa. De acordo com o art. 45, \u00a7 1\u00ba, do C\u00f3digo Penal, a presta\u00e7\u00e3o pecuni\u00e1ria consiste no pagamento em dinheiro \u00e0 [&hellip;]<\/p>\n","protected":false},"author":7,"featured_media":10376,"comment_status":"open","ping_status":"open","sticky":false,"template":"","format":"standard","meta":{"_acf_changed":false,"footnotes":""},"categories":[3090,78,437],"tags":[107,737,748,2054],"class_list":["post-10721","post","type-post","status-publish","format-standard","has-post-thumbnail","hentry","category-certo-ou-errado","category-material-de-aula","category-perguntas-e-respostas","tag-direito-penal","tag-multa","tag-penas-restritivas-de-direitos","tag-prestacao-pecuniaria"],"acf":[],"yoast_head":"<!-- This site is optimized with the Yoast SEO plugin v24.8.1 - https:\/\/yoast.com\/wordpress\/plugins\/seo\/ -->\n<title>A presta\u00e7\u00e3o pecuni\u00e1ria, destinada \u00e0 v\u00edtima e fixada em sal\u00e1rios m\u00ednimos, pode ser aplicada isoladamente ou pode ser acumulada \u00e0 pena privativa de liberdade - Meu site jur\u00eddico<\/title>\n<meta name=\"robots\" content=\"index, follow, max-snippet:-1, max-image-preview:large, max-video-preview:-1\" \/>\n<link rel=\"canonical\" href=\"https:\/\/meusitejuridico.com.br\/2020\/04\/09\/prestacao-pecuniaria-destinada-vitima-e-fixada-em-salarios-minimos-pode-ser-aplicada-isoladamente-ou-pode-ser-acumulada-pena-privativa-de-liberdade\/\" \/>\n<meta property=\"og:locale\" content=\"pt_BR\" \/>\n<meta property=\"og:type\" content=\"article\" \/>\n<meta property=\"og:title\" content=\"A presta\u00e7\u00e3o pecuni\u00e1ria, destinada \u00e0 v\u00edtima e fixada em sal\u00e1rios m\u00ednimos, pode ser aplicada isoladamente ou pode ser acumulada \u00e0 pena privativa de liberdade - Meu site jur\u00eddico\" \/>\n<meta property=\"og:description\" content=\"ERRADO A presta\u00e7\u00e3o pecuni\u00e1ria \u00e9 uma esp\u00e9cie de pena restritiva de direitos. As penas restritivas s\u00e3o aut\u00f4nomas e substituem as penas privativas de liberdade, ou seja, n\u00e3o podem ser aplicadas cumulativamente, ao contr\u00e1rio da multa. De acordo com o art. 45, \u00a7 1\u00ba, do C\u00f3digo Penal, a presta\u00e7\u00e3o pecuni\u00e1ria consiste no pagamento em dinheiro \u00e0 [&hellip;]\" \/>\n<meta property=\"og:url\" content=\"https:\/\/meusitejuridico.com.br\/2020\/04\/09\/prestacao-pecuniaria-destinada-vitima-e-fixada-em-salarios-minimos-pode-ser-aplicada-isoladamente-ou-pode-ser-acumulada-pena-privativa-de-liberdade\/\" \/>\n<meta property=\"og:site_name\" content=\"Meu site jur\u00eddico\" \/>\n<meta property=\"article:published_time\" content=\"2020-04-09T11:30:36+00:00\" \/>\n<meta property=\"og:image\" content=\"https:\/\/meusitejuridico.com.br\/s.meusitejuridico\/2020\/03\/744fa280-library-419254-640.jpg\" \/>\n\t<meta property=\"og:image:width\" content=\"640\" \/>\n\t<meta property=\"og:image:height\" content=\"426\" \/>\n\t<meta property=\"og:image:type\" content=\"image\/jpeg\" \/>\n<meta name=\"author\" content=\"Equipe Meu Site Jur\u00eddico\" \/>\n<meta name=\"twitter:card\" content=\"summary_large_image\" \/>\n<meta name=\"twitter:label1\" content=\"Escrito por\" \/>\n\t<meta name=\"twitter:data1\" content=\"Equipe Meu Site Jur\u00eddico\" \/>\n\t<meta name=\"twitter:label2\" content=\"Est. tempo de leitura\" \/>\n\t<meta name=\"twitter:data2\" content=\"1 minuto\" \/>\n<script type=\"application\/ld+json\" class=\"yoast-schema-graph\">{\"@context\":\"https:\/\/schema.org\",\"@graph\":[{\"@type\":\"Article\",\"@id\":\"https:\/\/meusitejuridico.com.br\/2020\/04\/09\/prestacao-pecuniaria-destinada-vitima-e-fixada-em-salarios-minimos-pode-ser-aplicada-isoladamente-ou-pode-ser-acumulada-pena-privativa-de-liberdade\/#article\",\"isPartOf\":{\"@id\":\"https:\/\/meusitejuridico.com.br\/2020\/04\/09\/prestacao-pecuniaria-destinada-vitima-e-fixada-em-salarios-minimos-pode-ser-aplicada-isoladamente-ou-pode-ser-acumulada-pena-privativa-de-liberdade\/\"},\"author\":{\"name\":\"Equipe Meu Site Jur\u00eddico\",\"@id\":\"https:\/\/cdn.meusitejuridico.com.br\/#\/schema\/person\/5c2237ac0c8ff03bcf1a09fe3e45dfce\"},\"headline\":\"A presta\u00e7\u00e3o pecuni\u00e1ria, destinada \u00e0 v\u00edtima e fixada em sal\u00e1rios m\u00ednimos, pode ser aplicada isoladamente ou pode ser acumulada \u00e0 pena privativa de liberdade\",\"datePublished\":\"2020-04-09T11:30:36+00:00\",\"mainEntityOfPage\":{\"@id\":\"https:\/\/meusitejuridico.com.br\/2020\/04\/09\/prestacao-pecuniaria-destinada-vitima-e-fixada-em-salarios-minimos-pode-ser-aplicada-isoladamente-ou-pode-ser-acumulada-pena-privativa-de-liberdade\/\"},\"wordCount\":289,\"commentCount\":0,\"publisher\":{\"@id\":\"https:\/\/cdn.meusitejuridico.com.br\/#organization\"},\"image\":{\"@id\":\"https:\/\/meusitejuridico.com.br\/2020\/04\/09\/prestacao-pecuniaria-destinada-vitima-e-fixada-em-salarios-minimos-pode-ser-aplicada-isoladamente-ou-pode-ser-acumulada-pena-privativa-de-liberdade\/#primaryimage\"},\"thumbnailUrl\":\"https:\/\/meusitejuridico.editorajuspodivm.com.br\/s.meusitejuridico\/2020\/03\/744fa280-library-419254-640.jpg\",\"keywords\":[\"Direito Penal\",\"multa\",\"penas restritivas de direitos\",\"presta\u00e7\u00e3o pecuni\u00e1ria\"],\"articleSection\":[\"Certo ou errado?\",\"Material de aula\",\"Perguntas e Respostas\"],\"inLanguage\":\"pt-BR\",\"potentialAction\":[{\"@type\":\"CommentAction\",\"name\":\"Comment\",\"target\":[\"https:\/\/meusitejuridico.com.br\/2020\/04\/09\/prestacao-pecuniaria-destinada-vitima-e-fixada-em-salarios-minimos-pode-ser-aplicada-isoladamente-ou-pode-ser-acumulada-pena-privativa-de-liberdade\/#respond\"]}]},{\"@type\":\"WebPage\",\"@id\":\"https:\/\/meusitejuridico.com.br\/2020\/04\/09\/prestacao-pecuniaria-destinada-vitima-e-fixada-em-salarios-minimos-pode-ser-aplicada-isoladamente-ou-pode-ser-acumulada-pena-privativa-de-liberdade\/\",\"url\":\"https:\/\/meusitejuridico.com.br\/2020\/04\/09\/prestacao-pecuniaria-destinada-vitima-e-fixada-em-salarios-minimos-pode-ser-aplicada-isoladamente-ou-pode-ser-acumulada-pena-privativa-de-liberdade\/\",\"name\":\"A presta\u00e7\u00e3o pecuni\u00e1ria, destinada \u00e0 v\u00edtima e fixada em sal\u00e1rios m\u00ednimos, pode ser aplicada isoladamente ou pode ser acumulada \u00e0 pena privativa de liberdade - Meu site jur\u00eddico\",\"isPartOf\":{\"@id\":\"https:\/\/cdn.meusitejuridico.com.br\/#website\"},\"primaryImageOfPage\":{\"@id\":\"https:\/\/meusitejuridico.com.br\/2020\/04\/09\/prestacao-pecuniaria-destinada-vitima-e-fixada-em-salarios-minimos-pode-ser-aplicada-isoladamente-ou-pode-ser-acumulada-pena-privativa-de-liberdade\/#primaryimage\"},\"image\":{\"@id\":\"https:\/\/meusitejuridico.com.br\/2020\/04\/09\/prestacao-pecuniaria-destinada-vitima-e-fixada-em-salarios-minimos-pode-ser-aplicada-isoladamente-ou-pode-ser-acumulada-pena-privativa-de-liberdade\/#primaryimage\"},\"thumbnailUrl\":\"https:\/\/meusitejuridico.editorajuspodivm.com.br\/s.meusitejuridico\/2020\/03\/744fa280-library-419254-640.jpg\",\"datePublished\":\"2020-04-09T11:30:36+00:00\",\"breadcrumb\":{\"@id\":\"https:\/\/meusitejuridico.com.br\/2020\/04\/09\/prestacao-pecuniaria-destinada-vitima-e-fixada-em-salarios-minimos-pode-ser-aplicada-isoladamente-ou-pode-ser-acumulada-pena-privativa-de-liberdade\/#breadcrumb\"},\"inLanguage\":\"pt-BR\",\"potentialAction\":[{\"@type\":\"ReadAction\",\"target\":[\"https:\/\/meusitejuridico.com.br\/2020\/04\/09\/prestacao-pecuniaria-destinada-vitima-e-fixada-em-salarios-minimos-pode-ser-aplicada-isoladamente-ou-pode-ser-acumulada-pena-privativa-de-liberdade\/\"]}]},{\"@type\":\"ImageObject\",\"inLanguage\":\"pt-BR\",\"@id\":\"https:\/\/meusitejuridico.com.br\/2020\/04\/09\/prestacao-pecuniaria-destinada-vitima-e-fixada-em-salarios-minimos-pode-ser-aplicada-isoladamente-ou-pode-ser-acumulada-pena-privativa-de-liberdade\/#primaryimage\",\"url\":\"https:\/\/meusitejuridico.editorajuspodivm.com.br\/s.meusitejuridico\/2020\/03\/744fa280-library-419254-640.jpg\",\"contentUrl\":\"https:\/\/meusitejuridico.editorajuspodivm.com.br\/s.meusitejuridico\/2020\/03\/744fa280-library-419254-640.jpg\",\"width\":640,\"height\":426},{\"@type\":\"BreadcrumbList\",\"@id\":\"https:\/\/meusitejuridico.com.br\/2020\/04\/09\/prestacao-pecuniaria-destinada-vitima-e-fixada-em-salarios-minimos-pode-ser-aplicada-isoladamente-ou-pode-ser-acumulada-pena-privativa-de-liberdade\/#breadcrumb\",\"itemListElement\":[{\"@type\":\"ListItem\",\"position\":1,\"name\":\"In\u00edcio\",\"item\":\"https:\/\/cdn.meusitejuridico.com.br\/\"},{\"@type\":\"ListItem\",\"position\":2,\"name\":\"A presta\u00e7\u00e3o pecuni\u00e1ria, destinada \u00e0 v\u00edtima e fixada em sal\u00e1rios m\u00ednimos, pode ser aplicada isoladamente ou pode ser acumulada \u00e0 pena privativa de liberdade\"}]},{\"@type\":\"WebSite\",\"@id\":\"https:\/\/cdn.meusitejuridico.com.br\/#website\",\"url\":\"https:\/\/cdn.meusitejuridico.com.br\/\",\"name\":\"Meu site jur\u00eddico\",\"description\":\"Meu site jur\u00eddico\",\"publisher\":{\"@id\":\"https:\/\/cdn.meusitejuridico.com.br\/#organization\"},\"potentialAction\":[{\"@type\":\"SearchAction\",\"target\":{\"@type\":\"EntryPoint\",\"urlTemplate\":\"https:\/\/cdn.meusitejuridico.com.br\/?s={search_term_string}\"},\"query-input\":{\"@type\":\"PropertyValueSpecification\",\"valueRequired\":true,\"valueName\":\"search_term_string\"}}],\"inLanguage\":\"pt-BR\"},{\"@type\":\"Organization\",\"@id\":\"https:\/\/cdn.meusitejuridico.com.br\/#organization\",\"name\":\"Meu site jur\u00eddico\",\"url\":\"https:\/\/cdn.meusitejuridico.com.br\/\",\"logo\":{\"@type\":\"ImageObject\",\"inLanguage\":\"pt-BR\",\"@id\":\"https:\/\/cdn.meusitejuridico.com.br\/#\/schema\/logo\/image\/\",\"url\":\"https:\/\/meusitejuridico.editorajuspodivm.com.br\/s.meusitejuridico\/2022\/03\/cropped-baeec2a3-msj-02-01-01.png\",\"contentUrl\":\"https:\/\/meusitejuridico.editorajuspodivm.com.br\/s.meusitejuridico\/2022\/03\/cropped-baeec2a3-msj-02-01-01.png\",\"width\":349,\"height\":243,\"caption\":\"Meu site jur\u00eddico\"},\"image\":{\"@id\":\"https:\/\/cdn.meusitejuridico.com.br\/#\/schema\/logo\/image\/\"}},{\"@type\":\"Person\",\"@id\":\"https:\/\/cdn.meusitejuridico.com.br\/#\/schema\/person\/5c2237ac0c8ff03bcf1a09fe3e45dfce\",\"name\":\"Equipe Meu Site Jur\u00eddico\",\"image\":{\"@type\":\"ImageObject\",\"inLanguage\":\"pt-BR\",\"@id\":\"https:\/\/cdn.meusitejuridico.com.br\/#\/schema\/person\/image\/\",\"url\":\"https:\/\/meusitejuridico.editorajuspodivm.com.br\/s.meusitejuridico\/2020\/07\/6be289aa-logo-msj.png\",\"contentUrl\":\"https:\/\/meusitejuridico.editorajuspodivm.com.br\/s.meusitejuridico\/2020\/07\/6be289aa-logo-msj.png\",\"caption\":\"Equipe Meu Site Jur\u00eddico\"},\"description\":\"Contem conosco!\",\"url\":\"https:\/\/meusitejuridico.editorajuspodivm.com.br\/author\/equipe-meu-site-juridico\/\"}]}<\/script>\n<!-- \/ Yoast SEO plugin. -->","yoast_head_json":{"title":"A presta\u00e7\u00e3o pecuni\u00e1ria, destinada \u00e0 v\u00edtima e fixada em sal\u00e1rios m\u00ednimos, pode ser aplicada isoladamente ou pode ser acumulada \u00e0 pena privativa de liberdade - Meu site jur\u00eddico","robots":{"index":"index","follow":"follow","max-snippet":"max-snippet:-1","max-image-preview":"max-image-preview:large","max-video-preview":"max-video-preview:-1"},"canonical":"https:\/\/meusitejuridico.com.br\/2020\/04\/09\/prestacao-pecuniaria-destinada-vitima-e-fixada-em-salarios-minimos-pode-ser-aplicada-isoladamente-ou-pode-ser-acumulada-pena-privativa-de-liberdade\/","og_locale":"pt_BR","og_type":"article","og_title":"A presta\u00e7\u00e3o pecuni\u00e1ria, destinada \u00e0 v\u00edtima e fixada em sal\u00e1rios m\u00ednimos, pode ser aplicada isoladamente ou pode ser acumulada \u00e0 pena privativa de liberdade - Meu site jur\u00eddico","og_description":"ERRADO A presta\u00e7\u00e3o pecuni\u00e1ria \u00e9 uma esp\u00e9cie de pena restritiva de direitos. As penas restritivas s\u00e3o aut\u00f4nomas e substituem as penas privativas de liberdade, ou seja, n\u00e3o podem ser aplicadas cumulativamente, ao contr\u00e1rio da multa. De acordo com o art. 45, \u00a7 1\u00ba, do C\u00f3digo Penal, a presta\u00e7\u00e3o pecuni\u00e1ria consiste no pagamento em dinheiro \u00e0 [&hellip;]","og_url":"https:\/\/meusitejuridico.com.br\/2020\/04\/09\/prestacao-pecuniaria-destinada-vitima-e-fixada-em-salarios-minimos-pode-ser-aplicada-isoladamente-ou-pode-ser-acumulada-pena-privativa-de-liberdade\/","og_site_name":"Meu site jur\u00eddico","article_published_time":"2020-04-09T11:30:36+00:00","og_image":[{"width":640,"height":426,"url":"https:\/\/meusitejuridico.com.br\/s.meusitejuridico\/2020\/03\/744fa280-library-419254-640.jpg","type":"image\/jpeg"}],"author":"Equipe Meu Site Jur\u00eddico","twitter_card":"summary_large_image","twitter_misc":{"Escrito por":"Equipe Meu Site Jur\u00eddico","Est. tempo de leitura":"1 minuto"},"schema":{"@context":"https:\/\/schema.org","@graph":[{"@type":"Article","@id":"https:\/\/meusitejuridico.com.br\/2020\/04\/09\/prestacao-pecuniaria-destinada-vitima-e-fixada-em-salarios-minimos-pode-ser-aplicada-isoladamente-ou-pode-ser-acumulada-pena-privativa-de-liberdade\/#article","isPartOf":{"@id":"https:\/\/meusitejuridico.com.br\/2020\/04\/09\/prestacao-pecuniaria-destinada-vitima-e-fixada-em-salarios-minimos-pode-ser-aplicada-isoladamente-ou-pode-ser-acumulada-pena-privativa-de-liberdade\/"},"author":{"name":"Equipe Meu Site Jur\u00eddico","@id":"https:\/\/cdn.meusitejuridico.com.br\/#\/schema\/person\/5c2237ac0c8ff03bcf1a09fe3e45dfce"},"headline":"A presta\u00e7\u00e3o pecuni\u00e1ria, destinada \u00e0 v\u00edtima e fixada em sal\u00e1rios m\u00ednimos, pode ser aplicada isoladamente ou pode ser acumulada \u00e0 pena privativa de liberdade","datePublished":"2020-04-09T11:30:36+00:00","mainEntityOfPage":{"@id":"https:\/\/meusitejuridico.com.br\/2020\/04\/09\/prestacao-pecuniaria-destinada-vitima-e-fixada-em-salarios-minimos-pode-ser-aplicada-isoladamente-ou-pode-ser-acumulada-pena-privativa-de-liberdade\/"},"wordCount":289,"commentCount":0,"publisher":{"@id":"https:\/\/cdn.meusitejuridico.com.br\/#organization"},"image":{"@id":"https:\/\/meusitejuridico.com.br\/2020\/04\/09\/prestacao-pecuniaria-destinada-vitima-e-fixada-em-salarios-minimos-pode-ser-aplicada-isoladamente-ou-pode-ser-acumulada-pena-privativa-de-liberdade\/#primaryimage"},"thumbnailUrl":"https:\/\/meusitejuridico.editorajuspodivm.com.br\/s.meusitejuridico\/2020\/03\/744fa280-library-419254-640.jpg","keywords":["Direito Penal","multa","penas restritivas de direitos","presta\u00e7\u00e3o pecuni\u00e1ria"],"articleSection":["Certo ou errado?","Material de aula","Perguntas e Respostas"],"inLanguage":"pt-BR","potentialAction":[{"@type":"CommentAction","name":"Comment","target":["https:\/\/meusitejuridico.com.br\/2020\/04\/09\/prestacao-pecuniaria-destinada-vitima-e-fixada-em-salarios-minimos-pode-ser-aplicada-isoladamente-ou-pode-ser-acumulada-pena-privativa-de-liberdade\/#respond"]}]},{"@type":"WebPage","@id":"https:\/\/meusitejuridico.com.br\/2020\/04\/09\/prestacao-pecuniaria-destinada-vitima-e-fixada-em-salarios-minimos-pode-ser-aplicada-isoladamente-ou-pode-ser-acumulada-pena-privativa-de-liberdade\/","url":"https:\/\/meusitejuridico.com.br\/2020\/04\/09\/prestacao-pecuniaria-destinada-vitima-e-fixada-em-salarios-minimos-pode-ser-aplicada-isoladamente-ou-pode-ser-acumulada-pena-privativa-de-liberdade\/","name":"A presta\u00e7\u00e3o pecuni\u00e1ria, destinada \u00e0 v\u00edtima e fixada em sal\u00e1rios m\u00ednimos, pode ser aplicada isoladamente ou pode ser acumulada \u00e0 pena privativa de liberdade - Meu site jur\u00eddico","isPartOf":{"@id":"https:\/\/cdn.meusitejuridico.com.br\/#website"},"primaryImageOfPage":{"@id":"https:\/\/meusitejuridico.com.br\/2020\/04\/09\/prestacao-pecuniaria-destinada-vitima-e-fixada-em-salarios-minimos-pode-ser-aplicada-isoladamente-ou-pode-ser-acumulada-pena-privativa-de-liberdade\/#primaryimage"},"image":{"@id":"https:\/\/meusitejuridico.com.br\/2020\/04\/09\/prestacao-pecuniaria-destinada-vitima-e-fixada-em-salarios-minimos-pode-ser-aplicada-isoladamente-ou-pode-ser-acumulada-pena-privativa-de-liberdade\/#primaryimage"},"thumbnailUrl":"https:\/\/meusitejuridico.editorajuspodivm.com.br\/s.meusitejuridico\/2020\/03\/744fa280-library-419254-640.jpg","datePublished":"2020-04-09T11:30:36+00:00","breadcrumb":{"@id":"https:\/\/meusitejuridico.com.br\/2020\/04\/09\/prestacao-pecuniaria-destinada-vitima-e-fixada-em-salarios-minimos-pode-ser-aplicada-isoladamente-ou-pode-ser-acumulada-pena-privativa-de-liberdade\/#breadcrumb"},"inLanguage":"pt-BR","potentialAction":[{"@type":"ReadAction","target":["https:\/\/meusitejuridico.com.br\/2020\/04\/09\/prestacao-pecuniaria-destinada-vitima-e-fixada-em-salarios-minimos-pode-ser-aplicada-isoladamente-ou-pode-ser-acumulada-pena-privativa-de-liberdade\/"]}]},{"@type":"ImageObject","inLanguage":"pt-BR","@id":"https:\/\/meusitejuridico.com.br\/2020\/04\/09\/prestacao-pecuniaria-destinada-vitima-e-fixada-em-salarios-minimos-pode-ser-aplicada-isoladamente-ou-pode-ser-acumulada-pena-privativa-de-liberdade\/#primaryimage","url":"https:\/\/meusitejuridico.editorajuspodivm.com.br\/s.meusitejuridico\/2020\/03\/744fa280-library-419254-640.jpg","contentUrl":"https:\/\/meusitejuridico.editorajuspodivm.com.br\/s.meusitejuridico\/2020\/03\/744fa280-library-419254-640.jpg","width":640,"height":426},{"@type":"BreadcrumbList","@id":"https:\/\/meusitejuridico.com.br\/2020\/04\/09\/prestacao-pecuniaria-destinada-vitima-e-fixada-em-salarios-minimos-pode-ser-aplicada-isoladamente-ou-pode-ser-acumulada-pena-privativa-de-liberdade\/#breadcrumb","itemListElement":[{"@type":"ListItem","position":1,"name":"In\u00edcio","item":"https:\/\/cdn.meusitejuridico.com.br\/"},{"@type":"ListItem","position":2,"name":"A presta\u00e7\u00e3o pecuni\u00e1ria, destinada \u00e0 v\u00edtima e fixada em sal\u00e1rios m\u00ednimos, pode ser aplicada isoladamente ou pode ser acumulada \u00e0 pena privativa de liberdade"}]},{"@type":"WebSite","@id":"https:\/\/cdn.meusitejuridico.com.br\/#website","url":"https:\/\/cdn.meusitejuridico.com.br\/","name":"Meu site jur\u00eddico","description":"Meu site jur\u00eddico","publisher":{"@id":"https:\/\/cdn.meusitejuridico.com.br\/#organization"},"potentialAction":[{"@type":"SearchAction","target":{"@type":"EntryPoint","urlTemplate":"https:\/\/cdn.meusitejuridico.com.br\/?s={search_term_string}"},"query-input":{"@type":"PropertyValueSpecification","valueRequired":true,"valueName":"search_term_string"}}],"inLanguage":"pt-BR"},{"@type":"Organization","@id":"https:\/\/cdn.meusitejuridico.com.br\/#organization","name":"Meu site jur\u00eddico","url":"https:\/\/cdn.meusitejuridico.com.br\/","logo":{"@type":"ImageObject","inLanguage":"pt-BR","@id":"https:\/\/cdn.meusitejuridico.com.br\/#\/schema\/logo\/image\/","url":"https:\/\/meusitejuridico.editorajuspodivm.com.br\/s.meusitejuridico\/2022\/03\/cropped-baeec2a3-msj-02-01-01.png","contentUrl":"https:\/\/meusitejuridico.editorajuspodivm.com.br\/s.meusitejuridico\/2022\/03\/cropped-baeec2a3-msj-02-01-01.png","width":349,"height":243,"caption":"Meu site jur\u00eddico"},"image":{"@id":"https:\/\/cdn.meusitejuridico.com.br\/#\/schema\/logo\/image\/"}},{"@type":"Person","@id":"https:\/\/cdn.meusitejuridico.com.br\/#\/schema\/person\/5c2237ac0c8ff03bcf1a09fe3e45dfce","name":"Equipe Meu Site Jur\u00eddico","image":{"@type":"ImageObject","inLanguage":"pt-BR","@id":"https:\/\/cdn.meusitejuridico.com.br\/#\/schema\/person\/image\/","url":"https:\/\/meusitejuridico.editorajuspodivm.com.br\/s.meusitejuridico\/2020\/07\/6be289aa-logo-msj.png","contentUrl":"https:\/\/meusitejuridico.editorajuspodivm.com.br\/s.meusitejuridico\/2020\/07\/6be289aa-logo-msj.png","caption":"Equipe Meu Site Jur\u00eddico"},"description":"Contem conosco!","url":"https:\/\/meusitejuridico.editorajuspodivm.com.br\/author\/equipe-meu-site-juridico\/"}]}},"_links":{"self":[{"href":"https:\/\/meusitejuridico.editorajuspodivm.com.br\/api\/wp\/v2\/posts\/10721","targetHints":{"allow":["GET"]}}],"collection":[{"href":"https:\/\/meusitejuridico.editorajuspodivm.com.br\/api\/wp\/v2\/posts"}],"about":[{"href":"https:\/\/meusitejuridico.editorajuspodivm.com.br\/api\/wp\/v2\/types\/post"}],"author":[{"embeddable":true,"href":"https:\/\/meusitejuridico.editorajuspodivm.com.br\/api\/wp\/v2\/users\/7"}],"replies":[{"embeddable":true,"href":"https:\/\/meusitejuridico.editorajuspodivm.com.br\/api\/wp\/v2\/comments?post=10721"}],"version-history":[{"count":3,"href":"https:\/\/meusitejuridico.editorajuspodivm.com.br\/api\/wp\/v2\/posts\/10721\/revisions"}],"predecessor-version":[{"id":10724,"href":"https:\/\/meusitejuridico.editorajuspodivm.com.br\/api\/wp\/v2\/posts\/10721\/revisions\/10724"}],"wp:featuredmedia":[{"embeddable":true,"href":"https:\/\/meusitejuridico.editorajuspodivm.com.br\/api\/wp\/v2\/media\/10376"}],"wp:attachment":[{"href":"https:\/\/meusitejuridico.editorajuspodivm.com.br\/api\/wp\/v2\/media?parent=10721"}],"wp:term":[{"taxonomy":"category","embeddable":true,"href":"https:\/\/meusitejuridico.editorajuspodivm.com.br\/api\/wp\/v2\/categories?post=10721"},{"taxonomy":"post_tag","embeddable":true,"href":"https:\/\/meusitejuridico.editorajuspodivm.com.br\/api\/wp\/v2\/tags?post=10721"}],"curies":[{"name":"wp","href":"https:\/\/api.w.org\/{rel}","templated":true}]}}