{"id":10854,"date":"2020-04-26T08:30:10","date_gmt":"2020-04-26T11:30:10","guid":{"rendered":"https:\/\/meusitejuridico.editorajuspodivm.com.br\/?p=10854"},"modified":"2020-04-24T08:37:11","modified_gmt":"2020-04-24T11:37:11","slug":"o-regime-disciplinar-diferenciado-tem-duracao-maxima-de-360-dias-sem-prejuizo-de-repeticao-por-nova-falta-grave","status":"publish","type":"post","link":"https:\/\/meusitejuridico.editorajuspodivm.com.br\/2020\/04\/26\/o-regime-disciplinar-diferenciado-tem-duracao-maxima-de-360-dias-sem-prejuizo-de-repeticao-por-nova-falta-grave\/","title":{"rendered":"O regime disciplinar diferenciado tem dura\u00e7\u00e3o m\u00e1xima de 360 dias, sem preju\u00edzo de repeti\u00e7\u00e3o por nova falta grave"},"content":{"rendered":"<p><strong>ERRADO<\/strong><\/p>\n<p>A disciplina do regime disciplinar diferenciado (art. 52 da Lei n\u00ba 7.210\/84) sofreu algumas altera\u00e7\u00f5es por meio da Lei 13.964\/19. \u00c9 cab\u00edvel o RDD sobre o preso provis\u00f3rio ou condenado, nacional ou estrangeiro, quando da pr\u00e1tica de fato previsto como crime doloso, que constitui falta grave, nas situa\u00e7\u00f5es em que ocasione subvers\u00e3o da ordem ou da disciplina internas. S\u00e3o caracter\u00edsticas deste regime:<\/p>\n<p style=\"padding-left: 60px;\">a) dura\u00e7\u00e3o <strong>m\u00e1xima de at\u00e9 dois anos<\/strong>, sem preju\u00edzo de repeti\u00e7\u00e3o da san\u00e7\u00e3o por nova falta grave de mesma esp\u00e9cie;<\/p>\n<p style=\"padding-left: 60px;\">b) recolhimento em cela individual;<\/p>\n<p style=\"padding-left: 60px;\">c) visitas quinzenais, de duas pessoas por vez, a serem realizadas em instala\u00e7\u00f5es equipadas para impedir o contato f\u00edsico e a passagem de objetos, por pessoa da fam\u00edlia ou, no caso de terceiro, autorizado judicialmente, com dura\u00e7\u00e3o de duas horas;<\/p>\n<p style=\"padding-left: 60px;\">d) direito do preso \u00e0 sa\u00edda da cela por duas horas di\u00e1rias para banho de sol, em grupos de at\u00e9 quatro presos, desde que n\u00e3o haja contato com presos do mesmo grupo criminoso;<\/p>\n<p style=\"padding-left: 60px;\">e) entrevistas sempre monitoradas, exceto aquelas com seu defensor, em instala\u00e7\u00f5es equipadas para impedir o contato f\u00edsico e a passagem de objetos, salvo expressa autoriza\u00e7\u00e3o judicial em contr\u00e1rio;<\/p>\n<p style=\"padding-left: 60px;\">f) fiscaliza\u00e7\u00e3o do conte\u00fado da correspond\u00eancia;<\/p>\n<p style=\"padding-left: 60px;\">g) participa\u00e7\u00e3o em audi\u00eancias judiciais preferencialmente por videoconfer\u00eancia, garantindo-se a participa\u00e7\u00e3o do defensor no mesmo ambiente do preso.<\/p>\n<p>Nos termos do art. 52, \u00a7 1\u00ba, da Lei n\u00ba 7.210\/84, o regime disciplinar diferenciado tamb\u00e9m pode abrigar presos provis\u00f3rios ou condenados, nacionais ou estrangeiros, que apresentem alto risco para a ordem e a seguran\u00e7a do estabelecimento penal ou da sociedade (inc. I). Al\u00e9m disso, podem ser submetidos ao RDD os presos\u00a0sob os quais recaiam fundadas suspeitas de envolvimento ou participa\u00e7\u00e3o, a qualquer t\u00edtulo, em organiza\u00e7\u00e3o criminosa, associa\u00e7\u00e3o criminosa ou mil\u00edcia privada, <em>independentemente da pr\u00e1tica de falta grave<\/em> (inc. II).<\/p>\n","protected":false},"excerpt":{"rendered":"<p>ERRADO A disciplina do regime disciplinar diferenciado (art. 52 da Lei n\u00ba 7.210\/84) sofreu algumas altera\u00e7\u00f5es por meio da Lei 13.964\/19. \u00c9 cab\u00edvel o RDD sobre o preso provis\u00f3rio ou condenado, nacional ou estrangeiro, quando da pr\u00e1tica de fato previsto como crime doloso, que constitui falta grave, nas situa\u00e7\u00f5es em que ocasione subvers\u00e3o da ordem [&hellip;]<\/p>\n","protected":false},"author":7,"featured_media":3402,"comment_status":"open","ping_status":"open","sticky":false,"template":"","format":"standard","meta":{"_acf_changed":false,"footnotes":""},"categories":[3090,78,437],"tags":[3235,118,2179,1016,3234],"class_list":["post-10854","post","type-post","status-publish","format-standard","has-post-thumbnail","hentry","category-certo-ou-errado","category-material-de-aula","category-perguntas-e-respostas","tag-art-52-lep","tag-execucao-penal","tag-lei-7-21084","tag-rdd","tag-regime-disciplinar-diferenciado"],"acf":[],"yoast_head":"<!-- This site is optimized with the Yoast SEO plugin v24.8.1 - https:\/\/yoast.com\/wordpress\/plugins\/seo\/ -->\n<title>O regime disciplinar diferenciado tem dura\u00e7\u00e3o m\u00e1xima de 360 dias, sem preju\u00edzo de repeti\u00e7\u00e3o por nova falta grave - Meu site jur\u00eddico<\/title>\n<meta name=\"robots\" content=\"index, follow, max-snippet:-1, max-image-preview:large, max-video-preview:-1\" \/>\n<link rel=\"canonical\" href=\"https:\/\/webmail.meusitejuridico.com.br\/2020\/04\/26\/o-regime-disciplinar-diferenciado-tem-duracao-maxima-de-360-dias-sem-prejuizo-de-repeticao-por-nova-falta-grave\/\" \/>\n<meta property=\"og:locale\" content=\"pt_BR\" \/>\n<meta property=\"og:type\" content=\"article\" \/>\n<meta property=\"og:title\" content=\"O regime disciplinar diferenciado tem dura\u00e7\u00e3o m\u00e1xima de 360 dias, sem preju\u00edzo de repeti\u00e7\u00e3o por nova falta grave - Meu site jur\u00eddico\" \/>\n<meta property=\"og:description\" content=\"ERRADO A disciplina do regime disciplinar diferenciado (art. 52 da Lei n\u00ba 7.210\/84) sofreu algumas altera\u00e7\u00f5es por meio da Lei 13.964\/19. \u00c9 cab\u00edvel o RDD sobre o preso provis\u00f3rio ou condenado, nacional ou estrangeiro, quando da pr\u00e1tica de fato previsto como crime doloso, que constitui falta grave, nas situa\u00e7\u00f5es em que ocasione subvers\u00e3o da ordem [&hellip;]\" \/>\n<meta property=\"og:url\" content=\"https:\/\/webmail.meusitejuridico.com.br\/2020\/04\/26\/o-regime-disciplinar-diferenciado-tem-duracao-maxima-de-360-dias-sem-prejuizo-de-repeticao-por-nova-falta-grave\/\" \/>\n<meta property=\"og:site_name\" content=\"Meu site jur\u00eddico\" \/>\n<meta property=\"article:published_time\" content=\"2020-04-26T11:30:10+00:00\" \/>\n<meta property=\"og:image\" content=\"https:\/\/webmail.meusitejuridico.com.br\/s.meusitejuridico\/2017\/09\/0a1398ec-shutterstock-101505769.jpg\" \/>\n\t<meta property=\"og:image:width\" content=\"5000\" \/>\n\t<meta property=\"og:image:height\" content=\"5604\" \/>\n\t<meta property=\"og:image:type\" content=\"image\/jpeg\" \/>\n<meta name=\"author\" content=\"Equipe Meu Site Jur\u00eddico\" \/>\n<meta name=\"twitter:card\" content=\"summary_large_image\" \/>\n<meta name=\"twitter:label1\" content=\"Escrito por\" \/>\n\t<meta name=\"twitter:data1\" content=\"Equipe Meu Site Jur\u00eddico\" \/>\n\t<meta name=\"twitter:label2\" content=\"Est. tempo de leitura\" \/>\n\t<meta name=\"twitter:data2\" content=\"2 minutos\" \/>\n<script type=\"application\/ld+json\" class=\"yoast-schema-graph\">{\"@context\":\"https:\/\/schema.org\",\"@graph\":[{\"@type\":\"Article\",\"@id\":\"https:\/\/webmail.meusitejuridico.com.br\/2020\/04\/26\/o-regime-disciplinar-diferenciado-tem-duracao-maxima-de-360-dias-sem-prejuizo-de-repeticao-por-nova-falta-grave\/#article\",\"isPartOf\":{\"@id\":\"https:\/\/webmail.meusitejuridico.com.br\/2020\/04\/26\/o-regime-disciplinar-diferenciado-tem-duracao-maxima-de-360-dias-sem-prejuizo-de-repeticao-por-nova-falta-grave\/\"},\"author\":{\"name\":\"Equipe Meu Site Jur\u00eddico\",\"@id\":\"https:\/\/meusitejuridico.editorajuspodivm.com.br\/#\/schema\/person\/5c2237ac0c8ff03bcf1a09fe3e45dfce\"},\"headline\":\"O regime disciplinar diferenciado tem dura\u00e7\u00e3o m\u00e1xima de 360 dias, sem preju\u00edzo de repeti\u00e7\u00e3o por nova falta grave\",\"datePublished\":\"2020-04-26T11:30:10+00:00\",\"mainEntityOfPage\":{\"@id\":\"https:\/\/webmail.meusitejuridico.com.br\/2020\/04\/26\/o-regime-disciplinar-diferenciado-tem-duracao-maxima-de-360-dias-sem-prejuizo-de-repeticao-por-nova-falta-grave\/\"},\"wordCount\":348,\"commentCount\":0,\"publisher\":{\"@id\":\"https:\/\/meusitejuridico.editorajuspodivm.com.br\/#organization\"},\"image\":{\"@id\":\"https:\/\/webmail.meusitejuridico.com.br\/2020\/04\/26\/o-regime-disciplinar-diferenciado-tem-duracao-maxima-de-360-dias-sem-prejuizo-de-repeticao-por-nova-falta-grave\/#primaryimage\"},\"thumbnailUrl\":\"https:\/\/meusitejuridico.editorajuspodivm.com.br\/s.meusitejuridico\/2017\/09\/0a1398ec-shutterstock-101505769.jpg\",\"keywords\":[\"art. 52 LEP\",\"Execu\u00e7\u00e3o Penal\",\"Lei 7.210\/84\",\"RDD\",\"regime disciplinar diferenciado\"],\"articleSection\":[\"Certo ou errado?\",\"Material de aula\",\"Perguntas e Respostas\"],\"inLanguage\":\"pt-BR\",\"potentialAction\":[{\"@type\":\"CommentAction\",\"name\":\"Comment\",\"target\":[\"https:\/\/webmail.meusitejuridico.com.br\/2020\/04\/26\/o-regime-disciplinar-diferenciado-tem-duracao-maxima-de-360-dias-sem-prejuizo-de-repeticao-por-nova-falta-grave\/#respond\"]}]},{\"@type\":\"WebPage\",\"@id\":\"https:\/\/webmail.meusitejuridico.com.br\/2020\/04\/26\/o-regime-disciplinar-diferenciado-tem-duracao-maxima-de-360-dias-sem-prejuizo-de-repeticao-por-nova-falta-grave\/\",\"url\":\"https:\/\/webmail.meusitejuridico.com.br\/2020\/04\/26\/o-regime-disciplinar-diferenciado-tem-duracao-maxima-de-360-dias-sem-prejuizo-de-repeticao-por-nova-falta-grave\/\",\"name\":\"O regime disciplinar diferenciado tem dura\u00e7\u00e3o m\u00e1xima de 360 dias, sem preju\u00edzo de repeti\u00e7\u00e3o por nova falta grave - Meu site jur\u00eddico\",\"isPartOf\":{\"@id\":\"https:\/\/meusitejuridico.editorajuspodivm.com.br\/#website\"},\"primaryImageOfPage\":{\"@id\":\"https:\/\/webmail.meusitejuridico.com.br\/2020\/04\/26\/o-regime-disciplinar-diferenciado-tem-duracao-maxima-de-360-dias-sem-prejuizo-de-repeticao-por-nova-falta-grave\/#primaryimage\"},\"image\":{\"@id\":\"https:\/\/webmail.meusitejuridico.com.br\/2020\/04\/26\/o-regime-disciplinar-diferenciado-tem-duracao-maxima-de-360-dias-sem-prejuizo-de-repeticao-por-nova-falta-grave\/#primaryimage\"},\"thumbnailUrl\":\"https:\/\/meusitejuridico.editorajuspodivm.com.br\/s.meusitejuridico\/2017\/09\/0a1398ec-shutterstock-101505769.jpg\",\"datePublished\":\"2020-04-26T11:30:10+00:00\",\"breadcrumb\":{\"@id\":\"https:\/\/webmail.meusitejuridico.com.br\/2020\/04\/26\/o-regime-disciplinar-diferenciado-tem-duracao-maxima-de-360-dias-sem-prejuizo-de-repeticao-por-nova-falta-grave\/#breadcrumb\"},\"inLanguage\":\"pt-BR\",\"potentialAction\":[{\"@type\":\"ReadAction\",\"target\":[\"https:\/\/webmail.meusitejuridico.com.br\/2020\/04\/26\/o-regime-disciplinar-diferenciado-tem-duracao-maxima-de-360-dias-sem-prejuizo-de-repeticao-por-nova-falta-grave\/\"]}]},{\"@type\":\"ImageObject\",\"inLanguage\":\"pt-BR\",\"@id\":\"https:\/\/webmail.meusitejuridico.com.br\/2020\/04\/26\/o-regime-disciplinar-diferenciado-tem-duracao-maxima-de-360-dias-sem-prejuizo-de-repeticao-por-nova-falta-grave\/#primaryimage\",\"url\":\"https:\/\/meusitejuridico.editorajuspodivm.com.br\/s.meusitejuridico\/2017\/09\/0a1398ec-shutterstock-101505769.jpg\",\"contentUrl\":\"https:\/\/meusitejuridico.editorajuspodivm.com.br\/s.meusitejuridico\/2017\/09\/0a1398ec-shutterstock-101505769.jpg\",\"width\":5000,\"height\":5604},{\"@type\":\"BreadcrumbList\",\"@id\":\"https:\/\/webmail.meusitejuridico.com.br\/2020\/04\/26\/o-regime-disciplinar-diferenciado-tem-duracao-maxima-de-360-dias-sem-prejuizo-de-repeticao-por-nova-falta-grave\/#breadcrumb\",\"itemListElement\":[{\"@type\":\"ListItem\",\"position\":1,\"name\":\"In\u00edcio\",\"item\":\"https:\/\/meusitejuridico.editorajuspodivm.com.br\/\"},{\"@type\":\"ListItem\",\"position\":2,\"name\":\"O regime disciplinar diferenciado tem dura\u00e7\u00e3o m\u00e1xima de 360 dias, sem preju\u00edzo de repeti\u00e7\u00e3o por nova falta grave\"}]},{\"@type\":\"WebSite\",\"@id\":\"https:\/\/meusitejuridico.editorajuspodivm.com.br\/#website\",\"url\":\"https:\/\/meusitejuridico.editorajuspodivm.com.br\/\",\"name\":\"Meu site jur\u00eddico\",\"description\":\"Meu site jur\u00eddico\",\"publisher\":{\"@id\":\"https:\/\/meusitejuridico.editorajuspodivm.com.br\/#organization\"},\"potentialAction\":[{\"@type\":\"SearchAction\",\"target\":{\"@type\":\"EntryPoint\",\"urlTemplate\":\"https:\/\/meusitejuridico.editorajuspodivm.com.br\/?s={search_term_string}\"},\"query-input\":{\"@type\":\"PropertyValueSpecification\",\"valueRequired\":true,\"valueName\":\"search_term_string\"}}],\"inLanguage\":\"pt-BR\"},{\"@type\":\"Organization\",\"@id\":\"https:\/\/meusitejuridico.editorajuspodivm.com.br\/#organization\",\"name\":\"Meu site jur\u00eddico\",\"url\":\"https:\/\/meusitejuridico.editorajuspodivm.com.br\/\",\"logo\":{\"@type\":\"ImageObject\",\"inLanguage\":\"pt-BR\",\"@id\":\"https:\/\/meusitejuridico.editorajuspodivm.com.br\/#\/schema\/logo\/image\/\",\"url\":\"https:\/\/meusitejuridico.editorajuspodivm.com.br\/s.meusitejuridico\/2022\/03\/cropped-baeec2a3-msj-02-01-01.png\",\"contentUrl\":\"https:\/\/meusitejuridico.editorajuspodivm.com.br\/s.meusitejuridico\/2022\/03\/cropped-baeec2a3-msj-02-01-01.png\",\"width\":349,\"height\":243,\"caption\":\"Meu site jur\u00eddico\"},\"image\":{\"@id\":\"https:\/\/meusitejuridico.editorajuspodivm.com.br\/#\/schema\/logo\/image\/\"}},{\"@type\":\"Person\",\"@id\":\"https:\/\/meusitejuridico.editorajuspodivm.com.br\/#\/schema\/person\/5c2237ac0c8ff03bcf1a09fe3e45dfce\",\"name\":\"Equipe Meu Site Jur\u00eddico\",\"image\":{\"@type\":\"ImageObject\",\"inLanguage\":\"pt-BR\",\"@id\":\"https:\/\/meusitejuridico.editorajuspodivm.com.br\/#\/schema\/person\/image\/\",\"url\":\"https:\/\/meusitejuridico.editorajuspodivm.com.br\/s.meusitejuridico\/2020\/07\/6be289aa-logo-msj.png\",\"contentUrl\":\"https:\/\/meusitejuridico.editorajuspodivm.com.br\/s.meusitejuridico\/2020\/07\/6be289aa-logo-msj.png\",\"caption\":\"Equipe Meu Site Jur\u00eddico\"},\"description\":\"Contem conosco!\",\"url\":\"https:\/\/meusitejuridico.editorajuspodivm.com.br\/author\/equipe-meu-site-juridico\/\"}]}<\/script>\n<!-- \/ Yoast SEO plugin. -->","yoast_head_json":{"title":"O regime disciplinar diferenciado tem dura\u00e7\u00e3o m\u00e1xima de 360 dias, sem preju\u00edzo de repeti\u00e7\u00e3o por nova falta grave - Meu site jur\u00eddico","robots":{"index":"index","follow":"follow","max-snippet":"max-snippet:-1","max-image-preview":"max-image-preview:large","max-video-preview":"max-video-preview:-1"},"canonical":"https:\/\/webmail.meusitejuridico.com.br\/2020\/04\/26\/o-regime-disciplinar-diferenciado-tem-duracao-maxima-de-360-dias-sem-prejuizo-de-repeticao-por-nova-falta-grave\/","og_locale":"pt_BR","og_type":"article","og_title":"O regime disciplinar diferenciado tem dura\u00e7\u00e3o m\u00e1xima de 360 dias, sem preju\u00edzo de repeti\u00e7\u00e3o por nova falta grave - Meu site jur\u00eddico","og_description":"ERRADO A disciplina do regime disciplinar diferenciado (art. 52 da Lei n\u00ba 7.210\/84) sofreu algumas altera\u00e7\u00f5es por meio da Lei 13.964\/19. \u00c9 cab\u00edvel o RDD sobre o preso provis\u00f3rio ou condenado, nacional ou estrangeiro, quando da pr\u00e1tica de fato previsto como crime doloso, que constitui falta grave, nas situa\u00e7\u00f5es em que ocasione subvers\u00e3o da ordem [&hellip;]","og_url":"https:\/\/webmail.meusitejuridico.com.br\/2020\/04\/26\/o-regime-disciplinar-diferenciado-tem-duracao-maxima-de-360-dias-sem-prejuizo-de-repeticao-por-nova-falta-grave\/","og_site_name":"Meu site jur\u00eddico","article_published_time":"2020-04-26T11:30:10+00:00","og_image":[{"width":5000,"height":5604,"url":"https:\/\/webmail.meusitejuridico.com.br\/s.meusitejuridico\/2017\/09\/0a1398ec-shutterstock-101505769.jpg","type":"image\/jpeg"}],"author":"Equipe Meu Site Jur\u00eddico","twitter_card":"summary_large_image","twitter_misc":{"Escrito por":"Equipe Meu Site Jur\u00eddico","Est. tempo de leitura":"2 minutos"},"schema":{"@context":"https:\/\/schema.org","@graph":[{"@type":"Article","@id":"https:\/\/webmail.meusitejuridico.com.br\/2020\/04\/26\/o-regime-disciplinar-diferenciado-tem-duracao-maxima-de-360-dias-sem-prejuizo-de-repeticao-por-nova-falta-grave\/#article","isPartOf":{"@id":"https:\/\/webmail.meusitejuridico.com.br\/2020\/04\/26\/o-regime-disciplinar-diferenciado-tem-duracao-maxima-de-360-dias-sem-prejuizo-de-repeticao-por-nova-falta-grave\/"},"author":{"name":"Equipe Meu Site Jur\u00eddico","@id":"https:\/\/meusitejuridico.editorajuspodivm.com.br\/#\/schema\/person\/5c2237ac0c8ff03bcf1a09fe3e45dfce"},"headline":"O regime disciplinar diferenciado tem dura\u00e7\u00e3o m\u00e1xima de 360 dias, sem preju\u00edzo de repeti\u00e7\u00e3o por nova falta grave","datePublished":"2020-04-26T11:30:10+00:00","mainEntityOfPage":{"@id":"https:\/\/webmail.meusitejuridico.com.br\/2020\/04\/26\/o-regime-disciplinar-diferenciado-tem-duracao-maxima-de-360-dias-sem-prejuizo-de-repeticao-por-nova-falta-grave\/"},"wordCount":348,"commentCount":0,"publisher":{"@id":"https:\/\/meusitejuridico.editorajuspodivm.com.br\/#organization"},"image":{"@id":"https:\/\/webmail.meusitejuridico.com.br\/2020\/04\/26\/o-regime-disciplinar-diferenciado-tem-duracao-maxima-de-360-dias-sem-prejuizo-de-repeticao-por-nova-falta-grave\/#primaryimage"},"thumbnailUrl":"https:\/\/meusitejuridico.editorajuspodivm.com.br\/s.meusitejuridico\/2017\/09\/0a1398ec-shutterstock-101505769.jpg","keywords":["art. 52 LEP","Execu\u00e7\u00e3o Penal","Lei 7.210\/84","RDD","regime disciplinar diferenciado"],"articleSection":["Certo ou errado?","Material de aula","Perguntas e Respostas"],"inLanguage":"pt-BR","potentialAction":[{"@type":"CommentAction","name":"Comment","target":["https:\/\/webmail.meusitejuridico.com.br\/2020\/04\/26\/o-regime-disciplinar-diferenciado-tem-duracao-maxima-de-360-dias-sem-prejuizo-de-repeticao-por-nova-falta-grave\/#respond"]}]},{"@type":"WebPage","@id":"https:\/\/webmail.meusitejuridico.com.br\/2020\/04\/26\/o-regime-disciplinar-diferenciado-tem-duracao-maxima-de-360-dias-sem-prejuizo-de-repeticao-por-nova-falta-grave\/","url":"https:\/\/webmail.meusitejuridico.com.br\/2020\/04\/26\/o-regime-disciplinar-diferenciado-tem-duracao-maxima-de-360-dias-sem-prejuizo-de-repeticao-por-nova-falta-grave\/","name":"O regime disciplinar diferenciado tem dura\u00e7\u00e3o m\u00e1xima de 360 dias, sem preju\u00edzo de repeti\u00e7\u00e3o por nova falta grave - Meu site jur\u00eddico","isPartOf":{"@id":"https:\/\/meusitejuridico.editorajuspodivm.com.br\/#website"},"primaryImageOfPage":{"@id":"https:\/\/webmail.meusitejuridico.com.br\/2020\/04\/26\/o-regime-disciplinar-diferenciado-tem-duracao-maxima-de-360-dias-sem-prejuizo-de-repeticao-por-nova-falta-grave\/#primaryimage"},"image":{"@id":"https:\/\/webmail.meusitejuridico.com.br\/2020\/04\/26\/o-regime-disciplinar-diferenciado-tem-duracao-maxima-de-360-dias-sem-prejuizo-de-repeticao-por-nova-falta-grave\/#primaryimage"},"thumbnailUrl":"https:\/\/meusitejuridico.editorajuspodivm.com.br\/s.meusitejuridico\/2017\/09\/0a1398ec-shutterstock-101505769.jpg","datePublished":"2020-04-26T11:30:10+00:00","breadcrumb":{"@id":"https:\/\/webmail.meusitejuridico.com.br\/2020\/04\/26\/o-regime-disciplinar-diferenciado-tem-duracao-maxima-de-360-dias-sem-prejuizo-de-repeticao-por-nova-falta-grave\/#breadcrumb"},"inLanguage":"pt-BR","potentialAction":[{"@type":"ReadAction","target":["https:\/\/webmail.meusitejuridico.com.br\/2020\/04\/26\/o-regime-disciplinar-diferenciado-tem-duracao-maxima-de-360-dias-sem-prejuizo-de-repeticao-por-nova-falta-grave\/"]}]},{"@type":"ImageObject","inLanguage":"pt-BR","@id":"https:\/\/webmail.meusitejuridico.com.br\/2020\/04\/26\/o-regime-disciplinar-diferenciado-tem-duracao-maxima-de-360-dias-sem-prejuizo-de-repeticao-por-nova-falta-grave\/#primaryimage","url":"https:\/\/meusitejuridico.editorajuspodivm.com.br\/s.meusitejuridico\/2017\/09\/0a1398ec-shutterstock-101505769.jpg","contentUrl":"https:\/\/meusitejuridico.editorajuspodivm.com.br\/s.meusitejuridico\/2017\/09\/0a1398ec-shutterstock-101505769.jpg","width":5000,"height":5604},{"@type":"BreadcrumbList","@id":"https:\/\/webmail.meusitejuridico.com.br\/2020\/04\/26\/o-regime-disciplinar-diferenciado-tem-duracao-maxima-de-360-dias-sem-prejuizo-de-repeticao-por-nova-falta-grave\/#breadcrumb","itemListElement":[{"@type":"ListItem","position":1,"name":"In\u00edcio","item":"https:\/\/meusitejuridico.editorajuspodivm.com.br\/"},{"@type":"ListItem","position":2,"name":"O regime disciplinar diferenciado tem dura\u00e7\u00e3o m\u00e1xima de 360 dias, sem preju\u00edzo de repeti\u00e7\u00e3o por nova falta grave"}]},{"@type":"WebSite","@id":"https:\/\/meusitejuridico.editorajuspodivm.com.br\/#website","url":"https:\/\/meusitejuridico.editorajuspodivm.com.br\/","name":"Meu site jur\u00eddico","description":"Meu site jur\u00eddico","publisher":{"@id":"https:\/\/meusitejuridico.editorajuspodivm.com.br\/#organization"},"potentialAction":[{"@type":"SearchAction","target":{"@type":"EntryPoint","urlTemplate":"https:\/\/meusitejuridico.editorajuspodivm.com.br\/?s={search_term_string}"},"query-input":{"@type":"PropertyValueSpecification","valueRequired":true,"valueName":"search_term_string"}}],"inLanguage":"pt-BR"},{"@type":"Organization","@id":"https:\/\/meusitejuridico.editorajuspodivm.com.br\/#organization","name":"Meu site jur\u00eddico","url":"https:\/\/meusitejuridico.editorajuspodivm.com.br\/","logo":{"@type":"ImageObject","inLanguage":"pt-BR","@id":"https:\/\/meusitejuridico.editorajuspodivm.com.br\/#\/schema\/logo\/image\/","url":"https:\/\/meusitejuridico.editorajuspodivm.com.br\/s.meusitejuridico\/2022\/03\/cropped-baeec2a3-msj-02-01-01.png","contentUrl":"https:\/\/meusitejuridico.editorajuspodivm.com.br\/s.meusitejuridico\/2022\/03\/cropped-baeec2a3-msj-02-01-01.png","width":349,"height":243,"caption":"Meu site jur\u00eddico"},"image":{"@id":"https:\/\/meusitejuridico.editorajuspodivm.com.br\/#\/schema\/logo\/image\/"}},{"@type":"Person","@id":"https:\/\/meusitejuridico.editorajuspodivm.com.br\/#\/schema\/person\/5c2237ac0c8ff03bcf1a09fe3e45dfce","name":"Equipe Meu Site Jur\u00eddico","image":{"@type":"ImageObject","inLanguage":"pt-BR","@id":"https:\/\/meusitejuridico.editorajuspodivm.com.br\/#\/schema\/person\/image\/","url":"https:\/\/meusitejuridico.editorajuspodivm.com.br\/s.meusitejuridico\/2020\/07\/6be289aa-logo-msj.png","contentUrl":"https:\/\/meusitejuridico.editorajuspodivm.com.br\/s.meusitejuridico\/2020\/07\/6be289aa-logo-msj.png","caption":"Equipe Meu Site Jur\u00eddico"},"description":"Contem conosco!","url":"https:\/\/meusitejuridico.editorajuspodivm.com.br\/author\/equipe-meu-site-juridico\/"}]}},"_links":{"self":[{"href":"https:\/\/meusitejuridico.editorajuspodivm.com.br\/api\/wp\/v2\/posts\/10854","targetHints":{"allow":["GET"]}}],"collection":[{"href":"https:\/\/meusitejuridico.editorajuspodivm.com.br\/api\/wp\/v2\/posts"}],"about":[{"href":"https:\/\/meusitejuridico.editorajuspodivm.com.br\/api\/wp\/v2\/types\/post"}],"author":[{"embeddable":true,"href":"https:\/\/meusitejuridico.editorajuspodivm.com.br\/api\/wp\/v2\/users\/7"}],"replies":[{"embeddable":true,"href":"https:\/\/meusitejuridico.editorajuspodivm.com.br\/api\/wp\/v2\/comments?post=10854"}],"version-history":[{"count":3,"href":"https:\/\/meusitejuridico.editorajuspodivm.com.br\/api\/wp\/v2\/posts\/10854\/revisions"}],"predecessor-version":[{"id":10857,"href":"https:\/\/meusitejuridico.editorajuspodivm.com.br\/api\/wp\/v2\/posts\/10854\/revisions\/10857"}],"wp:featuredmedia":[{"embeddable":true,"href":"https:\/\/meusitejuridico.editorajuspodivm.com.br\/api\/wp\/v2\/media\/3402"}],"wp:attachment":[{"href":"https:\/\/meusitejuridico.editorajuspodivm.com.br\/api\/wp\/v2\/media?parent=10854"}],"wp:term":[{"taxonomy":"category","embeddable":true,"href":"https:\/\/meusitejuridico.editorajuspodivm.com.br\/api\/wp\/v2\/categories?post=10854"},{"taxonomy":"post_tag","embeddable":true,"href":"https:\/\/meusitejuridico.editorajuspodivm.com.br\/api\/wp\/v2\/tags?post=10854"}],"curies":[{"name":"wp","href":"https:\/\/api.w.org\/{rel}","templated":true}]}}