{"id":11225,"date":"2020-06-06T08:30:36","date_gmt":"2020-06-06T11:30:36","guid":{"rendered":"https:\/\/meusitejuridico.editorajuspodivm.com.br\/?p=11225"},"modified":"2020-06-05T08:37:55","modified_gmt":"2020-06-05T11:37:55","slug":"o-cpp-e-omisso-sobre-necessidade-de-oitiva-ministerio-publico-em-2o-grau-de-jurisdicao-nos-pedidos-de-desaforamento","status":"publish","type":"post","link":"https:\/\/meusitejuridico.editorajuspodivm.com.br\/2020\/06\/06\/o-cpp-e-omisso-sobre-necessidade-de-oitiva-ministerio-publico-em-2o-grau-de-jurisdicao-nos-pedidos-de-desaforamento\/","title":{"rendered":"O CPP \u00e9 omisso sobre a necessidade de oitiva do Minist\u00e9rio P\u00fablico em 2\u00ba grau de jurisdi\u00e7\u00e3o nos pedidos de desaforamento"},"content":{"rendered":"<p><strong>CERTO<\/strong><\/p>\n<p>Segundo o texto primitivo do art. 424 do CPP, era colhida a manifesta\u00e7\u00e3o do Minist\u00e9rio P\u00fablico em 2\u00ba grau. Ocorre que, n\u00e3o se sabe se propositalmente ou por cochilo do legislador, simplesmente retirou-se do novo texto legal (agora no art. 427) qualquer men\u00e7\u00e3o a essa necessidade, de tal forma que, na literalidade da lei, a oitiva do <em>parquet<\/em> que atua perante a 2\u00aa inst\u00e2ncia n\u00e3o \u00e9 mais obrigat\u00f3ria. Mas deixando de lado a mera leitura fria do texto legal e atentos a uma an\u00e1lise mais ampla, que leve em conta o sistema, pensamos que nada impede que os regimentos internos dos respectivos tribunais continuem facultando a participa\u00e7\u00e3o do Procurador-Geral (no regimento interno do Tribunal de Justi\u00e7a de S\u00e3o Paulo a mat\u00e9ria \u00e9 tratada em seu art. 724). Ali\u00e1s, \u00e9 medida que se recomenda, m\u00e1xime quando se constata que nos pedidos de desaforamento que tenham por base as hip\u00f3teses do <em>caput<\/em> do novo art. 427 n\u00e3o h\u00e1 previs\u00e3o, tampouco, de oitiva do promotor de Justi\u00e7a. A aus\u00eancia de qualquer manifesta\u00e7\u00e3o do Minist\u00e9rio P\u00fablico, em ambos os graus de jurisdi\u00e7\u00e3o, conforme concebida pelo legislador, importa em franca viola\u00e7\u00e3o ao princ\u00edpio do contradit\u00f3rio, a merecer repara\u00e7\u00e3o pela jurisprud\u00eancia que, decerto, se formar\u00e1 a respeito do tema.<\/p>\n","protected":false},"excerpt":{"rendered":"<p>CERTO Segundo o texto primitivo do art. 424 do CPP, era colhida a manifesta\u00e7\u00e3o do Minist\u00e9rio P\u00fablico em 2\u00ba grau. Ocorre que, n\u00e3o se sabe se propositalmente ou por cochilo do legislador, simplesmente retirou-se do novo texto legal (agora no art. 427) qualquer men\u00e7\u00e3o a essa necessidade, de tal forma que, na literalidade da lei, [&hellip;]<\/p>\n","protected":false},"author":7,"featured_media":8394,"comment_status":"open","ping_status":"open","sticky":false,"template":"","format":"standard","meta":{"_acf_changed":false,"footnotes":""},"categories":[3090,78,437],"tags":[669,183,119],"class_list":["post-11225","post","type-post","status-publish","format-standard","has-post-thumbnail","hentry","category-certo-ou-errado","category-material-de-aula","category-perguntas-e-respostas","tag-desaforamento","tag-ministerio-publico","tag-processo-penal"],"acf":[],"yoast_head":"<!-- This site is optimized with the Yoast SEO plugin v24.8.1 - https:\/\/yoast.com\/wordpress\/plugins\/seo\/ -->\n<title>O CPP \u00e9 omisso sobre a necessidade de oitiva do Minist\u00e9rio P\u00fablico em 2\u00ba grau de jurisdi\u00e7\u00e3o nos pedidos de desaforamento - Meu site jur\u00eddico<\/title>\n<meta name=\"robots\" content=\"index, follow, max-snippet:-1, max-image-preview:large, max-video-preview:-1\" \/>\n<link rel=\"canonical\" href=\"https:\/\/meusitejuridico.editorajuspodivm.com.br\/2020\/06\/06\/o-cpp-e-omisso-sobre-necessidade-de-oitiva-ministerio-publico-em-2o-grau-de-jurisdicao-nos-pedidos-de-desaforamento\/\" \/>\n<meta property=\"og:locale\" content=\"pt_BR\" \/>\n<meta property=\"og:type\" content=\"article\" \/>\n<meta property=\"og:title\" content=\"O CPP \u00e9 omisso sobre a necessidade de oitiva do Minist\u00e9rio P\u00fablico em 2\u00ba grau de jurisdi\u00e7\u00e3o nos pedidos de desaforamento - Meu site jur\u00eddico\" \/>\n<meta property=\"og:description\" content=\"CERTO Segundo o texto primitivo do art. 424 do CPP, era colhida a manifesta\u00e7\u00e3o do Minist\u00e9rio P\u00fablico em 2\u00ba grau. Ocorre que, n\u00e3o se sabe se propositalmente ou por cochilo do legislador, simplesmente retirou-se do novo texto legal (agora no art. 427) qualquer men\u00e7\u00e3o a essa necessidade, de tal forma que, na literalidade da lei, [&hellip;]\" \/>\n<meta property=\"og:url\" content=\"https:\/\/meusitejuridico.editorajuspodivm.com.br\/2020\/06\/06\/o-cpp-e-omisso-sobre-necessidade-de-oitiva-ministerio-publico-em-2o-grau-de-jurisdicao-nos-pedidos-de-desaforamento\/\" \/>\n<meta property=\"og:site_name\" content=\"Meu site jur\u00eddico\" \/>\n<meta property=\"article:published_time\" content=\"2020-06-06T11:30:36+00:00\" \/>\n<meta property=\"og:image\" content=\"https:\/\/meusitejuridico.editorajuspodivm.com.br\/s.meusitejuridico\/2019\/05\/04f184e8-book-bindings-3176776-640.jpg\" \/>\n\t<meta property=\"og:image:width\" content=\"640\" \/>\n\t<meta property=\"og:image:height\" content=\"480\" \/>\n\t<meta property=\"og:image:type\" content=\"image\/jpeg\" \/>\n<meta name=\"author\" content=\"Equipe Meu Site Jur\u00eddico\" \/>\n<meta name=\"twitter:card\" content=\"summary_large_image\" \/>\n<meta name=\"twitter:label1\" content=\"Escrito por\" \/>\n\t<meta name=\"twitter:data1\" content=\"Equipe Meu Site Jur\u00eddico\" \/>\n\t<meta name=\"twitter:label2\" content=\"Est. tempo de leitura\" \/>\n\t<meta name=\"twitter:data2\" content=\"1 minuto\" \/>\n<script type=\"application\/ld+json\" class=\"yoast-schema-graph\">{\"@context\":\"https:\/\/schema.org\",\"@graph\":[{\"@type\":\"Article\",\"@id\":\"https:\/\/meusitejuridico.editorajuspodivm.com.br\/2020\/06\/06\/o-cpp-e-omisso-sobre-necessidade-de-oitiva-ministerio-publico-em-2o-grau-de-jurisdicao-nos-pedidos-de-desaforamento\/#article\",\"isPartOf\":{\"@id\":\"https:\/\/meusitejuridico.editorajuspodivm.com.br\/2020\/06\/06\/o-cpp-e-omisso-sobre-necessidade-de-oitiva-ministerio-publico-em-2o-grau-de-jurisdicao-nos-pedidos-de-desaforamento\/\"},\"author\":{\"name\":\"Equipe Meu Site Jur\u00eddico\",\"@id\":\"https:\/\/meusitejuridico.com.br\/#\/schema\/person\/5c2237ac0c8ff03bcf1a09fe3e45dfce\"},\"headline\":\"O CPP \u00e9 omisso sobre a necessidade de oitiva do Minist\u00e9rio P\u00fablico em 2\u00ba grau de jurisdi\u00e7\u00e3o nos pedidos de desaforamento\",\"datePublished\":\"2020-06-06T11:30:36+00:00\",\"mainEntityOfPage\":{\"@id\":\"https:\/\/meusitejuridico.editorajuspodivm.com.br\/2020\/06\/06\/o-cpp-e-omisso-sobre-necessidade-de-oitiva-ministerio-publico-em-2o-grau-de-jurisdicao-nos-pedidos-de-desaforamento\/\"},\"wordCount\":246,\"commentCount\":0,\"publisher\":{\"@id\":\"https:\/\/meusitejuridico.com.br\/#organization\"},\"image\":{\"@id\":\"https:\/\/meusitejuridico.editorajuspodivm.com.br\/2020\/06\/06\/o-cpp-e-omisso-sobre-necessidade-de-oitiva-ministerio-publico-em-2o-grau-de-jurisdicao-nos-pedidos-de-desaforamento\/#primaryimage\"},\"thumbnailUrl\":\"https:\/\/meusitejuridico.editorajuspodivm.com.br\/s.meusitejuridico\/2019\/05\/04f184e8-book-bindings-3176776-640.jpg\",\"keywords\":[\"desaforamento\",\"Minist\u00e9rio P\u00fablico\",\"Processo Penal\"],\"articleSection\":[\"Certo ou errado?\",\"Material de aula\",\"Perguntas e Respostas\"],\"inLanguage\":\"pt-BR\",\"potentialAction\":[{\"@type\":\"CommentAction\",\"name\":\"Comment\",\"target\":[\"https:\/\/meusitejuridico.editorajuspodivm.com.br\/2020\/06\/06\/o-cpp-e-omisso-sobre-necessidade-de-oitiva-ministerio-publico-em-2o-grau-de-jurisdicao-nos-pedidos-de-desaforamento\/#respond\"]}]},{\"@type\":\"WebPage\",\"@id\":\"https:\/\/meusitejuridico.editorajuspodivm.com.br\/2020\/06\/06\/o-cpp-e-omisso-sobre-necessidade-de-oitiva-ministerio-publico-em-2o-grau-de-jurisdicao-nos-pedidos-de-desaforamento\/\",\"url\":\"https:\/\/meusitejuridico.editorajuspodivm.com.br\/2020\/06\/06\/o-cpp-e-omisso-sobre-necessidade-de-oitiva-ministerio-publico-em-2o-grau-de-jurisdicao-nos-pedidos-de-desaforamento\/\",\"name\":\"O CPP \u00e9 omisso sobre a necessidade de oitiva do Minist\u00e9rio P\u00fablico em 2\u00ba grau de jurisdi\u00e7\u00e3o nos pedidos de desaforamento - Meu site jur\u00eddico\",\"isPartOf\":{\"@id\":\"https:\/\/meusitejuridico.com.br\/#website\"},\"primaryImageOfPage\":{\"@id\":\"https:\/\/meusitejuridico.editorajuspodivm.com.br\/2020\/06\/06\/o-cpp-e-omisso-sobre-necessidade-de-oitiva-ministerio-publico-em-2o-grau-de-jurisdicao-nos-pedidos-de-desaforamento\/#primaryimage\"},\"image\":{\"@id\":\"https:\/\/meusitejuridico.editorajuspodivm.com.br\/2020\/06\/06\/o-cpp-e-omisso-sobre-necessidade-de-oitiva-ministerio-publico-em-2o-grau-de-jurisdicao-nos-pedidos-de-desaforamento\/#primaryimage\"},\"thumbnailUrl\":\"https:\/\/meusitejuridico.editorajuspodivm.com.br\/s.meusitejuridico\/2019\/05\/04f184e8-book-bindings-3176776-640.jpg\",\"datePublished\":\"2020-06-06T11:30:36+00:00\",\"breadcrumb\":{\"@id\":\"https:\/\/meusitejuridico.editorajuspodivm.com.br\/2020\/06\/06\/o-cpp-e-omisso-sobre-necessidade-de-oitiva-ministerio-publico-em-2o-grau-de-jurisdicao-nos-pedidos-de-desaforamento\/#breadcrumb\"},\"inLanguage\":\"pt-BR\",\"potentialAction\":[{\"@type\":\"ReadAction\",\"target\":[\"https:\/\/meusitejuridico.editorajuspodivm.com.br\/2020\/06\/06\/o-cpp-e-omisso-sobre-necessidade-de-oitiva-ministerio-publico-em-2o-grau-de-jurisdicao-nos-pedidos-de-desaforamento\/\"]}]},{\"@type\":\"ImageObject\",\"inLanguage\":\"pt-BR\",\"@id\":\"https:\/\/meusitejuridico.editorajuspodivm.com.br\/2020\/06\/06\/o-cpp-e-omisso-sobre-necessidade-de-oitiva-ministerio-publico-em-2o-grau-de-jurisdicao-nos-pedidos-de-desaforamento\/#primaryimage\",\"url\":\"https:\/\/meusitejuridico.editorajuspodivm.com.br\/s.meusitejuridico\/2019\/05\/04f184e8-book-bindings-3176776-640.jpg\",\"contentUrl\":\"https:\/\/meusitejuridico.editorajuspodivm.com.br\/s.meusitejuridico\/2019\/05\/04f184e8-book-bindings-3176776-640.jpg\",\"width\":640,\"height\":480},{\"@type\":\"BreadcrumbList\",\"@id\":\"https:\/\/meusitejuridico.editorajuspodivm.com.br\/2020\/06\/06\/o-cpp-e-omisso-sobre-necessidade-de-oitiva-ministerio-publico-em-2o-grau-de-jurisdicao-nos-pedidos-de-desaforamento\/#breadcrumb\",\"itemListElement\":[{\"@type\":\"ListItem\",\"position\":1,\"name\":\"In\u00edcio\",\"item\":\"https:\/\/meusitejuridico.com.br\/\"},{\"@type\":\"ListItem\",\"position\":2,\"name\":\"O CPP \u00e9 omisso sobre a necessidade de oitiva do Minist\u00e9rio P\u00fablico em 2\u00ba grau de jurisdi\u00e7\u00e3o nos pedidos de desaforamento\"}]},{\"@type\":\"WebSite\",\"@id\":\"https:\/\/meusitejuridico.com.br\/#website\",\"url\":\"https:\/\/meusitejuridico.com.br\/\",\"name\":\"Meu site jur\u00eddico\",\"description\":\"Meu site jur\u00eddico\",\"publisher\":{\"@id\":\"https:\/\/meusitejuridico.com.br\/#organization\"},\"potentialAction\":[{\"@type\":\"SearchAction\",\"target\":{\"@type\":\"EntryPoint\",\"urlTemplate\":\"https:\/\/meusitejuridico.com.br\/?s={search_term_string}\"},\"query-input\":{\"@type\":\"PropertyValueSpecification\",\"valueRequired\":true,\"valueName\":\"search_term_string\"}}],\"inLanguage\":\"pt-BR\"},{\"@type\":\"Organization\",\"@id\":\"https:\/\/meusitejuridico.com.br\/#organization\",\"name\":\"Meu site jur\u00eddico\",\"url\":\"https:\/\/meusitejuridico.com.br\/\",\"logo\":{\"@type\":\"ImageObject\",\"inLanguage\":\"pt-BR\",\"@id\":\"https:\/\/meusitejuridico.com.br\/#\/schema\/logo\/image\/\",\"url\":\"https:\/\/meusitejuridico.editorajuspodivm.com.br\/s.meusitejuridico\/2022\/03\/cropped-baeec2a3-msj-02-01-01.png\",\"contentUrl\":\"https:\/\/meusitejuridico.editorajuspodivm.com.br\/s.meusitejuridico\/2022\/03\/cropped-baeec2a3-msj-02-01-01.png\",\"width\":349,\"height\":243,\"caption\":\"Meu site jur\u00eddico\"},\"image\":{\"@id\":\"https:\/\/meusitejuridico.com.br\/#\/schema\/logo\/image\/\"}},{\"@type\":\"Person\",\"@id\":\"https:\/\/meusitejuridico.com.br\/#\/schema\/person\/5c2237ac0c8ff03bcf1a09fe3e45dfce\",\"name\":\"Equipe Meu Site Jur\u00eddico\",\"image\":{\"@type\":\"ImageObject\",\"inLanguage\":\"pt-BR\",\"@id\":\"https:\/\/meusitejuridico.com.br\/#\/schema\/person\/image\/\",\"url\":\"https:\/\/meusitejuridico.editorajuspodivm.com.br\/s.meusitejuridico\/2020\/07\/6be289aa-logo-msj.png\",\"contentUrl\":\"https:\/\/meusitejuridico.editorajuspodivm.com.br\/s.meusitejuridico\/2020\/07\/6be289aa-logo-msj.png\",\"caption\":\"Equipe Meu Site Jur\u00eddico\"},\"description\":\"Contem conosco!\",\"url\":\"https:\/\/meusitejuridico.editorajuspodivm.com.br\/author\/equipe-meu-site-juridico\/\"}]}<\/script>\n<!-- \/ Yoast SEO plugin. -->","yoast_head_json":{"title":"O CPP \u00e9 omisso sobre a necessidade de oitiva do Minist\u00e9rio P\u00fablico em 2\u00ba grau de jurisdi\u00e7\u00e3o nos pedidos de desaforamento - Meu site jur\u00eddico","robots":{"index":"index","follow":"follow","max-snippet":"max-snippet:-1","max-image-preview":"max-image-preview:large","max-video-preview":"max-video-preview:-1"},"canonical":"https:\/\/meusitejuridico.editorajuspodivm.com.br\/2020\/06\/06\/o-cpp-e-omisso-sobre-necessidade-de-oitiva-ministerio-publico-em-2o-grau-de-jurisdicao-nos-pedidos-de-desaforamento\/","og_locale":"pt_BR","og_type":"article","og_title":"O CPP \u00e9 omisso sobre a necessidade de oitiva do Minist\u00e9rio P\u00fablico em 2\u00ba grau de jurisdi\u00e7\u00e3o nos pedidos de desaforamento - Meu site jur\u00eddico","og_description":"CERTO Segundo o texto primitivo do art. 424 do CPP, era colhida a manifesta\u00e7\u00e3o do Minist\u00e9rio P\u00fablico em 2\u00ba grau. Ocorre que, n\u00e3o se sabe se propositalmente ou por cochilo do legislador, simplesmente retirou-se do novo texto legal (agora no art. 427) qualquer men\u00e7\u00e3o a essa necessidade, de tal forma que, na literalidade da lei, [&hellip;]","og_url":"https:\/\/meusitejuridico.editorajuspodivm.com.br\/2020\/06\/06\/o-cpp-e-omisso-sobre-necessidade-de-oitiva-ministerio-publico-em-2o-grau-de-jurisdicao-nos-pedidos-de-desaforamento\/","og_site_name":"Meu site jur\u00eddico","article_published_time":"2020-06-06T11:30:36+00:00","og_image":[{"width":640,"height":480,"url":"https:\/\/meusitejuridico.editorajuspodivm.com.br\/s.meusitejuridico\/2019\/05\/04f184e8-book-bindings-3176776-640.jpg","type":"image\/jpeg"}],"author":"Equipe Meu Site Jur\u00eddico","twitter_card":"summary_large_image","twitter_misc":{"Escrito por":"Equipe Meu Site Jur\u00eddico","Est. tempo de leitura":"1 minuto"},"schema":{"@context":"https:\/\/schema.org","@graph":[{"@type":"Article","@id":"https:\/\/meusitejuridico.editorajuspodivm.com.br\/2020\/06\/06\/o-cpp-e-omisso-sobre-necessidade-de-oitiva-ministerio-publico-em-2o-grau-de-jurisdicao-nos-pedidos-de-desaforamento\/#article","isPartOf":{"@id":"https:\/\/meusitejuridico.editorajuspodivm.com.br\/2020\/06\/06\/o-cpp-e-omisso-sobre-necessidade-de-oitiva-ministerio-publico-em-2o-grau-de-jurisdicao-nos-pedidos-de-desaforamento\/"},"author":{"name":"Equipe Meu Site Jur\u00eddico","@id":"https:\/\/meusitejuridico.com.br\/#\/schema\/person\/5c2237ac0c8ff03bcf1a09fe3e45dfce"},"headline":"O CPP \u00e9 omisso sobre a necessidade de oitiva do Minist\u00e9rio P\u00fablico em 2\u00ba grau de jurisdi\u00e7\u00e3o nos pedidos de desaforamento","datePublished":"2020-06-06T11:30:36+00:00","mainEntityOfPage":{"@id":"https:\/\/meusitejuridico.editorajuspodivm.com.br\/2020\/06\/06\/o-cpp-e-omisso-sobre-necessidade-de-oitiva-ministerio-publico-em-2o-grau-de-jurisdicao-nos-pedidos-de-desaforamento\/"},"wordCount":246,"commentCount":0,"publisher":{"@id":"https:\/\/meusitejuridico.com.br\/#organization"},"image":{"@id":"https:\/\/meusitejuridico.editorajuspodivm.com.br\/2020\/06\/06\/o-cpp-e-omisso-sobre-necessidade-de-oitiva-ministerio-publico-em-2o-grau-de-jurisdicao-nos-pedidos-de-desaforamento\/#primaryimage"},"thumbnailUrl":"https:\/\/meusitejuridico.editorajuspodivm.com.br\/s.meusitejuridico\/2019\/05\/04f184e8-book-bindings-3176776-640.jpg","keywords":["desaforamento","Minist\u00e9rio P\u00fablico","Processo Penal"],"articleSection":["Certo ou errado?","Material de aula","Perguntas e Respostas"],"inLanguage":"pt-BR","potentialAction":[{"@type":"CommentAction","name":"Comment","target":["https:\/\/meusitejuridico.editorajuspodivm.com.br\/2020\/06\/06\/o-cpp-e-omisso-sobre-necessidade-de-oitiva-ministerio-publico-em-2o-grau-de-jurisdicao-nos-pedidos-de-desaforamento\/#respond"]}]},{"@type":"WebPage","@id":"https:\/\/meusitejuridico.editorajuspodivm.com.br\/2020\/06\/06\/o-cpp-e-omisso-sobre-necessidade-de-oitiva-ministerio-publico-em-2o-grau-de-jurisdicao-nos-pedidos-de-desaforamento\/","url":"https:\/\/meusitejuridico.editorajuspodivm.com.br\/2020\/06\/06\/o-cpp-e-omisso-sobre-necessidade-de-oitiva-ministerio-publico-em-2o-grau-de-jurisdicao-nos-pedidos-de-desaforamento\/","name":"O CPP \u00e9 omisso sobre a necessidade de oitiva do Minist\u00e9rio P\u00fablico em 2\u00ba grau de jurisdi\u00e7\u00e3o nos pedidos de desaforamento - Meu site jur\u00eddico","isPartOf":{"@id":"https:\/\/meusitejuridico.com.br\/#website"},"primaryImageOfPage":{"@id":"https:\/\/meusitejuridico.editorajuspodivm.com.br\/2020\/06\/06\/o-cpp-e-omisso-sobre-necessidade-de-oitiva-ministerio-publico-em-2o-grau-de-jurisdicao-nos-pedidos-de-desaforamento\/#primaryimage"},"image":{"@id":"https:\/\/meusitejuridico.editorajuspodivm.com.br\/2020\/06\/06\/o-cpp-e-omisso-sobre-necessidade-de-oitiva-ministerio-publico-em-2o-grau-de-jurisdicao-nos-pedidos-de-desaforamento\/#primaryimage"},"thumbnailUrl":"https:\/\/meusitejuridico.editorajuspodivm.com.br\/s.meusitejuridico\/2019\/05\/04f184e8-book-bindings-3176776-640.jpg","datePublished":"2020-06-06T11:30:36+00:00","breadcrumb":{"@id":"https:\/\/meusitejuridico.editorajuspodivm.com.br\/2020\/06\/06\/o-cpp-e-omisso-sobre-necessidade-de-oitiva-ministerio-publico-em-2o-grau-de-jurisdicao-nos-pedidos-de-desaforamento\/#breadcrumb"},"inLanguage":"pt-BR","potentialAction":[{"@type":"ReadAction","target":["https:\/\/meusitejuridico.editorajuspodivm.com.br\/2020\/06\/06\/o-cpp-e-omisso-sobre-necessidade-de-oitiva-ministerio-publico-em-2o-grau-de-jurisdicao-nos-pedidos-de-desaforamento\/"]}]},{"@type":"ImageObject","inLanguage":"pt-BR","@id":"https:\/\/meusitejuridico.editorajuspodivm.com.br\/2020\/06\/06\/o-cpp-e-omisso-sobre-necessidade-de-oitiva-ministerio-publico-em-2o-grau-de-jurisdicao-nos-pedidos-de-desaforamento\/#primaryimage","url":"https:\/\/meusitejuridico.editorajuspodivm.com.br\/s.meusitejuridico\/2019\/05\/04f184e8-book-bindings-3176776-640.jpg","contentUrl":"https:\/\/meusitejuridico.editorajuspodivm.com.br\/s.meusitejuridico\/2019\/05\/04f184e8-book-bindings-3176776-640.jpg","width":640,"height":480},{"@type":"BreadcrumbList","@id":"https:\/\/meusitejuridico.editorajuspodivm.com.br\/2020\/06\/06\/o-cpp-e-omisso-sobre-necessidade-de-oitiva-ministerio-publico-em-2o-grau-de-jurisdicao-nos-pedidos-de-desaforamento\/#breadcrumb","itemListElement":[{"@type":"ListItem","position":1,"name":"In\u00edcio","item":"https:\/\/meusitejuridico.com.br\/"},{"@type":"ListItem","position":2,"name":"O CPP \u00e9 omisso sobre a necessidade de oitiva do Minist\u00e9rio P\u00fablico em 2\u00ba grau de jurisdi\u00e7\u00e3o nos pedidos de desaforamento"}]},{"@type":"WebSite","@id":"https:\/\/meusitejuridico.com.br\/#website","url":"https:\/\/meusitejuridico.com.br\/","name":"Meu site jur\u00eddico","description":"Meu site jur\u00eddico","publisher":{"@id":"https:\/\/meusitejuridico.com.br\/#organization"},"potentialAction":[{"@type":"SearchAction","target":{"@type":"EntryPoint","urlTemplate":"https:\/\/meusitejuridico.com.br\/?s={search_term_string}"},"query-input":{"@type":"PropertyValueSpecification","valueRequired":true,"valueName":"search_term_string"}}],"inLanguage":"pt-BR"},{"@type":"Organization","@id":"https:\/\/meusitejuridico.com.br\/#organization","name":"Meu site jur\u00eddico","url":"https:\/\/meusitejuridico.com.br\/","logo":{"@type":"ImageObject","inLanguage":"pt-BR","@id":"https:\/\/meusitejuridico.com.br\/#\/schema\/logo\/image\/","url":"https:\/\/meusitejuridico.editorajuspodivm.com.br\/s.meusitejuridico\/2022\/03\/cropped-baeec2a3-msj-02-01-01.png","contentUrl":"https:\/\/meusitejuridico.editorajuspodivm.com.br\/s.meusitejuridico\/2022\/03\/cropped-baeec2a3-msj-02-01-01.png","width":349,"height":243,"caption":"Meu site jur\u00eddico"},"image":{"@id":"https:\/\/meusitejuridico.com.br\/#\/schema\/logo\/image\/"}},{"@type":"Person","@id":"https:\/\/meusitejuridico.com.br\/#\/schema\/person\/5c2237ac0c8ff03bcf1a09fe3e45dfce","name":"Equipe Meu Site Jur\u00eddico","image":{"@type":"ImageObject","inLanguage":"pt-BR","@id":"https:\/\/meusitejuridico.com.br\/#\/schema\/person\/image\/","url":"https:\/\/meusitejuridico.editorajuspodivm.com.br\/s.meusitejuridico\/2020\/07\/6be289aa-logo-msj.png","contentUrl":"https:\/\/meusitejuridico.editorajuspodivm.com.br\/s.meusitejuridico\/2020\/07\/6be289aa-logo-msj.png","caption":"Equipe Meu Site Jur\u00eddico"},"description":"Contem conosco!","url":"https:\/\/meusitejuridico.editorajuspodivm.com.br\/author\/equipe-meu-site-juridico\/"}]}},"_links":{"self":[{"href":"https:\/\/meusitejuridico.editorajuspodivm.com.br\/api\/wp\/v2\/posts\/11225","targetHints":{"allow":["GET"]}}],"collection":[{"href":"https:\/\/meusitejuridico.editorajuspodivm.com.br\/api\/wp\/v2\/posts"}],"about":[{"href":"https:\/\/meusitejuridico.editorajuspodivm.com.br\/api\/wp\/v2\/types\/post"}],"author":[{"embeddable":true,"href":"https:\/\/meusitejuridico.editorajuspodivm.com.br\/api\/wp\/v2\/users\/7"}],"replies":[{"embeddable":true,"href":"https:\/\/meusitejuridico.editorajuspodivm.com.br\/api\/wp\/v2\/comments?post=11225"}],"version-history":[{"count":3,"href":"https:\/\/meusitejuridico.editorajuspodivm.com.br\/api\/wp\/v2\/posts\/11225\/revisions"}],"predecessor-version":[{"id":11228,"href":"https:\/\/meusitejuridico.editorajuspodivm.com.br\/api\/wp\/v2\/posts\/11225\/revisions\/11228"}],"wp:featuredmedia":[{"embeddable":true,"href":"https:\/\/meusitejuridico.editorajuspodivm.com.br\/api\/wp\/v2\/media\/8394"}],"wp:attachment":[{"href":"https:\/\/meusitejuridico.editorajuspodivm.com.br\/api\/wp\/v2\/media?parent=11225"}],"wp:term":[{"taxonomy":"category","embeddable":true,"href":"https:\/\/meusitejuridico.editorajuspodivm.com.br\/api\/wp\/v2\/categories?post=11225"},{"taxonomy":"post_tag","embeddable":true,"href":"https:\/\/meusitejuridico.editorajuspodivm.com.br\/api\/wp\/v2\/tags?post=11225"}],"curies":[{"name":"wp","href":"https:\/\/api.w.org\/{rel}","templated":true}]}}