{"id":11778,"date":"2020-08-23T08:30:20","date_gmt":"2020-08-23T11:30:20","guid":{"rendered":"https:\/\/meusitejuridico.editorajuspodivm.com.br\/?p=11778"},"modified":"2020-08-21T09:11:22","modified_gmt":"2020-08-21T12:11:22","slug":"adequacao-tipica-se-divide-em-imediata-ou-mediata-dependendo-das-caracteristicas-tipo-especificamente-quanto-existencia-de-elemento-subjetivo-especifico","status":"publish","type":"post","link":"https:\/\/meusitejuridico.editorajuspodivm.com.br\/2020\/08\/23\/adequacao-tipica-se-divide-em-imediata-ou-mediata-dependendo-das-caracteristicas-tipo-especificamente-quanto-existencia-de-elemento-subjetivo-especifico\/","title":{"rendered":"A adequa\u00e7\u00e3o t\u00edpica se divide em imediata ou mediata dependendo das caracter\u00edsticas do tipo, especificamente quanto \u00e0 exist\u00eancia de elemento subjetivo espec\u00edfico"},"content":{"rendered":"<p><strong>ERRADO<\/strong><\/p>\n<p>A assertiva \u00e9 falsa. A adequa\u00e7\u00e3o t\u00edpica, de fato, pode ser dividida em imediata ou mediata, mas isso n\u00e3o tem nenhuma rela\u00e7\u00e3o com a exist\u00eancia, no tipo penal, de elemento subjetivo. A adequa\u00e7\u00e3o t\u00edpica ser\u00e1 imediata quando o ajuste entre o fato e a norma penal n\u00e3o depende de dispositivo complementar. Por meio de um \u00fanico dispositivo se alcan\u00e7a a subsun\u00e7\u00e3o entre a conduta e o tipo penal. Ex.: \u201cA\u201d matou \u201cB\u201d. O comportamento de \u201cA\u201d se subsume, com perfei\u00e7\u00e3o, ao disposto no artigo 121 do C\u00f3digo Penal (\u201cmatar algu\u00e9m\u201d).<\/p>\n<p>J\u00e1 na adequa\u00e7\u00e3o t\u00edpica mediata o ajuste entre o fato e a norma somente se realiza atrav\u00e9s da conjuga\u00e7\u00e3o do tipo penal com uma norma de extens\u00e3o. A norma de extens\u00e3o pode ser:<\/p>\n<p style=\"padding-left: 60px;\">a) temporal: a conduta de \u201ctentar matar algu\u00e9m\u201d somente \u00e9 pun\u00edvel em raz\u00e3o da norma descrita no artigo 14, II, do C\u00f3digo Penal. Sem essa norma, a conclus\u00e3o seria pela atipicidade do comportamento;<\/p>\n<p style=\"padding-left: 60px;\">b) pessoal e espacial: o artigo 29 do C\u00f3digo Penal, que disp\u00f5e sobre o concurso de pessoas, reflete uma norma auxiliar, cuja exist\u00eancia permite a subsun\u00e7\u00e3o indireta da conduta do part\u00edcipe (que n\u00e3o realiza o n\u00facleo do tipo, mas, de qualquer modo, concorre para o delito). Note-se que a conduta de \u201cvigiar o local enquanto algu\u00e9m realiza o crime de homic\u00eddio\u201d \u00e9 um fato, <em>a priori<\/em>, at\u00edpico, porque n\u00e3o se encontra previsto em nenhuma norma penal. Contudo, conjugando o artigo 29 com o artigo 121, ambos do C\u00f3digo Penal, \u00e9 poss\u00edvel realizar a adequa\u00e7\u00e3o t\u00edpica, punindo aquele que se limitou a vigiar, como part\u00edcipe, a execu\u00e7\u00e3o de um homic\u00eddio;<\/p>\n<p style=\"padding-left: 60px;\">c) de extens\u00e3o causal: insculpida no artigo 13, \u00a72\u00ba, do C\u00f3digo Penal, a regra estabelece a \u201crelev\u00e2ncia da omiss\u00e3o\u201d, tornando-a t\u00edpica (por meio da adequa\u00e7\u00e3o indireta). Se n\u00e3o fosse o dispositivo mencionado, a m\u00e3e que deixa de amamentar a sua filha at\u00e9 que ela morra n\u00e3o seria responsabilizada penalmente porque a sua omiss\u00e3o, de fato, n\u00e3o causou a morte. Gra\u00e7as ao referido dispositivo, por n\u00e3o ter evitado o resultado, a m\u00e3e tem sua conduta equiparada \u00e0 do causador.<\/p>\n<p>&nbsp;<\/p>\n","protected":false},"excerpt":{"rendered":"<p>ERRADO A assertiva \u00e9 falsa. A adequa\u00e7\u00e3o t\u00edpica, de fato, pode ser dividida em imediata ou mediata, mas isso n\u00e3o tem nenhuma rela\u00e7\u00e3o com a exist\u00eancia, no tipo penal, de elemento subjetivo. A adequa\u00e7\u00e3o t\u00edpica ser\u00e1 imediata quando o ajuste entre o fato e a norma penal n\u00e3o depende de dispositivo complementar. Por meio de [&hellip;]<\/p>\n","protected":false},"author":7,"featured_media":10207,"comment_status":"open","ping_status":"open","sticky":false,"template":"","format":"standard","meta":{"_acf_changed":false,"footnotes":""},"categories":[3090,78,437],"tags":[2899,107],"class_list":["post-11778","post","type-post","status-publish","format-standard","has-post-thumbnail","hentry","category-certo-ou-errado","category-material-de-aula","category-perguntas-e-respostas","tag-adequacao-tipica","tag-direito-penal"],"acf":[],"yoast_head":"<!-- This site is optimized with the Yoast SEO plugin v24.8.1 - https:\/\/yoast.com\/wordpress\/plugins\/seo\/ -->\n<title>A adequa\u00e7\u00e3o t\u00edpica se divide em imediata ou mediata dependendo das caracter\u00edsticas do tipo, especificamente quanto \u00e0 exist\u00eancia de elemento subjetivo espec\u00edfico - Meu site jur\u00eddico<\/title>\n<meta name=\"robots\" content=\"index, follow, max-snippet:-1, max-image-preview:large, max-video-preview:-1\" \/>\n<link rel=\"canonical\" href=\"https:\/\/meusitejuridico.editorajuspodivm.com.br\/2020\/08\/23\/adequacao-tipica-se-divide-em-imediata-ou-mediata-dependendo-das-caracteristicas-tipo-especificamente-quanto-existencia-de-elemento-subjetivo-especifico\/\" \/>\n<meta property=\"og:locale\" content=\"pt_BR\" \/>\n<meta property=\"og:type\" content=\"article\" \/>\n<meta property=\"og:title\" content=\"A adequa\u00e7\u00e3o t\u00edpica se divide em imediata ou mediata dependendo das caracter\u00edsticas do tipo, especificamente quanto \u00e0 exist\u00eancia de elemento subjetivo espec\u00edfico - Meu site jur\u00eddico\" \/>\n<meta property=\"og:description\" content=\"ERRADO A assertiva \u00e9 falsa. A adequa\u00e7\u00e3o t\u00edpica, de fato, pode ser dividida em imediata ou mediata, mas isso n\u00e3o tem nenhuma rela\u00e7\u00e3o com a exist\u00eancia, no tipo penal, de elemento subjetivo. A adequa\u00e7\u00e3o t\u00edpica ser\u00e1 imediata quando o ajuste entre o fato e a norma penal n\u00e3o depende de dispositivo complementar. Por meio de [&hellip;]\" \/>\n<meta property=\"og:url\" content=\"https:\/\/meusitejuridico.editorajuspodivm.com.br\/2020\/08\/23\/adequacao-tipica-se-divide-em-imediata-ou-mediata-dependendo-das-caracteristicas-tipo-especificamente-quanto-existencia-de-elemento-subjetivo-especifico\/\" \/>\n<meta property=\"og:site_name\" content=\"Meu site jur\u00eddico\" \/>\n<meta property=\"article:published_time\" content=\"2020-08-23T11:30:20+00:00\" \/>\n<meta property=\"og:image\" content=\"https:\/\/meusitejuridico.editorajuspodivm.com.br\/s.meusitejuridico\/2020\/02\/56567a2b-books-1204029-640.jpg\" \/>\n\t<meta property=\"og:image:width\" content=\"640\" \/>\n\t<meta property=\"og:image:height\" content=\"425\" \/>\n\t<meta property=\"og:image:type\" content=\"image\/jpeg\" \/>\n<meta name=\"author\" content=\"Equipe Meu Site Jur\u00eddico\" \/>\n<meta name=\"twitter:card\" content=\"summary_large_image\" \/>\n<meta name=\"twitter:label1\" content=\"Escrito por\" \/>\n\t<meta name=\"twitter:data1\" content=\"Equipe Meu Site Jur\u00eddico\" \/>\n\t<meta name=\"twitter:label2\" content=\"Est. tempo de leitura\" \/>\n\t<meta name=\"twitter:data2\" content=\"2 minutos\" \/>\n<script type=\"application\/ld+json\" class=\"yoast-schema-graph\">{\"@context\":\"https:\/\/schema.org\",\"@graph\":[{\"@type\":\"Article\",\"@id\":\"https:\/\/meusitejuridico.editorajuspodivm.com.br\/2020\/08\/23\/adequacao-tipica-se-divide-em-imediata-ou-mediata-dependendo-das-caracteristicas-tipo-especificamente-quanto-existencia-de-elemento-subjetivo-especifico\/#article\",\"isPartOf\":{\"@id\":\"https:\/\/meusitejuridico.editorajuspodivm.com.br\/2020\/08\/23\/adequacao-tipica-se-divide-em-imediata-ou-mediata-dependendo-das-caracteristicas-tipo-especificamente-quanto-existencia-de-elemento-subjetivo-especifico\/\"},\"author\":{\"name\":\"Equipe Meu Site Jur\u00eddico\",\"@id\":\"https:\/\/cdn.meusitejuridico.com.br\/#\/schema\/person\/5c2237ac0c8ff03bcf1a09fe3e45dfce\"},\"headline\":\"A adequa\u00e7\u00e3o t\u00edpica se divide em imediata ou mediata dependendo das caracter\u00edsticas do tipo, especificamente quanto \u00e0 exist\u00eancia de elemento subjetivo espec\u00edfico\",\"datePublished\":\"2020-08-23T11:30:20+00:00\",\"mainEntityOfPage\":{\"@id\":\"https:\/\/meusitejuridico.editorajuspodivm.com.br\/2020\/08\/23\/adequacao-tipica-se-divide-em-imediata-ou-mediata-dependendo-das-caracteristicas-tipo-especificamente-quanto-existencia-de-elemento-subjetivo-especifico\/\"},\"wordCount\":415,\"commentCount\":0,\"publisher\":{\"@id\":\"https:\/\/cdn.meusitejuridico.com.br\/#organization\"},\"image\":{\"@id\":\"https:\/\/meusitejuridico.editorajuspodivm.com.br\/2020\/08\/23\/adequacao-tipica-se-divide-em-imediata-ou-mediata-dependendo-das-caracteristicas-tipo-especificamente-quanto-existencia-de-elemento-subjetivo-especifico\/#primaryimage\"},\"thumbnailUrl\":\"https:\/\/meusitejuridico.editorajuspodivm.com.br\/s.meusitejuridico\/2020\/02\/56567a2b-books-1204029-640.jpg\",\"keywords\":[\"adequa\u00e7\u00e3o t\u00edpica\",\"Direito Penal\"],\"articleSection\":[\"Certo ou errado?\",\"Material de aula\",\"Perguntas e Respostas\"],\"inLanguage\":\"pt-BR\",\"potentialAction\":[{\"@type\":\"CommentAction\",\"name\":\"Comment\",\"target\":[\"https:\/\/meusitejuridico.editorajuspodivm.com.br\/2020\/08\/23\/adequacao-tipica-se-divide-em-imediata-ou-mediata-dependendo-das-caracteristicas-tipo-especificamente-quanto-existencia-de-elemento-subjetivo-especifico\/#respond\"]}]},{\"@type\":\"WebPage\",\"@id\":\"https:\/\/meusitejuridico.editorajuspodivm.com.br\/2020\/08\/23\/adequacao-tipica-se-divide-em-imediata-ou-mediata-dependendo-das-caracteristicas-tipo-especificamente-quanto-existencia-de-elemento-subjetivo-especifico\/\",\"url\":\"https:\/\/meusitejuridico.editorajuspodivm.com.br\/2020\/08\/23\/adequacao-tipica-se-divide-em-imediata-ou-mediata-dependendo-das-caracteristicas-tipo-especificamente-quanto-existencia-de-elemento-subjetivo-especifico\/\",\"name\":\"A adequa\u00e7\u00e3o t\u00edpica se divide em imediata ou mediata dependendo das caracter\u00edsticas do tipo, especificamente quanto \u00e0 exist\u00eancia de elemento subjetivo espec\u00edfico - Meu site jur\u00eddico\",\"isPartOf\":{\"@id\":\"https:\/\/cdn.meusitejuridico.com.br\/#website\"},\"primaryImageOfPage\":{\"@id\":\"https:\/\/meusitejuridico.editorajuspodivm.com.br\/2020\/08\/23\/adequacao-tipica-se-divide-em-imediata-ou-mediata-dependendo-das-caracteristicas-tipo-especificamente-quanto-existencia-de-elemento-subjetivo-especifico\/#primaryimage\"},\"image\":{\"@id\":\"https:\/\/meusitejuridico.editorajuspodivm.com.br\/2020\/08\/23\/adequacao-tipica-se-divide-em-imediata-ou-mediata-dependendo-das-caracteristicas-tipo-especificamente-quanto-existencia-de-elemento-subjetivo-especifico\/#primaryimage\"},\"thumbnailUrl\":\"https:\/\/meusitejuridico.editorajuspodivm.com.br\/s.meusitejuridico\/2020\/02\/56567a2b-books-1204029-640.jpg\",\"datePublished\":\"2020-08-23T11:30:20+00:00\",\"breadcrumb\":{\"@id\":\"https:\/\/meusitejuridico.editorajuspodivm.com.br\/2020\/08\/23\/adequacao-tipica-se-divide-em-imediata-ou-mediata-dependendo-das-caracteristicas-tipo-especificamente-quanto-existencia-de-elemento-subjetivo-especifico\/#breadcrumb\"},\"inLanguage\":\"pt-BR\",\"potentialAction\":[{\"@type\":\"ReadAction\",\"target\":[\"https:\/\/meusitejuridico.editorajuspodivm.com.br\/2020\/08\/23\/adequacao-tipica-se-divide-em-imediata-ou-mediata-dependendo-das-caracteristicas-tipo-especificamente-quanto-existencia-de-elemento-subjetivo-especifico\/\"]}]},{\"@type\":\"ImageObject\",\"inLanguage\":\"pt-BR\",\"@id\":\"https:\/\/meusitejuridico.editorajuspodivm.com.br\/2020\/08\/23\/adequacao-tipica-se-divide-em-imediata-ou-mediata-dependendo-das-caracteristicas-tipo-especificamente-quanto-existencia-de-elemento-subjetivo-especifico\/#primaryimage\",\"url\":\"https:\/\/meusitejuridico.editorajuspodivm.com.br\/s.meusitejuridico\/2020\/02\/56567a2b-books-1204029-640.jpg\",\"contentUrl\":\"https:\/\/meusitejuridico.editorajuspodivm.com.br\/s.meusitejuridico\/2020\/02\/56567a2b-books-1204029-640.jpg\",\"width\":640,\"height\":425},{\"@type\":\"BreadcrumbList\",\"@id\":\"https:\/\/meusitejuridico.editorajuspodivm.com.br\/2020\/08\/23\/adequacao-tipica-se-divide-em-imediata-ou-mediata-dependendo-das-caracteristicas-tipo-especificamente-quanto-existencia-de-elemento-subjetivo-especifico\/#breadcrumb\",\"itemListElement\":[{\"@type\":\"ListItem\",\"position\":1,\"name\":\"In\u00edcio\",\"item\":\"https:\/\/cdn.meusitejuridico.com.br\/\"},{\"@type\":\"ListItem\",\"position\":2,\"name\":\"A adequa\u00e7\u00e3o t\u00edpica se divide em imediata ou mediata dependendo das caracter\u00edsticas do tipo, especificamente quanto \u00e0 exist\u00eancia de elemento subjetivo espec\u00edfico\"}]},{\"@type\":\"WebSite\",\"@id\":\"https:\/\/cdn.meusitejuridico.com.br\/#website\",\"url\":\"https:\/\/cdn.meusitejuridico.com.br\/\",\"name\":\"Meu site jur\u00eddico\",\"description\":\"Meu site jur\u00eddico\",\"publisher\":{\"@id\":\"https:\/\/cdn.meusitejuridico.com.br\/#organization\"},\"potentialAction\":[{\"@type\":\"SearchAction\",\"target\":{\"@type\":\"EntryPoint\",\"urlTemplate\":\"https:\/\/cdn.meusitejuridico.com.br\/?s={search_term_string}\"},\"query-input\":{\"@type\":\"PropertyValueSpecification\",\"valueRequired\":true,\"valueName\":\"search_term_string\"}}],\"inLanguage\":\"pt-BR\"},{\"@type\":\"Organization\",\"@id\":\"https:\/\/cdn.meusitejuridico.com.br\/#organization\",\"name\":\"Meu site jur\u00eddico\",\"url\":\"https:\/\/cdn.meusitejuridico.com.br\/\",\"logo\":{\"@type\":\"ImageObject\",\"inLanguage\":\"pt-BR\",\"@id\":\"https:\/\/cdn.meusitejuridico.com.br\/#\/schema\/logo\/image\/\",\"url\":\"https:\/\/meusitejuridico.editorajuspodivm.com.br\/s.meusitejuridico\/2022\/03\/cropped-baeec2a3-msj-02-01-01.png\",\"contentUrl\":\"https:\/\/meusitejuridico.editorajuspodivm.com.br\/s.meusitejuridico\/2022\/03\/cropped-baeec2a3-msj-02-01-01.png\",\"width\":349,\"height\":243,\"caption\":\"Meu site jur\u00eddico\"},\"image\":{\"@id\":\"https:\/\/cdn.meusitejuridico.com.br\/#\/schema\/logo\/image\/\"}},{\"@type\":\"Person\",\"@id\":\"https:\/\/cdn.meusitejuridico.com.br\/#\/schema\/person\/5c2237ac0c8ff03bcf1a09fe3e45dfce\",\"name\":\"Equipe Meu Site Jur\u00eddico\",\"image\":{\"@type\":\"ImageObject\",\"inLanguage\":\"pt-BR\",\"@id\":\"https:\/\/cdn.meusitejuridico.com.br\/#\/schema\/person\/image\/\",\"url\":\"https:\/\/meusitejuridico.editorajuspodivm.com.br\/s.meusitejuridico\/2020\/07\/6be289aa-logo-msj.png\",\"contentUrl\":\"https:\/\/meusitejuridico.editorajuspodivm.com.br\/s.meusitejuridico\/2020\/07\/6be289aa-logo-msj.png\",\"caption\":\"Equipe Meu Site Jur\u00eddico\"},\"description\":\"Contem conosco!\",\"url\":\"https:\/\/meusitejuridico.editorajuspodivm.com.br\/author\/equipe-meu-site-juridico\/\"}]}<\/script>\n<!-- \/ Yoast SEO plugin. -->","yoast_head_json":{"title":"A adequa\u00e7\u00e3o t\u00edpica se divide em imediata ou mediata dependendo das caracter\u00edsticas do tipo, especificamente quanto \u00e0 exist\u00eancia de elemento subjetivo espec\u00edfico - Meu site jur\u00eddico","robots":{"index":"index","follow":"follow","max-snippet":"max-snippet:-1","max-image-preview":"max-image-preview:large","max-video-preview":"max-video-preview:-1"},"canonical":"https:\/\/meusitejuridico.editorajuspodivm.com.br\/2020\/08\/23\/adequacao-tipica-se-divide-em-imediata-ou-mediata-dependendo-das-caracteristicas-tipo-especificamente-quanto-existencia-de-elemento-subjetivo-especifico\/","og_locale":"pt_BR","og_type":"article","og_title":"A adequa\u00e7\u00e3o t\u00edpica se divide em imediata ou mediata dependendo das caracter\u00edsticas do tipo, especificamente quanto \u00e0 exist\u00eancia de elemento subjetivo espec\u00edfico - Meu site jur\u00eddico","og_description":"ERRADO A assertiva \u00e9 falsa. A adequa\u00e7\u00e3o t\u00edpica, de fato, pode ser dividida em imediata ou mediata, mas isso n\u00e3o tem nenhuma rela\u00e7\u00e3o com a exist\u00eancia, no tipo penal, de elemento subjetivo. A adequa\u00e7\u00e3o t\u00edpica ser\u00e1 imediata quando o ajuste entre o fato e a norma penal n\u00e3o depende de dispositivo complementar. Por meio de [&hellip;]","og_url":"https:\/\/meusitejuridico.editorajuspodivm.com.br\/2020\/08\/23\/adequacao-tipica-se-divide-em-imediata-ou-mediata-dependendo-das-caracteristicas-tipo-especificamente-quanto-existencia-de-elemento-subjetivo-especifico\/","og_site_name":"Meu site jur\u00eddico","article_published_time":"2020-08-23T11:30:20+00:00","og_image":[{"width":640,"height":425,"url":"https:\/\/meusitejuridico.editorajuspodivm.com.br\/s.meusitejuridico\/2020\/02\/56567a2b-books-1204029-640.jpg","type":"image\/jpeg"}],"author":"Equipe Meu Site Jur\u00eddico","twitter_card":"summary_large_image","twitter_misc":{"Escrito por":"Equipe Meu Site Jur\u00eddico","Est. tempo de leitura":"2 minutos"},"schema":{"@context":"https:\/\/schema.org","@graph":[{"@type":"Article","@id":"https:\/\/meusitejuridico.editorajuspodivm.com.br\/2020\/08\/23\/adequacao-tipica-se-divide-em-imediata-ou-mediata-dependendo-das-caracteristicas-tipo-especificamente-quanto-existencia-de-elemento-subjetivo-especifico\/#article","isPartOf":{"@id":"https:\/\/meusitejuridico.editorajuspodivm.com.br\/2020\/08\/23\/adequacao-tipica-se-divide-em-imediata-ou-mediata-dependendo-das-caracteristicas-tipo-especificamente-quanto-existencia-de-elemento-subjetivo-especifico\/"},"author":{"name":"Equipe Meu Site Jur\u00eddico","@id":"https:\/\/cdn.meusitejuridico.com.br\/#\/schema\/person\/5c2237ac0c8ff03bcf1a09fe3e45dfce"},"headline":"A adequa\u00e7\u00e3o t\u00edpica se divide em imediata ou mediata dependendo das caracter\u00edsticas do tipo, especificamente quanto \u00e0 exist\u00eancia de elemento subjetivo espec\u00edfico","datePublished":"2020-08-23T11:30:20+00:00","mainEntityOfPage":{"@id":"https:\/\/meusitejuridico.editorajuspodivm.com.br\/2020\/08\/23\/adequacao-tipica-se-divide-em-imediata-ou-mediata-dependendo-das-caracteristicas-tipo-especificamente-quanto-existencia-de-elemento-subjetivo-especifico\/"},"wordCount":415,"commentCount":0,"publisher":{"@id":"https:\/\/cdn.meusitejuridico.com.br\/#organization"},"image":{"@id":"https:\/\/meusitejuridico.editorajuspodivm.com.br\/2020\/08\/23\/adequacao-tipica-se-divide-em-imediata-ou-mediata-dependendo-das-caracteristicas-tipo-especificamente-quanto-existencia-de-elemento-subjetivo-especifico\/#primaryimage"},"thumbnailUrl":"https:\/\/meusitejuridico.editorajuspodivm.com.br\/s.meusitejuridico\/2020\/02\/56567a2b-books-1204029-640.jpg","keywords":["adequa\u00e7\u00e3o t\u00edpica","Direito Penal"],"articleSection":["Certo ou errado?","Material de aula","Perguntas e Respostas"],"inLanguage":"pt-BR","potentialAction":[{"@type":"CommentAction","name":"Comment","target":["https:\/\/meusitejuridico.editorajuspodivm.com.br\/2020\/08\/23\/adequacao-tipica-se-divide-em-imediata-ou-mediata-dependendo-das-caracteristicas-tipo-especificamente-quanto-existencia-de-elemento-subjetivo-especifico\/#respond"]}]},{"@type":"WebPage","@id":"https:\/\/meusitejuridico.editorajuspodivm.com.br\/2020\/08\/23\/adequacao-tipica-se-divide-em-imediata-ou-mediata-dependendo-das-caracteristicas-tipo-especificamente-quanto-existencia-de-elemento-subjetivo-especifico\/","url":"https:\/\/meusitejuridico.editorajuspodivm.com.br\/2020\/08\/23\/adequacao-tipica-se-divide-em-imediata-ou-mediata-dependendo-das-caracteristicas-tipo-especificamente-quanto-existencia-de-elemento-subjetivo-especifico\/","name":"A adequa\u00e7\u00e3o t\u00edpica se divide em imediata ou mediata dependendo das caracter\u00edsticas do tipo, especificamente quanto \u00e0 exist\u00eancia de elemento subjetivo espec\u00edfico - Meu site jur\u00eddico","isPartOf":{"@id":"https:\/\/cdn.meusitejuridico.com.br\/#website"},"primaryImageOfPage":{"@id":"https:\/\/meusitejuridico.editorajuspodivm.com.br\/2020\/08\/23\/adequacao-tipica-se-divide-em-imediata-ou-mediata-dependendo-das-caracteristicas-tipo-especificamente-quanto-existencia-de-elemento-subjetivo-especifico\/#primaryimage"},"image":{"@id":"https:\/\/meusitejuridico.editorajuspodivm.com.br\/2020\/08\/23\/adequacao-tipica-se-divide-em-imediata-ou-mediata-dependendo-das-caracteristicas-tipo-especificamente-quanto-existencia-de-elemento-subjetivo-especifico\/#primaryimage"},"thumbnailUrl":"https:\/\/meusitejuridico.editorajuspodivm.com.br\/s.meusitejuridico\/2020\/02\/56567a2b-books-1204029-640.jpg","datePublished":"2020-08-23T11:30:20+00:00","breadcrumb":{"@id":"https:\/\/meusitejuridico.editorajuspodivm.com.br\/2020\/08\/23\/adequacao-tipica-se-divide-em-imediata-ou-mediata-dependendo-das-caracteristicas-tipo-especificamente-quanto-existencia-de-elemento-subjetivo-especifico\/#breadcrumb"},"inLanguage":"pt-BR","potentialAction":[{"@type":"ReadAction","target":["https:\/\/meusitejuridico.editorajuspodivm.com.br\/2020\/08\/23\/adequacao-tipica-se-divide-em-imediata-ou-mediata-dependendo-das-caracteristicas-tipo-especificamente-quanto-existencia-de-elemento-subjetivo-especifico\/"]}]},{"@type":"ImageObject","inLanguage":"pt-BR","@id":"https:\/\/meusitejuridico.editorajuspodivm.com.br\/2020\/08\/23\/adequacao-tipica-se-divide-em-imediata-ou-mediata-dependendo-das-caracteristicas-tipo-especificamente-quanto-existencia-de-elemento-subjetivo-especifico\/#primaryimage","url":"https:\/\/meusitejuridico.editorajuspodivm.com.br\/s.meusitejuridico\/2020\/02\/56567a2b-books-1204029-640.jpg","contentUrl":"https:\/\/meusitejuridico.editorajuspodivm.com.br\/s.meusitejuridico\/2020\/02\/56567a2b-books-1204029-640.jpg","width":640,"height":425},{"@type":"BreadcrumbList","@id":"https:\/\/meusitejuridico.editorajuspodivm.com.br\/2020\/08\/23\/adequacao-tipica-se-divide-em-imediata-ou-mediata-dependendo-das-caracteristicas-tipo-especificamente-quanto-existencia-de-elemento-subjetivo-especifico\/#breadcrumb","itemListElement":[{"@type":"ListItem","position":1,"name":"In\u00edcio","item":"https:\/\/cdn.meusitejuridico.com.br\/"},{"@type":"ListItem","position":2,"name":"A adequa\u00e7\u00e3o t\u00edpica se divide em imediata ou mediata dependendo das caracter\u00edsticas do tipo, especificamente quanto \u00e0 exist\u00eancia de elemento subjetivo espec\u00edfico"}]},{"@type":"WebSite","@id":"https:\/\/cdn.meusitejuridico.com.br\/#website","url":"https:\/\/cdn.meusitejuridico.com.br\/","name":"Meu site jur\u00eddico","description":"Meu site jur\u00eddico","publisher":{"@id":"https:\/\/cdn.meusitejuridico.com.br\/#organization"},"potentialAction":[{"@type":"SearchAction","target":{"@type":"EntryPoint","urlTemplate":"https:\/\/cdn.meusitejuridico.com.br\/?s={search_term_string}"},"query-input":{"@type":"PropertyValueSpecification","valueRequired":true,"valueName":"search_term_string"}}],"inLanguage":"pt-BR"},{"@type":"Organization","@id":"https:\/\/cdn.meusitejuridico.com.br\/#organization","name":"Meu site jur\u00eddico","url":"https:\/\/cdn.meusitejuridico.com.br\/","logo":{"@type":"ImageObject","inLanguage":"pt-BR","@id":"https:\/\/cdn.meusitejuridico.com.br\/#\/schema\/logo\/image\/","url":"https:\/\/meusitejuridico.editorajuspodivm.com.br\/s.meusitejuridico\/2022\/03\/cropped-baeec2a3-msj-02-01-01.png","contentUrl":"https:\/\/meusitejuridico.editorajuspodivm.com.br\/s.meusitejuridico\/2022\/03\/cropped-baeec2a3-msj-02-01-01.png","width":349,"height":243,"caption":"Meu site jur\u00eddico"},"image":{"@id":"https:\/\/cdn.meusitejuridico.com.br\/#\/schema\/logo\/image\/"}},{"@type":"Person","@id":"https:\/\/cdn.meusitejuridico.com.br\/#\/schema\/person\/5c2237ac0c8ff03bcf1a09fe3e45dfce","name":"Equipe Meu Site Jur\u00eddico","image":{"@type":"ImageObject","inLanguage":"pt-BR","@id":"https:\/\/cdn.meusitejuridico.com.br\/#\/schema\/person\/image\/","url":"https:\/\/meusitejuridico.editorajuspodivm.com.br\/s.meusitejuridico\/2020\/07\/6be289aa-logo-msj.png","contentUrl":"https:\/\/meusitejuridico.editorajuspodivm.com.br\/s.meusitejuridico\/2020\/07\/6be289aa-logo-msj.png","caption":"Equipe Meu Site Jur\u00eddico"},"description":"Contem conosco!","url":"https:\/\/meusitejuridico.editorajuspodivm.com.br\/author\/equipe-meu-site-juridico\/"}]}},"_links":{"self":[{"href":"https:\/\/meusitejuridico.editorajuspodivm.com.br\/api\/wp\/v2\/posts\/11778","targetHints":{"allow":["GET"]}}],"collection":[{"href":"https:\/\/meusitejuridico.editorajuspodivm.com.br\/api\/wp\/v2\/posts"}],"about":[{"href":"https:\/\/meusitejuridico.editorajuspodivm.com.br\/api\/wp\/v2\/types\/post"}],"author":[{"embeddable":true,"href":"https:\/\/meusitejuridico.editorajuspodivm.com.br\/api\/wp\/v2\/users\/7"}],"replies":[{"embeddable":true,"href":"https:\/\/meusitejuridico.editorajuspodivm.com.br\/api\/wp\/v2\/comments?post=11778"}],"version-history":[{"count":3,"href":"https:\/\/meusitejuridico.editorajuspodivm.com.br\/api\/wp\/v2\/posts\/11778\/revisions"}],"predecessor-version":[{"id":11781,"href":"https:\/\/meusitejuridico.editorajuspodivm.com.br\/api\/wp\/v2\/posts\/11778\/revisions\/11781"}],"wp:featuredmedia":[{"embeddable":true,"href":"https:\/\/meusitejuridico.editorajuspodivm.com.br\/api\/wp\/v2\/media\/10207"}],"wp:attachment":[{"href":"https:\/\/meusitejuridico.editorajuspodivm.com.br\/api\/wp\/v2\/media?parent=11778"}],"wp:term":[{"taxonomy":"category","embeddable":true,"href":"https:\/\/meusitejuridico.editorajuspodivm.com.br\/api\/wp\/v2\/categories?post=11778"},{"taxonomy":"post_tag","embeddable":true,"href":"https:\/\/meusitejuridico.editorajuspodivm.com.br\/api\/wp\/v2\/tags?post=11778"}],"curies":[{"name":"wp","href":"https:\/\/api.w.org\/{rel}","templated":true}]}}