{"id":12159,"date":"2020-10-19T09:20:21","date_gmt":"2020-10-19T11:20:21","guid":{"rendered":"https:\/\/meusitejuridico.editorajuspodivm.com.br\/?p=12159"},"modified":"2020-10-19T09:20:21","modified_gmt":"2020-10-19T11:20:21","slug":"para-fundamentar-o-estado-de-necessidade-lei-menciona-apenas-o-perigo-atual","status":"publish","type":"post","link":"https:\/\/meusitejuridico.editorajuspodivm.com.br\/2020\/10\/19\/para-fundamentar-o-estado-de-necessidade-lei-menciona-apenas-o-perigo-atual\/","title":{"rendered":"Para fundamentar o estado de necessidade, a lei menciona apenas o perigo atual"},"content":{"rendered":"<p><strong>CERTO<\/strong><\/p>\n<p>O art. 24 do CP menciona apenas o perigo atual. Discute-se, no entanto, se o perigo iminente (prestes a desencadear-se) tamb\u00e9m pode justificar a conduta pelo estado de necessidade. Diante do sil\u00eancio da lei, a maioria da doutrina ensina que o perigo iminente n\u00e3o autoriza a descriminante. Mas Fl\u00e1vio Monteiro de Barros, n\u00e3o sem raz\u00e3o anota: \u201cCumpre, por\u00e9m, n\u00e3o confundir o perigo atual ou iminente com a iminente realiza\u00e7\u00e3o do dano. Para a configura\u00e7\u00e3o do estado de necessidade, basta um perigo atual ou iminente; pouco importa se o dano ir\u00e1 produzir-se em brev\u00edssimo tempo ou depois de passadas algumas horas. Se, por exemplo, o navio come\u00e7a a afundar, j\u00e1 h\u00e1 um perigo atual. Se o naufr\u00e1gio total ocorrer em poucos minutos, haver\u00e1 perigo atual com dano iminente. Se, todavia, demorar algumas horas, haver\u00e1 perigo atual com dano n\u00e3o iminente. Em ambos os casos, desde que inevit\u00e1vel o fato necessitado, o agente poder\u00e1 invocar estado de necessidade, furtando, por exemplo, o \u00fanico salva-vidas dispon\u00edvel. Cumpre destacar, contudo, que o estado de necessidade n\u00e3o pode ser invocado quando o perigo pode ser evitado por outro modo. Assim, o intervalo de tempo existente entre o perigo e a efetiva\u00e7\u00e3o do dano, \u00e0s vezes dificulta a invoca\u00e7\u00e3o do estado de necessidade, porque nesse caso quase sempre o bem jur\u00eddico poderia ser salvo por outro modo\u201d (Direito Penal \u2013 Parte Geral, p. 314).<\/p>\n","protected":false},"excerpt":{"rendered":"<p>CERTO O art. 24 do CP menciona apenas o perigo atual. Discute-se, no entanto, se o perigo iminente (prestes a desencadear-se) tamb\u00e9m pode justificar a conduta pelo estado de necessidade. Diante do sil\u00eancio da lei, a maioria da doutrina ensina que o perigo iminente n\u00e3o autoriza a descriminante. Mas Fl\u00e1vio Monteiro de Barros, n\u00e3o sem [&hellip;]<\/p>\n","protected":false},"author":7,"featured_media":10376,"comment_status":"open","ping_status":"open","sticky":false,"template":"","format":"standard","meta":{"_acf_changed":false,"footnotes":""},"categories":[3090,78,437],"tags":[107,494,1663],"class_list":["post-12159","post","type-post","status-publish","format-standard","has-post-thumbnail","hentry","category-certo-ou-errado","category-material-de-aula","category-perguntas-e-respostas","tag-direito-penal","tag-estado-de-necessidade","tag-perigo"],"acf":[],"yoast_head":"<!-- This site is optimized with the Yoast SEO plugin v24.8.1 - https:\/\/yoast.com\/wordpress\/plugins\/seo\/ -->\n<title>Para fundamentar o estado de necessidade, a lei menciona apenas o perigo atual - Meu site jur\u00eddico<\/title>\n<meta name=\"robots\" content=\"index, follow, max-snippet:-1, max-image-preview:large, max-video-preview:-1\" \/>\n<link rel=\"canonical\" href=\"https:\/\/webmail.meusitejuridico.com.br\/2020\/10\/19\/para-fundamentar-o-estado-de-necessidade-lei-menciona-apenas-o-perigo-atual\/\" \/>\n<meta property=\"og:locale\" content=\"pt_BR\" \/>\n<meta property=\"og:type\" content=\"article\" \/>\n<meta property=\"og:title\" content=\"Para fundamentar o estado de necessidade, a lei menciona apenas o perigo atual - Meu site jur\u00eddico\" \/>\n<meta property=\"og:description\" content=\"CERTO O art. 24 do CP menciona apenas o perigo atual. Discute-se, no entanto, se o perigo iminente (prestes a desencadear-se) tamb\u00e9m pode justificar a conduta pelo estado de necessidade. Diante do sil\u00eancio da lei, a maioria da doutrina ensina que o perigo iminente n\u00e3o autoriza a descriminante. Mas Fl\u00e1vio Monteiro de Barros, n\u00e3o sem [&hellip;]\" \/>\n<meta property=\"og:url\" content=\"https:\/\/webmail.meusitejuridico.com.br\/2020\/10\/19\/para-fundamentar-o-estado-de-necessidade-lei-menciona-apenas-o-perigo-atual\/\" \/>\n<meta property=\"og:site_name\" content=\"Meu site jur\u00eddico\" \/>\n<meta property=\"article:published_time\" content=\"2020-10-19T11:20:21+00:00\" \/>\n<meta property=\"og:image\" content=\"https:\/\/webmail.meusitejuridico.com.br\/s.meusitejuridico\/2020\/03\/744fa280-library-419254-640.jpg\" \/>\n\t<meta property=\"og:image:width\" content=\"640\" \/>\n\t<meta property=\"og:image:height\" content=\"426\" \/>\n\t<meta property=\"og:image:type\" content=\"image\/jpeg\" \/>\n<meta name=\"author\" content=\"Equipe Meu Site Jur\u00eddico\" \/>\n<meta name=\"twitter:card\" content=\"summary_large_image\" \/>\n<meta name=\"twitter:label1\" content=\"Escrito por\" \/>\n\t<meta name=\"twitter:data1\" content=\"Equipe Meu Site Jur\u00eddico\" \/>\n\t<meta name=\"twitter:label2\" content=\"Est. tempo de leitura\" \/>\n\t<meta name=\"twitter:data2\" content=\"1 minuto\" \/>\n<script type=\"application\/ld+json\" class=\"yoast-schema-graph\">{\"@context\":\"https:\/\/schema.org\",\"@graph\":[{\"@type\":\"Article\",\"@id\":\"https:\/\/webmail.meusitejuridico.com.br\/2020\/10\/19\/para-fundamentar-o-estado-de-necessidade-lei-menciona-apenas-o-perigo-atual\/#article\",\"isPartOf\":{\"@id\":\"https:\/\/webmail.meusitejuridico.com.br\/2020\/10\/19\/para-fundamentar-o-estado-de-necessidade-lei-menciona-apenas-o-perigo-atual\/\"},\"author\":{\"name\":\"Equipe Meu Site Jur\u00eddico\",\"@id\":\"https:\/\/cdn.meusitejuridico.com.br\/#\/schema\/person\/5c2237ac0c8ff03bcf1a09fe3e45dfce\"},\"headline\":\"Para fundamentar o estado de necessidade, a lei menciona apenas o perigo atual\",\"datePublished\":\"2020-10-19T11:20:21+00:00\",\"mainEntityOfPage\":{\"@id\":\"https:\/\/webmail.meusitejuridico.com.br\/2020\/10\/19\/para-fundamentar-o-estado-de-necessidade-lei-menciona-apenas-o-perigo-atual\/\"},\"wordCount\":259,\"commentCount\":0,\"publisher\":{\"@id\":\"https:\/\/cdn.meusitejuridico.com.br\/#organization\"},\"image\":{\"@id\":\"https:\/\/webmail.meusitejuridico.com.br\/2020\/10\/19\/para-fundamentar-o-estado-de-necessidade-lei-menciona-apenas-o-perigo-atual\/#primaryimage\"},\"thumbnailUrl\":\"https:\/\/meusitejuridico.editorajuspodivm.com.br\/s.meusitejuridico\/2020\/03\/744fa280-library-419254-640.jpg\",\"keywords\":[\"Direito Penal\",\"estado de necessidade\",\"perigo\"],\"articleSection\":[\"Certo ou errado?\",\"Material de aula\",\"Perguntas e Respostas\"],\"inLanguage\":\"pt-BR\",\"potentialAction\":[{\"@type\":\"CommentAction\",\"name\":\"Comment\",\"target\":[\"https:\/\/webmail.meusitejuridico.com.br\/2020\/10\/19\/para-fundamentar-o-estado-de-necessidade-lei-menciona-apenas-o-perigo-atual\/#respond\"]}]},{\"@type\":\"WebPage\",\"@id\":\"https:\/\/webmail.meusitejuridico.com.br\/2020\/10\/19\/para-fundamentar-o-estado-de-necessidade-lei-menciona-apenas-o-perigo-atual\/\",\"url\":\"https:\/\/webmail.meusitejuridico.com.br\/2020\/10\/19\/para-fundamentar-o-estado-de-necessidade-lei-menciona-apenas-o-perigo-atual\/\",\"name\":\"Para fundamentar o estado de necessidade, a lei menciona apenas o perigo atual - Meu site jur\u00eddico\",\"isPartOf\":{\"@id\":\"https:\/\/cdn.meusitejuridico.com.br\/#website\"},\"primaryImageOfPage\":{\"@id\":\"https:\/\/webmail.meusitejuridico.com.br\/2020\/10\/19\/para-fundamentar-o-estado-de-necessidade-lei-menciona-apenas-o-perigo-atual\/#primaryimage\"},\"image\":{\"@id\":\"https:\/\/webmail.meusitejuridico.com.br\/2020\/10\/19\/para-fundamentar-o-estado-de-necessidade-lei-menciona-apenas-o-perigo-atual\/#primaryimage\"},\"thumbnailUrl\":\"https:\/\/meusitejuridico.editorajuspodivm.com.br\/s.meusitejuridico\/2020\/03\/744fa280-library-419254-640.jpg\",\"datePublished\":\"2020-10-19T11:20:21+00:00\",\"breadcrumb\":{\"@id\":\"https:\/\/webmail.meusitejuridico.com.br\/2020\/10\/19\/para-fundamentar-o-estado-de-necessidade-lei-menciona-apenas-o-perigo-atual\/#breadcrumb\"},\"inLanguage\":\"pt-BR\",\"potentialAction\":[{\"@type\":\"ReadAction\",\"target\":[\"https:\/\/webmail.meusitejuridico.com.br\/2020\/10\/19\/para-fundamentar-o-estado-de-necessidade-lei-menciona-apenas-o-perigo-atual\/\"]}]},{\"@type\":\"ImageObject\",\"inLanguage\":\"pt-BR\",\"@id\":\"https:\/\/webmail.meusitejuridico.com.br\/2020\/10\/19\/para-fundamentar-o-estado-de-necessidade-lei-menciona-apenas-o-perigo-atual\/#primaryimage\",\"url\":\"https:\/\/meusitejuridico.editorajuspodivm.com.br\/s.meusitejuridico\/2020\/03\/744fa280-library-419254-640.jpg\",\"contentUrl\":\"https:\/\/meusitejuridico.editorajuspodivm.com.br\/s.meusitejuridico\/2020\/03\/744fa280-library-419254-640.jpg\",\"width\":640,\"height\":426},{\"@type\":\"BreadcrumbList\",\"@id\":\"https:\/\/webmail.meusitejuridico.com.br\/2020\/10\/19\/para-fundamentar-o-estado-de-necessidade-lei-menciona-apenas-o-perigo-atual\/#breadcrumb\",\"itemListElement\":[{\"@type\":\"ListItem\",\"position\":1,\"name\":\"In\u00edcio\",\"item\":\"https:\/\/cdn.meusitejuridico.com.br\/\"},{\"@type\":\"ListItem\",\"position\":2,\"name\":\"Para fundamentar o estado de necessidade, a lei menciona apenas o perigo atual\"}]},{\"@type\":\"WebSite\",\"@id\":\"https:\/\/cdn.meusitejuridico.com.br\/#website\",\"url\":\"https:\/\/cdn.meusitejuridico.com.br\/\",\"name\":\"Meu site jur\u00eddico\",\"description\":\"Meu site jur\u00eddico\",\"publisher\":{\"@id\":\"https:\/\/cdn.meusitejuridico.com.br\/#organization\"},\"potentialAction\":[{\"@type\":\"SearchAction\",\"target\":{\"@type\":\"EntryPoint\",\"urlTemplate\":\"https:\/\/cdn.meusitejuridico.com.br\/?s={search_term_string}\"},\"query-input\":{\"@type\":\"PropertyValueSpecification\",\"valueRequired\":true,\"valueName\":\"search_term_string\"}}],\"inLanguage\":\"pt-BR\"},{\"@type\":\"Organization\",\"@id\":\"https:\/\/cdn.meusitejuridico.com.br\/#organization\",\"name\":\"Meu site jur\u00eddico\",\"url\":\"https:\/\/cdn.meusitejuridico.com.br\/\",\"logo\":{\"@type\":\"ImageObject\",\"inLanguage\":\"pt-BR\",\"@id\":\"https:\/\/cdn.meusitejuridico.com.br\/#\/schema\/logo\/image\/\",\"url\":\"https:\/\/meusitejuridico.editorajuspodivm.com.br\/s.meusitejuridico\/2022\/03\/cropped-baeec2a3-msj-02-01-01.png\",\"contentUrl\":\"https:\/\/meusitejuridico.editorajuspodivm.com.br\/s.meusitejuridico\/2022\/03\/cropped-baeec2a3-msj-02-01-01.png\",\"width\":349,\"height\":243,\"caption\":\"Meu site jur\u00eddico\"},\"image\":{\"@id\":\"https:\/\/cdn.meusitejuridico.com.br\/#\/schema\/logo\/image\/\"}},{\"@type\":\"Person\",\"@id\":\"https:\/\/cdn.meusitejuridico.com.br\/#\/schema\/person\/5c2237ac0c8ff03bcf1a09fe3e45dfce\",\"name\":\"Equipe Meu Site Jur\u00eddico\",\"image\":{\"@type\":\"ImageObject\",\"inLanguage\":\"pt-BR\",\"@id\":\"https:\/\/cdn.meusitejuridico.com.br\/#\/schema\/person\/image\/\",\"url\":\"https:\/\/meusitejuridico.editorajuspodivm.com.br\/s.meusitejuridico\/2020\/07\/6be289aa-logo-msj.png\",\"contentUrl\":\"https:\/\/meusitejuridico.editorajuspodivm.com.br\/s.meusitejuridico\/2020\/07\/6be289aa-logo-msj.png\",\"caption\":\"Equipe Meu Site Jur\u00eddico\"},\"description\":\"Contem conosco!\",\"url\":\"https:\/\/meusitejuridico.editorajuspodivm.com.br\/author\/equipe-meu-site-juridico\/\"}]}<\/script>\n<!-- \/ Yoast SEO plugin. -->","yoast_head_json":{"title":"Para fundamentar o estado de necessidade, a lei menciona apenas o perigo atual - Meu site jur\u00eddico","robots":{"index":"index","follow":"follow","max-snippet":"max-snippet:-1","max-image-preview":"max-image-preview:large","max-video-preview":"max-video-preview:-1"},"canonical":"https:\/\/webmail.meusitejuridico.com.br\/2020\/10\/19\/para-fundamentar-o-estado-de-necessidade-lei-menciona-apenas-o-perigo-atual\/","og_locale":"pt_BR","og_type":"article","og_title":"Para fundamentar o estado de necessidade, a lei menciona apenas o perigo atual - Meu site jur\u00eddico","og_description":"CERTO O art. 24 do CP menciona apenas o perigo atual. Discute-se, no entanto, se o perigo iminente (prestes a desencadear-se) tamb\u00e9m pode justificar a conduta pelo estado de necessidade. Diante do sil\u00eancio da lei, a maioria da doutrina ensina que o perigo iminente n\u00e3o autoriza a descriminante. Mas Fl\u00e1vio Monteiro de Barros, n\u00e3o sem [&hellip;]","og_url":"https:\/\/webmail.meusitejuridico.com.br\/2020\/10\/19\/para-fundamentar-o-estado-de-necessidade-lei-menciona-apenas-o-perigo-atual\/","og_site_name":"Meu site jur\u00eddico","article_published_time":"2020-10-19T11:20:21+00:00","og_image":[{"width":640,"height":426,"url":"https:\/\/webmail.meusitejuridico.com.br\/s.meusitejuridico\/2020\/03\/744fa280-library-419254-640.jpg","type":"image\/jpeg"}],"author":"Equipe Meu Site Jur\u00eddico","twitter_card":"summary_large_image","twitter_misc":{"Escrito por":"Equipe Meu Site Jur\u00eddico","Est. tempo de leitura":"1 minuto"},"schema":{"@context":"https:\/\/schema.org","@graph":[{"@type":"Article","@id":"https:\/\/webmail.meusitejuridico.com.br\/2020\/10\/19\/para-fundamentar-o-estado-de-necessidade-lei-menciona-apenas-o-perigo-atual\/#article","isPartOf":{"@id":"https:\/\/webmail.meusitejuridico.com.br\/2020\/10\/19\/para-fundamentar-o-estado-de-necessidade-lei-menciona-apenas-o-perigo-atual\/"},"author":{"name":"Equipe Meu Site Jur\u00eddico","@id":"https:\/\/cdn.meusitejuridico.com.br\/#\/schema\/person\/5c2237ac0c8ff03bcf1a09fe3e45dfce"},"headline":"Para fundamentar o estado de necessidade, a lei menciona apenas o perigo atual","datePublished":"2020-10-19T11:20:21+00:00","mainEntityOfPage":{"@id":"https:\/\/webmail.meusitejuridico.com.br\/2020\/10\/19\/para-fundamentar-o-estado-de-necessidade-lei-menciona-apenas-o-perigo-atual\/"},"wordCount":259,"commentCount":0,"publisher":{"@id":"https:\/\/cdn.meusitejuridico.com.br\/#organization"},"image":{"@id":"https:\/\/webmail.meusitejuridico.com.br\/2020\/10\/19\/para-fundamentar-o-estado-de-necessidade-lei-menciona-apenas-o-perigo-atual\/#primaryimage"},"thumbnailUrl":"https:\/\/meusitejuridico.editorajuspodivm.com.br\/s.meusitejuridico\/2020\/03\/744fa280-library-419254-640.jpg","keywords":["Direito Penal","estado de necessidade","perigo"],"articleSection":["Certo ou errado?","Material de aula","Perguntas e Respostas"],"inLanguage":"pt-BR","potentialAction":[{"@type":"CommentAction","name":"Comment","target":["https:\/\/webmail.meusitejuridico.com.br\/2020\/10\/19\/para-fundamentar-o-estado-de-necessidade-lei-menciona-apenas-o-perigo-atual\/#respond"]}]},{"@type":"WebPage","@id":"https:\/\/webmail.meusitejuridico.com.br\/2020\/10\/19\/para-fundamentar-o-estado-de-necessidade-lei-menciona-apenas-o-perigo-atual\/","url":"https:\/\/webmail.meusitejuridico.com.br\/2020\/10\/19\/para-fundamentar-o-estado-de-necessidade-lei-menciona-apenas-o-perigo-atual\/","name":"Para fundamentar o estado de necessidade, a lei menciona apenas o perigo atual - Meu site jur\u00eddico","isPartOf":{"@id":"https:\/\/cdn.meusitejuridico.com.br\/#website"},"primaryImageOfPage":{"@id":"https:\/\/webmail.meusitejuridico.com.br\/2020\/10\/19\/para-fundamentar-o-estado-de-necessidade-lei-menciona-apenas-o-perigo-atual\/#primaryimage"},"image":{"@id":"https:\/\/webmail.meusitejuridico.com.br\/2020\/10\/19\/para-fundamentar-o-estado-de-necessidade-lei-menciona-apenas-o-perigo-atual\/#primaryimage"},"thumbnailUrl":"https:\/\/meusitejuridico.editorajuspodivm.com.br\/s.meusitejuridico\/2020\/03\/744fa280-library-419254-640.jpg","datePublished":"2020-10-19T11:20:21+00:00","breadcrumb":{"@id":"https:\/\/webmail.meusitejuridico.com.br\/2020\/10\/19\/para-fundamentar-o-estado-de-necessidade-lei-menciona-apenas-o-perigo-atual\/#breadcrumb"},"inLanguage":"pt-BR","potentialAction":[{"@type":"ReadAction","target":["https:\/\/webmail.meusitejuridico.com.br\/2020\/10\/19\/para-fundamentar-o-estado-de-necessidade-lei-menciona-apenas-o-perigo-atual\/"]}]},{"@type":"ImageObject","inLanguage":"pt-BR","@id":"https:\/\/webmail.meusitejuridico.com.br\/2020\/10\/19\/para-fundamentar-o-estado-de-necessidade-lei-menciona-apenas-o-perigo-atual\/#primaryimage","url":"https:\/\/meusitejuridico.editorajuspodivm.com.br\/s.meusitejuridico\/2020\/03\/744fa280-library-419254-640.jpg","contentUrl":"https:\/\/meusitejuridico.editorajuspodivm.com.br\/s.meusitejuridico\/2020\/03\/744fa280-library-419254-640.jpg","width":640,"height":426},{"@type":"BreadcrumbList","@id":"https:\/\/webmail.meusitejuridico.com.br\/2020\/10\/19\/para-fundamentar-o-estado-de-necessidade-lei-menciona-apenas-o-perigo-atual\/#breadcrumb","itemListElement":[{"@type":"ListItem","position":1,"name":"In\u00edcio","item":"https:\/\/cdn.meusitejuridico.com.br\/"},{"@type":"ListItem","position":2,"name":"Para fundamentar o estado de necessidade, a lei menciona apenas o perigo atual"}]},{"@type":"WebSite","@id":"https:\/\/cdn.meusitejuridico.com.br\/#website","url":"https:\/\/cdn.meusitejuridico.com.br\/","name":"Meu site jur\u00eddico","description":"Meu site jur\u00eddico","publisher":{"@id":"https:\/\/cdn.meusitejuridico.com.br\/#organization"},"potentialAction":[{"@type":"SearchAction","target":{"@type":"EntryPoint","urlTemplate":"https:\/\/cdn.meusitejuridico.com.br\/?s={search_term_string}"},"query-input":{"@type":"PropertyValueSpecification","valueRequired":true,"valueName":"search_term_string"}}],"inLanguage":"pt-BR"},{"@type":"Organization","@id":"https:\/\/cdn.meusitejuridico.com.br\/#organization","name":"Meu site jur\u00eddico","url":"https:\/\/cdn.meusitejuridico.com.br\/","logo":{"@type":"ImageObject","inLanguage":"pt-BR","@id":"https:\/\/cdn.meusitejuridico.com.br\/#\/schema\/logo\/image\/","url":"https:\/\/meusitejuridico.editorajuspodivm.com.br\/s.meusitejuridico\/2022\/03\/cropped-baeec2a3-msj-02-01-01.png","contentUrl":"https:\/\/meusitejuridico.editorajuspodivm.com.br\/s.meusitejuridico\/2022\/03\/cropped-baeec2a3-msj-02-01-01.png","width":349,"height":243,"caption":"Meu site jur\u00eddico"},"image":{"@id":"https:\/\/cdn.meusitejuridico.com.br\/#\/schema\/logo\/image\/"}},{"@type":"Person","@id":"https:\/\/cdn.meusitejuridico.com.br\/#\/schema\/person\/5c2237ac0c8ff03bcf1a09fe3e45dfce","name":"Equipe Meu Site Jur\u00eddico","image":{"@type":"ImageObject","inLanguage":"pt-BR","@id":"https:\/\/cdn.meusitejuridico.com.br\/#\/schema\/person\/image\/","url":"https:\/\/meusitejuridico.editorajuspodivm.com.br\/s.meusitejuridico\/2020\/07\/6be289aa-logo-msj.png","contentUrl":"https:\/\/meusitejuridico.editorajuspodivm.com.br\/s.meusitejuridico\/2020\/07\/6be289aa-logo-msj.png","caption":"Equipe Meu Site Jur\u00eddico"},"description":"Contem conosco!","url":"https:\/\/meusitejuridico.editorajuspodivm.com.br\/author\/equipe-meu-site-juridico\/"}]}},"_links":{"self":[{"href":"https:\/\/meusitejuridico.editorajuspodivm.com.br\/api\/wp\/v2\/posts\/12159","targetHints":{"allow":["GET"]}}],"collection":[{"href":"https:\/\/meusitejuridico.editorajuspodivm.com.br\/api\/wp\/v2\/posts"}],"about":[{"href":"https:\/\/meusitejuridico.editorajuspodivm.com.br\/api\/wp\/v2\/types\/post"}],"author":[{"embeddable":true,"href":"https:\/\/meusitejuridico.editorajuspodivm.com.br\/api\/wp\/v2\/users\/7"}],"replies":[{"embeddable":true,"href":"https:\/\/meusitejuridico.editorajuspodivm.com.br\/api\/wp\/v2\/comments?post=12159"}],"version-history":[{"count":1,"href":"https:\/\/meusitejuridico.editorajuspodivm.com.br\/api\/wp\/v2\/posts\/12159\/revisions"}],"predecessor-version":[{"id":12160,"href":"https:\/\/meusitejuridico.editorajuspodivm.com.br\/api\/wp\/v2\/posts\/12159\/revisions\/12160"}],"wp:featuredmedia":[{"embeddable":true,"href":"https:\/\/meusitejuridico.editorajuspodivm.com.br\/api\/wp\/v2\/media\/10376"}],"wp:attachment":[{"href":"https:\/\/meusitejuridico.editorajuspodivm.com.br\/api\/wp\/v2\/media?parent=12159"}],"wp:term":[{"taxonomy":"category","embeddable":true,"href":"https:\/\/meusitejuridico.editorajuspodivm.com.br\/api\/wp\/v2\/categories?post=12159"},{"taxonomy":"post_tag","embeddable":true,"href":"https:\/\/meusitejuridico.editorajuspodivm.com.br\/api\/wp\/v2\/tags?post=12159"}],"curies":[{"name":"wp","href":"https:\/\/api.w.org\/{rel}","templated":true}]}}