{"id":12163,"date":"2020-10-20T09:30:20","date_gmt":"2020-10-20T11:30:20","guid":{"rendered":"https:\/\/meusitejuridico.editorajuspodivm.com.br\/?p=12163"},"modified":"2020-10-20T08:57:13","modified_gmt":"2020-10-20T10:57:13","slug":"sao-considerados-funcionarios-publicos-para-fins-penais-os-titulares-de-cartorios-de-notas-e-de-registros-assim-como-seus-respectivos-funcionarios-que-desempenham-funcao-de-relevancia-publica","status":"publish","type":"post","link":"https:\/\/meusitejuridico.editorajuspodivm.com.br\/2020\/10\/20\/sao-considerados-funcionarios-publicos-para-fins-penais-os-titulares-de-cartorios-de-notas-e-de-registros-assim-como-seus-respectivos-funcionarios-que-desempenham-funcao-de-relevancia-publica\/","title":{"rendered":"S\u00e3o considerados funcion\u00e1rios p\u00fablicos para fins penais os titulares de cart\u00f3rios de notas e de registros, assim como seus respectivos funcion\u00e1rios, que desempenham fun\u00e7\u00e3o de relev\u00e2ncia p\u00fablica"},"content":{"rendered":"<p><strong>ERRADO<\/strong><\/p>\n<p>Os titulares de cart\u00f3rios de notas e de registro s\u00e3o considerados servidores p\u00fablicos para fins penais, pois, por meio de concurso p\u00fablico, recebem delega\u00e7\u00e3o do poder p\u00fablico para atua\u00e7\u00e3o na esfera cartor\u00e1ria. Al\u00e9m disso, o art. 24 da Lei n\u00ba 8.935\/94 estabelece que \u00e0 responsabilidade criminal se aplicam, no que couber, as disposi\u00e7\u00f5es relativas aos crimes contra a administra\u00e7\u00e3o p\u00fablica. O mesmo <strong>n\u00e3o ocorre<\/strong> com os funcion\u00e1rios dos respectivos cart\u00f3rios, que s\u00e3o contratados livremente e n\u00e3o ocupam cargo p\u00fablico, ainda que se sujeitem, em certos aspectos, \u00e0 legisla\u00e7\u00e3o que regula a organiza\u00e7\u00e3o judici\u00e1ria.<\/p>\n","protected":false},"excerpt":{"rendered":"<p>ERRADO Os titulares de cart\u00f3rios de notas e de registro s\u00e3o considerados servidores p\u00fablicos para fins penais, pois, por meio de concurso p\u00fablico, recebem delega\u00e7\u00e3o do poder p\u00fablico para atua\u00e7\u00e3o na esfera cartor\u00e1ria. Al\u00e9m disso, o art. 24 da Lei n\u00ba 8.935\/94 estabelece que \u00e0 responsabilidade criminal se aplicam, no que couber, as disposi\u00e7\u00f5es relativas [&hellip;]<\/p>\n","protected":false},"author":7,"featured_media":8977,"comment_status":"open","ping_status":"open","sticky":false,"template":"","format":"standard","meta":{"_acf_changed":false,"footnotes":""},"categories":[3090,78,437],"tags":[806,1848,107,1665],"class_list":["post-12163","post","type-post","status-publish","format-standard","has-post-thumbnail","hentry","category-certo-ou-errado","category-material-de-aula","category-perguntas-e-respostas","tag-administracao-publica","tag-crimes-funcionais","tag-direito-penal","tag-funcionario-publico"],"acf":[],"yoast_head":"<!-- This site is optimized with the Yoast SEO plugin v24.8.1 - https:\/\/yoast.com\/wordpress\/plugins\/seo\/ -->\n<title>S\u00e3o considerados funcion\u00e1rios p\u00fablicos para fins penais os titulares de cart\u00f3rios de notas e de registros, assim como seus respectivos funcion\u00e1rios, que desempenham fun\u00e7\u00e3o de relev\u00e2ncia p\u00fablica - Meu site jur\u00eddico<\/title>\n<meta name=\"robots\" content=\"index, follow, max-snippet:-1, max-image-preview:large, max-video-preview:-1\" \/>\n<link rel=\"canonical\" href=\"https:\/\/meusitejuridico.editorajuspodivm.com.br\/2020\/10\/20\/sao-considerados-funcionarios-publicos-para-fins-penais-os-titulares-de-cartorios-de-notas-e-de-registros-assim-como-seus-respectivos-funcionarios-que-desempenham-funcao-de-relevancia-publica\/\" \/>\n<meta property=\"og:locale\" content=\"pt_BR\" \/>\n<meta property=\"og:type\" content=\"article\" \/>\n<meta property=\"og:title\" content=\"S\u00e3o considerados funcion\u00e1rios p\u00fablicos para fins penais os titulares de cart\u00f3rios de notas e de registros, assim como seus respectivos funcion\u00e1rios, que desempenham fun\u00e7\u00e3o de relev\u00e2ncia p\u00fablica - Meu site jur\u00eddico\" \/>\n<meta property=\"og:description\" content=\"ERRADO Os titulares de cart\u00f3rios de notas e de registro s\u00e3o considerados servidores p\u00fablicos para fins penais, pois, por meio de concurso p\u00fablico, recebem delega\u00e7\u00e3o do poder p\u00fablico para atua\u00e7\u00e3o na esfera cartor\u00e1ria. Al\u00e9m disso, o art. 24 da Lei n\u00ba 8.935\/94 estabelece que \u00e0 responsabilidade criminal se aplicam, no que couber, as disposi\u00e7\u00f5es relativas [&hellip;]\" \/>\n<meta property=\"og:url\" content=\"https:\/\/meusitejuridico.editorajuspodivm.com.br\/2020\/10\/20\/sao-considerados-funcionarios-publicos-para-fins-penais-os-titulares-de-cartorios-de-notas-e-de-registros-assim-como-seus-respectivos-funcionarios-que-desempenham-funcao-de-relevancia-publica\/\" \/>\n<meta property=\"og:site_name\" content=\"Meu site jur\u00eddico\" \/>\n<meta property=\"article:published_time\" content=\"2020-10-20T11:30:20+00:00\" \/>\n<meta property=\"og:image\" content=\"https:\/\/meusitejuridico.editorajuspodivm.com.br\/s.meusitejuridico\/2019\/08\/4b4a2a10-the-question-mark-3261065-640.jpg\" \/>\n\t<meta property=\"og:image:width\" content=\"640\" \/>\n\t<meta property=\"og:image:height\" content=\"640\" \/>\n\t<meta property=\"og:image:type\" content=\"image\/jpeg\" \/>\n<meta name=\"author\" content=\"Equipe Meu Site Jur\u00eddico\" \/>\n<meta name=\"twitter:card\" content=\"summary_large_image\" \/>\n<meta name=\"twitter:label1\" content=\"Escrito por\" \/>\n\t<meta name=\"twitter:data1\" content=\"Equipe Meu Site Jur\u00eddico\" \/>\n\t<meta name=\"twitter:label2\" content=\"Est. tempo de leitura\" \/>\n\t<meta name=\"twitter:data2\" content=\"1 minuto\" \/>\n<script type=\"application\/ld+json\" class=\"yoast-schema-graph\">{\"@context\":\"https:\/\/schema.org\",\"@graph\":[{\"@type\":\"Article\",\"@id\":\"https:\/\/meusitejuridico.editorajuspodivm.com.br\/2020\/10\/20\/sao-considerados-funcionarios-publicos-para-fins-penais-os-titulares-de-cartorios-de-notas-e-de-registros-assim-como-seus-respectivos-funcionarios-que-desempenham-funcao-de-relevancia-publica\/#article\",\"isPartOf\":{\"@id\":\"https:\/\/meusitejuridico.editorajuspodivm.com.br\/2020\/10\/20\/sao-considerados-funcionarios-publicos-para-fins-penais-os-titulares-de-cartorios-de-notas-e-de-registros-assim-como-seus-respectivos-funcionarios-que-desempenham-funcao-de-relevancia-publica\/\"},\"author\":{\"name\":\"Equipe Meu Site Jur\u00eddico\",\"@id\":\"https:\/\/cdn.meusitejuridico.com.br\/#\/schema\/person\/5c2237ac0c8ff03bcf1a09fe3e45dfce\"},\"headline\":\"S\u00e3o considerados funcion\u00e1rios p\u00fablicos para fins penais os titulares de cart\u00f3rios de notas e de registros, assim como seus respectivos funcion\u00e1rios, que desempenham fun\u00e7\u00e3o de relev\u00e2ncia p\u00fablica\",\"datePublished\":\"2020-10-20T11:30:20+00:00\",\"mainEntityOfPage\":{\"@id\":\"https:\/\/meusitejuridico.editorajuspodivm.com.br\/2020\/10\/20\/sao-considerados-funcionarios-publicos-para-fins-penais-os-titulares-de-cartorios-de-notas-e-de-registros-assim-como-seus-respectivos-funcionarios-que-desempenham-funcao-de-relevancia-publica\/\"},\"wordCount\":146,\"commentCount\":0,\"publisher\":{\"@id\":\"https:\/\/cdn.meusitejuridico.com.br\/#organization\"},\"image\":{\"@id\":\"https:\/\/meusitejuridico.editorajuspodivm.com.br\/2020\/10\/20\/sao-considerados-funcionarios-publicos-para-fins-penais-os-titulares-de-cartorios-de-notas-e-de-registros-assim-como-seus-respectivos-funcionarios-que-desempenham-funcao-de-relevancia-publica\/#primaryimage\"},\"thumbnailUrl\":\"https:\/\/meusitejuridico.editorajuspodivm.com.br\/s.meusitejuridico\/2019\/08\/4b4a2a10-the-question-mark-3261065-640.jpg\",\"keywords\":[\"Administra\u00e7\u00e3o P\u00fablica\",\"crimes funcionais\",\"Direito Penal\",\"funcion\u00e1rio p\u00fablico\"],\"articleSection\":[\"Certo ou errado?\",\"Material de aula\",\"Perguntas e Respostas\"],\"inLanguage\":\"pt-BR\",\"potentialAction\":[{\"@type\":\"CommentAction\",\"name\":\"Comment\",\"target\":[\"https:\/\/meusitejuridico.editorajuspodivm.com.br\/2020\/10\/20\/sao-considerados-funcionarios-publicos-para-fins-penais-os-titulares-de-cartorios-de-notas-e-de-registros-assim-como-seus-respectivos-funcionarios-que-desempenham-funcao-de-relevancia-publica\/#respond\"]}]},{\"@type\":\"WebPage\",\"@id\":\"https:\/\/meusitejuridico.editorajuspodivm.com.br\/2020\/10\/20\/sao-considerados-funcionarios-publicos-para-fins-penais-os-titulares-de-cartorios-de-notas-e-de-registros-assim-como-seus-respectivos-funcionarios-que-desempenham-funcao-de-relevancia-publica\/\",\"url\":\"https:\/\/meusitejuridico.editorajuspodivm.com.br\/2020\/10\/20\/sao-considerados-funcionarios-publicos-para-fins-penais-os-titulares-de-cartorios-de-notas-e-de-registros-assim-como-seus-respectivos-funcionarios-que-desempenham-funcao-de-relevancia-publica\/\",\"name\":\"S\u00e3o considerados funcion\u00e1rios p\u00fablicos para fins penais os titulares de cart\u00f3rios de notas e de registros, assim como seus respectivos funcion\u00e1rios, que desempenham fun\u00e7\u00e3o de relev\u00e2ncia p\u00fablica - Meu site jur\u00eddico\",\"isPartOf\":{\"@id\":\"https:\/\/cdn.meusitejuridico.com.br\/#website\"},\"primaryImageOfPage\":{\"@id\":\"https:\/\/meusitejuridico.editorajuspodivm.com.br\/2020\/10\/20\/sao-considerados-funcionarios-publicos-para-fins-penais-os-titulares-de-cartorios-de-notas-e-de-registros-assim-como-seus-respectivos-funcionarios-que-desempenham-funcao-de-relevancia-publica\/#primaryimage\"},\"image\":{\"@id\":\"https:\/\/meusitejuridico.editorajuspodivm.com.br\/2020\/10\/20\/sao-considerados-funcionarios-publicos-para-fins-penais-os-titulares-de-cartorios-de-notas-e-de-registros-assim-como-seus-respectivos-funcionarios-que-desempenham-funcao-de-relevancia-publica\/#primaryimage\"},\"thumbnailUrl\":\"https:\/\/meusitejuridico.editorajuspodivm.com.br\/s.meusitejuridico\/2019\/08\/4b4a2a10-the-question-mark-3261065-640.jpg\",\"datePublished\":\"2020-10-20T11:30:20+00:00\",\"breadcrumb\":{\"@id\":\"https:\/\/meusitejuridico.editorajuspodivm.com.br\/2020\/10\/20\/sao-considerados-funcionarios-publicos-para-fins-penais-os-titulares-de-cartorios-de-notas-e-de-registros-assim-como-seus-respectivos-funcionarios-que-desempenham-funcao-de-relevancia-publica\/#breadcrumb\"},\"inLanguage\":\"pt-BR\",\"potentialAction\":[{\"@type\":\"ReadAction\",\"target\":[\"https:\/\/meusitejuridico.editorajuspodivm.com.br\/2020\/10\/20\/sao-considerados-funcionarios-publicos-para-fins-penais-os-titulares-de-cartorios-de-notas-e-de-registros-assim-como-seus-respectivos-funcionarios-que-desempenham-funcao-de-relevancia-publica\/\"]}]},{\"@type\":\"ImageObject\",\"inLanguage\":\"pt-BR\",\"@id\":\"https:\/\/meusitejuridico.editorajuspodivm.com.br\/2020\/10\/20\/sao-considerados-funcionarios-publicos-para-fins-penais-os-titulares-de-cartorios-de-notas-e-de-registros-assim-como-seus-respectivos-funcionarios-que-desempenham-funcao-de-relevancia-publica\/#primaryimage\",\"url\":\"https:\/\/meusitejuridico.editorajuspodivm.com.br\/s.meusitejuridico\/2019\/08\/4b4a2a10-the-question-mark-3261065-640.jpg\",\"contentUrl\":\"https:\/\/meusitejuridico.editorajuspodivm.com.br\/s.meusitejuridico\/2019\/08\/4b4a2a10-the-question-mark-3261065-640.jpg\",\"width\":640,\"height\":640},{\"@type\":\"BreadcrumbList\",\"@id\":\"https:\/\/meusitejuridico.editorajuspodivm.com.br\/2020\/10\/20\/sao-considerados-funcionarios-publicos-para-fins-penais-os-titulares-de-cartorios-de-notas-e-de-registros-assim-como-seus-respectivos-funcionarios-que-desempenham-funcao-de-relevancia-publica\/#breadcrumb\",\"itemListElement\":[{\"@type\":\"ListItem\",\"position\":1,\"name\":\"In\u00edcio\",\"item\":\"https:\/\/cdn.meusitejuridico.com.br\/\"},{\"@type\":\"ListItem\",\"position\":2,\"name\":\"S\u00e3o considerados funcion\u00e1rios p\u00fablicos para fins penais os titulares de cart\u00f3rios de notas e de registros, assim como seus respectivos funcion\u00e1rios, que desempenham fun\u00e7\u00e3o de relev\u00e2ncia p\u00fablica\"}]},{\"@type\":\"WebSite\",\"@id\":\"https:\/\/cdn.meusitejuridico.com.br\/#website\",\"url\":\"https:\/\/cdn.meusitejuridico.com.br\/\",\"name\":\"Meu site jur\u00eddico\",\"description\":\"Meu site jur\u00eddico\",\"publisher\":{\"@id\":\"https:\/\/cdn.meusitejuridico.com.br\/#organization\"},\"potentialAction\":[{\"@type\":\"SearchAction\",\"target\":{\"@type\":\"EntryPoint\",\"urlTemplate\":\"https:\/\/cdn.meusitejuridico.com.br\/?s={search_term_string}\"},\"query-input\":{\"@type\":\"PropertyValueSpecification\",\"valueRequired\":true,\"valueName\":\"search_term_string\"}}],\"inLanguage\":\"pt-BR\"},{\"@type\":\"Organization\",\"@id\":\"https:\/\/cdn.meusitejuridico.com.br\/#organization\",\"name\":\"Meu site jur\u00eddico\",\"url\":\"https:\/\/cdn.meusitejuridico.com.br\/\",\"logo\":{\"@type\":\"ImageObject\",\"inLanguage\":\"pt-BR\",\"@id\":\"https:\/\/cdn.meusitejuridico.com.br\/#\/schema\/logo\/image\/\",\"url\":\"https:\/\/meusitejuridico.editorajuspodivm.com.br\/s.meusitejuridico\/2022\/03\/cropped-baeec2a3-msj-02-01-01.png\",\"contentUrl\":\"https:\/\/meusitejuridico.editorajuspodivm.com.br\/s.meusitejuridico\/2022\/03\/cropped-baeec2a3-msj-02-01-01.png\",\"width\":349,\"height\":243,\"caption\":\"Meu site jur\u00eddico\"},\"image\":{\"@id\":\"https:\/\/cdn.meusitejuridico.com.br\/#\/schema\/logo\/image\/\"}},{\"@type\":\"Person\",\"@id\":\"https:\/\/cdn.meusitejuridico.com.br\/#\/schema\/person\/5c2237ac0c8ff03bcf1a09fe3e45dfce\",\"name\":\"Equipe Meu Site Jur\u00eddico\",\"image\":{\"@type\":\"ImageObject\",\"inLanguage\":\"pt-BR\",\"@id\":\"https:\/\/cdn.meusitejuridico.com.br\/#\/schema\/person\/image\/\",\"url\":\"https:\/\/meusitejuridico.editorajuspodivm.com.br\/s.meusitejuridico\/2020\/07\/6be289aa-logo-msj.png\",\"contentUrl\":\"https:\/\/meusitejuridico.editorajuspodivm.com.br\/s.meusitejuridico\/2020\/07\/6be289aa-logo-msj.png\",\"caption\":\"Equipe Meu Site Jur\u00eddico\"},\"description\":\"Contem conosco!\",\"url\":\"https:\/\/meusitejuridico.editorajuspodivm.com.br\/author\/equipe-meu-site-juridico\/\"}]}<\/script>\n<!-- \/ Yoast SEO plugin. -->","yoast_head_json":{"title":"S\u00e3o considerados funcion\u00e1rios p\u00fablicos para fins penais os titulares de cart\u00f3rios de notas e de registros, assim como seus respectivos funcion\u00e1rios, que desempenham fun\u00e7\u00e3o de relev\u00e2ncia p\u00fablica - Meu site jur\u00eddico","robots":{"index":"index","follow":"follow","max-snippet":"max-snippet:-1","max-image-preview":"max-image-preview:large","max-video-preview":"max-video-preview:-1"},"canonical":"https:\/\/meusitejuridico.editorajuspodivm.com.br\/2020\/10\/20\/sao-considerados-funcionarios-publicos-para-fins-penais-os-titulares-de-cartorios-de-notas-e-de-registros-assim-como-seus-respectivos-funcionarios-que-desempenham-funcao-de-relevancia-publica\/","og_locale":"pt_BR","og_type":"article","og_title":"S\u00e3o considerados funcion\u00e1rios p\u00fablicos para fins penais os titulares de cart\u00f3rios de notas e de registros, assim como seus respectivos funcion\u00e1rios, que desempenham fun\u00e7\u00e3o de relev\u00e2ncia p\u00fablica - Meu site jur\u00eddico","og_description":"ERRADO Os titulares de cart\u00f3rios de notas e de registro s\u00e3o considerados servidores p\u00fablicos para fins penais, pois, por meio de concurso p\u00fablico, recebem delega\u00e7\u00e3o do poder p\u00fablico para atua\u00e7\u00e3o na esfera cartor\u00e1ria. Al\u00e9m disso, o art. 24 da Lei n\u00ba 8.935\/94 estabelece que \u00e0 responsabilidade criminal se aplicam, no que couber, as disposi\u00e7\u00f5es relativas [&hellip;]","og_url":"https:\/\/meusitejuridico.editorajuspodivm.com.br\/2020\/10\/20\/sao-considerados-funcionarios-publicos-para-fins-penais-os-titulares-de-cartorios-de-notas-e-de-registros-assim-como-seus-respectivos-funcionarios-que-desempenham-funcao-de-relevancia-publica\/","og_site_name":"Meu site jur\u00eddico","article_published_time":"2020-10-20T11:30:20+00:00","og_image":[{"width":640,"height":640,"url":"https:\/\/meusitejuridico.editorajuspodivm.com.br\/s.meusitejuridico\/2019\/08\/4b4a2a10-the-question-mark-3261065-640.jpg","type":"image\/jpeg"}],"author":"Equipe Meu Site Jur\u00eddico","twitter_card":"summary_large_image","twitter_misc":{"Escrito por":"Equipe Meu Site Jur\u00eddico","Est. tempo de leitura":"1 minuto"},"schema":{"@context":"https:\/\/schema.org","@graph":[{"@type":"Article","@id":"https:\/\/meusitejuridico.editorajuspodivm.com.br\/2020\/10\/20\/sao-considerados-funcionarios-publicos-para-fins-penais-os-titulares-de-cartorios-de-notas-e-de-registros-assim-como-seus-respectivos-funcionarios-que-desempenham-funcao-de-relevancia-publica\/#article","isPartOf":{"@id":"https:\/\/meusitejuridico.editorajuspodivm.com.br\/2020\/10\/20\/sao-considerados-funcionarios-publicos-para-fins-penais-os-titulares-de-cartorios-de-notas-e-de-registros-assim-como-seus-respectivos-funcionarios-que-desempenham-funcao-de-relevancia-publica\/"},"author":{"name":"Equipe Meu Site Jur\u00eddico","@id":"https:\/\/cdn.meusitejuridico.com.br\/#\/schema\/person\/5c2237ac0c8ff03bcf1a09fe3e45dfce"},"headline":"S\u00e3o considerados funcion\u00e1rios p\u00fablicos para fins penais os titulares de cart\u00f3rios de notas e de registros, assim como seus respectivos funcion\u00e1rios, que desempenham fun\u00e7\u00e3o de relev\u00e2ncia p\u00fablica","datePublished":"2020-10-20T11:30:20+00:00","mainEntityOfPage":{"@id":"https:\/\/meusitejuridico.editorajuspodivm.com.br\/2020\/10\/20\/sao-considerados-funcionarios-publicos-para-fins-penais-os-titulares-de-cartorios-de-notas-e-de-registros-assim-como-seus-respectivos-funcionarios-que-desempenham-funcao-de-relevancia-publica\/"},"wordCount":146,"commentCount":0,"publisher":{"@id":"https:\/\/cdn.meusitejuridico.com.br\/#organization"},"image":{"@id":"https:\/\/meusitejuridico.editorajuspodivm.com.br\/2020\/10\/20\/sao-considerados-funcionarios-publicos-para-fins-penais-os-titulares-de-cartorios-de-notas-e-de-registros-assim-como-seus-respectivos-funcionarios-que-desempenham-funcao-de-relevancia-publica\/#primaryimage"},"thumbnailUrl":"https:\/\/meusitejuridico.editorajuspodivm.com.br\/s.meusitejuridico\/2019\/08\/4b4a2a10-the-question-mark-3261065-640.jpg","keywords":["Administra\u00e7\u00e3o P\u00fablica","crimes funcionais","Direito Penal","funcion\u00e1rio p\u00fablico"],"articleSection":["Certo ou errado?","Material de aula","Perguntas e Respostas"],"inLanguage":"pt-BR","potentialAction":[{"@type":"CommentAction","name":"Comment","target":["https:\/\/meusitejuridico.editorajuspodivm.com.br\/2020\/10\/20\/sao-considerados-funcionarios-publicos-para-fins-penais-os-titulares-de-cartorios-de-notas-e-de-registros-assim-como-seus-respectivos-funcionarios-que-desempenham-funcao-de-relevancia-publica\/#respond"]}]},{"@type":"WebPage","@id":"https:\/\/meusitejuridico.editorajuspodivm.com.br\/2020\/10\/20\/sao-considerados-funcionarios-publicos-para-fins-penais-os-titulares-de-cartorios-de-notas-e-de-registros-assim-como-seus-respectivos-funcionarios-que-desempenham-funcao-de-relevancia-publica\/","url":"https:\/\/meusitejuridico.editorajuspodivm.com.br\/2020\/10\/20\/sao-considerados-funcionarios-publicos-para-fins-penais-os-titulares-de-cartorios-de-notas-e-de-registros-assim-como-seus-respectivos-funcionarios-que-desempenham-funcao-de-relevancia-publica\/","name":"S\u00e3o considerados funcion\u00e1rios p\u00fablicos para fins penais os titulares de cart\u00f3rios de notas e de registros, assim como seus respectivos funcion\u00e1rios, que desempenham fun\u00e7\u00e3o de relev\u00e2ncia p\u00fablica - Meu site jur\u00eddico","isPartOf":{"@id":"https:\/\/cdn.meusitejuridico.com.br\/#website"},"primaryImageOfPage":{"@id":"https:\/\/meusitejuridico.editorajuspodivm.com.br\/2020\/10\/20\/sao-considerados-funcionarios-publicos-para-fins-penais-os-titulares-de-cartorios-de-notas-e-de-registros-assim-como-seus-respectivos-funcionarios-que-desempenham-funcao-de-relevancia-publica\/#primaryimage"},"image":{"@id":"https:\/\/meusitejuridico.editorajuspodivm.com.br\/2020\/10\/20\/sao-considerados-funcionarios-publicos-para-fins-penais-os-titulares-de-cartorios-de-notas-e-de-registros-assim-como-seus-respectivos-funcionarios-que-desempenham-funcao-de-relevancia-publica\/#primaryimage"},"thumbnailUrl":"https:\/\/meusitejuridico.editorajuspodivm.com.br\/s.meusitejuridico\/2019\/08\/4b4a2a10-the-question-mark-3261065-640.jpg","datePublished":"2020-10-20T11:30:20+00:00","breadcrumb":{"@id":"https:\/\/meusitejuridico.editorajuspodivm.com.br\/2020\/10\/20\/sao-considerados-funcionarios-publicos-para-fins-penais-os-titulares-de-cartorios-de-notas-e-de-registros-assim-como-seus-respectivos-funcionarios-que-desempenham-funcao-de-relevancia-publica\/#breadcrumb"},"inLanguage":"pt-BR","potentialAction":[{"@type":"ReadAction","target":["https:\/\/meusitejuridico.editorajuspodivm.com.br\/2020\/10\/20\/sao-considerados-funcionarios-publicos-para-fins-penais-os-titulares-de-cartorios-de-notas-e-de-registros-assim-como-seus-respectivos-funcionarios-que-desempenham-funcao-de-relevancia-publica\/"]}]},{"@type":"ImageObject","inLanguage":"pt-BR","@id":"https:\/\/meusitejuridico.editorajuspodivm.com.br\/2020\/10\/20\/sao-considerados-funcionarios-publicos-para-fins-penais-os-titulares-de-cartorios-de-notas-e-de-registros-assim-como-seus-respectivos-funcionarios-que-desempenham-funcao-de-relevancia-publica\/#primaryimage","url":"https:\/\/meusitejuridico.editorajuspodivm.com.br\/s.meusitejuridico\/2019\/08\/4b4a2a10-the-question-mark-3261065-640.jpg","contentUrl":"https:\/\/meusitejuridico.editorajuspodivm.com.br\/s.meusitejuridico\/2019\/08\/4b4a2a10-the-question-mark-3261065-640.jpg","width":640,"height":640},{"@type":"BreadcrumbList","@id":"https:\/\/meusitejuridico.editorajuspodivm.com.br\/2020\/10\/20\/sao-considerados-funcionarios-publicos-para-fins-penais-os-titulares-de-cartorios-de-notas-e-de-registros-assim-como-seus-respectivos-funcionarios-que-desempenham-funcao-de-relevancia-publica\/#breadcrumb","itemListElement":[{"@type":"ListItem","position":1,"name":"In\u00edcio","item":"https:\/\/cdn.meusitejuridico.com.br\/"},{"@type":"ListItem","position":2,"name":"S\u00e3o considerados funcion\u00e1rios p\u00fablicos para fins penais os titulares de cart\u00f3rios de notas e de registros, assim como seus respectivos funcion\u00e1rios, que desempenham fun\u00e7\u00e3o de relev\u00e2ncia p\u00fablica"}]},{"@type":"WebSite","@id":"https:\/\/cdn.meusitejuridico.com.br\/#website","url":"https:\/\/cdn.meusitejuridico.com.br\/","name":"Meu site jur\u00eddico","description":"Meu site jur\u00eddico","publisher":{"@id":"https:\/\/cdn.meusitejuridico.com.br\/#organization"},"potentialAction":[{"@type":"SearchAction","target":{"@type":"EntryPoint","urlTemplate":"https:\/\/cdn.meusitejuridico.com.br\/?s={search_term_string}"},"query-input":{"@type":"PropertyValueSpecification","valueRequired":true,"valueName":"search_term_string"}}],"inLanguage":"pt-BR"},{"@type":"Organization","@id":"https:\/\/cdn.meusitejuridico.com.br\/#organization","name":"Meu site jur\u00eddico","url":"https:\/\/cdn.meusitejuridico.com.br\/","logo":{"@type":"ImageObject","inLanguage":"pt-BR","@id":"https:\/\/cdn.meusitejuridico.com.br\/#\/schema\/logo\/image\/","url":"https:\/\/meusitejuridico.editorajuspodivm.com.br\/s.meusitejuridico\/2022\/03\/cropped-baeec2a3-msj-02-01-01.png","contentUrl":"https:\/\/meusitejuridico.editorajuspodivm.com.br\/s.meusitejuridico\/2022\/03\/cropped-baeec2a3-msj-02-01-01.png","width":349,"height":243,"caption":"Meu site jur\u00eddico"},"image":{"@id":"https:\/\/cdn.meusitejuridico.com.br\/#\/schema\/logo\/image\/"}},{"@type":"Person","@id":"https:\/\/cdn.meusitejuridico.com.br\/#\/schema\/person\/5c2237ac0c8ff03bcf1a09fe3e45dfce","name":"Equipe Meu Site Jur\u00eddico","image":{"@type":"ImageObject","inLanguage":"pt-BR","@id":"https:\/\/cdn.meusitejuridico.com.br\/#\/schema\/person\/image\/","url":"https:\/\/meusitejuridico.editorajuspodivm.com.br\/s.meusitejuridico\/2020\/07\/6be289aa-logo-msj.png","contentUrl":"https:\/\/meusitejuridico.editorajuspodivm.com.br\/s.meusitejuridico\/2020\/07\/6be289aa-logo-msj.png","caption":"Equipe Meu Site Jur\u00eddico"},"description":"Contem conosco!","url":"https:\/\/meusitejuridico.editorajuspodivm.com.br\/author\/equipe-meu-site-juridico\/"}]}},"_links":{"self":[{"href":"https:\/\/meusitejuridico.editorajuspodivm.com.br\/api\/wp\/v2\/posts\/12163","targetHints":{"allow":["GET"]}}],"collection":[{"href":"https:\/\/meusitejuridico.editorajuspodivm.com.br\/api\/wp\/v2\/posts"}],"about":[{"href":"https:\/\/meusitejuridico.editorajuspodivm.com.br\/api\/wp\/v2\/types\/post"}],"author":[{"embeddable":true,"href":"https:\/\/meusitejuridico.editorajuspodivm.com.br\/api\/wp\/v2\/users\/7"}],"replies":[{"embeddable":true,"href":"https:\/\/meusitejuridico.editorajuspodivm.com.br\/api\/wp\/v2\/comments?post=12163"}],"version-history":[{"count":1,"href":"https:\/\/meusitejuridico.editorajuspodivm.com.br\/api\/wp\/v2\/posts\/12163\/revisions"}],"predecessor-version":[{"id":12164,"href":"https:\/\/meusitejuridico.editorajuspodivm.com.br\/api\/wp\/v2\/posts\/12163\/revisions\/12164"}],"wp:featuredmedia":[{"embeddable":true,"href":"https:\/\/meusitejuridico.editorajuspodivm.com.br\/api\/wp\/v2\/media\/8977"}],"wp:attachment":[{"href":"https:\/\/meusitejuridico.editorajuspodivm.com.br\/api\/wp\/v2\/media?parent=12163"}],"wp:term":[{"taxonomy":"category","embeddable":true,"href":"https:\/\/meusitejuridico.editorajuspodivm.com.br\/api\/wp\/v2\/categories?post=12163"},{"taxonomy":"post_tag","embeddable":true,"href":"https:\/\/meusitejuridico.editorajuspodivm.com.br\/api\/wp\/v2\/tags?post=12163"}],"curies":[{"name":"wp","href":"https:\/\/api.w.org\/{rel}","templated":true}]}}