{"id":12354,"date":"2020-11-18T09:30:57","date_gmt":"2020-11-18T11:30:57","guid":{"rendered":"https:\/\/meusitejuridico.editorajuspodivm.com.br\/?p=12354"},"modified":"2020-11-18T06:16:42","modified_gmt":"2020-11-18T08:16:42","slug":"segundo-o-cpp-na-sentenca-de-pronuncia-o-juiz-deve-mencionar-o-dispositivo-legal-em-que-julgar-incurso-o-acusado","status":"publish","type":"post","link":"https:\/\/meusitejuridico.editorajuspodivm.com.br\/2020\/11\/18\/segundo-o-cpp-na-sentenca-de-pronuncia-o-juiz-deve-mencionar-o-dispositivo-legal-em-que-julgar-incurso-o-acusado\/","title":{"rendered":"Segundo o CPP, na senten\u00e7a de pron\u00fancia o juiz deve mencionar o dispositivo legal em que julgar incurso o acusado"},"content":{"rendered":"<p><strong>CERTO<\/strong><\/p>\n<p>Deve o juiz, em atendimento ao disposto na parte final do \u00a7 1\u00ba do art. 413, indicar em qual dispositivo legal se encontra pronunciado o r\u00e9u. Poder\u00e1 dar ao fato classifica\u00e7\u00e3o legal diversa da contida na den\u00fancia ou queixa, reconhecendo, por exemplo, a exist\u00eancia de uma qualificadora (RT 598\/323). Duas situa\u00e7\u00f5es se colocam nessa hip\u00f3tese. Se a qualificadora vem mencionada na inicial, embora omissa na classifica\u00e7\u00e3o legal (o promotor, por exemplo, fez refer\u00eancia a ela, deixando, por\u00e9m, de inclu\u00ed-la na capitula\u00e7\u00e3o de sua den\u00fancia), pode o juiz reconhec\u00ea-la na pron\u00fancia, por analogia ao art. 383, que prev\u00ea a emendatio libelli. Isso sem importar em qualquer preju\u00edzo para o r\u00e9u, que se defende dos fatos articulados na inicial e n\u00e3o da classifica\u00e7\u00e3o jur\u00eddico-penal dada a eles (STF \u2013 RT 662\/364). Caso, por\u00e9m, a qualificadora surja no transcorrer da instru\u00e7\u00e3o, sem que tenha sido cogitada na inicial, o juiz deve adotar as regras da <em>mutatio libelli<\/em>.<\/p>\n","protected":false},"excerpt":{"rendered":"<p>CERTO Deve o juiz, em atendimento ao disposto na parte final do \u00a7 1\u00ba do art. 413, indicar em qual dispositivo legal se encontra pronunciado o r\u00e9u. Poder\u00e1 dar ao fato classifica\u00e7\u00e3o legal diversa da contida na den\u00fancia ou queixa, reconhecendo, por exemplo, a exist\u00eancia de uma qualificadora (RT 598\/323). Duas situa\u00e7\u00f5es se colocam nessa [&hellip;]<\/p>\n","protected":false},"author":7,"featured_media":3250,"comment_status":"open","ping_status":"open","sticky":false,"template":"","format":"standard","meta":{"_acf_changed":false,"footnotes":""},"categories":[3090,78,437],"tags":[119,1656,975],"class_list":["post-12354","post","type-post","status-publish","format-standard","has-post-thumbnail","hentry","category-certo-ou-errado","category-material-de-aula","category-perguntas-e-respostas","tag-processo-penal","tag-pronuncia","tag-sentenca"],"acf":[],"yoast_head":"<!-- This site is optimized with the Yoast SEO plugin v24.8.1 - https:\/\/yoast.com\/wordpress\/plugins\/seo\/ -->\n<title>Segundo o CPP, na senten\u00e7a de pron\u00fancia o juiz deve mencionar o dispositivo legal em que julgar incurso o acusado - Meu site jur\u00eddico<\/title>\n<meta name=\"robots\" content=\"index, follow, max-snippet:-1, max-image-preview:large, max-video-preview:-1\" \/>\n<link rel=\"canonical\" href=\"https:\/\/meusitejuridico.editorajuspodivm.com.br\/2020\/11\/18\/segundo-o-cpp-na-sentenca-de-pronuncia-o-juiz-deve-mencionar-o-dispositivo-legal-em-que-julgar-incurso-o-acusado\/\" \/>\n<meta property=\"og:locale\" content=\"pt_BR\" \/>\n<meta property=\"og:type\" content=\"article\" \/>\n<meta property=\"og:title\" content=\"Segundo o CPP, na senten\u00e7a de pron\u00fancia o juiz deve mencionar o dispositivo legal em que julgar incurso o acusado - Meu site jur\u00eddico\" \/>\n<meta property=\"og:description\" content=\"CERTO Deve o juiz, em atendimento ao disposto na parte final do \u00a7 1\u00ba do art. 413, indicar em qual dispositivo legal se encontra pronunciado o r\u00e9u. Poder\u00e1 dar ao fato classifica\u00e7\u00e3o legal diversa da contida na den\u00fancia ou queixa, reconhecendo, por exemplo, a exist\u00eancia de uma qualificadora (RT 598\/323). Duas situa\u00e7\u00f5es se colocam nessa [&hellip;]\" \/>\n<meta property=\"og:url\" content=\"https:\/\/meusitejuridico.editorajuspodivm.com.br\/2020\/11\/18\/segundo-o-cpp-na-sentenca-de-pronuncia-o-juiz-deve-mencionar-o-dispositivo-legal-em-que-julgar-incurso-o-acusado\/\" \/>\n<meta property=\"og:site_name\" content=\"Meu site jur\u00eddico\" \/>\n<meta property=\"article:published_time\" content=\"2020-11-18T11:30:57+00:00\" \/>\n<meta property=\"og:image\" content=\"https:\/\/meusitejuridico.editorajuspodivm.com.br\/s.meusitejuridico\/2017\/08\/f00e15ea-shutterstock-342654170.jpg\" \/>\n\t<meta property=\"og:image:width\" content=\"4000\" \/>\n\t<meta property=\"og:image:height\" content=\"3000\" \/>\n\t<meta property=\"og:image:type\" content=\"image\/jpeg\" \/>\n<meta name=\"author\" content=\"Equipe Meu Site Jur\u00eddico\" \/>\n<meta name=\"twitter:card\" content=\"summary_large_image\" \/>\n<meta name=\"twitter:label1\" content=\"Escrito por\" \/>\n\t<meta name=\"twitter:data1\" content=\"Equipe Meu Site Jur\u00eddico\" \/>\n\t<meta name=\"twitter:label2\" content=\"Est. tempo de leitura\" \/>\n\t<meta name=\"twitter:data2\" content=\"1 minuto\" \/>\n<script type=\"application\/ld+json\" class=\"yoast-schema-graph\">{\"@context\":\"https:\/\/schema.org\",\"@graph\":[{\"@type\":\"Article\",\"@id\":\"https:\/\/meusitejuridico.editorajuspodivm.com.br\/2020\/11\/18\/segundo-o-cpp-na-sentenca-de-pronuncia-o-juiz-deve-mencionar-o-dispositivo-legal-em-que-julgar-incurso-o-acusado\/#article\",\"isPartOf\":{\"@id\":\"https:\/\/meusitejuridico.editorajuspodivm.com.br\/2020\/11\/18\/segundo-o-cpp-na-sentenca-de-pronuncia-o-juiz-deve-mencionar-o-dispositivo-legal-em-que-julgar-incurso-o-acusado\/\"},\"author\":{\"name\":\"Equipe Meu Site Jur\u00eddico\",\"@id\":\"https:\/\/cdn.meusitejuridico.com.br\/#\/schema\/person\/5c2237ac0c8ff03bcf1a09fe3e45dfce\"},\"headline\":\"Segundo o CPP, na senten\u00e7a de pron\u00fancia o juiz deve mencionar o dispositivo legal em que julgar incurso o acusado\",\"datePublished\":\"2020-11-18T11:30:57+00:00\",\"mainEntityOfPage\":{\"@id\":\"https:\/\/meusitejuridico.editorajuspodivm.com.br\/2020\/11\/18\/segundo-o-cpp-na-sentenca-de-pronuncia-o-juiz-deve-mencionar-o-dispositivo-legal-em-que-julgar-incurso-o-acusado\/\"},\"wordCount\":191,\"commentCount\":0,\"publisher\":{\"@id\":\"https:\/\/cdn.meusitejuridico.com.br\/#organization\"},\"image\":{\"@id\":\"https:\/\/meusitejuridico.editorajuspodivm.com.br\/2020\/11\/18\/segundo-o-cpp-na-sentenca-de-pronuncia-o-juiz-deve-mencionar-o-dispositivo-legal-em-que-julgar-incurso-o-acusado\/#primaryimage\"},\"thumbnailUrl\":\"https:\/\/meusitejuridico.editorajuspodivm.com.br\/s.meusitejuridico\/2017\/08\/f00e15ea-shutterstock-342654170.jpg\",\"keywords\":[\"Processo Penal\",\"pron\u00fancia\",\"senten\u00e7a\"],\"articleSection\":[\"Certo ou errado?\",\"Material de aula\",\"Perguntas e Respostas\"],\"inLanguage\":\"pt-BR\",\"potentialAction\":[{\"@type\":\"CommentAction\",\"name\":\"Comment\",\"target\":[\"https:\/\/meusitejuridico.editorajuspodivm.com.br\/2020\/11\/18\/segundo-o-cpp-na-sentenca-de-pronuncia-o-juiz-deve-mencionar-o-dispositivo-legal-em-que-julgar-incurso-o-acusado\/#respond\"]}]},{\"@type\":\"WebPage\",\"@id\":\"https:\/\/meusitejuridico.editorajuspodivm.com.br\/2020\/11\/18\/segundo-o-cpp-na-sentenca-de-pronuncia-o-juiz-deve-mencionar-o-dispositivo-legal-em-que-julgar-incurso-o-acusado\/\",\"url\":\"https:\/\/meusitejuridico.editorajuspodivm.com.br\/2020\/11\/18\/segundo-o-cpp-na-sentenca-de-pronuncia-o-juiz-deve-mencionar-o-dispositivo-legal-em-que-julgar-incurso-o-acusado\/\",\"name\":\"Segundo o CPP, na senten\u00e7a de pron\u00fancia o juiz deve mencionar o dispositivo legal em que julgar incurso o acusado - Meu site jur\u00eddico\",\"isPartOf\":{\"@id\":\"https:\/\/cdn.meusitejuridico.com.br\/#website\"},\"primaryImageOfPage\":{\"@id\":\"https:\/\/meusitejuridico.editorajuspodivm.com.br\/2020\/11\/18\/segundo-o-cpp-na-sentenca-de-pronuncia-o-juiz-deve-mencionar-o-dispositivo-legal-em-que-julgar-incurso-o-acusado\/#primaryimage\"},\"image\":{\"@id\":\"https:\/\/meusitejuridico.editorajuspodivm.com.br\/2020\/11\/18\/segundo-o-cpp-na-sentenca-de-pronuncia-o-juiz-deve-mencionar-o-dispositivo-legal-em-que-julgar-incurso-o-acusado\/#primaryimage\"},\"thumbnailUrl\":\"https:\/\/meusitejuridico.editorajuspodivm.com.br\/s.meusitejuridico\/2017\/08\/f00e15ea-shutterstock-342654170.jpg\",\"datePublished\":\"2020-11-18T11:30:57+00:00\",\"breadcrumb\":{\"@id\":\"https:\/\/meusitejuridico.editorajuspodivm.com.br\/2020\/11\/18\/segundo-o-cpp-na-sentenca-de-pronuncia-o-juiz-deve-mencionar-o-dispositivo-legal-em-que-julgar-incurso-o-acusado\/#breadcrumb\"},\"inLanguage\":\"pt-BR\",\"potentialAction\":[{\"@type\":\"ReadAction\",\"target\":[\"https:\/\/meusitejuridico.editorajuspodivm.com.br\/2020\/11\/18\/segundo-o-cpp-na-sentenca-de-pronuncia-o-juiz-deve-mencionar-o-dispositivo-legal-em-que-julgar-incurso-o-acusado\/\"]}]},{\"@type\":\"ImageObject\",\"inLanguage\":\"pt-BR\",\"@id\":\"https:\/\/meusitejuridico.editorajuspodivm.com.br\/2020\/11\/18\/segundo-o-cpp-na-sentenca-de-pronuncia-o-juiz-deve-mencionar-o-dispositivo-legal-em-que-julgar-incurso-o-acusado\/#primaryimage\",\"url\":\"https:\/\/meusitejuridico.editorajuspodivm.com.br\/s.meusitejuridico\/2017\/08\/f00e15ea-shutterstock-342654170.jpg\",\"contentUrl\":\"https:\/\/meusitejuridico.editorajuspodivm.com.br\/s.meusitejuridico\/2017\/08\/f00e15ea-shutterstock-342654170.jpg\",\"width\":4000,\"height\":3000},{\"@type\":\"BreadcrumbList\",\"@id\":\"https:\/\/meusitejuridico.editorajuspodivm.com.br\/2020\/11\/18\/segundo-o-cpp-na-sentenca-de-pronuncia-o-juiz-deve-mencionar-o-dispositivo-legal-em-que-julgar-incurso-o-acusado\/#breadcrumb\",\"itemListElement\":[{\"@type\":\"ListItem\",\"position\":1,\"name\":\"In\u00edcio\",\"item\":\"https:\/\/cdn.meusitejuridico.com.br\/\"},{\"@type\":\"ListItem\",\"position\":2,\"name\":\"Segundo o CPP, na senten\u00e7a de pron\u00fancia o juiz deve mencionar o dispositivo legal em que julgar incurso o acusado\"}]},{\"@type\":\"WebSite\",\"@id\":\"https:\/\/cdn.meusitejuridico.com.br\/#website\",\"url\":\"https:\/\/cdn.meusitejuridico.com.br\/\",\"name\":\"Meu site jur\u00eddico\",\"description\":\"Meu site jur\u00eddico\",\"publisher\":{\"@id\":\"https:\/\/cdn.meusitejuridico.com.br\/#organization\"},\"potentialAction\":[{\"@type\":\"SearchAction\",\"target\":{\"@type\":\"EntryPoint\",\"urlTemplate\":\"https:\/\/cdn.meusitejuridico.com.br\/?s={search_term_string}\"},\"query-input\":{\"@type\":\"PropertyValueSpecification\",\"valueRequired\":true,\"valueName\":\"search_term_string\"}}],\"inLanguage\":\"pt-BR\"},{\"@type\":\"Organization\",\"@id\":\"https:\/\/cdn.meusitejuridico.com.br\/#organization\",\"name\":\"Meu site jur\u00eddico\",\"url\":\"https:\/\/cdn.meusitejuridico.com.br\/\",\"logo\":{\"@type\":\"ImageObject\",\"inLanguage\":\"pt-BR\",\"@id\":\"https:\/\/cdn.meusitejuridico.com.br\/#\/schema\/logo\/image\/\",\"url\":\"https:\/\/meusitejuridico.editorajuspodivm.com.br\/s.meusitejuridico\/2022\/03\/cropped-baeec2a3-msj-02-01-01.png\",\"contentUrl\":\"https:\/\/meusitejuridico.editorajuspodivm.com.br\/s.meusitejuridico\/2022\/03\/cropped-baeec2a3-msj-02-01-01.png\",\"width\":349,\"height\":243,\"caption\":\"Meu site jur\u00eddico\"},\"image\":{\"@id\":\"https:\/\/cdn.meusitejuridico.com.br\/#\/schema\/logo\/image\/\"}},{\"@type\":\"Person\",\"@id\":\"https:\/\/cdn.meusitejuridico.com.br\/#\/schema\/person\/5c2237ac0c8ff03bcf1a09fe3e45dfce\",\"name\":\"Equipe Meu Site Jur\u00eddico\",\"image\":{\"@type\":\"ImageObject\",\"inLanguage\":\"pt-BR\",\"@id\":\"https:\/\/cdn.meusitejuridico.com.br\/#\/schema\/person\/image\/\",\"url\":\"https:\/\/meusitejuridico.editorajuspodivm.com.br\/s.meusitejuridico\/2020\/07\/6be289aa-logo-msj.png\",\"contentUrl\":\"https:\/\/meusitejuridico.editorajuspodivm.com.br\/s.meusitejuridico\/2020\/07\/6be289aa-logo-msj.png\",\"caption\":\"Equipe Meu Site Jur\u00eddico\"},\"description\":\"Contem conosco!\",\"url\":\"https:\/\/meusitejuridico.editorajuspodivm.com.br\/author\/equipe-meu-site-juridico\/\"}]}<\/script>\n<!-- \/ Yoast SEO plugin. -->","yoast_head_json":{"title":"Segundo o CPP, na senten\u00e7a de pron\u00fancia o juiz deve mencionar o dispositivo legal em que julgar incurso o acusado - Meu site jur\u00eddico","robots":{"index":"index","follow":"follow","max-snippet":"max-snippet:-1","max-image-preview":"max-image-preview:large","max-video-preview":"max-video-preview:-1"},"canonical":"https:\/\/meusitejuridico.editorajuspodivm.com.br\/2020\/11\/18\/segundo-o-cpp-na-sentenca-de-pronuncia-o-juiz-deve-mencionar-o-dispositivo-legal-em-que-julgar-incurso-o-acusado\/","og_locale":"pt_BR","og_type":"article","og_title":"Segundo o CPP, na senten\u00e7a de pron\u00fancia o juiz deve mencionar o dispositivo legal em que julgar incurso o acusado - Meu site jur\u00eddico","og_description":"CERTO Deve o juiz, em atendimento ao disposto na parte final do \u00a7 1\u00ba do art. 413, indicar em qual dispositivo legal se encontra pronunciado o r\u00e9u. Poder\u00e1 dar ao fato classifica\u00e7\u00e3o legal diversa da contida na den\u00fancia ou queixa, reconhecendo, por exemplo, a exist\u00eancia de uma qualificadora (RT 598\/323). Duas situa\u00e7\u00f5es se colocam nessa [&hellip;]","og_url":"https:\/\/meusitejuridico.editorajuspodivm.com.br\/2020\/11\/18\/segundo-o-cpp-na-sentenca-de-pronuncia-o-juiz-deve-mencionar-o-dispositivo-legal-em-que-julgar-incurso-o-acusado\/","og_site_name":"Meu site jur\u00eddico","article_published_time":"2020-11-18T11:30:57+00:00","og_image":[{"width":4000,"height":3000,"url":"https:\/\/meusitejuridico.editorajuspodivm.com.br\/s.meusitejuridico\/2017\/08\/f00e15ea-shutterstock-342654170.jpg","type":"image\/jpeg"}],"author":"Equipe Meu Site Jur\u00eddico","twitter_card":"summary_large_image","twitter_misc":{"Escrito por":"Equipe Meu Site Jur\u00eddico","Est. tempo de leitura":"1 minuto"},"schema":{"@context":"https:\/\/schema.org","@graph":[{"@type":"Article","@id":"https:\/\/meusitejuridico.editorajuspodivm.com.br\/2020\/11\/18\/segundo-o-cpp-na-sentenca-de-pronuncia-o-juiz-deve-mencionar-o-dispositivo-legal-em-que-julgar-incurso-o-acusado\/#article","isPartOf":{"@id":"https:\/\/meusitejuridico.editorajuspodivm.com.br\/2020\/11\/18\/segundo-o-cpp-na-sentenca-de-pronuncia-o-juiz-deve-mencionar-o-dispositivo-legal-em-que-julgar-incurso-o-acusado\/"},"author":{"name":"Equipe Meu Site Jur\u00eddico","@id":"https:\/\/cdn.meusitejuridico.com.br\/#\/schema\/person\/5c2237ac0c8ff03bcf1a09fe3e45dfce"},"headline":"Segundo o CPP, na senten\u00e7a de pron\u00fancia o juiz deve mencionar o dispositivo legal em que julgar incurso o acusado","datePublished":"2020-11-18T11:30:57+00:00","mainEntityOfPage":{"@id":"https:\/\/meusitejuridico.editorajuspodivm.com.br\/2020\/11\/18\/segundo-o-cpp-na-sentenca-de-pronuncia-o-juiz-deve-mencionar-o-dispositivo-legal-em-que-julgar-incurso-o-acusado\/"},"wordCount":191,"commentCount":0,"publisher":{"@id":"https:\/\/cdn.meusitejuridico.com.br\/#organization"},"image":{"@id":"https:\/\/meusitejuridico.editorajuspodivm.com.br\/2020\/11\/18\/segundo-o-cpp-na-sentenca-de-pronuncia-o-juiz-deve-mencionar-o-dispositivo-legal-em-que-julgar-incurso-o-acusado\/#primaryimage"},"thumbnailUrl":"https:\/\/meusitejuridico.editorajuspodivm.com.br\/s.meusitejuridico\/2017\/08\/f00e15ea-shutterstock-342654170.jpg","keywords":["Processo Penal","pron\u00fancia","senten\u00e7a"],"articleSection":["Certo ou errado?","Material de aula","Perguntas e Respostas"],"inLanguage":"pt-BR","potentialAction":[{"@type":"CommentAction","name":"Comment","target":["https:\/\/meusitejuridico.editorajuspodivm.com.br\/2020\/11\/18\/segundo-o-cpp-na-sentenca-de-pronuncia-o-juiz-deve-mencionar-o-dispositivo-legal-em-que-julgar-incurso-o-acusado\/#respond"]}]},{"@type":"WebPage","@id":"https:\/\/meusitejuridico.editorajuspodivm.com.br\/2020\/11\/18\/segundo-o-cpp-na-sentenca-de-pronuncia-o-juiz-deve-mencionar-o-dispositivo-legal-em-que-julgar-incurso-o-acusado\/","url":"https:\/\/meusitejuridico.editorajuspodivm.com.br\/2020\/11\/18\/segundo-o-cpp-na-sentenca-de-pronuncia-o-juiz-deve-mencionar-o-dispositivo-legal-em-que-julgar-incurso-o-acusado\/","name":"Segundo o CPP, na senten\u00e7a de pron\u00fancia o juiz deve mencionar o dispositivo legal em que julgar incurso o acusado - Meu site jur\u00eddico","isPartOf":{"@id":"https:\/\/cdn.meusitejuridico.com.br\/#website"},"primaryImageOfPage":{"@id":"https:\/\/meusitejuridico.editorajuspodivm.com.br\/2020\/11\/18\/segundo-o-cpp-na-sentenca-de-pronuncia-o-juiz-deve-mencionar-o-dispositivo-legal-em-que-julgar-incurso-o-acusado\/#primaryimage"},"image":{"@id":"https:\/\/meusitejuridico.editorajuspodivm.com.br\/2020\/11\/18\/segundo-o-cpp-na-sentenca-de-pronuncia-o-juiz-deve-mencionar-o-dispositivo-legal-em-que-julgar-incurso-o-acusado\/#primaryimage"},"thumbnailUrl":"https:\/\/meusitejuridico.editorajuspodivm.com.br\/s.meusitejuridico\/2017\/08\/f00e15ea-shutterstock-342654170.jpg","datePublished":"2020-11-18T11:30:57+00:00","breadcrumb":{"@id":"https:\/\/meusitejuridico.editorajuspodivm.com.br\/2020\/11\/18\/segundo-o-cpp-na-sentenca-de-pronuncia-o-juiz-deve-mencionar-o-dispositivo-legal-em-que-julgar-incurso-o-acusado\/#breadcrumb"},"inLanguage":"pt-BR","potentialAction":[{"@type":"ReadAction","target":["https:\/\/meusitejuridico.editorajuspodivm.com.br\/2020\/11\/18\/segundo-o-cpp-na-sentenca-de-pronuncia-o-juiz-deve-mencionar-o-dispositivo-legal-em-que-julgar-incurso-o-acusado\/"]}]},{"@type":"ImageObject","inLanguage":"pt-BR","@id":"https:\/\/meusitejuridico.editorajuspodivm.com.br\/2020\/11\/18\/segundo-o-cpp-na-sentenca-de-pronuncia-o-juiz-deve-mencionar-o-dispositivo-legal-em-que-julgar-incurso-o-acusado\/#primaryimage","url":"https:\/\/meusitejuridico.editorajuspodivm.com.br\/s.meusitejuridico\/2017\/08\/f00e15ea-shutterstock-342654170.jpg","contentUrl":"https:\/\/meusitejuridico.editorajuspodivm.com.br\/s.meusitejuridico\/2017\/08\/f00e15ea-shutterstock-342654170.jpg","width":4000,"height":3000},{"@type":"BreadcrumbList","@id":"https:\/\/meusitejuridico.editorajuspodivm.com.br\/2020\/11\/18\/segundo-o-cpp-na-sentenca-de-pronuncia-o-juiz-deve-mencionar-o-dispositivo-legal-em-que-julgar-incurso-o-acusado\/#breadcrumb","itemListElement":[{"@type":"ListItem","position":1,"name":"In\u00edcio","item":"https:\/\/cdn.meusitejuridico.com.br\/"},{"@type":"ListItem","position":2,"name":"Segundo o CPP, na senten\u00e7a de pron\u00fancia o juiz deve mencionar o dispositivo legal em que julgar incurso o acusado"}]},{"@type":"WebSite","@id":"https:\/\/cdn.meusitejuridico.com.br\/#website","url":"https:\/\/cdn.meusitejuridico.com.br\/","name":"Meu site jur\u00eddico","description":"Meu site jur\u00eddico","publisher":{"@id":"https:\/\/cdn.meusitejuridico.com.br\/#organization"},"potentialAction":[{"@type":"SearchAction","target":{"@type":"EntryPoint","urlTemplate":"https:\/\/cdn.meusitejuridico.com.br\/?s={search_term_string}"},"query-input":{"@type":"PropertyValueSpecification","valueRequired":true,"valueName":"search_term_string"}}],"inLanguage":"pt-BR"},{"@type":"Organization","@id":"https:\/\/cdn.meusitejuridico.com.br\/#organization","name":"Meu site jur\u00eddico","url":"https:\/\/cdn.meusitejuridico.com.br\/","logo":{"@type":"ImageObject","inLanguage":"pt-BR","@id":"https:\/\/cdn.meusitejuridico.com.br\/#\/schema\/logo\/image\/","url":"https:\/\/meusitejuridico.editorajuspodivm.com.br\/s.meusitejuridico\/2022\/03\/cropped-baeec2a3-msj-02-01-01.png","contentUrl":"https:\/\/meusitejuridico.editorajuspodivm.com.br\/s.meusitejuridico\/2022\/03\/cropped-baeec2a3-msj-02-01-01.png","width":349,"height":243,"caption":"Meu site jur\u00eddico"},"image":{"@id":"https:\/\/cdn.meusitejuridico.com.br\/#\/schema\/logo\/image\/"}},{"@type":"Person","@id":"https:\/\/cdn.meusitejuridico.com.br\/#\/schema\/person\/5c2237ac0c8ff03bcf1a09fe3e45dfce","name":"Equipe Meu Site Jur\u00eddico","image":{"@type":"ImageObject","inLanguage":"pt-BR","@id":"https:\/\/cdn.meusitejuridico.com.br\/#\/schema\/person\/image\/","url":"https:\/\/meusitejuridico.editorajuspodivm.com.br\/s.meusitejuridico\/2020\/07\/6be289aa-logo-msj.png","contentUrl":"https:\/\/meusitejuridico.editorajuspodivm.com.br\/s.meusitejuridico\/2020\/07\/6be289aa-logo-msj.png","caption":"Equipe Meu Site Jur\u00eddico"},"description":"Contem conosco!","url":"https:\/\/meusitejuridico.editorajuspodivm.com.br\/author\/equipe-meu-site-juridico\/"}]}},"_links":{"self":[{"href":"https:\/\/meusitejuridico.editorajuspodivm.com.br\/api\/wp\/v2\/posts\/12354","targetHints":{"allow":["GET"]}}],"collection":[{"href":"https:\/\/meusitejuridico.editorajuspodivm.com.br\/api\/wp\/v2\/posts"}],"about":[{"href":"https:\/\/meusitejuridico.editorajuspodivm.com.br\/api\/wp\/v2\/types\/post"}],"author":[{"embeddable":true,"href":"https:\/\/meusitejuridico.editorajuspodivm.com.br\/api\/wp\/v2\/users\/7"}],"replies":[{"embeddable":true,"href":"https:\/\/meusitejuridico.editorajuspodivm.com.br\/api\/wp\/v2\/comments?post=12354"}],"version-history":[{"count":1,"href":"https:\/\/meusitejuridico.editorajuspodivm.com.br\/api\/wp\/v2\/posts\/12354\/revisions"}],"predecessor-version":[{"id":12355,"href":"https:\/\/meusitejuridico.editorajuspodivm.com.br\/api\/wp\/v2\/posts\/12354\/revisions\/12355"}],"wp:featuredmedia":[{"embeddable":true,"href":"https:\/\/meusitejuridico.editorajuspodivm.com.br\/api\/wp\/v2\/media\/3250"}],"wp:attachment":[{"href":"https:\/\/meusitejuridico.editorajuspodivm.com.br\/api\/wp\/v2\/media?parent=12354"}],"wp:term":[{"taxonomy":"category","embeddable":true,"href":"https:\/\/meusitejuridico.editorajuspodivm.com.br\/api\/wp\/v2\/categories?post=12354"},{"taxonomy":"post_tag","embeddable":true,"href":"https:\/\/meusitejuridico.editorajuspodivm.com.br\/api\/wp\/v2\/tags?post=12354"}],"curies":[{"name":"wp","href":"https:\/\/api.w.org\/{rel}","templated":true}]}}