{"id":12677,"date":"2021-01-14T08:30:42","date_gmt":"2021-01-14T10:30:42","guid":{"rendered":"https:\/\/meusitejuridico.editorajuspodivm.com.br\/?p=12677"},"modified":"2021-01-14T08:47:48","modified_gmt":"2021-01-14T10:47:48","slug":"o-codigo-penal-veda-expressamente-denominada-lex-tertia","status":"publish","type":"post","link":"https:\/\/meusitejuridico.editorajuspodivm.com.br\/2021\/01\/14\/o-codigo-penal-veda-expressamente-denominada-lex-tertia\/","title":{"rendered":"O C\u00f3digo Penal veda expressamente a denominada &#8220;lex tertia&#8221;"},"content":{"rendered":"<p><strong>ERRADO<\/strong><\/p>\n<p>Assim como n\u00e3o a permite expressamente, o C\u00f3digo Penal n\u00e3o veda a <em>lex tertia<\/em>. O \u00f3bice \u00e0 combina\u00e7\u00e3o de leis \u00e9 produto de constru\u00e7\u00e3o doutrin\u00e1ria e, especialmente, jurisprudencial, que considera imposs\u00edvel o aplicador da lei criar, a partir da fus\u00e3o, terceira figura normativa, usurpando a fun\u00e7\u00e3o do Poder Legislativo.<\/p>\n","protected":false},"excerpt":{"rendered":"<p>ERRADO Assim como n\u00e3o a permite expressamente, o C\u00f3digo Penal n\u00e3o veda a lex tertia. O \u00f3bice \u00e0 combina\u00e7\u00e3o de leis \u00e9 produto de constru\u00e7\u00e3o doutrin\u00e1ria e, especialmente, jurisprudencial, que considera imposs\u00edvel o aplicador da lei criar, a partir da fus\u00e3o, terceira figura normativa, usurpando a fun\u00e7\u00e3o do Poder Legislativo.<\/p>\n","protected":false},"author":7,"featured_media":10080,"comment_status":"open","ping_status":"open","sticky":false,"template":"","format":"standard","meta":{"_acf_changed":false,"footnotes":""},"categories":[3090,78,437],"tags":[1753,107,3524],"class_list":["post-12677","post","type-post","status-publish","format-standard","has-post-thumbnail","hentry","category-certo-ou-errado","category-material-de-aula","category-perguntas-e-respostas","tag-combinacao-de-leis","tag-direito-penal","tag-lex-tertia"],"acf":[],"yoast_head":"<!-- This site is optimized with the Yoast SEO plugin v24.8.1 - https:\/\/yoast.com\/wordpress\/plugins\/seo\/ -->\n<title>O C\u00f3digo Penal veda expressamente a denominada &quot;lex tertia&quot; - Meu site jur\u00eddico<\/title>\n<meta name=\"robots\" content=\"index, follow, max-snippet:-1, max-image-preview:large, max-video-preview:-1\" \/>\n<link rel=\"canonical\" href=\"https:\/\/meusitejuridico.editorajuspodivm.com.br\/2021\/01\/14\/o-codigo-penal-veda-expressamente-denominada-lex-tertia\/\" \/>\n<meta property=\"og:locale\" content=\"pt_BR\" \/>\n<meta property=\"og:type\" content=\"article\" \/>\n<meta property=\"og:title\" content=\"O C\u00f3digo Penal veda expressamente a denominada &quot;lex tertia&quot; - Meu site jur\u00eddico\" \/>\n<meta property=\"og:description\" content=\"ERRADO Assim como n\u00e3o a permite expressamente, o C\u00f3digo Penal n\u00e3o veda a lex tertia. O \u00f3bice \u00e0 combina\u00e7\u00e3o de leis \u00e9 produto de constru\u00e7\u00e3o doutrin\u00e1ria e, especialmente, jurisprudencial, que considera imposs\u00edvel o aplicador da lei criar, a partir da fus\u00e3o, terceira figura normativa, usurpando a fun\u00e7\u00e3o do Poder Legislativo.\" \/>\n<meta property=\"og:url\" content=\"https:\/\/meusitejuridico.editorajuspodivm.com.br\/2021\/01\/14\/o-codigo-penal-veda-expressamente-denominada-lex-tertia\/\" \/>\n<meta property=\"og:site_name\" content=\"Meu site jur\u00eddico\" \/>\n<meta property=\"article:published_time\" content=\"2021-01-14T10:30:42+00:00\" \/>\n<meta property=\"article:modified_time\" content=\"2021-01-14T10:47:48+00:00\" \/>\n<meta property=\"og:image\" content=\"https:\/\/meusitejuridico.editorajuspodivm.com.br\/s.meusitejuridico\/2020\/01\/766fa588-reading-2557256-640.jpg\" \/>\n\t<meta property=\"og:image:width\" content=\"640\" \/>\n\t<meta property=\"og:image:height\" content=\"426\" \/>\n\t<meta property=\"og:image:type\" content=\"image\/jpeg\" \/>\n<meta name=\"author\" content=\"Equipe Meu Site Jur\u00eddico\" \/>\n<meta name=\"twitter:card\" content=\"summary_large_image\" \/>\n<meta name=\"twitter:label1\" content=\"Escrito por\" \/>\n\t<meta name=\"twitter:data1\" content=\"Equipe Meu Site Jur\u00eddico\" \/>\n<script type=\"application\/ld+json\" class=\"yoast-schema-graph\">{\"@context\":\"https:\/\/schema.org\",\"@graph\":[{\"@type\":\"Article\",\"@id\":\"https:\/\/meusitejuridico.editorajuspodivm.com.br\/2021\/01\/14\/o-codigo-penal-veda-expressamente-denominada-lex-tertia\/#article\",\"isPartOf\":{\"@id\":\"https:\/\/meusitejuridico.editorajuspodivm.com.br\/2021\/01\/14\/o-codigo-penal-veda-expressamente-denominada-lex-tertia\/\"},\"author\":{\"name\":\"Equipe Meu Site Jur\u00eddico\",\"@id\":\"https:\/\/cdn.meusitejuridico.com.br\/#\/schema\/person\/5c2237ac0c8ff03bcf1a09fe3e45dfce\"},\"headline\":\"O C\u00f3digo Penal veda expressamente a denominada &#8220;lex tertia&#8221;\",\"datePublished\":\"2021-01-14T10:30:42+00:00\",\"dateModified\":\"2021-01-14T10:47:48+00:00\",\"mainEntityOfPage\":{\"@id\":\"https:\/\/meusitejuridico.editorajuspodivm.com.br\/2021\/01\/14\/o-codigo-penal-veda-expressamente-denominada-lex-tertia\/\"},\"wordCount\":67,\"commentCount\":0,\"publisher\":{\"@id\":\"https:\/\/cdn.meusitejuridico.com.br\/#organization\"},\"image\":{\"@id\":\"https:\/\/meusitejuridico.editorajuspodivm.com.br\/2021\/01\/14\/o-codigo-penal-veda-expressamente-denominada-lex-tertia\/#primaryimage\"},\"thumbnailUrl\":\"https:\/\/meusitejuridico.editorajuspodivm.com.br\/s.meusitejuridico\/2020\/01\/766fa588-reading-2557256-640.jpg\",\"keywords\":[\"combina\u00e7\u00e3o de leis\",\"Direito Penal\",\"lex tertia\"],\"articleSection\":[\"Certo ou errado?\",\"Material de aula\",\"Perguntas e Respostas\"],\"inLanguage\":\"pt-BR\",\"potentialAction\":[{\"@type\":\"CommentAction\",\"name\":\"Comment\",\"target\":[\"https:\/\/meusitejuridico.editorajuspodivm.com.br\/2021\/01\/14\/o-codigo-penal-veda-expressamente-denominada-lex-tertia\/#respond\"]}]},{\"@type\":\"WebPage\",\"@id\":\"https:\/\/meusitejuridico.editorajuspodivm.com.br\/2021\/01\/14\/o-codigo-penal-veda-expressamente-denominada-lex-tertia\/\",\"url\":\"https:\/\/meusitejuridico.editorajuspodivm.com.br\/2021\/01\/14\/o-codigo-penal-veda-expressamente-denominada-lex-tertia\/\",\"name\":\"O C\u00f3digo Penal veda expressamente a denominada \\\"lex tertia\\\" - Meu site jur\u00eddico\",\"isPartOf\":{\"@id\":\"https:\/\/cdn.meusitejuridico.com.br\/#website\"},\"primaryImageOfPage\":{\"@id\":\"https:\/\/meusitejuridico.editorajuspodivm.com.br\/2021\/01\/14\/o-codigo-penal-veda-expressamente-denominada-lex-tertia\/#primaryimage\"},\"image\":{\"@id\":\"https:\/\/meusitejuridico.editorajuspodivm.com.br\/2021\/01\/14\/o-codigo-penal-veda-expressamente-denominada-lex-tertia\/#primaryimage\"},\"thumbnailUrl\":\"https:\/\/meusitejuridico.editorajuspodivm.com.br\/s.meusitejuridico\/2020\/01\/766fa588-reading-2557256-640.jpg\",\"datePublished\":\"2021-01-14T10:30:42+00:00\",\"dateModified\":\"2021-01-14T10:47:48+00:00\",\"breadcrumb\":{\"@id\":\"https:\/\/meusitejuridico.editorajuspodivm.com.br\/2021\/01\/14\/o-codigo-penal-veda-expressamente-denominada-lex-tertia\/#breadcrumb\"},\"inLanguage\":\"pt-BR\",\"potentialAction\":[{\"@type\":\"ReadAction\",\"target\":[\"https:\/\/meusitejuridico.editorajuspodivm.com.br\/2021\/01\/14\/o-codigo-penal-veda-expressamente-denominada-lex-tertia\/\"]}]},{\"@type\":\"ImageObject\",\"inLanguage\":\"pt-BR\",\"@id\":\"https:\/\/meusitejuridico.editorajuspodivm.com.br\/2021\/01\/14\/o-codigo-penal-veda-expressamente-denominada-lex-tertia\/#primaryimage\",\"url\":\"https:\/\/meusitejuridico.editorajuspodivm.com.br\/s.meusitejuridico\/2020\/01\/766fa588-reading-2557256-640.jpg\",\"contentUrl\":\"https:\/\/meusitejuridico.editorajuspodivm.com.br\/s.meusitejuridico\/2020\/01\/766fa588-reading-2557256-640.jpg\",\"width\":640,\"height\":426},{\"@type\":\"BreadcrumbList\",\"@id\":\"https:\/\/meusitejuridico.editorajuspodivm.com.br\/2021\/01\/14\/o-codigo-penal-veda-expressamente-denominada-lex-tertia\/#breadcrumb\",\"itemListElement\":[{\"@type\":\"ListItem\",\"position\":1,\"name\":\"In\u00edcio\",\"item\":\"https:\/\/cdn.meusitejuridico.com.br\/\"},{\"@type\":\"ListItem\",\"position\":2,\"name\":\"O C\u00f3digo Penal veda expressamente a denominada &#8220;lex tertia&#8221;\"}]},{\"@type\":\"WebSite\",\"@id\":\"https:\/\/cdn.meusitejuridico.com.br\/#website\",\"url\":\"https:\/\/cdn.meusitejuridico.com.br\/\",\"name\":\"Meu site jur\u00eddico\",\"description\":\"Meu site jur\u00eddico\",\"publisher\":{\"@id\":\"https:\/\/cdn.meusitejuridico.com.br\/#organization\"},\"potentialAction\":[{\"@type\":\"SearchAction\",\"target\":{\"@type\":\"EntryPoint\",\"urlTemplate\":\"https:\/\/cdn.meusitejuridico.com.br\/?s={search_term_string}\"},\"query-input\":{\"@type\":\"PropertyValueSpecification\",\"valueRequired\":true,\"valueName\":\"search_term_string\"}}],\"inLanguage\":\"pt-BR\"},{\"@type\":\"Organization\",\"@id\":\"https:\/\/cdn.meusitejuridico.com.br\/#organization\",\"name\":\"Meu site jur\u00eddico\",\"url\":\"https:\/\/cdn.meusitejuridico.com.br\/\",\"logo\":{\"@type\":\"ImageObject\",\"inLanguage\":\"pt-BR\",\"@id\":\"https:\/\/cdn.meusitejuridico.com.br\/#\/schema\/logo\/image\/\",\"url\":\"https:\/\/meusitejuridico.editorajuspodivm.com.br\/s.meusitejuridico\/2022\/03\/cropped-baeec2a3-msj-02-01-01.png\",\"contentUrl\":\"https:\/\/meusitejuridico.editorajuspodivm.com.br\/s.meusitejuridico\/2022\/03\/cropped-baeec2a3-msj-02-01-01.png\",\"width\":349,\"height\":243,\"caption\":\"Meu site jur\u00eddico\"},\"image\":{\"@id\":\"https:\/\/cdn.meusitejuridico.com.br\/#\/schema\/logo\/image\/\"}},{\"@type\":\"Person\",\"@id\":\"https:\/\/cdn.meusitejuridico.com.br\/#\/schema\/person\/5c2237ac0c8ff03bcf1a09fe3e45dfce\",\"name\":\"Equipe Meu Site Jur\u00eddico\",\"image\":{\"@type\":\"ImageObject\",\"inLanguage\":\"pt-BR\",\"@id\":\"https:\/\/cdn.meusitejuridico.com.br\/#\/schema\/person\/image\/\",\"url\":\"https:\/\/meusitejuridico.editorajuspodivm.com.br\/s.meusitejuridico\/2020\/07\/6be289aa-logo-msj.png\",\"contentUrl\":\"https:\/\/meusitejuridico.editorajuspodivm.com.br\/s.meusitejuridico\/2020\/07\/6be289aa-logo-msj.png\",\"caption\":\"Equipe Meu Site Jur\u00eddico\"},\"description\":\"Contem conosco!\",\"url\":\"https:\/\/meusitejuridico.editorajuspodivm.com.br\/author\/equipe-meu-site-juridico\/\"}]}<\/script>\n<!-- \/ Yoast SEO plugin. -->","yoast_head_json":{"title":"O C\u00f3digo Penal veda expressamente a denominada \"lex tertia\" - Meu site jur\u00eddico","robots":{"index":"index","follow":"follow","max-snippet":"max-snippet:-1","max-image-preview":"max-image-preview:large","max-video-preview":"max-video-preview:-1"},"canonical":"https:\/\/meusitejuridico.editorajuspodivm.com.br\/2021\/01\/14\/o-codigo-penal-veda-expressamente-denominada-lex-tertia\/","og_locale":"pt_BR","og_type":"article","og_title":"O C\u00f3digo Penal veda expressamente a denominada \"lex tertia\" - Meu site jur\u00eddico","og_description":"ERRADO Assim como n\u00e3o a permite expressamente, o C\u00f3digo Penal n\u00e3o veda a lex tertia. O \u00f3bice \u00e0 combina\u00e7\u00e3o de leis \u00e9 produto de constru\u00e7\u00e3o doutrin\u00e1ria e, especialmente, jurisprudencial, que considera imposs\u00edvel o aplicador da lei criar, a partir da fus\u00e3o, terceira figura normativa, usurpando a fun\u00e7\u00e3o do Poder Legislativo.","og_url":"https:\/\/meusitejuridico.editorajuspodivm.com.br\/2021\/01\/14\/o-codigo-penal-veda-expressamente-denominada-lex-tertia\/","og_site_name":"Meu site jur\u00eddico","article_published_time":"2021-01-14T10:30:42+00:00","article_modified_time":"2021-01-14T10:47:48+00:00","og_image":[{"width":640,"height":426,"url":"https:\/\/meusitejuridico.editorajuspodivm.com.br\/s.meusitejuridico\/2020\/01\/766fa588-reading-2557256-640.jpg","type":"image\/jpeg"}],"author":"Equipe Meu Site Jur\u00eddico","twitter_card":"summary_large_image","twitter_misc":{"Escrito por":"Equipe Meu Site Jur\u00eddico"},"schema":{"@context":"https:\/\/schema.org","@graph":[{"@type":"Article","@id":"https:\/\/meusitejuridico.editorajuspodivm.com.br\/2021\/01\/14\/o-codigo-penal-veda-expressamente-denominada-lex-tertia\/#article","isPartOf":{"@id":"https:\/\/meusitejuridico.editorajuspodivm.com.br\/2021\/01\/14\/o-codigo-penal-veda-expressamente-denominada-lex-tertia\/"},"author":{"name":"Equipe Meu Site Jur\u00eddico","@id":"https:\/\/cdn.meusitejuridico.com.br\/#\/schema\/person\/5c2237ac0c8ff03bcf1a09fe3e45dfce"},"headline":"O C\u00f3digo Penal veda expressamente a denominada &#8220;lex tertia&#8221;","datePublished":"2021-01-14T10:30:42+00:00","dateModified":"2021-01-14T10:47:48+00:00","mainEntityOfPage":{"@id":"https:\/\/meusitejuridico.editorajuspodivm.com.br\/2021\/01\/14\/o-codigo-penal-veda-expressamente-denominada-lex-tertia\/"},"wordCount":67,"commentCount":0,"publisher":{"@id":"https:\/\/cdn.meusitejuridico.com.br\/#organization"},"image":{"@id":"https:\/\/meusitejuridico.editorajuspodivm.com.br\/2021\/01\/14\/o-codigo-penal-veda-expressamente-denominada-lex-tertia\/#primaryimage"},"thumbnailUrl":"https:\/\/meusitejuridico.editorajuspodivm.com.br\/s.meusitejuridico\/2020\/01\/766fa588-reading-2557256-640.jpg","keywords":["combina\u00e7\u00e3o de leis","Direito Penal","lex tertia"],"articleSection":["Certo ou errado?","Material de aula","Perguntas e Respostas"],"inLanguage":"pt-BR","potentialAction":[{"@type":"CommentAction","name":"Comment","target":["https:\/\/meusitejuridico.editorajuspodivm.com.br\/2021\/01\/14\/o-codigo-penal-veda-expressamente-denominada-lex-tertia\/#respond"]}]},{"@type":"WebPage","@id":"https:\/\/meusitejuridico.editorajuspodivm.com.br\/2021\/01\/14\/o-codigo-penal-veda-expressamente-denominada-lex-tertia\/","url":"https:\/\/meusitejuridico.editorajuspodivm.com.br\/2021\/01\/14\/o-codigo-penal-veda-expressamente-denominada-lex-tertia\/","name":"O C\u00f3digo Penal veda expressamente a denominada \"lex tertia\" - Meu site jur\u00eddico","isPartOf":{"@id":"https:\/\/cdn.meusitejuridico.com.br\/#website"},"primaryImageOfPage":{"@id":"https:\/\/meusitejuridico.editorajuspodivm.com.br\/2021\/01\/14\/o-codigo-penal-veda-expressamente-denominada-lex-tertia\/#primaryimage"},"image":{"@id":"https:\/\/meusitejuridico.editorajuspodivm.com.br\/2021\/01\/14\/o-codigo-penal-veda-expressamente-denominada-lex-tertia\/#primaryimage"},"thumbnailUrl":"https:\/\/meusitejuridico.editorajuspodivm.com.br\/s.meusitejuridico\/2020\/01\/766fa588-reading-2557256-640.jpg","datePublished":"2021-01-14T10:30:42+00:00","dateModified":"2021-01-14T10:47:48+00:00","breadcrumb":{"@id":"https:\/\/meusitejuridico.editorajuspodivm.com.br\/2021\/01\/14\/o-codigo-penal-veda-expressamente-denominada-lex-tertia\/#breadcrumb"},"inLanguage":"pt-BR","potentialAction":[{"@type":"ReadAction","target":["https:\/\/meusitejuridico.editorajuspodivm.com.br\/2021\/01\/14\/o-codigo-penal-veda-expressamente-denominada-lex-tertia\/"]}]},{"@type":"ImageObject","inLanguage":"pt-BR","@id":"https:\/\/meusitejuridico.editorajuspodivm.com.br\/2021\/01\/14\/o-codigo-penal-veda-expressamente-denominada-lex-tertia\/#primaryimage","url":"https:\/\/meusitejuridico.editorajuspodivm.com.br\/s.meusitejuridico\/2020\/01\/766fa588-reading-2557256-640.jpg","contentUrl":"https:\/\/meusitejuridico.editorajuspodivm.com.br\/s.meusitejuridico\/2020\/01\/766fa588-reading-2557256-640.jpg","width":640,"height":426},{"@type":"BreadcrumbList","@id":"https:\/\/meusitejuridico.editorajuspodivm.com.br\/2021\/01\/14\/o-codigo-penal-veda-expressamente-denominada-lex-tertia\/#breadcrumb","itemListElement":[{"@type":"ListItem","position":1,"name":"In\u00edcio","item":"https:\/\/cdn.meusitejuridico.com.br\/"},{"@type":"ListItem","position":2,"name":"O C\u00f3digo Penal veda expressamente a denominada &#8220;lex tertia&#8221;"}]},{"@type":"WebSite","@id":"https:\/\/cdn.meusitejuridico.com.br\/#website","url":"https:\/\/cdn.meusitejuridico.com.br\/","name":"Meu site jur\u00eddico","description":"Meu site jur\u00eddico","publisher":{"@id":"https:\/\/cdn.meusitejuridico.com.br\/#organization"},"potentialAction":[{"@type":"SearchAction","target":{"@type":"EntryPoint","urlTemplate":"https:\/\/cdn.meusitejuridico.com.br\/?s={search_term_string}"},"query-input":{"@type":"PropertyValueSpecification","valueRequired":true,"valueName":"search_term_string"}}],"inLanguage":"pt-BR"},{"@type":"Organization","@id":"https:\/\/cdn.meusitejuridico.com.br\/#organization","name":"Meu site jur\u00eddico","url":"https:\/\/cdn.meusitejuridico.com.br\/","logo":{"@type":"ImageObject","inLanguage":"pt-BR","@id":"https:\/\/cdn.meusitejuridico.com.br\/#\/schema\/logo\/image\/","url":"https:\/\/meusitejuridico.editorajuspodivm.com.br\/s.meusitejuridico\/2022\/03\/cropped-baeec2a3-msj-02-01-01.png","contentUrl":"https:\/\/meusitejuridico.editorajuspodivm.com.br\/s.meusitejuridico\/2022\/03\/cropped-baeec2a3-msj-02-01-01.png","width":349,"height":243,"caption":"Meu site jur\u00eddico"},"image":{"@id":"https:\/\/cdn.meusitejuridico.com.br\/#\/schema\/logo\/image\/"}},{"@type":"Person","@id":"https:\/\/cdn.meusitejuridico.com.br\/#\/schema\/person\/5c2237ac0c8ff03bcf1a09fe3e45dfce","name":"Equipe Meu Site Jur\u00eddico","image":{"@type":"ImageObject","inLanguage":"pt-BR","@id":"https:\/\/cdn.meusitejuridico.com.br\/#\/schema\/person\/image\/","url":"https:\/\/meusitejuridico.editorajuspodivm.com.br\/s.meusitejuridico\/2020\/07\/6be289aa-logo-msj.png","contentUrl":"https:\/\/meusitejuridico.editorajuspodivm.com.br\/s.meusitejuridico\/2020\/07\/6be289aa-logo-msj.png","caption":"Equipe Meu Site Jur\u00eddico"},"description":"Contem conosco!","url":"https:\/\/meusitejuridico.editorajuspodivm.com.br\/author\/equipe-meu-site-juridico\/"}]}},"_links":{"self":[{"href":"https:\/\/meusitejuridico.editorajuspodivm.com.br\/api\/wp\/v2\/posts\/12677","targetHints":{"allow":["GET"]}}],"collection":[{"href":"https:\/\/meusitejuridico.editorajuspodivm.com.br\/api\/wp\/v2\/posts"}],"about":[{"href":"https:\/\/meusitejuridico.editorajuspodivm.com.br\/api\/wp\/v2\/types\/post"}],"author":[{"embeddable":true,"href":"https:\/\/meusitejuridico.editorajuspodivm.com.br\/api\/wp\/v2\/users\/7"}],"replies":[{"embeddable":true,"href":"https:\/\/meusitejuridico.editorajuspodivm.com.br\/api\/wp\/v2\/comments?post=12677"}],"version-history":[{"count":3,"href":"https:\/\/meusitejuridico.editorajuspodivm.com.br\/api\/wp\/v2\/posts\/12677\/revisions"}],"predecessor-version":[{"id":12680,"href":"https:\/\/meusitejuridico.editorajuspodivm.com.br\/api\/wp\/v2\/posts\/12677\/revisions\/12680"}],"wp:featuredmedia":[{"embeddable":true,"href":"https:\/\/meusitejuridico.editorajuspodivm.com.br\/api\/wp\/v2\/media\/10080"}],"wp:attachment":[{"href":"https:\/\/meusitejuridico.editorajuspodivm.com.br\/api\/wp\/v2\/media?parent=12677"}],"wp:term":[{"taxonomy":"category","embeddable":true,"href":"https:\/\/meusitejuridico.editorajuspodivm.com.br\/api\/wp\/v2\/categories?post=12677"},{"taxonomy":"post_tag","embeddable":true,"href":"https:\/\/meusitejuridico.editorajuspodivm.com.br\/api\/wp\/v2\/tags?post=12677"}],"curies":[{"name":"wp","href":"https:\/\/api.w.org\/{rel}","templated":true}]}}