{"id":13476,"date":"2021-05-31T13:43:16","date_gmt":"2021-05-31T16:43:16","guid":{"rendered":"https:\/\/meusitejuridico.editorajuspodivm.com.br\/?p=13476"},"modified":"2021-05-31T13:43:16","modified_gmt":"2021-05-31T16:43:16","slug":"resumo-informativo-1-018-stf-de-28-de-maio-de-2021","status":"publish","type":"post","link":"https:\/\/meusitejuridico.editorajuspodivm.com.br\/2021\/05\/31\/resumo-informativo-1-018-stf-de-28-de-maio-de-2021\/","title":{"rendered":"Resumo &#8211; Informativo 1.018 do STF, de 28 de maio de 2021"},"content":{"rendered":"<p><strong>PLEN\u00c1RIO<\/strong><\/p>\n<p>&#8211; \u00c9 dispens\u00e1vel a autoriza\u00e7\u00e3o legislativa para a aliena\u00e7\u00e3o de controle acion\u00e1rio de empresas subsidi\u00e1rias (ADPF 794\/DF)<\/p>\n<p>&#8211; \u00c9 inconstitucional emenda \u00e0 constitui\u00e7\u00e3o estadual que confere autonomia financeira e or\u00e7ament\u00e1ria pr\u00f3prias de \u00f3rg\u00e3os de Poder \u00e0 universidade estadual (ADI 5946\/RR)<\/p>\n<p>&#8211; \u00c9 constitucional o repasse de recursos or\u00e7ament\u00e1rios para universidade estadual na forma de duod\u00e9cimos (ADI 5946\/RR)<\/p>\n<p>&#8211; N\u00e3o pode o estado-membro, por meio de sua Constitui\u00e7\u00e3o ou legisla\u00e7\u00e3o, instituir procuradoria jur\u00eddica pr\u00f3pria para universidade estadual (ADI 5946\/RR)<\/p>\n<p>&#8211; O teto constitucional remunerat\u00f3rio n\u00e3o incide sobre os sal\u00e1rios pagos por empresas p\u00fablicas e sociedades de economia mista, e suas subsidi\u00e1rias, que n\u00e3o recebam recursos da Fazenda P\u00fablica (ADI 6584\/DF)<\/p>\n<p>&#8211; Os recursos p\u00fablicos vinculados ao or\u00e7amento de estatais prestadoras de servi\u00e7o p\u00fablico essencial, em regime n\u00e3o concorrencial e sem intuito lucrativo prim\u00e1rio n\u00e3o podem ser bloqueados ou sequestrados por decis\u00e3o judicial para pagamento de suas d\u00edvidas, em virtude do disposto no art. 100 da CF\/1988, e dos princ\u00edpios da legalidade or\u00e7ament\u00e1ria (art. 167, VI, da CF), da separa\u00e7\u00e3o dos poderes (arts. 2\u00b0, 60, \u00a7 4\u00b0, III, da CF) e da efici\u00eancia da administra\u00e7\u00e3o p\u00fablica (art. 37, caput, da CF). \u00c9 inconstitucional o bloqueio ou sequestro de verba p\u00fablica, por decis\u00f5es judiciais, de empresa estatal prestadora de servi\u00e7o p\u00fablico em regime n\u00e3o concorrencial e sem intuito lucrativo prim\u00e1rio \u2013 ADPF 616\/BA.<\/p>\n<p>&#8211; N\u00e3o ofende a ordem constitucional determina\u00e7\u00e3o judicial de que a Uni\u00e3o proceda aos c\u00e1lculos e apresente os documentos relativos \u00e0 execu\u00e7\u00e3o nos processos em tramita\u00e7\u00e3o nos juizados especiais c\u00edveis federais, ressalvada a possibilidade de o exequente postular a nomea\u00e7\u00e3o de perito (ADPF 219\/DF)<\/p>\n<p>***<\/p>\n<p><b><strong>Telegram<\/strong><\/b>:<strong>\u00a0<\/strong><a href=\"https:\/\/t.me\/pilulasjuridicasSTFSTJ\" target=\"_blank\" rel=\"noopener noreferrer\" data-auth=\"NotApplicable\"><strong>https:\/\/t.me\/pilulasjuridicasSTFSTJ<\/strong><\/a><strong>\u00a0| Instagram: @rodrigocrleite<\/strong><\/p>\n","protected":false},"excerpt":{"rendered":"<p>PLEN\u00c1RIO &#8211; \u00c9 dispens\u00e1vel a autoriza\u00e7\u00e3o legislativa para a aliena\u00e7\u00e3o de controle acion\u00e1rio de empresas subsidi\u00e1rias (ADPF 794\/DF) &#8211; \u00c9 inconstitucional emenda \u00e0 constitui\u00e7\u00e3o estadual que confere autonomia financeira e or\u00e7ament\u00e1ria pr\u00f3prias de \u00f3rg\u00e3os de Poder \u00e0 universidade estadual (ADI 5946\/RR) &#8211; \u00c9 constitucional o repasse de recursos or\u00e7ament\u00e1rios para universidade estadual na forma de [&hellip;]<\/p>\n","protected":false},"author":131,"featured_media":9088,"comment_status":"open","ping_status":"open","sticky":false,"template":"","format":"standard","meta":{"_acf_changed":false,"footnotes":""},"categories":[70,79],"tags":[3675,3384,2190],"class_list":["post-13476","post","type-post","status-publish","format-standard","has-post-thumbnail","hentry","category-informativos-comentados","category-informativos-stf","tag-1018-stf","tag-informativos","tag-jurisprudencia"],"acf":[],"yoast_head":"<!-- This site is optimized with the Yoast SEO plugin v24.8.1 - https:\/\/yoast.com\/wordpress\/plugins\/seo\/ -->\n<title>Resumo - Informativo 1.018 do STF, de 28 de maio de 2021 - Meu site jur\u00eddico<\/title>\n<meta name=\"robots\" content=\"index, follow, max-snippet:-1, max-image-preview:large, max-video-preview:-1\" \/>\n<link rel=\"canonical\" href=\"https:\/\/meusitejuridico.com.br\/2021\/05\/31\/resumo-informativo-1-018-stf-de-28-de-maio-de-2021\/\" \/>\n<meta property=\"og:locale\" content=\"pt_BR\" \/>\n<meta property=\"og:type\" content=\"article\" \/>\n<meta property=\"og:title\" content=\"Resumo - Informativo 1.018 do STF, de 28 de maio de 2021 - Meu site jur\u00eddico\" \/>\n<meta property=\"og:description\" content=\"PLEN\u00c1RIO &#8211; \u00c9 dispens\u00e1vel a autoriza\u00e7\u00e3o legislativa para a aliena\u00e7\u00e3o de controle acion\u00e1rio de empresas subsidi\u00e1rias (ADPF 794\/DF) &#8211; \u00c9 inconstitucional emenda \u00e0 constitui\u00e7\u00e3o estadual que confere autonomia financeira e or\u00e7ament\u00e1ria pr\u00f3prias de \u00f3rg\u00e3os de Poder \u00e0 universidade estadual (ADI 5946\/RR) &#8211; \u00c9 constitucional o repasse de recursos or\u00e7ament\u00e1rios para universidade estadual na forma de [&hellip;]\" \/>\n<meta property=\"og:url\" content=\"https:\/\/meusitejuridico.com.br\/2021\/05\/31\/resumo-informativo-1-018-stf-de-28-de-maio-de-2021\/\" \/>\n<meta property=\"og:site_name\" content=\"Meu site jur\u00eddico\" \/>\n<meta property=\"article:published_time\" content=\"2021-05-31T16:43:16+00:00\" \/>\n<meta property=\"og:image\" content=\"https:\/\/meusitejuridico.com.br\/s.meusitejuridico\/2019\/09\/aab55682-books-646640-640.jpg\" \/>\n\t<meta property=\"og:image:width\" content=\"640\" \/>\n\t<meta property=\"og:image:height\" content=\"425\" \/>\n\t<meta property=\"og:image:type\" content=\"image\/jpeg\" \/>\n<meta name=\"author\" content=\"Rodrigo Leite\" \/>\n<meta name=\"twitter:card\" content=\"summary_large_image\" \/>\n<meta name=\"twitter:creator\" content=\"@rodrigocrleite\" \/>\n<meta name=\"twitter:label1\" content=\"Escrito por\" \/>\n\t<meta name=\"twitter:data1\" content=\"Rodrigo Leite\" \/>\n\t<meta name=\"twitter:label2\" content=\"Est. tempo de leitura\" \/>\n\t<meta name=\"twitter:data2\" content=\"2 minutos\" \/>\n<script type=\"application\/ld+json\" class=\"yoast-schema-graph\">{\"@context\":\"https:\/\/schema.org\",\"@graph\":[{\"@type\":\"Article\",\"@id\":\"https:\/\/meusitejuridico.com.br\/2021\/05\/31\/resumo-informativo-1-018-stf-de-28-de-maio-de-2021\/#article\",\"isPartOf\":{\"@id\":\"https:\/\/meusitejuridico.com.br\/2021\/05\/31\/resumo-informativo-1-018-stf-de-28-de-maio-de-2021\/\"},\"author\":{\"name\":\"Rodrigo Leite\",\"@id\":\"https:\/\/cdn.meusitejuridico.com.br\/#\/schema\/person\/ae56313f17950dccef13d0989efd6d50\"},\"headline\":\"Resumo &#8211; Informativo 1.018 do STF, de 28 de maio de 2021\",\"datePublished\":\"2021-05-31T16:43:16+00:00\",\"mainEntityOfPage\":{\"@id\":\"https:\/\/meusitejuridico.com.br\/2021\/05\/31\/resumo-informativo-1-018-stf-de-28-de-maio-de-2021\/\"},\"wordCount\":322,\"commentCount\":0,\"publisher\":{\"@id\":\"https:\/\/cdn.meusitejuridico.com.br\/#organization\"},\"image\":{\"@id\":\"https:\/\/meusitejuridico.com.br\/2021\/05\/31\/resumo-informativo-1-018-stf-de-28-de-maio-de-2021\/#primaryimage\"},\"thumbnailUrl\":\"https:\/\/meusitejuridico.editorajuspodivm.com.br\/s.meusitejuridico\/2019\/09\/aab55682-books-646640-640.jpg\",\"keywords\":[\"1018 STF\",\"informativos\",\"jurisprud\u00eancia\"],\"articleSection\":[\"Informativos\",\"STF\"],\"inLanguage\":\"pt-BR\",\"potentialAction\":[{\"@type\":\"CommentAction\",\"name\":\"Comment\",\"target\":[\"https:\/\/meusitejuridico.com.br\/2021\/05\/31\/resumo-informativo-1-018-stf-de-28-de-maio-de-2021\/#respond\"]}]},{\"@type\":\"WebPage\",\"@id\":\"https:\/\/meusitejuridico.com.br\/2021\/05\/31\/resumo-informativo-1-018-stf-de-28-de-maio-de-2021\/\",\"url\":\"https:\/\/meusitejuridico.com.br\/2021\/05\/31\/resumo-informativo-1-018-stf-de-28-de-maio-de-2021\/\",\"name\":\"Resumo - Informativo 1.018 do STF, de 28 de maio de 2021 - Meu site jur\u00eddico\",\"isPartOf\":{\"@id\":\"https:\/\/cdn.meusitejuridico.com.br\/#website\"},\"primaryImageOfPage\":{\"@id\":\"https:\/\/meusitejuridico.com.br\/2021\/05\/31\/resumo-informativo-1-018-stf-de-28-de-maio-de-2021\/#primaryimage\"},\"image\":{\"@id\":\"https:\/\/meusitejuridico.com.br\/2021\/05\/31\/resumo-informativo-1-018-stf-de-28-de-maio-de-2021\/#primaryimage\"},\"thumbnailUrl\":\"https:\/\/meusitejuridico.editorajuspodivm.com.br\/s.meusitejuridico\/2019\/09\/aab55682-books-646640-640.jpg\",\"datePublished\":\"2021-05-31T16:43:16+00:00\",\"breadcrumb\":{\"@id\":\"https:\/\/meusitejuridico.com.br\/2021\/05\/31\/resumo-informativo-1-018-stf-de-28-de-maio-de-2021\/#breadcrumb\"},\"inLanguage\":\"pt-BR\",\"potentialAction\":[{\"@type\":\"ReadAction\",\"target\":[\"https:\/\/meusitejuridico.com.br\/2021\/05\/31\/resumo-informativo-1-018-stf-de-28-de-maio-de-2021\/\"]}]},{\"@type\":\"ImageObject\",\"inLanguage\":\"pt-BR\",\"@id\":\"https:\/\/meusitejuridico.com.br\/2021\/05\/31\/resumo-informativo-1-018-stf-de-28-de-maio-de-2021\/#primaryimage\",\"url\":\"https:\/\/meusitejuridico.editorajuspodivm.com.br\/s.meusitejuridico\/2019\/09\/aab55682-books-646640-640.jpg\",\"contentUrl\":\"https:\/\/meusitejuridico.editorajuspodivm.com.br\/s.meusitejuridico\/2019\/09\/aab55682-books-646640-640.jpg\",\"width\":640,\"height\":425},{\"@type\":\"BreadcrumbList\",\"@id\":\"https:\/\/meusitejuridico.com.br\/2021\/05\/31\/resumo-informativo-1-018-stf-de-28-de-maio-de-2021\/#breadcrumb\",\"itemListElement\":[{\"@type\":\"ListItem\",\"position\":1,\"name\":\"In\u00edcio\",\"item\":\"https:\/\/cdn.meusitejuridico.com.br\/\"},{\"@type\":\"ListItem\",\"position\":2,\"name\":\"Resumo &#8211; Informativo 1.018 do STF, de 28 de maio de 2021\"}]},{\"@type\":\"WebSite\",\"@id\":\"https:\/\/cdn.meusitejuridico.com.br\/#website\",\"url\":\"https:\/\/cdn.meusitejuridico.com.br\/\",\"name\":\"Meu site jur\u00eddico\",\"description\":\"Meu site jur\u00eddico\",\"publisher\":{\"@id\":\"https:\/\/cdn.meusitejuridico.com.br\/#organization\"},\"potentialAction\":[{\"@type\":\"SearchAction\",\"target\":{\"@type\":\"EntryPoint\",\"urlTemplate\":\"https:\/\/cdn.meusitejuridico.com.br\/?s={search_term_string}\"},\"query-input\":{\"@type\":\"PropertyValueSpecification\",\"valueRequired\":true,\"valueName\":\"search_term_string\"}}],\"inLanguage\":\"pt-BR\"},{\"@type\":\"Organization\",\"@id\":\"https:\/\/cdn.meusitejuridico.com.br\/#organization\",\"name\":\"Meu site jur\u00eddico\",\"url\":\"https:\/\/cdn.meusitejuridico.com.br\/\",\"logo\":{\"@type\":\"ImageObject\",\"inLanguage\":\"pt-BR\",\"@id\":\"https:\/\/cdn.meusitejuridico.com.br\/#\/schema\/logo\/image\/\",\"url\":\"https:\/\/meusitejuridico.editorajuspodivm.com.br\/s.meusitejuridico\/2022\/03\/cropped-baeec2a3-msj-02-01-01.png\",\"contentUrl\":\"https:\/\/meusitejuridico.editorajuspodivm.com.br\/s.meusitejuridico\/2022\/03\/cropped-baeec2a3-msj-02-01-01.png\",\"width\":349,\"height\":243,\"caption\":\"Meu site jur\u00eddico\"},\"image\":{\"@id\":\"https:\/\/cdn.meusitejuridico.com.br\/#\/schema\/logo\/image\/\"}},{\"@type\":\"Person\",\"@id\":\"https:\/\/cdn.meusitejuridico.com.br\/#\/schema\/person\/ae56313f17950dccef13d0989efd6d50\",\"name\":\"Rodrigo Leite\",\"image\":{\"@type\":\"ImageObject\",\"inLanguage\":\"pt-BR\",\"@id\":\"https:\/\/cdn.meusitejuridico.com.br\/#\/schema\/person\/image\/\",\"url\":\"https:\/\/meusitejuridico.editorajuspodivm.com.br\/s.meusitejuridico\/2021\/05\/8455192b-foto-site-rodrigo-leite-150x150.jpeg\",\"contentUrl\":\"https:\/\/meusitejuridico.editorajuspodivm.com.br\/s.meusitejuridico\/2021\/05\/8455192b-foto-site-rodrigo-leite-150x150.jpeg\",\"caption\":\"Rodrigo Leite\"},\"description\":\"Coautor do livro \u201cAn\u00e1lise das Diverg\u00eancias Jurisprudenciais no STF e STJ\u201d, Editora Juspodivm. Autor do livro \u201cTombamento \u2013 Vol. 36 \u2013 Cole\u00e7\u00e3o Leis Especiais para Concursos\u201d, Editora Juspodivm. Autor do livro \u201cDesapropria\u00e7\u00e3o \u2013 Vol. 39 \u2013 Cole\u00e7\u00e3o Especiais para Concursos\u201d, Editora Juspodivm. Coautor do livro \u201cSaberes Jurisprudenciais\u201d, Editora Saraiva. Coorganizador do livro \u201cCPC na Jurisprud\u00eancia\\\", Editora Foco. Especialista em Direito P\u00fablico e Direito Processual Civil. Mestre em Direito Constitucional. Professor da P\u00f3s-gradua\u00e7\u00e3o em Direito Civil da Rede Anhaguera-Kroton. M\u00e1ster Universit\u00e1rio em Direito Constitucional pela Universidad Del Pa\u00eds Vasco, San Sebasti\u00e1n, Espanha. Advogado licenciado. Analista Judici\u00e1rio do TJRN. Assessor de Desembargador do TJRN.\",\"sameAs\":[\"https:\/\/www.editorajuspodivm.com.br\/autores\/detalhe\/85\",\"https:\/\/www.instagram.com\/rodrigocrleite\/\",\"https:\/\/x.com\/rodrigocrleite\"],\"url\":\"https:\/\/meusitejuridico.editorajuspodivm.com.br\/author\/rodrigoleiterodrigoleite\/\"}]}<\/script>\n<!-- \/ Yoast SEO plugin. -->","yoast_head_json":{"title":"Resumo - Informativo 1.018 do STF, de 28 de maio de 2021 - Meu site jur\u00eddico","robots":{"index":"index","follow":"follow","max-snippet":"max-snippet:-1","max-image-preview":"max-image-preview:large","max-video-preview":"max-video-preview:-1"},"canonical":"https:\/\/meusitejuridico.com.br\/2021\/05\/31\/resumo-informativo-1-018-stf-de-28-de-maio-de-2021\/","og_locale":"pt_BR","og_type":"article","og_title":"Resumo - Informativo 1.018 do STF, de 28 de maio de 2021 - Meu site jur\u00eddico","og_description":"PLEN\u00c1RIO &#8211; \u00c9 dispens\u00e1vel a autoriza\u00e7\u00e3o legislativa para a aliena\u00e7\u00e3o de controle acion\u00e1rio de empresas subsidi\u00e1rias (ADPF 794\/DF) &#8211; \u00c9 inconstitucional emenda \u00e0 constitui\u00e7\u00e3o estadual que confere autonomia financeira e or\u00e7ament\u00e1ria pr\u00f3prias de \u00f3rg\u00e3os de Poder \u00e0 universidade estadual (ADI 5946\/RR) &#8211; \u00c9 constitucional o repasse de recursos or\u00e7ament\u00e1rios para universidade estadual na forma de [&hellip;]","og_url":"https:\/\/meusitejuridico.com.br\/2021\/05\/31\/resumo-informativo-1-018-stf-de-28-de-maio-de-2021\/","og_site_name":"Meu site jur\u00eddico","article_published_time":"2021-05-31T16:43:16+00:00","og_image":[{"width":640,"height":425,"url":"https:\/\/meusitejuridico.com.br\/s.meusitejuridico\/2019\/09\/aab55682-books-646640-640.jpg","type":"image\/jpeg"}],"author":"Rodrigo Leite","twitter_card":"summary_large_image","twitter_creator":"@rodrigocrleite","twitter_misc":{"Escrito por":"Rodrigo Leite","Est. tempo de leitura":"2 minutos"},"schema":{"@context":"https:\/\/schema.org","@graph":[{"@type":"Article","@id":"https:\/\/meusitejuridico.com.br\/2021\/05\/31\/resumo-informativo-1-018-stf-de-28-de-maio-de-2021\/#article","isPartOf":{"@id":"https:\/\/meusitejuridico.com.br\/2021\/05\/31\/resumo-informativo-1-018-stf-de-28-de-maio-de-2021\/"},"author":{"name":"Rodrigo Leite","@id":"https:\/\/cdn.meusitejuridico.com.br\/#\/schema\/person\/ae56313f17950dccef13d0989efd6d50"},"headline":"Resumo &#8211; Informativo 1.018 do STF, de 28 de maio de 2021","datePublished":"2021-05-31T16:43:16+00:00","mainEntityOfPage":{"@id":"https:\/\/meusitejuridico.com.br\/2021\/05\/31\/resumo-informativo-1-018-stf-de-28-de-maio-de-2021\/"},"wordCount":322,"commentCount":0,"publisher":{"@id":"https:\/\/cdn.meusitejuridico.com.br\/#organization"},"image":{"@id":"https:\/\/meusitejuridico.com.br\/2021\/05\/31\/resumo-informativo-1-018-stf-de-28-de-maio-de-2021\/#primaryimage"},"thumbnailUrl":"https:\/\/meusitejuridico.editorajuspodivm.com.br\/s.meusitejuridico\/2019\/09\/aab55682-books-646640-640.jpg","keywords":["1018 STF","informativos","jurisprud\u00eancia"],"articleSection":["Informativos","STF"],"inLanguage":"pt-BR","potentialAction":[{"@type":"CommentAction","name":"Comment","target":["https:\/\/meusitejuridico.com.br\/2021\/05\/31\/resumo-informativo-1-018-stf-de-28-de-maio-de-2021\/#respond"]}]},{"@type":"WebPage","@id":"https:\/\/meusitejuridico.com.br\/2021\/05\/31\/resumo-informativo-1-018-stf-de-28-de-maio-de-2021\/","url":"https:\/\/meusitejuridico.com.br\/2021\/05\/31\/resumo-informativo-1-018-stf-de-28-de-maio-de-2021\/","name":"Resumo - Informativo 1.018 do STF, de 28 de maio de 2021 - Meu site jur\u00eddico","isPartOf":{"@id":"https:\/\/cdn.meusitejuridico.com.br\/#website"},"primaryImageOfPage":{"@id":"https:\/\/meusitejuridico.com.br\/2021\/05\/31\/resumo-informativo-1-018-stf-de-28-de-maio-de-2021\/#primaryimage"},"image":{"@id":"https:\/\/meusitejuridico.com.br\/2021\/05\/31\/resumo-informativo-1-018-stf-de-28-de-maio-de-2021\/#primaryimage"},"thumbnailUrl":"https:\/\/meusitejuridico.editorajuspodivm.com.br\/s.meusitejuridico\/2019\/09\/aab55682-books-646640-640.jpg","datePublished":"2021-05-31T16:43:16+00:00","breadcrumb":{"@id":"https:\/\/meusitejuridico.com.br\/2021\/05\/31\/resumo-informativo-1-018-stf-de-28-de-maio-de-2021\/#breadcrumb"},"inLanguage":"pt-BR","potentialAction":[{"@type":"ReadAction","target":["https:\/\/meusitejuridico.com.br\/2021\/05\/31\/resumo-informativo-1-018-stf-de-28-de-maio-de-2021\/"]}]},{"@type":"ImageObject","inLanguage":"pt-BR","@id":"https:\/\/meusitejuridico.com.br\/2021\/05\/31\/resumo-informativo-1-018-stf-de-28-de-maio-de-2021\/#primaryimage","url":"https:\/\/meusitejuridico.editorajuspodivm.com.br\/s.meusitejuridico\/2019\/09\/aab55682-books-646640-640.jpg","contentUrl":"https:\/\/meusitejuridico.editorajuspodivm.com.br\/s.meusitejuridico\/2019\/09\/aab55682-books-646640-640.jpg","width":640,"height":425},{"@type":"BreadcrumbList","@id":"https:\/\/meusitejuridico.com.br\/2021\/05\/31\/resumo-informativo-1-018-stf-de-28-de-maio-de-2021\/#breadcrumb","itemListElement":[{"@type":"ListItem","position":1,"name":"In\u00edcio","item":"https:\/\/cdn.meusitejuridico.com.br\/"},{"@type":"ListItem","position":2,"name":"Resumo &#8211; Informativo 1.018 do STF, de 28 de maio de 2021"}]},{"@type":"WebSite","@id":"https:\/\/cdn.meusitejuridico.com.br\/#website","url":"https:\/\/cdn.meusitejuridico.com.br\/","name":"Meu site jur\u00eddico","description":"Meu site jur\u00eddico","publisher":{"@id":"https:\/\/cdn.meusitejuridico.com.br\/#organization"},"potentialAction":[{"@type":"SearchAction","target":{"@type":"EntryPoint","urlTemplate":"https:\/\/cdn.meusitejuridico.com.br\/?s={search_term_string}"},"query-input":{"@type":"PropertyValueSpecification","valueRequired":true,"valueName":"search_term_string"}}],"inLanguage":"pt-BR"},{"@type":"Organization","@id":"https:\/\/cdn.meusitejuridico.com.br\/#organization","name":"Meu site jur\u00eddico","url":"https:\/\/cdn.meusitejuridico.com.br\/","logo":{"@type":"ImageObject","inLanguage":"pt-BR","@id":"https:\/\/cdn.meusitejuridico.com.br\/#\/schema\/logo\/image\/","url":"https:\/\/meusitejuridico.editorajuspodivm.com.br\/s.meusitejuridico\/2022\/03\/cropped-baeec2a3-msj-02-01-01.png","contentUrl":"https:\/\/meusitejuridico.editorajuspodivm.com.br\/s.meusitejuridico\/2022\/03\/cropped-baeec2a3-msj-02-01-01.png","width":349,"height":243,"caption":"Meu site jur\u00eddico"},"image":{"@id":"https:\/\/cdn.meusitejuridico.com.br\/#\/schema\/logo\/image\/"}},{"@type":"Person","@id":"https:\/\/cdn.meusitejuridico.com.br\/#\/schema\/person\/ae56313f17950dccef13d0989efd6d50","name":"Rodrigo Leite","image":{"@type":"ImageObject","inLanguage":"pt-BR","@id":"https:\/\/cdn.meusitejuridico.com.br\/#\/schema\/person\/image\/","url":"https:\/\/meusitejuridico.editorajuspodivm.com.br\/s.meusitejuridico\/2021\/05\/8455192b-foto-site-rodrigo-leite-150x150.jpeg","contentUrl":"https:\/\/meusitejuridico.editorajuspodivm.com.br\/s.meusitejuridico\/2021\/05\/8455192b-foto-site-rodrigo-leite-150x150.jpeg","caption":"Rodrigo Leite"},"description":"Coautor do livro \u201cAn\u00e1lise das Diverg\u00eancias Jurisprudenciais no STF e STJ\u201d, Editora Juspodivm. Autor do livro \u201cTombamento \u2013 Vol. 36 \u2013 Cole\u00e7\u00e3o Leis Especiais para Concursos\u201d, Editora Juspodivm. Autor do livro \u201cDesapropria\u00e7\u00e3o \u2013 Vol. 39 \u2013 Cole\u00e7\u00e3o Especiais para Concursos\u201d, Editora Juspodivm. Coautor do livro \u201cSaberes Jurisprudenciais\u201d, Editora Saraiva. Coorganizador do livro \u201cCPC na Jurisprud\u00eancia\", Editora Foco. Especialista em Direito P\u00fablico e Direito Processual Civil. Mestre em Direito Constitucional. Professor da P\u00f3s-gradua\u00e7\u00e3o em Direito Civil da Rede Anhaguera-Kroton. M\u00e1ster Universit\u00e1rio em Direito Constitucional pela Universidad Del Pa\u00eds Vasco, San Sebasti\u00e1n, Espanha. Advogado licenciado. Analista Judici\u00e1rio do TJRN. Assessor de Desembargador do TJRN.","sameAs":["https:\/\/www.editorajuspodivm.com.br\/autores\/detalhe\/85","https:\/\/www.instagram.com\/rodrigocrleite\/","https:\/\/x.com\/rodrigocrleite"],"url":"https:\/\/meusitejuridico.editorajuspodivm.com.br\/author\/rodrigoleiterodrigoleite\/"}]}},"_links":{"self":[{"href":"https:\/\/meusitejuridico.editorajuspodivm.com.br\/api\/wp\/v2\/posts\/13476","targetHints":{"allow":["GET"]}}],"collection":[{"href":"https:\/\/meusitejuridico.editorajuspodivm.com.br\/api\/wp\/v2\/posts"}],"about":[{"href":"https:\/\/meusitejuridico.editorajuspodivm.com.br\/api\/wp\/v2\/types\/post"}],"author":[{"embeddable":true,"href":"https:\/\/meusitejuridico.editorajuspodivm.com.br\/api\/wp\/v2\/users\/131"}],"replies":[{"embeddable":true,"href":"https:\/\/meusitejuridico.editorajuspodivm.com.br\/api\/wp\/v2\/comments?post=13476"}],"version-history":[{"count":1,"href":"https:\/\/meusitejuridico.editorajuspodivm.com.br\/api\/wp\/v2\/posts\/13476\/revisions"}],"predecessor-version":[{"id":13477,"href":"https:\/\/meusitejuridico.editorajuspodivm.com.br\/api\/wp\/v2\/posts\/13476\/revisions\/13477"}],"wp:featuredmedia":[{"embeddable":true,"href":"https:\/\/meusitejuridico.editorajuspodivm.com.br\/api\/wp\/v2\/media\/9088"}],"wp:attachment":[{"href":"https:\/\/meusitejuridico.editorajuspodivm.com.br\/api\/wp\/v2\/media?parent=13476"}],"wp:term":[{"taxonomy":"category","embeddable":true,"href":"https:\/\/meusitejuridico.editorajuspodivm.com.br\/api\/wp\/v2\/categories?post=13476"},{"taxonomy":"post_tag","embeddable":true,"href":"https:\/\/meusitejuridico.editorajuspodivm.com.br\/api\/wp\/v2\/tags?post=13476"}],"curies":[{"name":"wp","href":"https:\/\/api.w.org\/{rel}","templated":true}]}}