{"id":13551,"date":"2021-06-15T14:00:57","date_gmt":"2021-06-15T17:00:57","guid":{"rendered":"https:\/\/meusitejuridico.editorajuspodivm.com.br\/?p=13551"},"modified":"2021-06-15T09:01:26","modified_gmt":"2021-06-15T12:01:26","slug":"resumo-informativo-1-020-stf-de-11-de-junho-de-2021","status":"publish","type":"post","link":"https:\/\/meusitejuridico.editorajuspodivm.com.br\/2021\/06\/15\/resumo-informativo-1-020-stf-de-11-de-junho-de-2021\/","title":{"rendered":"Resumo &#8211; Informativo 1.020 do STF, de 11 de junho de 2021"},"content":{"rendered":"<p><strong>PLEN\u00c1RIO<\/strong><\/p>\n<p>&#8211; \u00c9 incompat\u00edvel com a Constitui\u00e7\u00e3o Federal ato normativo estadual que amplie as atribui\u00e7\u00f5es de fiscaliza\u00e7\u00e3o do Legislativo local e o rol de autoridades submetidas \u00e0 solicita\u00e7\u00e3o de informa\u00e7\u00f5es (ADI 5289\/SP).<\/p>\n<p>&#8211; Os Estados podem optar por garantir a autonomia formal aos institutos de criminal\u00edstica ou podem integr\u00e1-los aos demais \u00f3rg\u00e3o de seguran\u00e7a p\u00fablica sem que isso importe ofensa material \u00e0 Constitui\u00e7\u00e3o (ADI 6621\/TO)<\/p>\n<p>&#8211; A exist\u00eancia, nos quadros da Administra\u00e7\u00e3o P\u00fablica estadual, de \u00f3rg\u00e3o administrativo de per\u00edcias n\u00e3o gera obriga\u00e7\u00e3o de subordin\u00e1-lo \u00e0 pol\u00edcia civil (ADI 6621\/TO)<\/p>\n<p>&#8211; \u00c9 incompat\u00edvel com a Constitui\u00e7\u00e3o Federal a interpreta\u00e7\u00e3o de que prepostos, indicados pelo titular de cart\u00f3rio ou mesmo pelos tribunais de justi\u00e7a, possam exercer substitui\u00e7\u00f5es ininterruptas por per\u00edodos superiores a seis meses (ADI 1183\/DF)<\/p>\n<p>&#8211; A Lei 8.935\/1994 n\u00e3o tem qualquer relev\u00e2ncia para a aplicabilidade ou n\u00e3o da aposentadoria compuls\u00f3ria aos not\u00e1rios e registradores (ADI 1183\/DF)<\/p>\n<p>&#8211; \u00c9 constitucional a regra de transi\u00e7\u00e3o do regime de cart\u00f3rio oficializado para o regime privado prevista no art. 48 da Lei 8.935\/1994 [Art. 48. Os not\u00e1rios e os oficiais de registro poder\u00e3o contratar, segundo a legisla\u00e7\u00e3o trabalhista, seus atuais escreventes e auxiliares de investidura estatut\u00e1ria ou em regime especial desde que estes aceitem a transforma\u00e7\u00e3o de seu regime jur\u00eddico, em op\u00e7\u00e3o expressa, no prazo improrrog\u00e1vel de trinta dias, contados da publica\u00e7\u00e3o desta lei. \u00a7 1\u00ba Ocorrendo op\u00e7\u00e3o, o tempo de servi\u00e7o prestado ser\u00e1 integralmente considerado, para todos os efeitos de direito. \u00a7 2\u00ba N\u00e3o ocorrendo op\u00e7\u00e3o, os escreventes e auxiliares de investidura estatut\u00e1ria ou em regime especial continuar\u00e3o regidos pelas normas aplic\u00e1veis aos funcion\u00e1rios p\u00fablicos ou pelas editadas pelo Tribunal de Justi\u00e7a respectivo, vedadas novas admiss\u00f5es por qualquer desses regimes, a partir da publica\u00e7\u00e3o desta lei] \u2013\u00a0 ADI 1183\/DF.<\/p>\n<p>&#8211; Os empregados de entidades sindicais podem associar-se entre si para a cria\u00e7\u00e3o de entidade de representa\u00e7\u00e3o sindical pr\u00f3pria \u2013 ADI 3890\/DF.<\/p>\n<p>&#8211; A interpreta\u00e7\u00e3o conforme a ser conferida ao art. 16, \u00a7 2\u00ba, da Lei 8213\/1991 deve contemplar os \u201cmenores sob guarda\u201d na categoria de dependentes do Regime Geral de Previd\u00eancia Social, em conson\u00e2ncia com o princ\u00edpio da prote\u00e7\u00e3o integral e da prioridade absoluta, desde que comprovada a depend\u00eancia econ\u00f4mica, nos termos da legisla\u00e7\u00e3o previdenci\u00e1ria (ADI 4878\/DF e ADI 5083\/DF)<\/p>\n<p>&#8211; \u00c9 inconstitucional o complexo normativo formado pelos arts. 47 e 48 da Lei 11.196\/2005, que impede empresas, submetidas ao regime n\u00e3o cumulativo, de compensarem cr\u00e9ditos da contribui\u00e7\u00e3o para o PIS\/Pasep e da Cofins, oriundos da aquisi\u00e7\u00e3o de desperd\u00edcios, res\u00edduos ou aparas de v\u00e1rios materiais, entre eles, pl\u00e1stico, papel, cart\u00e3o, vidro, ferro, a\u00e7o, cobre, n\u00edquel, alum\u00ednio, chumbo, zinco e estanho, al\u00e9m de outros desperd\u00edcios e res\u00edduos met\u00e1licos (RE 607109\/PR, Tema 304)<\/p>\n<p>&#8211; Havendo saldo positivo na liquida\u00e7\u00e3o da obriga\u00e7\u00e3o ao termo do contrato de <em>swap<\/em> para fins de <em>hedge<\/em>, \u00e9 constitucional a cobran\u00e7a do Imposto de Renda na forma do art. 5\u00ba da Lei 9.779\/1999 [\u201cArt. 5\u00ba Os rendimentos auferidos em qualquer aplica\u00e7\u00e3o ou opera\u00e7\u00e3o financeira de renda fixa ou de renda vari\u00e1vel sujeitam-se \u00e0 incid\u00eancia do imposto de renda na fonte, mesmo no caso das opera\u00e7\u00f5es de cobertura (hedge), realizadas por meio de opera\u00e7\u00f5es de swap e outras, nos mercados de derivativos] \u2013 RE 1224696\/SP, Tema 185.<\/p>\n<p>&#8211; \u00c9 constitucional a institui\u00e7\u00e3o de taxa pela qual observada equival\u00eancia razo\u00e1vel entre o valor exigido do contribuinte e os custos referentes ao exerc\u00edcio do poder de pol\u00edcia, nos termos do art. 145, II, da Constitui\u00e7\u00e3o Federal \u2013 ADI 6737\/PR.<\/p>\n<p>***<\/p>\n<div class=\"entry-content\">\n<p><b><strong>Telegram<\/strong><\/b>:<strong>\u00a0<\/strong><a href=\"https:\/\/t.me\/pilulasjuridicasSTFSTJ\" target=\"_blank\" rel=\"noopener noreferrer\" data-auth=\"NotApplicable\"><strong>https:\/\/t.me\/pilulasjuridicasSTFSTJ<\/strong><\/a><strong>\u00a0| Instagram: @rodrigocrleite<\/strong><\/p>\n<\/div>\n","protected":false},"excerpt":{"rendered":"<p>PLEN\u00c1RIO &#8211; \u00c9 incompat\u00edvel com a Constitui\u00e7\u00e3o Federal ato normativo estadual que amplie as atribui\u00e7\u00f5es de fiscaliza\u00e7\u00e3o do Legislativo local e o rol de autoridades submetidas \u00e0 solicita\u00e7\u00e3o de informa\u00e7\u00f5es (ADI 5289\/SP). &#8211; Os Estados podem optar por garantir a autonomia formal aos institutos de criminal\u00edstica ou podem integr\u00e1-los aos demais \u00f3rg\u00e3o de seguran\u00e7a p\u00fablica [&hellip;]<\/p>\n","protected":false},"author":131,"featured_media":2766,"comment_status":"open","ping_status":"open","sticky":false,"template":"","format":"standard","meta":{"_acf_changed":false,"footnotes":""},"categories":[70,79],"tags":[3684,3384,2190],"class_list":["post-13551","post","type-post","status-publish","format-standard","has-post-thumbnail","hentry","category-informativos-comentados","category-informativos-stf","tag-1020-stf","tag-informativos","tag-jurisprudencia"],"acf":[],"yoast_head":"<!-- This site is optimized with the Yoast SEO plugin v24.8.1 - https:\/\/yoast.com\/wordpress\/plugins\/seo\/ -->\n<title>Resumo - Informativo 1.020 do STF, de 11 de junho de 2021 - Meu site jur\u00eddico<\/title>\n<meta name=\"robots\" content=\"index, follow, max-snippet:-1, max-image-preview:large, max-video-preview:-1\" \/>\n<link rel=\"canonical\" href=\"https:\/\/meusitejuridico.editorajuspodivm.com.br\/2021\/06\/15\/resumo-informativo-1-020-stf-de-11-de-junho-de-2021\/\" \/>\n<meta property=\"og:locale\" content=\"pt_BR\" \/>\n<meta property=\"og:type\" content=\"article\" \/>\n<meta property=\"og:title\" content=\"Resumo - Informativo 1.020 do STF, de 11 de junho de 2021 - Meu site jur\u00eddico\" \/>\n<meta property=\"og:description\" content=\"PLEN\u00c1RIO &#8211; \u00c9 incompat\u00edvel com a Constitui\u00e7\u00e3o Federal ato normativo estadual que amplie as atribui\u00e7\u00f5es de fiscaliza\u00e7\u00e3o do Legislativo local e o rol de autoridades submetidas \u00e0 solicita\u00e7\u00e3o de informa\u00e7\u00f5es (ADI 5289\/SP). &#8211; Os Estados podem optar por garantir a autonomia formal aos institutos de criminal\u00edstica ou podem integr\u00e1-los aos demais \u00f3rg\u00e3o de seguran\u00e7a p\u00fablica [&hellip;]\" \/>\n<meta property=\"og:url\" content=\"https:\/\/meusitejuridico.editorajuspodivm.com.br\/2021\/06\/15\/resumo-informativo-1-020-stf-de-11-de-junho-de-2021\/\" \/>\n<meta property=\"og:site_name\" content=\"Meu site jur\u00eddico\" \/>\n<meta property=\"article:published_time\" content=\"2021-06-15T17:00:57+00:00\" \/>\n<meta property=\"og:image\" content=\"https:\/\/meusitejuridico.editorajuspodivm.com.br\/s.meusitejuridico\/2017\/06\/a6e3f37a-shutterstock-624401366.jpg\" \/>\n\t<meta property=\"og:image:width\" content=\"5514\" \/>\n\t<meta property=\"og:image:height\" content=\"4011\" \/>\n\t<meta property=\"og:image:type\" content=\"image\/jpeg\" \/>\n<meta name=\"author\" content=\"Rodrigo Leite\" \/>\n<meta name=\"twitter:card\" content=\"summary_large_image\" \/>\n<meta name=\"twitter:creator\" content=\"@rodrigocrleite\" \/>\n<meta name=\"twitter:label1\" content=\"Escrito por\" \/>\n\t<meta name=\"twitter:data1\" content=\"Rodrigo Leite\" \/>\n\t<meta name=\"twitter:label2\" content=\"Est. tempo de leitura\" \/>\n\t<meta name=\"twitter:data2\" content=\"3 minutos\" \/>\n<script type=\"application\/ld+json\" class=\"yoast-schema-graph\">{\"@context\":\"https:\/\/schema.org\",\"@graph\":[{\"@type\":\"Article\",\"@id\":\"https:\/\/meusitejuridico.editorajuspodivm.com.br\/2021\/06\/15\/resumo-informativo-1-020-stf-de-11-de-junho-de-2021\/#article\",\"isPartOf\":{\"@id\":\"https:\/\/meusitejuridico.editorajuspodivm.com.br\/2021\/06\/15\/resumo-informativo-1-020-stf-de-11-de-junho-de-2021\/\"},\"author\":{\"name\":\"Rodrigo Leite\",\"@id\":\"https:\/\/cdn.meusitejuridico.com.br\/#\/schema\/person\/ae56313f17950dccef13d0989efd6d50\"},\"headline\":\"Resumo &#8211; Informativo 1.020 do STF, de 11 de junho de 2021\",\"datePublished\":\"2021-06-15T17:00:57+00:00\",\"mainEntityOfPage\":{\"@id\":\"https:\/\/meusitejuridico.editorajuspodivm.com.br\/2021\/06\/15\/resumo-informativo-1-020-stf-de-11-de-junho-de-2021\/\"},\"wordCount\":647,\"commentCount\":0,\"publisher\":{\"@id\":\"https:\/\/cdn.meusitejuridico.com.br\/#organization\"},\"image\":{\"@id\":\"https:\/\/meusitejuridico.editorajuspodivm.com.br\/2021\/06\/15\/resumo-informativo-1-020-stf-de-11-de-junho-de-2021\/#primaryimage\"},\"thumbnailUrl\":\"https:\/\/meusitejuridico.editorajuspodivm.com.br\/s.meusitejuridico\/2017\/06\/a6e3f37a-shutterstock-624401366.jpg\",\"keywords\":[\"1020 STF\",\"informativos\",\"jurisprud\u00eancia\"],\"articleSection\":[\"Informativos\",\"STF\"],\"inLanguage\":\"pt-BR\",\"potentialAction\":[{\"@type\":\"CommentAction\",\"name\":\"Comment\",\"target\":[\"https:\/\/meusitejuridico.editorajuspodivm.com.br\/2021\/06\/15\/resumo-informativo-1-020-stf-de-11-de-junho-de-2021\/#respond\"]}]},{\"@type\":\"WebPage\",\"@id\":\"https:\/\/meusitejuridico.editorajuspodivm.com.br\/2021\/06\/15\/resumo-informativo-1-020-stf-de-11-de-junho-de-2021\/\",\"url\":\"https:\/\/meusitejuridico.editorajuspodivm.com.br\/2021\/06\/15\/resumo-informativo-1-020-stf-de-11-de-junho-de-2021\/\",\"name\":\"Resumo - Informativo 1.020 do STF, de 11 de junho de 2021 - Meu site jur\u00eddico\",\"isPartOf\":{\"@id\":\"https:\/\/cdn.meusitejuridico.com.br\/#website\"},\"primaryImageOfPage\":{\"@id\":\"https:\/\/meusitejuridico.editorajuspodivm.com.br\/2021\/06\/15\/resumo-informativo-1-020-stf-de-11-de-junho-de-2021\/#primaryimage\"},\"image\":{\"@id\":\"https:\/\/meusitejuridico.editorajuspodivm.com.br\/2021\/06\/15\/resumo-informativo-1-020-stf-de-11-de-junho-de-2021\/#primaryimage\"},\"thumbnailUrl\":\"https:\/\/meusitejuridico.editorajuspodivm.com.br\/s.meusitejuridico\/2017\/06\/a6e3f37a-shutterstock-624401366.jpg\",\"datePublished\":\"2021-06-15T17:00:57+00:00\",\"breadcrumb\":{\"@id\":\"https:\/\/meusitejuridico.editorajuspodivm.com.br\/2021\/06\/15\/resumo-informativo-1-020-stf-de-11-de-junho-de-2021\/#breadcrumb\"},\"inLanguage\":\"pt-BR\",\"potentialAction\":[{\"@type\":\"ReadAction\",\"target\":[\"https:\/\/meusitejuridico.editorajuspodivm.com.br\/2021\/06\/15\/resumo-informativo-1-020-stf-de-11-de-junho-de-2021\/\"]}]},{\"@type\":\"ImageObject\",\"inLanguage\":\"pt-BR\",\"@id\":\"https:\/\/meusitejuridico.editorajuspodivm.com.br\/2021\/06\/15\/resumo-informativo-1-020-stf-de-11-de-junho-de-2021\/#primaryimage\",\"url\":\"https:\/\/meusitejuridico.editorajuspodivm.com.br\/s.meusitejuridico\/2017\/06\/a6e3f37a-shutterstock-624401366.jpg\",\"contentUrl\":\"https:\/\/meusitejuridico.editorajuspodivm.com.br\/s.meusitejuridico\/2017\/06\/a6e3f37a-shutterstock-624401366.jpg\",\"width\":5514,\"height\":4011},{\"@type\":\"BreadcrumbList\",\"@id\":\"https:\/\/meusitejuridico.editorajuspodivm.com.br\/2021\/06\/15\/resumo-informativo-1-020-stf-de-11-de-junho-de-2021\/#breadcrumb\",\"itemListElement\":[{\"@type\":\"ListItem\",\"position\":1,\"name\":\"In\u00edcio\",\"item\":\"https:\/\/cdn.meusitejuridico.com.br\/\"},{\"@type\":\"ListItem\",\"position\":2,\"name\":\"Resumo &#8211; Informativo 1.020 do STF, de 11 de junho de 2021\"}]},{\"@type\":\"WebSite\",\"@id\":\"https:\/\/cdn.meusitejuridico.com.br\/#website\",\"url\":\"https:\/\/cdn.meusitejuridico.com.br\/\",\"name\":\"Meu site jur\u00eddico\",\"description\":\"Meu site jur\u00eddico\",\"publisher\":{\"@id\":\"https:\/\/cdn.meusitejuridico.com.br\/#organization\"},\"potentialAction\":[{\"@type\":\"SearchAction\",\"target\":{\"@type\":\"EntryPoint\",\"urlTemplate\":\"https:\/\/cdn.meusitejuridico.com.br\/?s={search_term_string}\"},\"query-input\":{\"@type\":\"PropertyValueSpecification\",\"valueRequired\":true,\"valueName\":\"search_term_string\"}}],\"inLanguage\":\"pt-BR\"},{\"@type\":\"Organization\",\"@id\":\"https:\/\/cdn.meusitejuridico.com.br\/#organization\",\"name\":\"Meu site jur\u00eddico\",\"url\":\"https:\/\/cdn.meusitejuridico.com.br\/\",\"logo\":{\"@type\":\"ImageObject\",\"inLanguage\":\"pt-BR\",\"@id\":\"https:\/\/cdn.meusitejuridico.com.br\/#\/schema\/logo\/image\/\",\"url\":\"https:\/\/meusitejuridico.editorajuspodivm.com.br\/s.meusitejuridico\/2022\/03\/cropped-baeec2a3-msj-02-01-01.png\",\"contentUrl\":\"https:\/\/meusitejuridico.editorajuspodivm.com.br\/s.meusitejuridico\/2022\/03\/cropped-baeec2a3-msj-02-01-01.png\",\"width\":349,\"height\":243,\"caption\":\"Meu site jur\u00eddico\"},\"image\":{\"@id\":\"https:\/\/cdn.meusitejuridico.com.br\/#\/schema\/logo\/image\/\"}},{\"@type\":\"Person\",\"@id\":\"https:\/\/cdn.meusitejuridico.com.br\/#\/schema\/person\/ae56313f17950dccef13d0989efd6d50\",\"name\":\"Rodrigo Leite\",\"image\":{\"@type\":\"ImageObject\",\"inLanguage\":\"pt-BR\",\"@id\":\"https:\/\/cdn.meusitejuridico.com.br\/#\/schema\/person\/image\/\",\"url\":\"https:\/\/meusitejuridico.editorajuspodivm.com.br\/s.meusitejuridico\/2021\/05\/8455192b-foto-site-rodrigo-leite-150x150.jpeg\",\"contentUrl\":\"https:\/\/meusitejuridico.editorajuspodivm.com.br\/s.meusitejuridico\/2021\/05\/8455192b-foto-site-rodrigo-leite-150x150.jpeg\",\"caption\":\"Rodrigo Leite\"},\"description\":\"Coautor do livro \u201cAn\u00e1lise das Diverg\u00eancias Jurisprudenciais no STF e STJ\u201d, Editora Juspodivm. Autor do livro \u201cTombamento \u2013 Vol. 36 \u2013 Cole\u00e7\u00e3o Leis Especiais para Concursos\u201d, Editora Juspodivm. Autor do livro \u201cDesapropria\u00e7\u00e3o \u2013 Vol. 39 \u2013 Cole\u00e7\u00e3o Especiais para Concursos\u201d, Editora Juspodivm. Coautor do livro \u201cSaberes Jurisprudenciais\u201d, Editora Saraiva. Coorganizador do livro \u201cCPC na Jurisprud\u00eancia\\\", Editora Foco. Especialista em Direito P\u00fablico e Direito Processual Civil. Mestre em Direito Constitucional. Professor da P\u00f3s-gradua\u00e7\u00e3o em Direito Civil da Rede Anhaguera-Kroton. M\u00e1ster Universit\u00e1rio em Direito Constitucional pela Universidad Del Pa\u00eds Vasco, San Sebasti\u00e1n, Espanha. Advogado licenciado. Analista Judici\u00e1rio do TJRN. Assessor de Desembargador do TJRN.\",\"sameAs\":[\"https:\/\/www.editorajuspodivm.com.br\/autores\/detalhe\/85\",\"https:\/\/www.instagram.com\/rodrigocrleite\/\",\"https:\/\/x.com\/rodrigocrleite\"],\"url\":\"https:\/\/meusitejuridico.editorajuspodivm.com.br\/author\/rodrigoleiterodrigoleite\/\"}]}<\/script>\n<!-- \/ Yoast SEO plugin. -->","yoast_head_json":{"title":"Resumo - Informativo 1.020 do STF, de 11 de junho de 2021 - Meu site jur\u00eddico","robots":{"index":"index","follow":"follow","max-snippet":"max-snippet:-1","max-image-preview":"max-image-preview:large","max-video-preview":"max-video-preview:-1"},"canonical":"https:\/\/meusitejuridico.editorajuspodivm.com.br\/2021\/06\/15\/resumo-informativo-1-020-stf-de-11-de-junho-de-2021\/","og_locale":"pt_BR","og_type":"article","og_title":"Resumo - Informativo 1.020 do STF, de 11 de junho de 2021 - Meu site jur\u00eddico","og_description":"PLEN\u00c1RIO &#8211; \u00c9 incompat\u00edvel com a Constitui\u00e7\u00e3o Federal ato normativo estadual que amplie as atribui\u00e7\u00f5es de fiscaliza\u00e7\u00e3o do Legislativo local e o rol de autoridades submetidas \u00e0 solicita\u00e7\u00e3o de informa\u00e7\u00f5es (ADI 5289\/SP). &#8211; Os Estados podem optar por garantir a autonomia formal aos institutos de criminal\u00edstica ou podem integr\u00e1-los aos demais \u00f3rg\u00e3o de seguran\u00e7a p\u00fablica [&hellip;]","og_url":"https:\/\/meusitejuridico.editorajuspodivm.com.br\/2021\/06\/15\/resumo-informativo-1-020-stf-de-11-de-junho-de-2021\/","og_site_name":"Meu site jur\u00eddico","article_published_time":"2021-06-15T17:00:57+00:00","og_image":[{"width":5514,"height":4011,"url":"https:\/\/meusitejuridico.editorajuspodivm.com.br\/s.meusitejuridico\/2017\/06\/a6e3f37a-shutterstock-624401366.jpg","type":"image\/jpeg"}],"author":"Rodrigo Leite","twitter_card":"summary_large_image","twitter_creator":"@rodrigocrleite","twitter_misc":{"Escrito por":"Rodrigo Leite","Est. tempo de leitura":"3 minutos"},"schema":{"@context":"https:\/\/schema.org","@graph":[{"@type":"Article","@id":"https:\/\/meusitejuridico.editorajuspodivm.com.br\/2021\/06\/15\/resumo-informativo-1-020-stf-de-11-de-junho-de-2021\/#article","isPartOf":{"@id":"https:\/\/meusitejuridico.editorajuspodivm.com.br\/2021\/06\/15\/resumo-informativo-1-020-stf-de-11-de-junho-de-2021\/"},"author":{"name":"Rodrigo Leite","@id":"https:\/\/cdn.meusitejuridico.com.br\/#\/schema\/person\/ae56313f17950dccef13d0989efd6d50"},"headline":"Resumo &#8211; Informativo 1.020 do STF, de 11 de junho de 2021","datePublished":"2021-06-15T17:00:57+00:00","mainEntityOfPage":{"@id":"https:\/\/meusitejuridico.editorajuspodivm.com.br\/2021\/06\/15\/resumo-informativo-1-020-stf-de-11-de-junho-de-2021\/"},"wordCount":647,"commentCount":0,"publisher":{"@id":"https:\/\/cdn.meusitejuridico.com.br\/#organization"},"image":{"@id":"https:\/\/meusitejuridico.editorajuspodivm.com.br\/2021\/06\/15\/resumo-informativo-1-020-stf-de-11-de-junho-de-2021\/#primaryimage"},"thumbnailUrl":"https:\/\/meusitejuridico.editorajuspodivm.com.br\/s.meusitejuridico\/2017\/06\/a6e3f37a-shutterstock-624401366.jpg","keywords":["1020 STF","informativos","jurisprud\u00eancia"],"articleSection":["Informativos","STF"],"inLanguage":"pt-BR","potentialAction":[{"@type":"CommentAction","name":"Comment","target":["https:\/\/meusitejuridico.editorajuspodivm.com.br\/2021\/06\/15\/resumo-informativo-1-020-stf-de-11-de-junho-de-2021\/#respond"]}]},{"@type":"WebPage","@id":"https:\/\/meusitejuridico.editorajuspodivm.com.br\/2021\/06\/15\/resumo-informativo-1-020-stf-de-11-de-junho-de-2021\/","url":"https:\/\/meusitejuridico.editorajuspodivm.com.br\/2021\/06\/15\/resumo-informativo-1-020-stf-de-11-de-junho-de-2021\/","name":"Resumo - Informativo 1.020 do STF, de 11 de junho de 2021 - Meu site jur\u00eddico","isPartOf":{"@id":"https:\/\/cdn.meusitejuridico.com.br\/#website"},"primaryImageOfPage":{"@id":"https:\/\/meusitejuridico.editorajuspodivm.com.br\/2021\/06\/15\/resumo-informativo-1-020-stf-de-11-de-junho-de-2021\/#primaryimage"},"image":{"@id":"https:\/\/meusitejuridico.editorajuspodivm.com.br\/2021\/06\/15\/resumo-informativo-1-020-stf-de-11-de-junho-de-2021\/#primaryimage"},"thumbnailUrl":"https:\/\/meusitejuridico.editorajuspodivm.com.br\/s.meusitejuridico\/2017\/06\/a6e3f37a-shutterstock-624401366.jpg","datePublished":"2021-06-15T17:00:57+00:00","breadcrumb":{"@id":"https:\/\/meusitejuridico.editorajuspodivm.com.br\/2021\/06\/15\/resumo-informativo-1-020-stf-de-11-de-junho-de-2021\/#breadcrumb"},"inLanguage":"pt-BR","potentialAction":[{"@type":"ReadAction","target":["https:\/\/meusitejuridico.editorajuspodivm.com.br\/2021\/06\/15\/resumo-informativo-1-020-stf-de-11-de-junho-de-2021\/"]}]},{"@type":"ImageObject","inLanguage":"pt-BR","@id":"https:\/\/meusitejuridico.editorajuspodivm.com.br\/2021\/06\/15\/resumo-informativo-1-020-stf-de-11-de-junho-de-2021\/#primaryimage","url":"https:\/\/meusitejuridico.editorajuspodivm.com.br\/s.meusitejuridico\/2017\/06\/a6e3f37a-shutterstock-624401366.jpg","contentUrl":"https:\/\/meusitejuridico.editorajuspodivm.com.br\/s.meusitejuridico\/2017\/06\/a6e3f37a-shutterstock-624401366.jpg","width":5514,"height":4011},{"@type":"BreadcrumbList","@id":"https:\/\/meusitejuridico.editorajuspodivm.com.br\/2021\/06\/15\/resumo-informativo-1-020-stf-de-11-de-junho-de-2021\/#breadcrumb","itemListElement":[{"@type":"ListItem","position":1,"name":"In\u00edcio","item":"https:\/\/cdn.meusitejuridico.com.br\/"},{"@type":"ListItem","position":2,"name":"Resumo &#8211; Informativo 1.020 do STF, de 11 de junho de 2021"}]},{"@type":"WebSite","@id":"https:\/\/cdn.meusitejuridico.com.br\/#website","url":"https:\/\/cdn.meusitejuridico.com.br\/","name":"Meu site jur\u00eddico","description":"Meu site jur\u00eddico","publisher":{"@id":"https:\/\/cdn.meusitejuridico.com.br\/#organization"},"potentialAction":[{"@type":"SearchAction","target":{"@type":"EntryPoint","urlTemplate":"https:\/\/cdn.meusitejuridico.com.br\/?s={search_term_string}"},"query-input":{"@type":"PropertyValueSpecification","valueRequired":true,"valueName":"search_term_string"}}],"inLanguage":"pt-BR"},{"@type":"Organization","@id":"https:\/\/cdn.meusitejuridico.com.br\/#organization","name":"Meu site jur\u00eddico","url":"https:\/\/cdn.meusitejuridico.com.br\/","logo":{"@type":"ImageObject","inLanguage":"pt-BR","@id":"https:\/\/cdn.meusitejuridico.com.br\/#\/schema\/logo\/image\/","url":"https:\/\/meusitejuridico.editorajuspodivm.com.br\/s.meusitejuridico\/2022\/03\/cropped-baeec2a3-msj-02-01-01.png","contentUrl":"https:\/\/meusitejuridico.editorajuspodivm.com.br\/s.meusitejuridico\/2022\/03\/cropped-baeec2a3-msj-02-01-01.png","width":349,"height":243,"caption":"Meu site jur\u00eddico"},"image":{"@id":"https:\/\/cdn.meusitejuridico.com.br\/#\/schema\/logo\/image\/"}},{"@type":"Person","@id":"https:\/\/cdn.meusitejuridico.com.br\/#\/schema\/person\/ae56313f17950dccef13d0989efd6d50","name":"Rodrigo Leite","image":{"@type":"ImageObject","inLanguage":"pt-BR","@id":"https:\/\/cdn.meusitejuridico.com.br\/#\/schema\/person\/image\/","url":"https:\/\/meusitejuridico.editorajuspodivm.com.br\/s.meusitejuridico\/2021\/05\/8455192b-foto-site-rodrigo-leite-150x150.jpeg","contentUrl":"https:\/\/meusitejuridico.editorajuspodivm.com.br\/s.meusitejuridico\/2021\/05\/8455192b-foto-site-rodrigo-leite-150x150.jpeg","caption":"Rodrigo Leite"},"description":"Coautor do livro \u201cAn\u00e1lise das Diverg\u00eancias Jurisprudenciais no STF e STJ\u201d, Editora Juspodivm. Autor do livro \u201cTombamento \u2013 Vol. 36 \u2013 Cole\u00e7\u00e3o Leis Especiais para Concursos\u201d, Editora Juspodivm. Autor do livro \u201cDesapropria\u00e7\u00e3o \u2013 Vol. 39 \u2013 Cole\u00e7\u00e3o Especiais para Concursos\u201d, Editora Juspodivm. Coautor do livro \u201cSaberes Jurisprudenciais\u201d, Editora Saraiva. Coorganizador do livro \u201cCPC na Jurisprud\u00eancia\", Editora Foco. Especialista em Direito P\u00fablico e Direito Processual Civil. Mestre em Direito Constitucional. Professor da P\u00f3s-gradua\u00e7\u00e3o em Direito Civil da Rede Anhaguera-Kroton. M\u00e1ster Universit\u00e1rio em Direito Constitucional pela Universidad Del Pa\u00eds Vasco, San Sebasti\u00e1n, Espanha. Advogado licenciado. Analista Judici\u00e1rio do TJRN. Assessor de Desembargador do TJRN.","sameAs":["https:\/\/www.editorajuspodivm.com.br\/autores\/detalhe\/85","https:\/\/www.instagram.com\/rodrigocrleite\/","https:\/\/x.com\/rodrigocrleite"],"url":"https:\/\/meusitejuridico.editorajuspodivm.com.br\/author\/rodrigoleiterodrigoleite\/"}]}},"_links":{"self":[{"href":"https:\/\/meusitejuridico.editorajuspodivm.com.br\/api\/wp\/v2\/posts\/13551","targetHints":{"allow":["GET"]}}],"collection":[{"href":"https:\/\/meusitejuridico.editorajuspodivm.com.br\/api\/wp\/v2\/posts"}],"about":[{"href":"https:\/\/meusitejuridico.editorajuspodivm.com.br\/api\/wp\/v2\/types\/post"}],"author":[{"embeddable":true,"href":"https:\/\/meusitejuridico.editorajuspodivm.com.br\/api\/wp\/v2\/users\/131"}],"replies":[{"embeddable":true,"href":"https:\/\/meusitejuridico.editorajuspodivm.com.br\/api\/wp\/v2\/comments?post=13551"}],"version-history":[{"count":1,"href":"https:\/\/meusitejuridico.editorajuspodivm.com.br\/api\/wp\/v2\/posts\/13551\/revisions"}],"predecessor-version":[{"id":13552,"href":"https:\/\/meusitejuridico.editorajuspodivm.com.br\/api\/wp\/v2\/posts\/13551\/revisions\/13552"}],"wp:featuredmedia":[{"embeddable":true,"href":"https:\/\/meusitejuridico.editorajuspodivm.com.br\/api\/wp\/v2\/media\/2766"}],"wp:attachment":[{"href":"https:\/\/meusitejuridico.editorajuspodivm.com.br\/api\/wp\/v2\/media?parent=13551"}],"wp:term":[{"taxonomy":"category","embeddable":true,"href":"https:\/\/meusitejuridico.editorajuspodivm.com.br\/api\/wp\/v2\/categories?post=13551"},{"taxonomy":"post_tag","embeddable":true,"href":"https:\/\/meusitejuridico.editorajuspodivm.com.br\/api\/wp\/v2\/tags?post=13551"}],"curies":[{"name":"wp","href":"https:\/\/api.w.org\/{rel}","templated":true}]}}