{"id":13634,"date":"2021-06-29T08:30:40","date_gmt":"2021-06-29T11:30:40","guid":{"rendered":"https:\/\/meusitejuridico.editorajuspodivm.com.br\/?p=13634"},"modified":"2021-06-29T08:09:00","modified_gmt":"2021-06-29T11:09:00","slug":"segundo-o-cpp-cadeia-de-custodia-se-inicia-com-preservacao-local-de-crime-ou-com-procedimentos-policiais-ou-periciais-nos-quais-seja-detectada-existencia-de-vestigio","status":"publish","type":"post","link":"https:\/\/meusitejuridico.editorajuspodivm.com.br\/2021\/06\/29\/segundo-o-cpp-cadeia-de-custodia-se-inicia-com-preservacao-local-de-crime-ou-com-procedimentos-policiais-ou-periciais-nos-quais-seja-detectada-existencia-de-vestigio\/","title":{"rendered":"Segundo o CPP, a cadeia de cust\u00f3dia se inicia com a preserva\u00e7\u00e3o do local de crime ou com procedimentos policiais ou periciais nos quais seja detectada a exist\u00eancia de vest\u00edgio"},"content":{"rendered":"<p><strong>CERTO<\/strong><\/p>\n<p>Nos termos do disposto no \u00a71\u00ba do art. 158-A do CPP, o marco inaugural da cadeia de cust\u00f3dia pode ocorrer de tr\u00eas formas, em conjunto ou individualmente, a saber:<\/p>\n<p><strong>a) preserva\u00e7\u00e3o do local do crime:<\/strong> nos casos em que a materialidade \u00e9 expl\u00edcita, como no homic\u00eddio, o agente p\u00fablico que primeiro chegar ao local deve providenciar o isolamento, preservando o espa\u00e7o para, em seguida, acionar as demais autoridades policiais.<\/p>\n<p><strong>b) procedimentos policiais:<\/strong> neste caso, o primeiro vest\u00edgio \u00e9 obtido a partir de dilig\u00eancias inauguradas atrav\u00e9s de a\u00e7\u00e3o policial, militar ou n\u00e3o.<\/p>\n<p><strong>c) procedimentos periciais:<\/strong> aqui, o vest\u00edgio da atividade il\u00edcita \u00e9 detectado atrav\u00e9s do trabalho t\u00e9cnico.<\/p>\n","protected":false},"excerpt":{"rendered":"<p>CERTO Nos termos do disposto no \u00a71\u00ba do art. 158-A do CPP, o marco inaugural da cadeia de cust\u00f3dia pode ocorrer de tr\u00eas formas, em conjunto ou individualmente, a saber: a) preserva\u00e7\u00e3o do local do crime: nos casos em que a materialidade \u00e9 expl\u00edcita, como no homic\u00eddio, o agente p\u00fablico que primeiro chegar ao local [&hellip;]<\/p>\n","protected":false},"author":7,"featured_media":9084,"comment_status":"open","ping_status":"open","sticky":false,"template":"","format":"standard","meta":{"_acf_changed":false,"footnotes":""},"categories":[3090,78,437],"tags":[3537,3536,119],"class_list":["post-13634","post","type-post","status-publish","format-standard","has-post-thumbnail","hentry","category-certo-ou-errado","category-material-de-aula","category-perguntas-e-respostas","tag-158-a-cpp","tag-cadeia-de-custodia","tag-processo-penal"],"acf":[],"yoast_head":"<!-- This site is optimized with the Yoast SEO plugin v24.8.1 - https:\/\/yoast.com\/wordpress\/plugins\/seo\/ -->\n<title>Segundo o CPP, a cadeia de cust\u00f3dia se inicia com a preserva\u00e7\u00e3o do local de crime ou com procedimentos policiais ou periciais nos quais seja detectada a exist\u00eancia de vest\u00edgio - Meu site jur\u00eddico<\/title>\n<meta name=\"robots\" content=\"index, follow, max-snippet:-1, max-image-preview:large, max-video-preview:-1\" \/>\n<link rel=\"canonical\" href=\"https:\/\/meusitejuridico.editorajuspodivm.com.br\/2021\/06\/29\/segundo-o-cpp-cadeia-de-custodia-se-inicia-com-preservacao-local-de-crime-ou-com-procedimentos-policiais-ou-periciais-nos-quais-seja-detectada-existencia-de-vestigio\/\" \/>\n<meta property=\"og:locale\" content=\"pt_BR\" \/>\n<meta property=\"og:type\" content=\"article\" \/>\n<meta property=\"og:title\" content=\"Segundo o CPP, a cadeia de cust\u00f3dia se inicia com a preserva\u00e7\u00e3o do local de crime ou com procedimentos policiais ou periciais nos quais seja detectada a exist\u00eancia de vest\u00edgio - Meu site jur\u00eddico\" \/>\n<meta property=\"og:description\" content=\"CERTO Nos termos do disposto no \u00a71\u00ba do art. 158-A do CPP, o marco inaugural da cadeia de cust\u00f3dia pode ocorrer de tr\u00eas formas, em conjunto ou individualmente, a saber: a) preserva\u00e7\u00e3o do local do crime: nos casos em que a materialidade \u00e9 expl\u00edcita, como no homic\u00eddio, o agente p\u00fablico que primeiro chegar ao local [&hellip;]\" \/>\n<meta property=\"og:url\" content=\"https:\/\/meusitejuridico.editorajuspodivm.com.br\/2021\/06\/29\/segundo-o-cpp-cadeia-de-custodia-se-inicia-com-preservacao-local-de-crime-ou-com-procedimentos-policiais-ou-periciais-nos-quais-seja-detectada-existencia-de-vestigio\/\" \/>\n<meta property=\"og:site_name\" content=\"Meu site jur\u00eddico\" \/>\n<meta property=\"article:published_time\" content=\"2021-06-29T11:30:40+00:00\" \/>\n<meta property=\"og:image\" content=\"https:\/\/meusitejuridico.editorajuspodivm.com.br\/s.meusitejuridico\/2019\/09\/70cbf378-question-mark-1927457-640.jpg\" \/>\n\t<meta property=\"og:image:width\" content=\"640\" \/>\n\t<meta property=\"og:image:height\" content=\"400\" \/>\n\t<meta property=\"og:image:type\" content=\"image\/jpeg\" \/>\n<meta name=\"author\" content=\"Equipe Meu Site Jur\u00eddico\" \/>\n<meta name=\"twitter:card\" content=\"summary_large_image\" \/>\n<meta name=\"twitter:label1\" content=\"Escrito por\" \/>\n\t<meta name=\"twitter:data1\" content=\"Equipe Meu Site Jur\u00eddico\" \/>\n\t<meta name=\"twitter:label2\" content=\"Est. tempo de leitura\" \/>\n\t<meta name=\"twitter:data2\" content=\"1 minuto\" \/>\n<script type=\"application\/ld+json\" class=\"yoast-schema-graph\">{\"@context\":\"https:\/\/schema.org\",\"@graph\":[{\"@type\":\"Article\",\"@id\":\"https:\/\/meusitejuridico.editorajuspodivm.com.br\/2021\/06\/29\/segundo-o-cpp-cadeia-de-custodia-se-inicia-com-preservacao-local-de-crime-ou-com-procedimentos-policiais-ou-periciais-nos-quais-seja-detectada-existencia-de-vestigio\/#article\",\"isPartOf\":{\"@id\":\"https:\/\/meusitejuridico.editorajuspodivm.com.br\/2021\/06\/29\/segundo-o-cpp-cadeia-de-custodia-se-inicia-com-preservacao-local-de-crime-ou-com-procedimentos-policiais-ou-periciais-nos-quais-seja-detectada-existencia-de-vestigio\/\"},\"author\":{\"name\":\"Equipe Meu Site Jur\u00eddico\",\"@id\":\"https:\/\/meusitejuridico.com.br\/#\/schema\/person\/5c2237ac0c8ff03bcf1a09fe3e45dfce\"},\"headline\":\"Segundo o CPP, a cadeia de cust\u00f3dia se inicia com a preserva\u00e7\u00e3o do local de crime ou com procedimentos policiais ou periciais nos quais seja detectada a exist\u00eancia de vest\u00edgio\",\"datePublished\":\"2021-06-29T11:30:40+00:00\",\"mainEntityOfPage\":{\"@id\":\"https:\/\/meusitejuridico.editorajuspodivm.com.br\/2021\/06\/29\/segundo-o-cpp-cadeia-de-custodia-se-inicia-com-preservacao-local-de-crime-ou-com-procedimentos-policiais-ou-periciais-nos-quais-seja-detectada-existencia-de-vestigio\/\"},\"wordCount\":153,\"commentCount\":0,\"publisher\":{\"@id\":\"https:\/\/meusitejuridico.com.br\/#organization\"},\"image\":{\"@id\":\"https:\/\/meusitejuridico.editorajuspodivm.com.br\/2021\/06\/29\/segundo-o-cpp-cadeia-de-custodia-se-inicia-com-preservacao-local-de-crime-ou-com-procedimentos-policiais-ou-periciais-nos-quais-seja-detectada-existencia-de-vestigio\/#primaryimage\"},\"thumbnailUrl\":\"https:\/\/meusitejuridico.editorajuspodivm.com.br\/s.meusitejuridico\/2019\/09\/70cbf378-question-mark-1927457-640.jpg\",\"keywords\":[\"158-A CPP\",\"cadeia de cust\u00f3dia\",\"Processo Penal\"],\"articleSection\":[\"Certo ou errado?\",\"Material de aula\",\"Perguntas e Respostas\"],\"inLanguage\":\"pt-BR\",\"potentialAction\":[{\"@type\":\"CommentAction\",\"name\":\"Comment\",\"target\":[\"https:\/\/meusitejuridico.editorajuspodivm.com.br\/2021\/06\/29\/segundo-o-cpp-cadeia-de-custodia-se-inicia-com-preservacao-local-de-crime-ou-com-procedimentos-policiais-ou-periciais-nos-quais-seja-detectada-existencia-de-vestigio\/#respond\"]}]},{\"@type\":\"WebPage\",\"@id\":\"https:\/\/meusitejuridico.editorajuspodivm.com.br\/2021\/06\/29\/segundo-o-cpp-cadeia-de-custodia-se-inicia-com-preservacao-local-de-crime-ou-com-procedimentos-policiais-ou-periciais-nos-quais-seja-detectada-existencia-de-vestigio\/\",\"url\":\"https:\/\/meusitejuridico.editorajuspodivm.com.br\/2021\/06\/29\/segundo-o-cpp-cadeia-de-custodia-se-inicia-com-preservacao-local-de-crime-ou-com-procedimentos-policiais-ou-periciais-nos-quais-seja-detectada-existencia-de-vestigio\/\",\"name\":\"Segundo o CPP, a cadeia de cust\u00f3dia se inicia com a preserva\u00e7\u00e3o do local de crime ou com procedimentos policiais ou periciais nos quais seja detectada a exist\u00eancia de vest\u00edgio - Meu site jur\u00eddico\",\"isPartOf\":{\"@id\":\"https:\/\/meusitejuridico.com.br\/#website\"},\"primaryImageOfPage\":{\"@id\":\"https:\/\/meusitejuridico.editorajuspodivm.com.br\/2021\/06\/29\/segundo-o-cpp-cadeia-de-custodia-se-inicia-com-preservacao-local-de-crime-ou-com-procedimentos-policiais-ou-periciais-nos-quais-seja-detectada-existencia-de-vestigio\/#primaryimage\"},\"image\":{\"@id\":\"https:\/\/meusitejuridico.editorajuspodivm.com.br\/2021\/06\/29\/segundo-o-cpp-cadeia-de-custodia-se-inicia-com-preservacao-local-de-crime-ou-com-procedimentos-policiais-ou-periciais-nos-quais-seja-detectada-existencia-de-vestigio\/#primaryimage\"},\"thumbnailUrl\":\"https:\/\/meusitejuridico.editorajuspodivm.com.br\/s.meusitejuridico\/2019\/09\/70cbf378-question-mark-1927457-640.jpg\",\"datePublished\":\"2021-06-29T11:30:40+00:00\",\"breadcrumb\":{\"@id\":\"https:\/\/meusitejuridico.editorajuspodivm.com.br\/2021\/06\/29\/segundo-o-cpp-cadeia-de-custodia-se-inicia-com-preservacao-local-de-crime-ou-com-procedimentos-policiais-ou-periciais-nos-quais-seja-detectada-existencia-de-vestigio\/#breadcrumb\"},\"inLanguage\":\"pt-BR\",\"potentialAction\":[{\"@type\":\"ReadAction\",\"target\":[\"https:\/\/meusitejuridico.editorajuspodivm.com.br\/2021\/06\/29\/segundo-o-cpp-cadeia-de-custodia-se-inicia-com-preservacao-local-de-crime-ou-com-procedimentos-policiais-ou-periciais-nos-quais-seja-detectada-existencia-de-vestigio\/\"]}]},{\"@type\":\"ImageObject\",\"inLanguage\":\"pt-BR\",\"@id\":\"https:\/\/meusitejuridico.editorajuspodivm.com.br\/2021\/06\/29\/segundo-o-cpp-cadeia-de-custodia-se-inicia-com-preservacao-local-de-crime-ou-com-procedimentos-policiais-ou-periciais-nos-quais-seja-detectada-existencia-de-vestigio\/#primaryimage\",\"url\":\"https:\/\/meusitejuridico.editorajuspodivm.com.br\/s.meusitejuridico\/2019\/09\/70cbf378-question-mark-1927457-640.jpg\",\"contentUrl\":\"https:\/\/meusitejuridico.editorajuspodivm.com.br\/s.meusitejuridico\/2019\/09\/70cbf378-question-mark-1927457-640.jpg\",\"width\":640,\"height\":400},{\"@type\":\"BreadcrumbList\",\"@id\":\"https:\/\/meusitejuridico.editorajuspodivm.com.br\/2021\/06\/29\/segundo-o-cpp-cadeia-de-custodia-se-inicia-com-preservacao-local-de-crime-ou-com-procedimentos-policiais-ou-periciais-nos-quais-seja-detectada-existencia-de-vestigio\/#breadcrumb\",\"itemListElement\":[{\"@type\":\"ListItem\",\"position\":1,\"name\":\"In\u00edcio\",\"item\":\"https:\/\/meusitejuridico.com.br\/\"},{\"@type\":\"ListItem\",\"position\":2,\"name\":\"Segundo o CPP, a cadeia de cust\u00f3dia se inicia com a preserva\u00e7\u00e3o do local de crime ou com procedimentos policiais ou periciais nos quais seja detectada a exist\u00eancia de vest\u00edgio\"}]},{\"@type\":\"WebSite\",\"@id\":\"https:\/\/meusitejuridico.com.br\/#website\",\"url\":\"https:\/\/meusitejuridico.com.br\/\",\"name\":\"Meu site jur\u00eddico\",\"description\":\"Meu site jur\u00eddico\",\"publisher\":{\"@id\":\"https:\/\/meusitejuridico.com.br\/#organization\"},\"potentialAction\":[{\"@type\":\"SearchAction\",\"target\":{\"@type\":\"EntryPoint\",\"urlTemplate\":\"https:\/\/meusitejuridico.com.br\/?s={search_term_string}\"},\"query-input\":{\"@type\":\"PropertyValueSpecification\",\"valueRequired\":true,\"valueName\":\"search_term_string\"}}],\"inLanguage\":\"pt-BR\"},{\"@type\":\"Organization\",\"@id\":\"https:\/\/meusitejuridico.com.br\/#organization\",\"name\":\"Meu site jur\u00eddico\",\"url\":\"https:\/\/meusitejuridico.com.br\/\",\"logo\":{\"@type\":\"ImageObject\",\"inLanguage\":\"pt-BR\",\"@id\":\"https:\/\/meusitejuridico.com.br\/#\/schema\/logo\/image\/\",\"url\":\"https:\/\/meusitejuridico.editorajuspodivm.com.br\/s.meusitejuridico\/2022\/03\/cropped-baeec2a3-msj-02-01-01.png\",\"contentUrl\":\"https:\/\/meusitejuridico.editorajuspodivm.com.br\/s.meusitejuridico\/2022\/03\/cropped-baeec2a3-msj-02-01-01.png\",\"width\":349,\"height\":243,\"caption\":\"Meu site jur\u00eddico\"},\"image\":{\"@id\":\"https:\/\/meusitejuridico.com.br\/#\/schema\/logo\/image\/\"}},{\"@type\":\"Person\",\"@id\":\"https:\/\/meusitejuridico.com.br\/#\/schema\/person\/5c2237ac0c8ff03bcf1a09fe3e45dfce\",\"name\":\"Equipe Meu Site Jur\u00eddico\",\"image\":{\"@type\":\"ImageObject\",\"inLanguage\":\"pt-BR\",\"@id\":\"https:\/\/meusitejuridico.com.br\/#\/schema\/person\/image\/\",\"url\":\"https:\/\/meusitejuridico.editorajuspodivm.com.br\/s.meusitejuridico\/2020\/07\/6be289aa-logo-msj.png\",\"contentUrl\":\"https:\/\/meusitejuridico.editorajuspodivm.com.br\/s.meusitejuridico\/2020\/07\/6be289aa-logo-msj.png\",\"caption\":\"Equipe Meu Site Jur\u00eddico\"},\"description\":\"Contem conosco!\",\"url\":\"https:\/\/meusitejuridico.editorajuspodivm.com.br\/author\/equipe-meu-site-juridico\/\"}]}<\/script>\n<!-- \/ Yoast SEO plugin. -->","yoast_head_json":{"title":"Segundo o CPP, a cadeia de cust\u00f3dia se inicia com a preserva\u00e7\u00e3o do local de crime ou com procedimentos policiais ou periciais nos quais seja detectada a exist\u00eancia de vest\u00edgio - Meu site jur\u00eddico","robots":{"index":"index","follow":"follow","max-snippet":"max-snippet:-1","max-image-preview":"max-image-preview:large","max-video-preview":"max-video-preview:-1"},"canonical":"https:\/\/meusitejuridico.editorajuspodivm.com.br\/2021\/06\/29\/segundo-o-cpp-cadeia-de-custodia-se-inicia-com-preservacao-local-de-crime-ou-com-procedimentos-policiais-ou-periciais-nos-quais-seja-detectada-existencia-de-vestigio\/","og_locale":"pt_BR","og_type":"article","og_title":"Segundo o CPP, a cadeia de cust\u00f3dia se inicia com a preserva\u00e7\u00e3o do local de crime ou com procedimentos policiais ou periciais nos quais seja detectada a exist\u00eancia de vest\u00edgio - Meu site jur\u00eddico","og_description":"CERTO Nos termos do disposto no \u00a71\u00ba do art. 158-A do CPP, o marco inaugural da cadeia de cust\u00f3dia pode ocorrer de tr\u00eas formas, em conjunto ou individualmente, a saber: a) preserva\u00e7\u00e3o do local do crime: nos casos em que a materialidade \u00e9 expl\u00edcita, como no homic\u00eddio, o agente p\u00fablico que primeiro chegar ao local [&hellip;]","og_url":"https:\/\/meusitejuridico.editorajuspodivm.com.br\/2021\/06\/29\/segundo-o-cpp-cadeia-de-custodia-se-inicia-com-preservacao-local-de-crime-ou-com-procedimentos-policiais-ou-periciais-nos-quais-seja-detectada-existencia-de-vestigio\/","og_site_name":"Meu site jur\u00eddico","article_published_time":"2021-06-29T11:30:40+00:00","og_image":[{"width":640,"height":400,"url":"https:\/\/meusitejuridico.editorajuspodivm.com.br\/s.meusitejuridico\/2019\/09\/70cbf378-question-mark-1927457-640.jpg","type":"image\/jpeg"}],"author":"Equipe Meu Site Jur\u00eddico","twitter_card":"summary_large_image","twitter_misc":{"Escrito por":"Equipe Meu Site Jur\u00eddico","Est. tempo de leitura":"1 minuto"},"schema":{"@context":"https:\/\/schema.org","@graph":[{"@type":"Article","@id":"https:\/\/meusitejuridico.editorajuspodivm.com.br\/2021\/06\/29\/segundo-o-cpp-cadeia-de-custodia-se-inicia-com-preservacao-local-de-crime-ou-com-procedimentos-policiais-ou-periciais-nos-quais-seja-detectada-existencia-de-vestigio\/#article","isPartOf":{"@id":"https:\/\/meusitejuridico.editorajuspodivm.com.br\/2021\/06\/29\/segundo-o-cpp-cadeia-de-custodia-se-inicia-com-preservacao-local-de-crime-ou-com-procedimentos-policiais-ou-periciais-nos-quais-seja-detectada-existencia-de-vestigio\/"},"author":{"name":"Equipe Meu Site Jur\u00eddico","@id":"https:\/\/meusitejuridico.com.br\/#\/schema\/person\/5c2237ac0c8ff03bcf1a09fe3e45dfce"},"headline":"Segundo o CPP, a cadeia de cust\u00f3dia se inicia com a preserva\u00e7\u00e3o do local de crime ou com procedimentos policiais ou periciais nos quais seja detectada a exist\u00eancia de vest\u00edgio","datePublished":"2021-06-29T11:30:40+00:00","mainEntityOfPage":{"@id":"https:\/\/meusitejuridico.editorajuspodivm.com.br\/2021\/06\/29\/segundo-o-cpp-cadeia-de-custodia-se-inicia-com-preservacao-local-de-crime-ou-com-procedimentos-policiais-ou-periciais-nos-quais-seja-detectada-existencia-de-vestigio\/"},"wordCount":153,"commentCount":0,"publisher":{"@id":"https:\/\/meusitejuridico.com.br\/#organization"},"image":{"@id":"https:\/\/meusitejuridico.editorajuspodivm.com.br\/2021\/06\/29\/segundo-o-cpp-cadeia-de-custodia-se-inicia-com-preservacao-local-de-crime-ou-com-procedimentos-policiais-ou-periciais-nos-quais-seja-detectada-existencia-de-vestigio\/#primaryimage"},"thumbnailUrl":"https:\/\/meusitejuridico.editorajuspodivm.com.br\/s.meusitejuridico\/2019\/09\/70cbf378-question-mark-1927457-640.jpg","keywords":["158-A CPP","cadeia de cust\u00f3dia","Processo Penal"],"articleSection":["Certo ou errado?","Material de aula","Perguntas e Respostas"],"inLanguage":"pt-BR","potentialAction":[{"@type":"CommentAction","name":"Comment","target":["https:\/\/meusitejuridico.editorajuspodivm.com.br\/2021\/06\/29\/segundo-o-cpp-cadeia-de-custodia-se-inicia-com-preservacao-local-de-crime-ou-com-procedimentos-policiais-ou-periciais-nos-quais-seja-detectada-existencia-de-vestigio\/#respond"]}]},{"@type":"WebPage","@id":"https:\/\/meusitejuridico.editorajuspodivm.com.br\/2021\/06\/29\/segundo-o-cpp-cadeia-de-custodia-se-inicia-com-preservacao-local-de-crime-ou-com-procedimentos-policiais-ou-periciais-nos-quais-seja-detectada-existencia-de-vestigio\/","url":"https:\/\/meusitejuridico.editorajuspodivm.com.br\/2021\/06\/29\/segundo-o-cpp-cadeia-de-custodia-se-inicia-com-preservacao-local-de-crime-ou-com-procedimentos-policiais-ou-periciais-nos-quais-seja-detectada-existencia-de-vestigio\/","name":"Segundo o CPP, a cadeia de cust\u00f3dia se inicia com a preserva\u00e7\u00e3o do local de crime ou com procedimentos policiais ou periciais nos quais seja detectada a exist\u00eancia de vest\u00edgio - Meu site jur\u00eddico","isPartOf":{"@id":"https:\/\/meusitejuridico.com.br\/#website"},"primaryImageOfPage":{"@id":"https:\/\/meusitejuridico.editorajuspodivm.com.br\/2021\/06\/29\/segundo-o-cpp-cadeia-de-custodia-se-inicia-com-preservacao-local-de-crime-ou-com-procedimentos-policiais-ou-periciais-nos-quais-seja-detectada-existencia-de-vestigio\/#primaryimage"},"image":{"@id":"https:\/\/meusitejuridico.editorajuspodivm.com.br\/2021\/06\/29\/segundo-o-cpp-cadeia-de-custodia-se-inicia-com-preservacao-local-de-crime-ou-com-procedimentos-policiais-ou-periciais-nos-quais-seja-detectada-existencia-de-vestigio\/#primaryimage"},"thumbnailUrl":"https:\/\/meusitejuridico.editorajuspodivm.com.br\/s.meusitejuridico\/2019\/09\/70cbf378-question-mark-1927457-640.jpg","datePublished":"2021-06-29T11:30:40+00:00","breadcrumb":{"@id":"https:\/\/meusitejuridico.editorajuspodivm.com.br\/2021\/06\/29\/segundo-o-cpp-cadeia-de-custodia-se-inicia-com-preservacao-local-de-crime-ou-com-procedimentos-policiais-ou-periciais-nos-quais-seja-detectada-existencia-de-vestigio\/#breadcrumb"},"inLanguage":"pt-BR","potentialAction":[{"@type":"ReadAction","target":["https:\/\/meusitejuridico.editorajuspodivm.com.br\/2021\/06\/29\/segundo-o-cpp-cadeia-de-custodia-se-inicia-com-preservacao-local-de-crime-ou-com-procedimentos-policiais-ou-periciais-nos-quais-seja-detectada-existencia-de-vestigio\/"]}]},{"@type":"ImageObject","inLanguage":"pt-BR","@id":"https:\/\/meusitejuridico.editorajuspodivm.com.br\/2021\/06\/29\/segundo-o-cpp-cadeia-de-custodia-se-inicia-com-preservacao-local-de-crime-ou-com-procedimentos-policiais-ou-periciais-nos-quais-seja-detectada-existencia-de-vestigio\/#primaryimage","url":"https:\/\/meusitejuridico.editorajuspodivm.com.br\/s.meusitejuridico\/2019\/09\/70cbf378-question-mark-1927457-640.jpg","contentUrl":"https:\/\/meusitejuridico.editorajuspodivm.com.br\/s.meusitejuridico\/2019\/09\/70cbf378-question-mark-1927457-640.jpg","width":640,"height":400},{"@type":"BreadcrumbList","@id":"https:\/\/meusitejuridico.editorajuspodivm.com.br\/2021\/06\/29\/segundo-o-cpp-cadeia-de-custodia-se-inicia-com-preservacao-local-de-crime-ou-com-procedimentos-policiais-ou-periciais-nos-quais-seja-detectada-existencia-de-vestigio\/#breadcrumb","itemListElement":[{"@type":"ListItem","position":1,"name":"In\u00edcio","item":"https:\/\/meusitejuridico.com.br\/"},{"@type":"ListItem","position":2,"name":"Segundo o CPP, a cadeia de cust\u00f3dia se inicia com a preserva\u00e7\u00e3o do local de crime ou com procedimentos policiais ou periciais nos quais seja detectada a exist\u00eancia de vest\u00edgio"}]},{"@type":"WebSite","@id":"https:\/\/meusitejuridico.com.br\/#website","url":"https:\/\/meusitejuridico.com.br\/","name":"Meu site jur\u00eddico","description":"Meu site jur\u00eddico","publisher":{"@id":"https:\/\/meusitejuridico.com.br\/#organization"},"potentialAction":[{"@type":"SearchAction","target":{"@type":"EntryPoint","urlTemplate":"https:\/\/meusitejuridico.com.br\/?s={search_term_string}"},"query-input":{"@type":"PropertyValueSpecification","valueRequired":true,"valueName":"search_term_string"}}],"inLanguage":"pt-BR"},{"@type":"Organization","@id":"https:\/\/meusitejuridico.com.br\/#organization","name":"Meu site jur\u00eddico","url":"https:\/\/meusitejuridico.com.br\/","logo":{"@type":"ImageObject","inLanguage":"pt-BR","@id":"https:\/\/meusitejuridico.com.br\/#\/schema\/logo\/image\/","url":"https:\/\/meusitejuridico.editorajuspodivm.com.br\/s.meusitejuridico\/2022\/03\/cropped-baeec2a3-msj-02-01-01.png","contentUrl":"https:\/\/meusitejuridico.editorajuspodivm.com.br\/s.meusitejuridico\/2022\/03\/cropped-baeec2a3-msj-02-01-01.png","width":349,"height":243,"caption":"Meu site jur\u00eddico"},"image":{"@id":"https:\/\/meusitejuridico.com.br\/#\/schema\/logo\/image\/"}},{"@type":"Person","@id":"https:\/\/meusitejuridico.com.br\/#\/schema\/person\/5c2237ac0c8ff03bcf1a09fe3e45dfce","name":"Equipe Meu Site Jur\u00eddico","image":{"@type":"ImageObject","inLanguage":"pt-BR","@id":"https:\/\/meusitejuridico.com.br\/#\/schema\/person\/image\/","url":"https:\/\/meusitejuridico.editorajuspodivm.com.br\/s.meusitejuridico\/2020\/07\/6be289aa-logo-msj.png","contentUrl":"https:\/\/meusitejuridico.editorajuspodivm.com.br\/s.meusitejuridico\/2020\/07\/6be289aa-logo-msj.png","caption":"Equipe Meu Site Jur\u00eddico"},"description":"Contem conosco!","url":"https:\/\/meusitejuridico.editorajuspodivm.com.br\/author\/equipe-meu-site-juridico\/"}]}},"_links":{"self":[{"href":"https:\/\/meusitejuridico.editorajuspodivm.com.br\/api\/wp\/v2\/posts\/13634","targetHints":{"allow":["GET"]}}],"collection":[{"href":"https:\/\/meusitejuridico.editorajuspodivm.com.br\/api\/wp\/v2\/posts"}],"about":[{"href":"https:\/\/meusitejuridico.editorajuspodivm.com.br\/api\/wp\/v2\/types\/post"}],"author":[{"embeddable":true,"href":"https:\/\/meusitejuridico.editorajuspodivm.com.br\/api\/wp\/v2\/users\/7"}],"replies":[{"embeddable":true,"href":"https:\/\/meusitejuridico.editorajuspodivm.com.br\/api\/wp\/v2\/comments?post=13634"}],"version-history":[{"count":1,"href":"https:\/\/meusitejuridico.editorajuspodivm.com.br\/api\/wp\/v2\/posts\/13634\/revisions"}],"predecessor-version":[{"id":13635,"href":"https:\/\/meusitejuridico.editorajuspodivm.com.br\/api\/wp\/v2\/posts\/13634\/revisions\/13635"}],"wp:featuredmedia":[{"embeddable":true,"href":"https:\/\/meusitejuridico.editorajuspodivm.com.br\/api\/wp\/v2\/media\/9084"}],"wp:attachment":[{"href":"https:\/\/meusitejuridico.editorajuspodivm.com.br\/api\/wp\/v2\/media?parent=13634"}],"wp:term":[{"taxonomy":"category","embeddable":true,"href":"https:\/\/meusitejuridico.editorajuspodivm.com.br\/api\/wp\/v2\/categories?post=13634"},{"taxonomy":"post_tag","embeddable":true,"href":"https:\/\/meusitejuridico.editorajuspodivm.com.br\/api\/wp\/v2\/tags?post=13634"}],"curies":[{"name":"wp","href":"https:\/\/api.w.org\/{rel}","templated":true}]}}