{"id":13995,"date":"2021-08-31T10:30:52","date_gmt":"2021-08-31T13:30:52","guid":{"rendered":"https:\/\/meusitejuridico.editorajuspodivm.com.br\/?p=13995"},"modified":"2021-08-31T09:26:08","modified_gmt":"2021-08-31T12:26:08","slug":"resumo-informativo-1-026-stf-de-27-de-agosto-de-2021","status":"publish","type":"post","link":"https:\/\/meusitejuridico.editorajuspodivm.com.br\/2021\/08\/31\/resumo-informativo-1-026-stf-de-27-de-agosto-de-2021\/","title":{"rendered":"Resumo &#8211; Informativo 1.026 do STF, de 27 de agosto de 2021"},"content":{"rendered":"<p><strong>PLEN\u00c1RIO<\/strong><\/p>\n<p>&#8211; O teto remunerat\u00f3rio aplic\u00e1vel aos servidores municipais, excetuados os vereadores, \u00e9 o subs\u00eddio do prefeito municipal \u2013 ADI 6811\/PE, julgada em 20\/08\/2021.<\/p>\n<p>&nbsp;<\/p>\n<p>&#8211; \u00c9 inconstitucional norma de constitui\u00e7\u00e3o estadual que estende o foro por prerrogativa de fun\u00e7\u00e3o a autoridades n\u00e3o contempladas pela Constitui\u00e7\u00e3o Federal de forma expressa ou por simetria. As constitui\u00e7\u00f5es estaduais n\u00e3o podem instituir novas hip\u00f3teses de foro por prerrogativa de fun\u00e7\u00e3o al\u00e9m daquelas previstas na Constitui\u00e7\u00e3o Federal \u2013 ADI 6501\/PA, ADI 6508\/RO, ADI 6515\/AM e ADI 6516\/AL, julgadas em 20\/08\/2021.<\/p>\n<p>&nbsp;<\/p>\n<p>&#8211; \u00c9 inconstitucional lei estadual que inclui o pagamento de pessoal inativo nas despesas consideradas como de manuten\u00e7\u00e3o e desenvolvimento do ensino \u2013 ADI 6049\/GO, julgada em 20\/08\/2021.<\/p>\n<p>&nbsp;<\/p>\n<p>&#8211; N\u00e3o caracteriza afronta \u00e0 veda\u00e7\u00e3o imposta pelo art. 62, \u00a7 1\u00ba, IV, da Constitui\u00e7\u00e3o Federal a edi\u00e7\u00e3o de medida provis\u00f3ria no mesmo dia em que o Presidente da Rep\u00fablica sanciona ou veta projeto de lei com conte\u00fado semelhante \u2013 ADI 2601\/DF, julgada em 19\/08\/2021.<\/p>\n<p>&nbsp;<\/p>\n<p>&#8211; S\u00e3o constitucionais os decretos presidenciais expedidos em conformidade com a compet\u00eancia privativa conferida ao chefe do Poder Executivo pelo art. 84, VI, \u201ca\u201d, da CF \u2013 ADI 2601\/DF, julgada em 19\/08\/2021.<\/p>\n<p>&nbsp;<\/p>\n<p>&#8211; S\u00e3o inconstitucionais normas regimentais de tribunal local que, no processo de progress\u00e3o na carreira da magistratura, complementam a Lei Org\u00e2nica da Magistratura Nacional (LOMAN) com crit\u00e9rios de desempate estranhos \u00e0 fun\u00e7\u00e3o jurisdicional \u2013 ADI 6766\/RO, julgada em 20\/08\/2021.<\/p>\n<p>&nbsp;<\/p>\n<p>&#8211; Os recursos p\u00fablicos vinculados ao or\u00e7amento de estatais prestadoras de servi\u00e7o p\u00fablico essencial, em regime n\u00e3o concorrencial e sem intuito lucrativo prim\u00e1rio, n\u00e3o podem ser bloqueados ou sequestrados por decis\u00e3o judicial para pagamento de suas d\u00edvidas, em virtude do disposto no art. 100 da CF\/1988, e dos princ\u00edpios da legalidade or\u00e7ament\u00e1ria (art. 167, VI, da CF\/1988), da separa\u00e7\u00e3o dos poderes (arts. 2\u00ba, 60, \u00a7 4\u00ba, III, da CF\/1988) e da efici\u00eancia da administra\u00e7\u00e3o p\u00fablica (art. 37, caput, da CF\/1988) \u2013 ADPF 789\/MA, julgada em 20\/08\/2021.<\/p>\n<p>&nbsp;<\/p>\n<p>&#8211; A san\u00e7\u00e3o abstratamente prevista para o crime de \u201cdivulga\u00e7\u00e3o de ato objeto de denuncia\u00e7\u00e3o caluniosa eleitoral\u201d est\u00e1 em conson\u00e2ncia com os princ\u00edpios da proporcionalidade e da individualiza\u00e7\u00e3o da pena \u2013 ADI 6225\/DF, julgada em 20\/08\/2021.<\/p>\n<p>&nbsp;<\/p>\n<p>&#8211; O instituto da \u201ccandidatura nata\u201d \u00e9 incompat\u00edvel com a Constitui\u00e7\u00e3o Federal de 1988 (CF), tanto por violar a isonomia entre os postulantes a cargos eletivos como, sobretudo, por atingir a autonomia partid\u00e1ria (CF, arts. 5\u00ba, \u201ccaput\u201d, e 17) \u2013 ADI 2530\/DF, julgada em 18\/08\/2021.<\/p>\n<p>&nbsp;<\/p>\n<p>&#8211; Os atos il\u00edcitos praticados por Estados estrangeiros em viola\u00e7\u00e3o a direitos humanos n\u00e3o gozam de imunidade de jurisdi\u00e7\u00e3o. A imunidade de jurisdi\u00e7\u00e3o de Estado estrangeiro n\u00e3o alcan\u00e7a atos de imp\u00e9rio ofensivos ao direito internacional da pessoa humana praticados no territ\u00f3rio brasileiro, tais como aqueles que resultem na morte de civis em per\u00edodo de guerra \u2013 ARE 954858\/RJ, Tema 944, julgado em 28\/08\/2021.<\/p>\n<p>***<\/p>\n<div class=\"entry-content\">\n<div class=\"entry-content\">\n<div class=\"entry-content\">\n<p><b><strong>Telegram<\/strong><\/b>:<strong>\u00a0<\/strong><a href=\"https:\/\/t.me\/pilulasjuridicasSTFSTJ\" target=\"_blank\" rel=\"noopener noreferrer\" data-auth=\"NotApplicable\"><strong>https:\/\/t.me\/pilulasjuridicasSTFSTJ<\/strong><\/a><strong>\u00a0| Instagram: @rodrigocrleite<\/strong><\/p>\n<\/div>\n<\/div>\n<\/div>\n<div class=\"clearfix\"><\/div>\n","protected":false},"excerpt":{"rendered":"<p>PLEN\u00c1RIO &#8211; O teto remunerat\u00f3rio aplic\u00e1vel aos servidores municipais, excetuados os vereadores, \u00e9 o subs\u00eddio do prefeito municipal \u2013 ADI 6811\/PE, julgada em 20\/08\/2021. &nbsp; &#8211; \u00c9 inconstitucional norma de constitui\u00e7\u00e3o estadual que estende o foro por prerrogativa de fun\u00e7\u00e3o a autoridades n\u00e3o contempladas pela Constitui\u00e7\u00e3o Federal de forma expressa ou por simetria. As constitui\u00e7\u00f5es [&hellip;]<\/p>\n","protected":false},"author":131,"featured_media":5796,"comment_status":"open","ping_status":"open","sticky":false,"template":"","format":"standard","meta":{"_acf_changed":false,"footnotes":""},"categories":[70,79],"tags":[3745,3384,2190],"class_list":["post-13995","post","type-post","status-publish","format-standard","has-post-thumbnail","hentry","category-informativos-comentados","category-informativos-stf","tag-1026-stf","tag-informativos","tag-jurisprudencia"],"acf":[],"yoast_head":"<!-- This site is optimized with the Yoast SEO plugin v24.8.1 - https:\/\/yoast.com\/wordpress\/plugins\/seo\/ -->\n<title>Resumo - Informativo 1.026 do STF, de 27 de agosto de 2021 - Meu site jur\u00eddico<\/title>\n<meta name=\"robots\" content=\"index, follow, max-snippet:-1, max-image-preview:large, max-video-preview:-1\" \/>\n<link rel=\"canonical\" href=\"https:\/\/meusitejuridico.com.br\/2021\/08\/31\/resumo-informativo-1-026-stf-de-27-de-agosto-de-2021\/\" \/>\n<meta property=\"og:locale\" content=\"pt_BR\" \/>\n<meta property=\"og:type\" content=\"article\" \/>\n<meta property=\"og:title\" content=\"Resumo - Informativo 1.026 do STF, de 27 de agosto de 2021 - Meu site jur\u00eddico\" \/>\n<meta property=\"og:description\" content=\"PLEN\u00c1RIO &#8211; O teto remunerat\u00f3rio aplic\u00e1vel aos servidores municipais, excetuados os vereadores, \u00e9 o subs\u00eddio do prefeito municipal \u2013 ADI 6811\/PE, julgada em 20\/08\/2021. &nbsp; &#8211; \u00c9 inconstitucional norma de constitui\u00e7\u00e3o estadual que estende o foro por prerrogativa de fun\u00e7\u00e3o a autoridades n\u00e3o contempladas pela Constitui\u00e7\u00e3o Federal de forma expressa ou por simetria. As constitui\u00e7\u00f5es [&hellip;]\" \/>\n<meta property=\"og:url\" content=\"https:\/\/meusitejuridico.com.br\/2021\/08\/31\/resumo-informativo-1-026-stf-de-27-de-agosto-de-2021\/\" \/>\n<meta property=\"og:site_name\" content=\"Meu site jur\u00eddico\" \/>\n<meta property=\"article:published_time\" content=\"2021-08-31T13:30:52+00:00\" \/>\n<meta property=\"og:image\" content=\"https:\/\/meusitejuridico.com.br\/s.meusitejuridico\/2018\/07\/f632f346-shutterstock-1051647383.jpg\" \/>\n\t<meta property=\"og:image:width\" content=\"1000\" \/>\n\t<meta property=\"og:image:height\" content=\"563\" \/>\n\t<meta property=\"og:image:type\" content=\"image\/jpeg\" \/>\n<meta name=\"author\" content=\"Rodrigo Leite\" \/>\n<meta name=\"twitter:card\" content=\"summary_large_image\" \/>\n<meta name=\"twitter:creator\" content=\"@rodrigocrleite\" \/>\n<meta name=\"twitter:label1\" content=\"Escrito por\" \/>\n\t<meta name=\"twitter:data1\" content=\"Rodrigo Leite\" \/>\n\t<meta name=\"twitter:label2\" content=\"Est. tempo de leitura\" \/>\n\t<meta name=\"twitter:data2\" content=\"2 minutos\" \/>\n<script type=\"application\/ld+json\" class=\"yoast-schema-graph\">{\"@context\":\"https:\/\/schema.org\",\"@graph\":[{\"@type\":\"Article\",\"@id\":\"https:\/\/meusitejuridico.com.br\/2021\/08\/31\/resumo-informativo-1-026-stf-de-27-de-agosto-de-2021\/#article\",\"isPartOf\":{\"@id\":\"https:\/\/meusitejuridico.com.br\/2021\/08\/31\/resumo-informativo-1-026-stf-de-27-de-agosto-de-2021\/\"},\"author\":{\"name\":\"Rodrigo Leite\",\"@id\":\"https:\/\/cdn.meusitejuridico.com.br\/#\/schema\/person\/ae56313f17950dccef13d0989efd6d50\"},\"headline\":\"Resumo &#8211; Informativo 1.026 do STF, de 27 de agosto de 2021\",\"datePublished\":\"2021-08-31T13:30:52+00:00\",\"mainEntityOfPage\":{\"@id\":\"https:\/\/meusitejuridico.com.br\/2021\/08\/31\/resumo-informativo-1-026-stf-de-27-de-agosto-de-2021\/\"},\"wordCount\":507,\"commentCount\":0,\"publisher\":{\"@id\":\"https:\/\/cdn.meusitejuridico.com.br\/#organization\"},\"image\":{\"@id\":\"https:\/\/meusitejuridico.com.br\/2021\/08\/31\/resumo-informativo-1-026-stf-de-27-de-agosto-de-2021\/#primaryimage\"},\"thumbnailUrl\":\"https:\/\/meusitejuridico.editorajuspodivm.com.br\/s.meusitejuridico\/2018\/07\/f632f346-shutterstock-1051647383.jpg\",\"keywords\":[\"1026 STF\",\"informativos\",\"jurisprud\u00eancia\"],\"articleSection\":[\"Informativos\",\"STF\"],\"inLanguage\":\"pt-BR\",\"potentialAction\":[{\"@type\":\"CommentAction\",\"name\":\"Comment\",\"target\":[\"https:\/\/meusitejuridico.com.br\/2021\/08\/31\/resumo-informativo-1-026-stf-de-27-de-agosto-de-2021\/#respond\"]}]},{\"@type\":\"WebPage\",\"@id\":\"https:\/\/meusitejuridico.com.br\/2021\/08\/31\/resumo-informativo-1-026-stf-de-27-de-agosto-de-2021\/\",\"url\":\"https:\/\/meusitejuridico.com.br\/2021\/08\/31\/resumo-informativo-1-026-stf-de-27-de-agosto-de-2021\/\",\"name\":\"Resumo - Informativo 1.026 do STF, de 27 de agosto de 2021 - Meu site jur\u00eddico\",\"isPartOf\":{\"@id\":\"https:\/\/cdn.meusitejuridico.com.br\/#website\"},\"primaryImageOfPage\":{\"@id\":\"https:\/\/meusitejuridico.com.br\/2021\/08\/31\/resumo-informativo-1-026-stf-de-27-de-agosto-de-2021\/#primaryimage\"},\"image\":{\"@id\":\"https:\/\/meusitejuridico.com.br\/2021\/08\/31\/resumo-informativo-1-026-stf-de-27-de-agosto-de-2021\/#primaryimage\"},\"thumbnailUrl\":\"https:\/\/meusitejuridico.editorajuspodivm.com.br\/s.meusitejuridico\/2018\/07\/f632f346-shutterstock-1051647383.jpg\",\"datePublished\":\"2021-08-31T13:30:52+00:00\",\"breadcrumb\":{\"@id\":\"https:\/\/meusitejuridico.com.br\/2021\/08\/31\/resumo-informativo-1-026-stf-de-27-de-agosto-de-2021\/#breadcrumb\"},\"inLanguage\":\"pt-BR\",\"potentialAction\":[{\"@type\":\"ReadAction\",\"target\":[\"https:\/\/meusitejuridico.com.br\/2021\/08\/31\/resumo-informativo-1-026-stf-de-27-de-agosto-de-2021\/\"]}]},{\"@type\":\"ImageObject\",\"inLanguage\":\"pt-BR\",\"@id\":\"https:\/\/meusitejuridico.com.br\/2021\/08\/31\/resumo-informativo-1-026-stf-de-27-de-agosto-de-2021\/#primaryimage\",\"url\":\"https:\/\/meusitejuridico.editorajuspodivm.com.br\/s.meusitejuridico\/2018\/07\/f632f346-shutterstock-1051647383.jpg\",\"contentUrl\":\"https:\/\/meusitejuridico.editorajuspodivm.com.br\/s.meusitejuridico\/2018\/07\/f632f346-shutterstock-1051647383.jpg\",\"width\":1000,\"height\":563},{\"@type\":\"BreadcrumbList\",\"@id\":\"https:\/\/meusitejuridico.com.br\/2021\/08\/31\/resumo-informativo-1-026-stf-de-27-de-agosto-de-2021\/#breadcrumb\",\"itemListElement\":[{\"@type\":\"ListItem\",\"position\":1,\"name\":\"In\u00edcio\",\"item\":\"https:\/\/cdn.meusitejuridico.com.br\/\"},{\"@type\":\"ListItem\",\"position\":2,\"name\":\"Resumo &#8211; Informativo 1.026 do STF, de 27 de agosto de 2021\"}]},{\"@type\":\"WebSite\",\"@id\":\"https:\/\/cdn.meusitejuridico.com.br\/#website\",\"url\":\"https:\/\/cdn.meusitejuridico.com.br\/\",\"name\":\"Meu site jur\u00eddico\",\"description\":\"Meu site jur\u00eddico\",\"publisher\":{\"@id\":\"https:\/\/cdn.meusitejuridico.com.br\/#organization\"},\"potentialAction\":[{\"@type\":\"SearchAction\",\"target\":{\"@type\":\"EntryPoint\",\"urlTemplate\":\"https:\/\/cdn.meusitejuridico.com.br\/?s={search_term_string}\"},\"query-input\":{\"@type\":\"PropertyValueSpecification\",\"valueRequired\":true,\"valueName\":\"search_term_string\"}}],\"inLanguage\":\"pt-BR\"},{\"@type\":\"Organization\",\"@id\":\"https:\/\/cdn.meusitejuridico.com.br\/#organization\",\"name\":\"Meu site jur\u00eddico\",\"url\":\"https:\/\/cdn.meusitejuridico.com.br\/\",\"logo\":{\"@type\":\"ImageObject\",\"inLanguage\":\"pt-BR\",\"@id\":\"https:\/\/cdn.meusitejuridico.com.br\/#\/schema\/logo\/image\/\",\"url\":\"https:\/\/meusitejuridico.editorajuspodivm.com.br\/s.meusitejuridico\/2022\/03\/cropped-baeec2a3-msj-02-01-01.png\",\"contentUrl\":\"https:\/\/meusitejuridico.editorajuspodivm.com.br\/s.meusitejuridico\/2022\/03\/cropped-baeec2a3-msj-02-01-01.png\",\"width\":349,\"height\":243,\"caption\":\"Meu site jur\u00eddico\"},\"image\":{\"@id\":\"https:\/\/cdn.meusitejuridico.com.br\/#\/schema\/logo\/image\/\"}},{\"@type\":\"Person\",\"@id\":\"https:\/\/cdn.meusitejuridico.com.br\/#\/schema\/person\/ae56313f17950dccef13d0989efd6d50\",\"name\":\"Rodrigo Leite\",\"image\":{\"@type\":\"ImageObject\",\"inLanguage\":\"pt-BR\",\"@id\":\"https:\/\/cdn.meusitejuridico.com.br\/#\/schema\/person\/image\/\",\"url\":\"https:\/\/meusitejuridico.editorajuspodivm.com.br\/s.meusitejuridico\/2021\/05\/8455192b-foto-site-rodrigo-leite-150x150.jpeg\",\"contentUrl\":\"https:\/\/meusitejuridico.editorajuspodivm.com.br\/s.meusitejuridico\/2021\/05\/8455192b-foto-site-rodrigo-leite-150x150.jpeg\",\"caption\":\"Rodrigo Leite\"},\"description\":\"Coautor do livro \u201cAn\u00e1lise das Diverg\u00eancias Jurisprudenciais no STF e STJ\u201d, Editora Juspodivm. Autor do livro \u201cTombamento \u2013 Vol. 36 \u2013 Cole\u00e7\u00e3o Leis Especiais para Concursos\u201d, Editora Juspodivm. Autor do livro \u201cDesapropria\u00e7\u00e3o \u2013 Vol. 39 \u2013 Cole\u00e7\u00e3o Especiais para Concursos\u201d, Editora Juspodivm. Coautor do livro \u201cSaberes Jurisprudenciais\u201d, Editora Saraiva. Coorganizador do livro \u201cCPC na Jurisprud\u00eancia\\\", Editora Foco. Especialista em Direito P\u00fablico e Direito Processual Civil. Mestre em Direito Constitucional. Professor da P\u00f3s-gradua\u00e7\u00e3o em Direito Civil da Rede Anhaguera-Kroton. M\u00e1ster Universit\u00e1rio em Direito Constitucional pela Universidad Del Pa\u00eds Vasco, San Sebasti\u00e1n, Espanha. Advogado licenciado. Analista Judici\u00e1rio do TJRN. Assessor de Desembargador do TJRN.\",\"sameAs\":[\"https:\/\/www.editorajuspodivm.com.br\/autores\/detalhe\/85\",\"https:\/\/www.instagram.com\/rodrigocrleite\/\",\"https:\/\/x.com\/rodrigocrleite\"],\"url\":\"https:\/\/meusitejuridico.editorajuspodivm.com.br\/author\/rodrigoleiterodrigoleite\/\"}]}<\/script>\n<!-- \/ Yoast SEO plugin. -->","yoast_head_json":{"title":"Resumo - Informativo 1.026 do STF, de 27 de agosto de 2021 - Meu site jur\u00eddico","robots":{"index":"index","follow":"follow","max-snippet":"max-snippet:-1","max-image-preview":"max-image-preview:large","max-video-preview":"max-video-preview:-1"},"canonical":"https:\/\/meusitejuridico.com.br\/2021\/08\/31\/resumo-informativo-1-026-stf-de-27-de-agosto-de-2021\/","og_locale":"pt_BR","og_type":"article","og_title":"Resumo - Informativo 1.026 do STF, de 27 de agosto de 2021 - Meu site jur\u00eddico","og_description":"PLEN\u00c1RIO &#8211; O teto remunerat\u00f3rio aplic\u00e1vel aos servidores municipais, excetuados os vereadores, \u00e9 o subs\u00eddio do prefeito municipal \u2013 ADI 6811\/PE, julgada em 20\/08\/2021. &nbsp; &#8211; \u00c9 inconstitucional norma de constitui\u00e7\u00e3o estadual que estende o foro por prerrogativa de fun\u00e7\u00e3o a autoridades n\u00e3o contempladas pela Constitui\u00e7\u00e3o Federal de forma expressa ou por simetria. As constitui\u00e7\u00f5es [&hellip;]","og_url":"https:\/\/meusitejuridico.com.br\/2021\/08\/31\/resumo-informativo-1-026-stf-de-27-de-agosto-de-2021\/","og_site_name":"Meu site jur\u00eddico","article_published_time":"2021-08-31T13:30:52+00:00","og_image":[{"width":1000,"height":563,"url":"https:\/\/meusitejuridico.com.br\/s.meusitejuridico\/2018\/07\/f632f346-shutterstock-1051647383.jpg","type":"image\/jpeg"}],"author":"Rodrigo Leite","twitter_card":"summary_large_image","twitter_creator":"@rodrigocrleite","twitter_misc":{"Escrito por":"Rodrigo Leite","Est. tempo de leitura":"2 minutos"},"schema":{"@context":"https:\/\/schema.org","@graph":[{"@type":"Article","@id":"https:\/\/meusitejuridico.com.br\/2021\/08\/31\/resumo-informativo-1-026-stf-de-27-de-agosto-de-2021\/#article","isPartOf":{"@id":"https:\/\/meusitejuridico.com.br\/2021\/08\/31\/resumo-informativo-1-026-stf-de-27-de-agosto-de-2021\/"},"author":{"name":"Rodrigo Leite","@id":"https:\/\/cdn.meusitejuridico.com.br\/#\/schema\/person\/ae56313f17950dccef13d0989efd6d50"},"headline":"Resumo &#8211; Informativo 1.026 do STF, de 27 de agosto de 2021","datePublished":"2021-08-31T13:30:52+00:00","mainEntityOfPage":{"@id":"https:\/\/meusitejuridico.com.br\/2021\/08\/31\/resumo-informativo-1-026-stf-de-27-de-agosto-de-2021\/"},"wordCount":507,"commentCount":0,"publisher":{"@id":"https:\/\/cdn.meusitejuridico.com.br\/#organization"},"image":{"@id":"https:\/\/meusitejuridico.com.br\/2021\/08\/31\/resumo-informativo-1-026-stf-de-27-de-agosto-de-2021\/#primaryimage"},"thumbnailUrl":"https:\/\/meusitejuridico.editorajuspodivm.com.br\/s.meusitejuridico\/2018\/07\/f632f346-shutterstock-1051647383.jpg","keywords":["1026 STF","informativos","jurisprud\u00eancia"],"articleSection":["Informativos","STF"],"inLanguage":"pt-BR","potentialAction":[{"@type":"CommentAction","name":"Comment","target":["https:\/\/meusitejuridico.com.br\/2021\/08\/31\/resumo-informativo-1-026-stf-de-27-de-agosto-de-2021\/#respond"]}]},{"@type":"WebPage","@id":"https:\/\/meusitejuridico.com.br\/2021\/08\/31\/resumo-informativo-1-026-stf-de-27-de-agosto-de-2021\/","url":"https:\/\/meusitejuridico.com.br\/2021\/08\/31\/resumo-informativo-1-026-stf-de-27-de-agosto-de-2021\/","name":"Resumo - Informativo 1.026 do STF, de 27 de agosto de 2021 - Meu site jur\u00eddico","isPartOf":{"@id":"https:\/\/cdn.meusitejuridico.com.br\/#website"},"primaryImageOfPage":{"@id":"https:\/\/meusitejuridico.com.br\/2021\/08\/31\/resumo-informativo-1-026-stf-de-27-de-agosto-de-2021\/#primaryimage"},"image":{"@id":"https:\/\/meusitejuridico.com.br\/2021\/08\/31\/resumo-informativo-1-026-stf-de-27-de-agosto-de-2021\/#primaryimage"},"thumbnailUrl":"https:\/\/meusitejuridico.editorajuspodivm.com.br\/s.meusitejuridico\/2018\/07\/f632f346-shutterstock-1051647383.jpg","datePublished":"2021-08-31T13:30:52+00:00","breadcrumb":{"@id":"https:\/\/meusitejuridico.com.br\/2021\/08\/31\/resumo-informativo-1-026-stf-de-27-de-agosto-de-2021\/#breadcrumb"},"inLanguage":"pt-BR","potentialAction":[{"@type":"ReadAction","target":["https:\/\/meusitejuridico.com.br\/2021\/08\/31\/resumo-informativo-1-026-stf-de-27-de-agosto-de-2021\/"]}]},{"@type":"ImageObject","inLanguage":"pt-BR","@id":"https:\/\/meusitejuridico.com.br\/2021\/08\/31\/resumo-informativo-1-026-stf-de-27-de-agosto-de-2021\/#primaryimage","url":"https:\/\/meusitejuridico.editorajuspodivm.com.br\/s.meusitejuridico\/2018\/07\/f632f346-shutterstock-1051647383.jpg","contentUrl":"https:\/\/meusitejuridico.editorajuspodivm.com.br\/s.meusitejuridico\/2018\/07\/f632f346-shutterstock-1051647383.jpg","width":1000,"height":563},{"@type":"BreadcrumbList","@id":"https:\/\/meusitejuridico.com.br\/2021\/08\/31\/resumo-informativo-1-026-stf-de-27-de-agosto-de-2021\/#breadcrumb","itemListElement":[{"@type":"ListItem","position":1,"name":"In\u00edcio","item":"https:\/\/cdn.meusitejuridico.com.br\/"},{"@type":"ListItem","position":2,"name":"Resumo &#8211; Informativo 1.026 do STF, de 27 de agosto de 2021"}]},{"@type":"WebSite","@id":"https:\/\/cdn.meusitejuridico.com.br\/#website","url":"https:\/\/cdn.meusitejuridico.com.br\/","name":"Meu site jur\u00eddico","description":"Meu site jur\u00eddico","publisher":{"@id":"https:\/\/cdn.meusitejuridico.com.br\/#organization"},"potentialAction":[{"@type":"SearchAction","target":{"@type":"EntryPoint","urlTemplate":"https:\/\/cdn.meusitejuridico.com.br\/?s={search_term_string}"},"query-input":{"@type":"PropertyValueSpecification","valueRequired":true,"valueName":"search_term_string"}}],"inLanguage":"pt-BR"},{"@type":"Organization","@id":"https:\/\/cdn.meusitejuridico.com.br\/#organization","name":"Meu site jur\u00eddico","url":"https:\/\/cdn.meusitejuridico.com.br\/","logo":{"@type":"ImageObject","inLanguage":"pt-BR","@id":"https:\/\/cdn.meusitejuridico.com.br\/#\/schema\/logo\/image\/","url":"https:\/\/meusitejuridico.editorajuspodivm.com.br\/s.meusitejuridico\/2022\/03\/cropped-baeec2a3-msj-02-01-01.png","contentUrl":"https:\/\/meusitejuridico.editorajuspodivm.com.br\/s.meusitejuridico\/2022\/03\/cropped-baeec2a3-msj-02-01-01.png","width":349,"height":243,"caption":"Meu site jur\u00eddico"},"image":{"@id":"https:\/\/cdn.meusitejuridico.com.br\/#\/schema\/logo\/image\/"}},{"@type":"Person","@id":"https:\/\/cdn.meusitejuridico.com.br\/#\/schema\/person\/ae56313f17950dccef13d0989efd6d50","name":"Rodrigo Leite","image":{"@type":"ImageObject","inLanguage":"pt-BR","@id":"https:\/\/cdn.meusitejuridico.com.br\/#\/schema\/person\/image\/","url":"https:\/\/meusitejuridico.editorajuspodivm.com.br\/s.meusitejuridico\/2021\/05\/8455192b-foto-site-rodrigo-leite-150x150.jpeg","contentUrl":"https:\/\/meusitejuridico.editorajuspodivm.com.br\/s.meusitejuridico\/2021\/05\/8455192b-foto-site-rodrigo-leite-150x150.jpeg","caption":"Rodrigo Leite"},"description":"Coautor do livro \u201cAn\u00e1lise das Diverg\u00eancias Jurisprudenciais no STF e STJ\u201d, Editora Juspodivm. Autor do livro \u201cTombamento \u2013 Vol. 36 \u2013 Cole\u00e7\u00e3o Leis Especiais para Concursos\u201d, Editora Juspodivm. Autor do livro \u201cDesapropria\u00e7\u00e3o \u2013 Vol. 39 \u2013 Cole\u00e7\u00e3o Especiais para Concursos\u201d, Editora Juspodivm. Coautor do livro \u201cSaberes Jurisprudenciais\u201d, Editora Saraiva. Coorganizador do livro \u201cCPC na Jurisprud\u00eancia\", Editora Foco. Especialista em Direito P\u00fablico e Direito Processual Civil. Mestre em Direito Constitucional. Professor da P\u00f3s-gradua\u00e7\u00e3o em Direito Civil da Rede Anhaguera-Kroton. M\u00e1ster Universit\u00e1rio em Direito Constitucional pela Universidad Del Pa\u00eds Vasco, San Sebasti\u00e1n, Espanha. Advogado licenciado. Analista Judici\u00e1rio do TJRN. Assessor de Desembargador do TJRN.","sameAs":["https:\/\/www.editorajuspodivm.com.br\/autores\/detalhe\/85","https:\/\/www.instagram.com\/rodrigocrleite\/","https:\/\/x.com\/rodrigocrleite"],"url":"https:\/\/meusitejuridico.editorajuspodivm.com.br\/author\/rodrigoleiterodrigoleite\/"}]}},"_links":{"self":[{"href":"https:\/\/meusitejuridico.editorajuspodivm.com.br\/api\/wp\/v2\/posts\/13995","targetHints":{"allow":["GET"]}}],"collection":[{"href":"https:\/\/meusitejuridico.editorajuspodivm.com.br\/api\/wp\/v2\/posts"}],"about":[{"href":"https:\/\/meusitejuridico.editorajuspodivm.com.br\/api\/wp\/v2\/types\/post"}],"author":[{"embeddable":true,"href":"https:\/\/meusitejuridico.editorajuspodivm.com.br\/api\/wp\/v2\/users\/131"}],"replies":[{"embeddable":true,"href":"https:\/\/meusitejuridico.editorajuspodivm.com.br\/api\/wp\/v2\/comments?post=13995"}],"version-history":[{"count":1,"href":"https:\/\/meusitejuridico.editorajuspodivm.com.br\/api\/wp\/v2\/posts\/13995\/revisions"}],"predecessor-version":[{"id":13996,"href":"https:\/\/meusitejuridico.editorajuspodivm.com.br\/api\/wp\/v2\/posts\/13995\/revisions\/13996"}],"wp:featuredmedia":[{"embeddable":true,"href":"https:\/\/meusitejuridico.editorajuspodivm.com.br\/api\/wp\/v2\/media\/5796"}],"wp:attachment":[{"href":"https:\/\/meusitejuridico.editorajuspodivm.com.br\/api\/wp\/v2\/media?parent=13995"}],"wp:term":[{"taxonomy":"category","embeddable":true,"href":"https:\/\/meusitejuridico.editorajuspodivm.com.br\/api\/wp\/v2\/categories?post=13995"},{"taxonomy":"post_tag","embeddable":true,"href":"https:\/\/meusitejuridico.editorajuspodivm.com.br\/api\/wp\/v2\/tags?post=13995"}],"curies":[{"name":"wp","href":"https:\/\/api.w.org\/{rel}","templated":true}]}}