{"id":16741,"date":"2022-07-26T10:44:22","date_gmt":"2022-07-26T13:44:22","guid":{"rendered":"https:\/\/meusitejuridico.editorajuspodivm.com.br\/?p=16741"},"modified":"2022-07-26T10:44:24","modified_gmt":"2022-07-26T13:44:24","slug":"provas-anuladas-delegado-pc-ba","status":"publish","type":"post","link":"https:\/\/meusitejuridico.editorajuspodivm.com.br\/2022\/07\/26\/provas-anuladas-delegado-pc-ba\/","title":{"rendered":"Provas Anuladas: Delegado &#8211; PC\/BA"},"content":{"rendered":"\n<p>Aten\u00e7\u00e3o concurseiros! A etapa de realiza\u00e7\u00e3o da prova objetiva para o cargo de <strong>Delegado de Pol\u00edcia Civil do Estado da Bahia<\/strong>, que seria realizada no \u00faltimo domingo, 24\/07, <strong>foi suspensa<\/strong> ap\u00f3s candidatos receberem o caderno de prova com os nomes trocados.<\/p>\n\n\n\n<p>A banca organizadora do certame, <strong>IBFC<\/strong>, decidiu pela suspens\u00e3o das provas e anunciou que na pr\u00f3xima semana <strong>ir\u00e1 divulgar nova data para realiza\u00e7\u00e3o da prova.&nbsp;<\/strong><\/p>\n\n\n\n<p>Vale ressaltar que as provas para os cargos de Investigador e Escriv\u00e3o, programadas para o mesmo dia, n\u00e3o apresentaram problemas e foram aplicadas normalmente aos candidatos.<\/p>\n\n\n\n<p>Em breve mais informa\u00e7\u00f5es sobre o concurso.&nbsp;<\/p>\n\n\n\n<p><a href=\"https:\/\/www.editorajuspodivm.com.br\/concursos\/detalhe\/365?a4bb9a03-e22e-4339-a386-a7d55457bbd3\" target=\"_blank\" rel=\"noreferrer noopener\">A Editora Juspodivm preparou uma sele\u00e7\u00e3o de livros especial para esse concurso, confira!\u00a0<\/a><\/p>\n\n\n\n<p><strong>Informa\u00e7\u00f5es do concurso:<\/strong><\/p>\n\n\n\n<figure class=\"wp-block-table is-style-stripes\"><table><tbody><tr><td><strong>PC\/BA &#8211; Delegado<\/strong><\/td><\/tr><tr><td><strong>Vagas: <\/strong>150<\/td><\/tr><tr><td><strong>Sal\u00e1rio: <\/strong>R$13.032,34<\/td><\/tr><tr><td><strong>Banca: <\/strong>IBFC<\/td><\/tr><tr><td><strong>Status: <\/strong>Aguardando nova data da prova objetiva&nbsp;<\/td><\/tr><\/tbody><\/table><\/figure>\n","protected":false},"excerpt":{"rendered":"<p>Aten\u00e7\u00e3o concurseiros! A etapa de realiza\u00e7\u00e3o da prova objetiva para o cargo de Delegado de Pol\u00edcia Civil do Estado da Bahia, que seria realizada no \u00faltimo domingo, 24\/07, foi suspensa ap\u00f3s candidatos receberem o caderno de prova com os nomes trocados. A banca organizadora do certame, IBFC, decidiu pela suspens\u00e3o das provas e anunciou que [&hellip;]<\/p>\n","protected":false},"author":7,"featured_media":15727,"comment_status":"open","ping_status":"open","sticky":false,"template":"","format":"standard","meta":{"_acf_changed":false,"footnotes":""},"categories":[3848,3846],"tags":[4068,4069,4070],"class_list":["post-16741","post","type-post","status-publish","format-standard","has-post-thumbnail","hentry","category-carreiras-policiais","category-informacao-concursos","tag-delegado-de-policia-civil","tag-pc-ba","tag-provas-anuladas"],"acf":[],"yoast_head":"<!-- This site is optimized with the Yoast SEO plugin v24.8.1 - https:\/\/yoast.com\/wordpress\/plugins\/seo\/ -->\n<title>Provas Anuladas: Delegado - PC\/BA - Meu site jur\u00eddico<\/title>\n<meta name=\"description\" content=\"A etapa de realiza\u00e7\u00e3o da prova objetiva para o cargo de Delegado de Pol\u00edcia Civil do Estado da Bahia, que seria realizada no \u00faltimo domingo, 24\/07, foi suspensa\" \/>\n<meta name=\"robots\" content=\"index, follow, max-snippet:-1, max-image-preview:large, max-video-preview:-1\" \/>\n<link rel=\"canonical\" href=\"https:\/\/meusitejuridico.editorajuspodivm.com.br\/2022\/07\/26\/provas-anuladas-delegado-pc-ba\/\" \/>\n<meta property=\"og:locale\" content=\"pt_BR\" \/>\n<meta property=\"og:type\" content=\"article\" \/>\n<meta property=\"og:title\" content=\"Provas Anuladas: Delegado - PC\/BA - Meu site jur\u00eddico\" \/>\n<meta property=\"og:description\" content=\"A etapa de realiza\u00e7\u00e3o da prova objetiva para o cargo de Delegado de Pol\u00edcia Civil do Estado da Bahia, que seria realizada no \u00faltimo domingo, 24\/07, foi suspensa\" \/>\n<meta property=\"og:url\" content=\"https:\/\/meusitejuridico.editorajuspodivm.com.br\/2022\/07\/26\/provas-anuladas-delegado-pc-ba\/\" \/>\n<meta property=\"og:site_name\" content=\"Meu site jur\u00eddico\" \/>\n<meta property=\"article:published_time\" content=\"2022-07-26T13:44:22+00:00\" \/>\n<meta property=\"article:modified_time\" content=\"2022-07-26T13:44:24+00:00\" \/>\n<meta property=\"og:image\" content=\"https:\/\/meusitejuridico.editorajuspodivm.com.br\/s.meusitejuridico\/2022\/05\/f9e608bf-policia-roxo.png\" \/>\n\t<meta property=\"og:image:width\" content=\"4167\" \/>\n\t<meta property=\"og:image:height\" content=\"2780\" \/>\n\t<meta property=\"og:image:type\" content=\"image\/png\" \/>\n<meta name=\"author\" content=\"Equipe Meu Site Jur\u00eddico\" \/>\n<meta name=\"twitter:card\" content=\"summary_large_image\" \/>\n<meta name=\"twitter:label1\" content=\"Escrito por\" \/>\n\t<meta name=\"twitter:data1\" content=\"Equipe Meu Site Jur\u00eddico\" \/>\n\t<meta name=\"twitter:label2\" content=\"Est. tempo de leitura\" \/>\n\t<meta name=\"twitter:data2\" content=\"1 minuto\" \/>\n<script type=\"application\/ld+json\" class=\"yoast-schema-graph\">{\"@context\":\"https:\/\/schema.org\",\"@graph\":[{\"@type\":\"Article\",\"@id\":\"https:\/\/meusitejuridico.editorajuspodivm.com.br\/2022\/07\/26\/provas-anuladas-delegado-pc-ba\/#article\",\"isPartOf\":{\"@id\":\"https:\/\/meusitejuridico.editorajuspodivm.com.br\/2022\/07\/26\/provas-anuladas-delegado-pc-ba\/\"},\"author\":{\"name\":\"Equipe Meu Site Jur\u00eddico\",\"@id\":\"https:\/\/cdn.meusitejuridico.com.br\/#\/schema\/person\/5c2237ac0c8ff03bcf1a09fe3e45dfce\"},\"headline\":\"Provas Anuladas: Delegado &#8211; PC\/BA\",\"datePublished\":\"2022-07-26T13:44:22+00:00\",\"dateModified\":\"2022-07-26T13:44:24+00:00\",\"mainEntityOfPage\":{\"@id\":\"https:\/\/meusitejuridico.editorajuspodivm.com.br\/2022\/07\/26\/provas-anuladas-delegado-pc-ba\/\"},\"wordCount\":152,\"commentCount\":0,\"publisher\":{\"@id\":\"https:\/\/cdn.meusitejuridico.com.br\/#organization\"},\"image\":{\"@id\":\"https:\/\/meusitejuridico.editorajuspodivm.com.br\/2022\/07\/26\/provas-anuladas-delegado-pc-ba\/#primaryimage\"},\"thumbnailUrl\":\"https:\/\/meusitejuridico.editorajuspodivm.com.br\/s.meusitejuridico\/2022\/05\/f9e608bf-policia-roxo.png\",\"keywords\":[\"delegado de policia civil\",\"pc\/ba\",\"provas anuladas\"],\"articleSection\":[\"Carreiras Policiais\",\"Informa\u00e7\u00f5es de Concursos\"],\"inLanguage\":\"pt-BR\",\"potentialAction\":[{\"@type\":\"CommentAction\",\"name\":\"Comment\",\"target\":[\"https:\/\/meusitejuridico.editorajuspodivm.com.br\/2022\/07\/26\/provas-anuladas-delegado-pc-ba\/#respond\"]}]},{\"@type\":\"WebPage\",\"@id\":\"https:\/\/meusitejuridico.editorajuspodivm.com.br\/2022\/07\/26\/provas-anuladas-delegado-pc-ba\/\",\"url\":\"https:\/\/meusitejuridico.editorajuspodivm.com.br\/2022\/07\/26\/provas-anuladas-delegado-pc-ba\/\",\"name\":\"Provas Anuladas: Delegado - PC\/BA - Meu site jur\u00eddico\",\"isPartOf\":{\"@id\":\"https:\/\/cdn.meusitejuridico.com.br\/#website\"},\"primaryImageOfPage\":{\"@id\":\"https:\/\/meusitejuridico.editorajuspodivm.com.br\/2022\/07\/26\/provas-anuladas-delegado-pc-ba\/#primaryimage\"},\"image\":{\"@id\":\"https:\/\/meusitejuridico.editorajuspodivm.com.br\/2022\/07\/26\/provas-anuladas-delegado-pc-ba\/#primaryimage\"},\"thumbnailUrl\":\"https:\/\/meusitejuridico.editorajuspodivm.com.br\/s.meusitejuridico\/2022\/05\/f9e608bf-policia-roxo.png\",\"datePublished\":\"2022-07-26T13:44:22+00:00\",\"dateModified\":\"2022-07-26T13:44:24+00:00\",\"description\":\"A etapa de realiza\u00e7\u00e3o da prova objetiva para o cargo de Delegado de Pol\u00edcia Civil do Estado da Bahia, que seria realizada no \u00faltimo domingo, 24\/07, foi suspensa\",\"breadcrumb\":{\"@id\":\"https:\/\/meusitejuridico.editorajuspodivm.com.br\/2022\/07\/26\/provas-anuladas-delegado-pc-ba\/#breadcrumb\"},\"inLanguage\":\"pt-BR\",\"potentialAction\":[{\"@type\":\"ReadAction\",\"target\":[\"https:\/\/meusitejuridico.editorajuspodivm.com.br\/2022\/07\/26\/provas-anuladas-delegado-pc-ba\/\"]}]},{\"@type\":\"ImageObject\",\"inLanguage\":\"pt-BR\",\"@id\":\"https:\/\/meusitejuridico.editorajuspodivm.com.br\/2022\/07\/26\/provas-anuladas-delegado-pc-ba\/#primaryimage\",\"url\":\"https:\/\/meusitejuridico.editorajuspodivm.com.br\/s.meusitejuridico\/2022\/05\/f9e608bf-policia-roxo.png\",\"contentUrl\":\"https:\/\/meusitejuridico.editorajuspodivm.com.br\/s.meusitejuridico\/2022\/05\/f9e608bf-policia-roxo.png\",\"width\":4167,\"height\":2780},{\"@type\":\"BreadcrumbList\",\"@id\":\"https:\/\/meusitejuridico.editorajuspodivm.com.br\/2022\/07\/26\/provas-anuladas-delegado-pc-ba\/#breadcrumb\",\"itemListElement\":[{\"@type\":\"ListItem\",\"position\":1,\"name\":\"In\u00edcio\",\"item\":\"https:\/\/cdn.meusitejuridico.com.br\/\"},{\"@type\":\"ListItem\",\"position\":2,\"name\":\"Provas Anuladas: Delegado &#8211; PC\/BA\"}]},{\"@type\":\"WebSite\",\"@id\":\"https:\/\/cdn.meusitejuridico.com.br\/#website\",\"url\":\"https:\/\/cdn.meusitejuridico.com.br\/\",\"name\":\"Meu site jur\u00eddico\",\"description\":\"Meu site jur\u00eddico\",\"publisher\":{\"@id\":\"https:\/\/cdn.meusitejuridico.com.br\/#organization\"},\"potentialAction\":[{\"@type\":\"SearchAction\",\"target\":{\"@type\":\"EntryPoint\",\"urlTemplate\":\"https:\/\/cdn.meusitejuridico.com.br\/?s={search_term_string}\"},\"query-input\":{\"@type\":\"PropertyValueSpecification\",\"valueRequired\":true,\"valueName\":\"search_term_string\"}}],\"inLanguage\":\"pt-BR\"},{\"@type\":\"Organization\",\"@id\":\"https:\/\/cdn.meusitejuridico.com.br\/#organization\",\"name\":\"Meu site jur\u00eddico\",\"url\":\"https:\/\/cdn.meusitejuridico.com.br\/\",\"logo\":{\"@type\":\"ImageObject\",\"inLanguage\":\"pt-BR\",\"@id\":\"https:\/\/cdn.meusitejuridico.com.br\/#\/schema\/logo\/image\/\",\"url\":\"https:\/\/meusitejuridico.editorajuspodivm.com.br\/s.meusitejuridico\/2022\/03\/cropped-baeec2a3-msj-02-01-01.png\",\"contentUrl\":\"https:\/\/meusitejuridico.editorajuspodivm.com.br\/s.meusitejuridico\/2022\/03\/cropped-baeec2a3-msj-02-01-01.png\",\"width\":349,\"height\":243,\"caption\":\"Meu site jur\u00eddico\"},\"image\":{\"@id\":\"https:\/\/cdn.meusitejuridico.com.br\/#\/schema\/logo\/image\/\"}},{\"@type\":\"Person\",\"@id\":\"https:\/\/cdn.meusitejuridico.com.br\/#\/schema\/person\/5c2237ac0c8ff03bcf1a09fe3e45dfce\",\"name\":\"Equipe Meu Site Jur\u00eddico\",\"image\":{\"@type\":\"ImageObject\",\"inLanguage\":\"pt-BR\",\"@id\":\"https:\/\/cdn.meusitejuridico.com.br\/#\/schema\/person\/image\/\",\"url\":\"https:\/\/meusitejuridico.editorajuspodivm.com.br\/s.meusitejuridico\/2020\/07\/6be289aa-logo-msj.png\",\"contentUrl\":\"https:\/\/meusitejuridico.editorajuspodivm.com.br\/s.meusitejuridico\/2020\/07\/6be289aa-logo-msj.png\",\"caption\":\"Equipe Meu Site Jur\u00eddico\"},\"description\":\"Contem conosco!\",\"url\":\"https:\/\/meusitejuridico.editorajuspodivm.com.br\/author\/equipe-meu-site-juridico\/\"}]}<\/script>\n<!-- \/ Yoast SEO plugin. -->","yoast_head_json":{"title":"Provas Anuladas: Delegado - PC\/BA - Meu site jur\u00eddico","description":"A etapa de realiza\u00e7\u00e3o da prova objetiva para o cargo de Delegado de Pol\u00edcia Civil do Estado da Bahia, que seria realizada no \u00faltimo domingo, 24\/07, foi suspensa","robots":{"index":"index","follow":"follow","max-snippet":"max-snippet:-1","max-image-preview":"max-image-preview:large","max-video-preview":"max-video-preview:-1"},"canonical":"https:\/\/meusitejuridico.editorajuspodivm.com.br\/2022\/07\/26\/provas-anuladas-delegado-pc-ba\/","og_locale":"pt_BR","og_type":"article","og_title":"Provas Anuladas: Delegado - PC\/BA - Meu site jur\u00eddico","og_description":"A etapa de realiza\u00e7\u00e3o da prova objetiva para o cargo de Delegado de Pol\u00edcia Civil do Estado da Bahia, que seria realizada no \u00faltimo domingo, 24\/07, foi suspensa","og_url":"https:\/\/meusitejuridico.editorajuspodivm.com.br\/2022\/07\/26\/provas-anuladas-delegado-pc-ba\/","og_site_name":"Meu site jur\u00eddico","article_published_time":"2022-07-26T13:44:22+00:00","article_modified_time":"2022-07-26T13:44:24+00:00","og_image":[{"width":4167,"height":2780,"url":"https:\/\/meusitejuridico.editorajuspodivm.com.br\/s.meusitejuridico\/2022\/05\/f9e608bf-policia-roxo.png","type":"image\/png"}],"author":"Equipe Meu Site Jur\u00eddico","twitter_card":"summary_large_image","twitter_misc":{"Escrito por":"Equipe Meu Site Jur\u00eddico","Est. tempo de leitura":"1 minuto"},"schema":{"@context":"https:\/\/schema.org","@graph":[{"@type":"Article","@id":"https:\/\/meusitejuridico.editorajuspodivm.com.br\/2022\/07\/26\/provas-anuladas-delegado-pc-ba\/#article","isPartOf":{"@id":"https:\/\/meusitejuridico.editorajuspodivm.com.br\/2022\/07\/26\/provas-anuladas-delegado-pc-ba\/"},"author":{"name":"Equipe Meu Site Jur\u00eddico","@id":"https:\/\/cdn.meusitejuridico.com.br\/#\/schema\/person\/5c2237ac0c8ff03bcf1a09fe3e45dfce"},"headline":"Provas Anuladas: Delegado &#8211; PC\/BA","datePublished":"2022-07-26T13:44:22+00:00","dateModified":"2022-07-26T13:44:24+00:00","mainEntityOfPage":{"@id":"https:\/\/meusitejuridico.editorajuspodivm.com.br\/2022\/07\/26\/provas-anuladas-delegado-pc-ba\/"},"wordCount":152,"commentCount":0,"publisher":{"@id":"https:\/\/cdn.meusitejuridico.com.br\/#organization"},"image":{"@id":"https:\/\/meusitejuridico.editorajuspodivm.com.br\/2022\/07\/26\/provas-anuladas-delegado-pc-ba\/#primaryimage"},"thumbnailUrl":"https:\/\/meusitejuridico.editorajuspodivm.com.br\/s.meusitejuridico\/2022\/05\/f9e608bf-policia-roxo.png","keywords":["delegado de policia civil","pc\/ba","provas anuladas"],"articleSection":["Carreiras Policiais","Informa\u00e7\u00f5es de Concursos"],"inLanguage":"pt-BR","potentialAction":[{"@type":"CommentAction","name":"Comment","target":["https:\/\/meusitejuridico.editorajuspodivm.com.br\/2022\/07\/26\/provas-anuladas-delegado-pc-ba\/#respond"]}]},{"@type":"WebPage","@id":"https:\/\/meusitejuridico.editorajuspodivm.com.br\/2022\/07\/26\/provas-anuladas-delegado-pc-ba\/","url":"https:\/\/meusitejuridico.editorajuspodivm.com.br\/2022\/07\/26\/provas-anuladas-delegado-pc-ba\/","name":"Provas Anuladas: Delegado - PC\/BA - Meu site jur\u00eddico","isPartOf":{"@id":"https:\/\/cdn.meusitejuridico.com.br\/#website"},"primaryImageOfPage":{"@id":"https:\/\/meusitejuridico.editorajuspodivm.com.br\/2022\/07\/26\/provas-anuladas-delegado-pc-ba\/#primaryimage"},"image":{"@id":"https:\/\/meusitejuridico.editorajuspodivm.com.br\/2022\/07\/26\/provas-anuladas-delegado-pc-ba\/#primaryimage"},"thumbnailUrl":"https:\/\/meusitejuridico.editorajuspodivm.com.br\/s.meusitejuridico\/2022\/05\/f9e608bf-policia-roxo.png","datePublished":"2022-07-26T13:44:22+00:00","dateModified":"2022-07-26T13:44:24+00:00","description":"A etapa de realiza\u00e7\u00e3o da prova objetiva para o cargo de Delegado de Pol\u00edcia Civil do Estado da Bahia, que seria realizada no \u00faltimo domingo, 24\/07, foi suspensa","breadcrumb":{"@id":"https:\/\/meusitejuridico.editorajuspodivm.com.br\/2022\/07\/26\/provas-anuladas-delegado-pc-ba\/#breadcrumb"},"inLanguage":"pt-BR","potentialAction":[{"@type":"ReadAction","target":["https:\/\/meusitejuridico.editorajuspodivm.com.br\/2022\/07\/26\/provas-anuladas-delegado-pc-ba\/"]}]},{"@type":"ImageObject","inLanguage":"pt-BR","@id":"https:\/\/meusitejuridico.editorajuspodivm.com.br\/2022\/07\/26\/provas-anuladas-delegado-pc-ba\/#primaryimage","url":"https:\/\/meusitejuridico.editorajuspodivm.com.br\/s.meusitejuridico\/2022\/05\/f9e608bf-policia-roxo.png","contentUrl":"https:\/\/meusitejuridico.editorajuspodivm.com.br\/s.meusitejuridico\/2022\/05\/f9e608bf-policia-roxo.png","width":4167,"height":2780},{"@type":"BreadcrumbList","@id":"https:\/\/meusitejuridico.editorajuspodivm.com.br\/2022\/07\/26\/provas-anuladas-delegado-pc-ba\/#breadcrumb","itemListElement":[{"@type":"ListItem","position":1,"name":"In\u00edcio","item":"https:\/\/cdn.meusitejuridico.com.br\/"},{"@type":"ListItem","position":2,"name":"Provas Anuladas: Delegado &#8211; PC\/BA"}]},{"@type":"WebSite","@id":"https:\/\/cdn.meusitejuridico.com.br\/#website","url":"https:\/\/cdn.meusitejuridico.com.br\/","name":"Meu site jur\u00eddico","description":"Meu site jur\u00eddico","publisher":{"@id":"https:\/\/cdn.meusitejuridico.com.br\/#organization"},"potentialAction":[{"@type":"SearchAction","target":{"@type":"EntryPoint","urlTemplate":"https:\/\/cdn.meusitejuridico.com.br\/?s={search_term_string}"},"query-input":{"@type":"PropertyValueSpecification","valueRequired":true,"valueName":"search_term_string"}}],"inLanguage":"pt-BR"},{"@type":"Organization","@id":"https:\/\/cdn.meusitejuridico.com.br\/#organization","name":"Meu site jur\u00eddico","url":"https:\/\/cdn.meusitejuridico.com.br\/","logo":{"@type":"ImageObject","inLanguage":"pt-BR","@id":"https:\/\/cdn.meusitejuridico.com.br\/#\/schema\/logo\/image\/","url":"https:\/\/meusitejuridico.editorajuspodivm.com.br\/s.meusitejuridico\/2022\/03\/cropped-baeec2a3-msj-02-01-01.png","contentUrl":"https:\/\/meusitejuridico.editorajuspodivm.com.br\/s.meusitejuridico\/2022\/03\/cropped-baeec2a3-msj-02-01-01.png","width":349,"height":243,"caption":"Meu site jur\u00eddico"},"image":{"@id":"https:\/\/cdn.meusitejuridico.com.br\/#\/schema\/logo\/image\/"}},{"@type":"Person","@id":"https:\/\/cdn.meusitejuridico.com.br\/#\/schema\/person\/5c2237ac0c8ff03bcf1a09fe3e45dfce","name":"Equipe Meu Site Jur\u00eddico","image":{"@type":"ImageObject","inLanguage":"pt-BR","@id":"https:\/\/cdn.meusitejuridico.com.br\/#\/schema\/person\/image\/","url":"https:\/\/meusitejuridico.editorajuspodivm.com.br\/s.meusitejuridico\/2020\/07\/6be289aa-logo-msj.png","contentUrl":"https:\/\/meusitejuridico.editorajuspodivm.com.br\/s.meusitejuridico\/2020\/07\/6be289aa-logo-msj.png","caption":"Equipe Meu Site Jur\u00eddico"},"description":"Contem conosco!","url":"https:\/\/meusitejuridico.editorajuspodivm.com.br\/author\/equipe-meu-site-juridico\/"}]}},"_links":{"self":[{"href":"https:\/\/meusitejuridico.editorajuspodivm.com.br\/api\/wp\/v2\/posts\/16741","targetHints":{"allow":["GET"]}}],"collection":[{"href":"https:\/\/meusitejuridico.editorajuspodivm.com.br\/api\/wp\/v2\/posts"}],"about":[{"href":"https:\/\/meusitejuridico.editorajuspodivm.com.br\/api\/wp\/v2\/types\/post"}],"author":[{"embeddable":true,"href":"https:\/\/meusitejuridico.editorajuspodivm.com.br\/api\/wp\/v2\/users\/7"}],"replies":[{"embeddable":true,"href":"https:\/\/meusitejuridico.editorajuspodivm.com.br\/api\/wp\/v2\/comments?post=16741"}],"version-history":[{"count":1,"href":"https:\/\/meusitejuridico.editorajuspodivm.com.br\/api\/wp\/v2\/posts\/16741\/revisions"}],"predecessor-version":[{"id":16742,"href":"https:\/\/meusitejuridico.editorajuspodivm.com.br\/api\/wp\/v2\/posts\/16741\/revisions\/16742"}],"wp:featuredmedia":[{"embeddable":true,"href":"https:\/\/meusitejuridico.editorajuspodivm.com.br\/api\/wp\/v2\/media\/15727"}],"wp:attachment":[{"href":"https:\/\/meusitejuridico.editorajuspodivm.com.br\/api\/wp\/v2\/media?parent=16741"}],"wp:term":[{"taxonomy":"category","embeddable":true,"href":"https:\/\/meusitejuridico.editorajuspodivm.com.br\/api\/wp\/v2\/categories?post=16741"},{"taxonomy":"post_tag","embeddable":true,"href":"https:\/\/meusitejuridico.editorajuspodivm.com.br\/api\/wp\/v2\/tags?post=16741"}],"curies":[{"name":"wp","href":"https:\/\/api.w.org\/{rel}","templated":true}]}}