{"id":16839,"date":"2022-08-12T12:19:55","date_gmt":"2022-08-12T15:19:55","guid":{"rendered":"https:\/\/meusitejuridico.editorajuspodivm.com.br\/?p=16839"},"modified":"2022-08-12T12:19:57","modified_gmt":"2022-08-12T15:19:57","slug":"prova-remarcada-procurador-de-contas-mpc-ms","status":"publish","type":"post","link":"https:\/\/meusitejuridico.editorajuspodivm.com.br\/2022\/08\/12\/prova-remarcada-procurador-de-contas-mpc-ms\/","title":{"rendered":"Prova Remarcada: Procurador de Contas &#8211; MPC\/MS"},"content":{"rendered":"\n<p>Aten\u00e7\u00e3o concurseiros! O edital do concurso do <strong>Minist\u00e9rio P\u00fablico de Contas do Estado de Mato Grosso do Sul<\/strong>, que oferta <strong>03 vagas<\/strong>&nbsp; para o cargo de <strong>Procurador de Contas Substituto<\/strong>, passou por algumas mudan\u00e7as.<\/p>\n\n\n\n<p>Segundo informa\u00e7\u00f5es divulgadas pela banca organizadora, <strong>FAPEC<\/strong>, as provas, que estavam previstas para agosto, foram adiadas para o dia <strong>6 de novembro de 2022<\/strong>.<\/p>\n\n\n\n<p>Em breve mais informa\u00e7\u00f5es sobre o concurso.&nbsp;<\/p>\n\n\n\n<p><a href=\"https:\/\/www.editorajuspodivm.com.br\/concursos\/detalhe\/465?a4bb9a03-e22e-4339-a386-a7d55457bbd3\" target=\"_blank\" rel=\"noreferrer noopener\">A Editora Juspodivm preparou uma sele\u00e7\u00e3o de livros especial para esse concurso, confira!\u00a0<\/a><\/p>\n\n\n\n<p><strong>Informa\u00e7\u00f5es do concurso:<\/strong><\/p>\n\n\n\n<figure class=\"wp-block-table is-style-stripes\"><table><tbody><tr><td><strong>MPC\/MS&nbsp;<\/strong><\/td><\/tr><tr><td><strong>Vagas: <\/strong>3<\/td><\/tr><tr><td><strong>Sal\u00e1rio: <\/strong>R$35.462,28<\/td><\/tr><tr><td><strong>Banca: <\/strong>FAPEC<\/td><\/tr><tr><td><strong>Status: <\/strong>Prova Objetiva: 06\/11\/2022<\/td><\/tr><\/tbody><\/table><\/figure>\n","protected":false},"excerpt":{"rendered":"<p>Aten\u00e7\u00e3o concurseiros! O edital do concurso do Minist\u00e9rio P\u00fablico de Contas do Estado de Mato Grosso do Sul, que oferta 03 vagas&nbsp; para o cargo de Procurador de Contas Substituto, passou por algumas mudan\u00e7as. Segundo informa\u00e7\u00f5es divulgadas pela banca organizadora, FAPEC, as provas, que estavam previstas para agosto, foram adiadas para o dia 6 de [&hellip;]<\/p>\n","protected":false},"author":7,"featured_media":15723,"comment_status":"open","ping_status":"open","sticky":false,"template":"","format":"standard","meta":{"_acf_changed":false,"footnotes":""},"categories":[3850,3846],"tags":[4100,4077],"class_list":["post-16839","post","type-post","status-publish","format-standard","has-post-thumbnail","hentry","category-carreiras-fiscais","category-informacao-concursos","tag-procurador-de-contas","tag-prova-remarcada"],"acf":[],"yoast_head":"<!-- This site is optimized with the Yoast SEO plugin v24.8.1 - https:\/\/yoast.com\/wordpress\/plugins\/seo\/ -->\n<title>Prova Remarcada: Procurador de Contas - MPC\/MS - Meu site jur\u00eddico<\/title>\n<meta name=\"description\" content=\"O edital do concurso do Minist\u00e9rio P\u00fablico de Contas do Estado de Mato Grosso do Sul, que oferta 03 vagas\u00a0 para o cargo de Procurador de Contas Substituto, passou por algumas mudan\u00e7as.\" \/>\n<meta name=\"robots\" content=\"index, follow, max-snippet:-1, max-image-preview:large, max-video-preview:-1\" \/>\n<link rel=\"canonical\" href=\"https:\/\/meusitejuridico.com.br\/2022\/08\/12\/prova-remarcada-procurador-de-contas-mpc-ms\/\" \/>\n<meta property=\"og:locale\" content=\"pt_BR\" \/>\n<meta property=\"og:type\" content=\"article\" \/>\n<meta property=\"og:title\" content=\"Prova Remarcada: Procurador de Contas - MPC\/MS - Meu site jur\u00eddico\" \/>\n<meta property=\"og:description\" content=\"O edital do concurso do Minist\u00e9rio P\u00fablico de Contas do Estado de Mato Grosso do Sul, que oferta 03 vagas\u00a0 para o cargo de Procurador de Contas Substituto, passou por algumas mudan\u00e7as.\" \/>\n<meta property=\"og:url\" content=\"https:\/\/meusitejuridico.com.br\/2022\/08\/12\/prova-remarcada-procurador-de-contas-mpc-ms\/\" \/>\n<meta property=\"og:site_name\" content=\"Meu site jur\u00eddico\" \/>\n<meta property=\"article:published_time\" content=\"2022-08-12T15:19:55+00:00\" \/>\n<meta property=\"article:modified_time\" content=\"2022-08-12T15:19:57+00:00\" \/>\n<meta property=\"og:image\" content=\"https:\/\/meusitejuridico.com.br\/s.meusitejuridico\/2022\/05\/480d9a79-fiscais-verde.png\" \/>\n\t<meta property=\"og:image:width\" content=\"1000\" \/>\n\t<meta property=\"og:image:height\" content=\"667\" \/>\n\t<meta property=\"og:image:type\" content=\"image\/png\" \/>\n<meta name=\"author\" content=\"Equipe Meu Site Jur\u00eddico\" \/>\n<meta name=\"twitter:card\" content=\"summary_large_image\" \/>\n<meta name=\"twitter:label1\" content=\"Escrito por\" \/>\n\t<meta name=\"twitter:data1\" content=\"Equipe Meu Site Jur\u00eddico\" \/>\n\t<meta name=\"twitter:label2\" content=\"Est. tempo de leitura\" \/>\n\t<meta name=\"twitter:data2\" content=\"1 minuto\" \/>\n<script type=\"application\/ld+json\" class=\"yoast-schema-graph\">{\"@context\":\"https:\/\/schema.org\",\"@graph\":[{\"@type\":\"Article\",\"@id\":\"https:\/\/meusitejuridico.com.br\/2022\/08\/12\/prova-remarcada-procurador-de-contas-mpc-ms\/#article\",\"isPartOf\":{\"@id\":\"https:\/\/meusitejuridico.com.br\/2022\/08\/12\/prova-remarcada-procurador-de-contas-mpc-ms\/\"},\"author\":{\"name\":\"Equipe Meu Site Jur\u00eddico\",\"@id\":\"https:\/\/cdn.meusitejuridico.com.br\/#\/schema\/person\/5c2237ac0c8ff03bcf1a09fe3e45dfce\"},\"headline\":\"Prova Remarcada: Procurador de Contas &#8211; MPC\/MS\",\"datePublished\":\"2022-08-12T15:19:55+00:00\",\"dateModified\":\"2022-08-12T15:19:57+00:00\",\"mainEntityOfPage\":{\"@id\":\"https:\/\/meusitejuridico.com.br\/2022\/08\/12\/prova-remarcada-procurador-de-contas-mpc-ms\/\"},\"wordCount\":108,\"commentCount\":0,\"publisher\":{\"@id\":\"https:\/\/cdn.meusitejuridico.com.br\/#organization\"},\"image\":{\"@id\":\"https:\/\/meusitejuridico.com.br\/2022\/08\/12\/prova-remarcada-procurador-de-contas-mpc-ms\/#primaryimage\"},\"thumbnailUrl\":\"https:\/\/meusitejuridico.editorajuspodivm.com.br\/s.meusitejuridico\/2022\/05\/480d9a79-fiscais-verde.png\",\"keywords\":[\"PROCURADOR DE CONTAS\",\"PROVA REMARCADA\"],\"articleSection\":[\"Carreiras Fiscais\",\"Informa\u00e7\u00f5es de Concursos\"],\"inLanguage\":\"pt-BR\",\"potentialAction\":[{\"@type\":\"CommentAction\",\"name\":\"Comment\",\"target\":[\"https:\/\/meusitejuridico.com.br\/2022\/08\/12\/prova-remarcada-procurador-de-contas-mpc-ms\/#respond\"]}]},{\"@type\":\"WebPage\",\"@id\":\"https:\/\/meusitejuridico.com.br\/2022\/08\/12\/prova-remarcada-procurador-de-contas-mpc-ms\/\",\"url\":\"https:\/\/meusitejuridico.com.br\/2022\/08\/12\/prova-remarcada-procurador-de-contas-mpc-ms\/\",\"name\":\"Prova Remarcada: Procurador de Contas - MPC\/MS - Meu site jur\u00eddico\",\"isPartOf\":{\"@id\":\"https:\/\/cdn.meusitejuridico.com.br\/#website\"},\"primaryImageOfPage\":{\"@id\":\"https:\/\/meusitejuridico.com.br\/2022\/08\/12\/prova-remarcada-procurador-de-contas-mpc-ms\/#primaryimage\"},\"image\":{\"@id\":\"https:\/\/meusitejuridico.com.br\/2022\/08\/12\/prova-remarcada-procurador-de-contas-mpc-ms\/#primaryimage\"},\"thumbnailUrl\":\"https:\/\/meusitejuridico.editorajuspodivm.com.br\/s.meusitejuridico\/2022\/05\/480d9a79-fiscais-verde.png\",\"datePublished\":\"2022-08-12T15:19:55+00:00\",\"dateModified\":\"2022-08-12T15:19:57+00:00\",\"description\":\"O edital do concurso do Minist\u00e9rio P\u00fablico de Contas do Estado de Mato Grosso do Sul, que oferta 03 vagas\u00a0 para o cargo de Procurador de Contas Substituto, passou por algumas mudan\u00e7as.\",\"breadcrumb\":{\"@id\":\"https:\/\/meusitejuridico.com.br\/2022\/08\/12\/prova-remarcada-procurador-de-contas-mpc-ms\/#breadcrumb\"},\"inLanguage\":\"pt-BR\",\"potentialAction\":[{\"@type\":\"ReadAction\",\"target\":[\"https:\/\/meusitejuridico.com.br\/2022\/08\/12\/prova-remarcada-procurador-de-contas-mpc-ms\/\"]}]},{\"@type\":\"ImageObject\",\"inLanguage\":\"pt-BR\",\"@id\":\"https:\/\/meusitejuridico.com.br\/2022\/08\/12\/prova-remarcada-procurador-de-contas-mpc-ms\/#primaryimage\",\"url\":\"https:\/\/meusitejuridico.editorajuspodivm.com.br\/s.meusitejuridico\/2022\/05\/480d9a79-fiscais-verde.png\",\"contentUrl\":\"https:\/\/meusitejuridico.editorajuspodivm.com.br\/s.meusitejuridico\/2022\/05\/480d9a79-fiscais-verde.png\",\"width\":1000,\"height\":667},{\"@type\":\"BreadcrumbList\",\"@id\":\"https:\/\/meusitejuridico.com.br\/2022\/08\/12\/prova-remarcada-procurador-de-contas-mpc-ms\/#breadcrumb\",\"itemListElement\":[{\"@type\":\"ListItem\",\"position\":1,\"name\":\"In\u00edcio\",\"item\":\"https:\/\/cdn.meusitejuridico.com.br\/\"},{\"@type\":\"ListItem\",\"position\":2,\"name\":\"Prova Remarcada: Procurador de Contas &#8211; MPC\/MS\"}]},{\"@type\":\"WebSite\",\"@id\":\"https:\/\/cdn.meusitejuridico.com.br\/#website\",\"url\":\"https:\/\/cdn.meusitejuridico.com.br\/\",\"name\":\"Meu site jur\u00eddico\",\"description\":\"Meu site jur\u00eddico\",\"publisher\":{\"@id\":\"https:\/\/cdn.meusitejuridico.com.br\/#organization\"},\"potentialAction\":[{\"@type\":\"SearchAction\",\"target\":{\"@type\":\"EntryPoint\",\"urlTemplate\":\"https:\/\/cdn.meusitejuridico.com.br\/?s={search_term_string}\"},\"query-input\":{\"@type\":\"PropertyValueSpecification\",\"valueRequired\":true,\"valueName\":\"search_term_string\"}}],\"inLanguage\":\"pt-BR\"},{\"@type\":\"Organization\",\"@id\":\"https:\/\/cdn.meusitejuridico.com.br\/#organization\",\"name\":\"Meu site jur\u00eddico\",\"url\":\"https:\/\/cdn.meusitejuridico.com.br\/\",\"logo\":{\"@type\":\"ImageObject\",\"inLanguage\":\"pt-BR\",\"@id\":\"https:\/\/cdn.meusitejuridico.com.br\/#\/schema\/logo\/image\/\",\"url\":\"https:\/\/meusitejuridico.editorajuspodivm.com.br\/s.meusitejuridico\/2022\/03\/cropped-baeec2a3-msj-02-01-01.png\",\"contentUrl\":\"https:\/\/meusitejuridico.editorajuspodivm.com.br\/s.meusitejuridico\/2022\/03\/cropped-baeec2a3-msj-02-01-01.png\",\"width\":349,\"height\":243,\"caption\":\"Meu site jur\u00eddico\"},\"image\":{\"@id\":\"https:\/\/cdn.meusitejuridico.com.br\/#\/schema\/logo\/image\/\"}},{\"@type\":\"Person\",\"@id\":\"https:\/\/cdn.meusitejuridico.com.br\/#\/schema\/person\/5c2237ac0c8ff03bcf1a09fe3e45dfce\",\"name\":\"Equipe Meu Site Jur\u00eddico\",\"image\":{\"@type\":\"ImageObject\",\"inLanguage\":\"pt-BR\",\"@id\":\"https:\/\/cdn.meusitejuridico.com.br\/#\/schema\/person\/image\/\",\"url\":\"https:\/\/meusitejuridico.editorajuspodivm.com.br\/s.meusitejuridico\/2020\/07\/6be289aa-logo-msj.png\",\"contentUrl\":\"https:\/\/meusitejuridico.editorajuspodivm.com.br\/s.meusitejuridico\/2020\/07\/6be289aa-logo-msj.png\",\"caption\":\"Equipe Meu Site Jur\u00eddico\"},\"description\":\"Contem conosco!\",\"url\":\"https:\/\/meusitejuridico.editorajuspodivm.com.br\/author\/equipe-meu-site-juridico\/\"}]}<\/script>\n<!-- \/ Yoast SEO plugin. -->","yoast_head_json":{"title":"Prova Remarcada: Procurador de Contas - MPC\/MS - Meu site jur\u00eddico","description":"O edital do concurso do Minist\u00e9rio P\u00fablico de Contas do Estado de Mato Grosso do Sul, que oferta 03 vagas\u00a0 para o cargo de Procurador de Contas Substituto, passou por algumas mudan\u00e7as.","robots":{"index":"index","follow":"follow","max-snippet":"max-snippet:-1","max-image-preview":"max-image-preview:large","max-video-preview":"max-video-preview:-1"},"canonical":"https:\/\/meusitejuridico.com.br\/2022\/08\/12\/prova-remarcada-procurador-de-contas-mpc-ms\/","og_locale":"pt_BR","og_type":"article","og_title":"Prova Remarcada: Procurador de Contas - MPC\/MS - Meu site jur\u00eddico","og_description":"O edital do concurso do Minist\u00e9rio P\u00fablico de Contas do Estado de Mato Grosso do Sul, que oferta 03 vagas\u00a0 para o cargo de Procurador de Contas Substituto, passou por algumas mudan\u00e7as.","og_url":"https:\/\/meusitejuridico.com.br\/2022\/08\/12\/prova-remarcada-procurador-de-contas-mpc-ms\/","og_site_name":"Meu site jur\u00eddico","article_published_time":"2022-08-12T15:19:55+00:00","article_modified_time":"2022-08-12T15:19:57+00:00","og_image":[{"width":1000,"height":667,"url":"https:\/\/meusitejuridico.com.br\/s.meusitejuridico\/2022\/05\/480d9a79-fiscais-verde.png","type":"image\/png"}],"author":"Equipe Meu Site Jur\u00eddico","twitter_card":"summary_large_image","twitter_misc":{"Escrito por":"Equipe Meu Site Jur\u00eddico","Est. tempo de leitura":"1 minuto"},"schema":{"@context":"https:\/\/schema.org","@graph":[{"@type":"Article","@id":"https:\/\/meusitejuridico.com.br\/2022\/08\/12\/prova-remarcada-procurador-de-contas-mpc-ms\/#article","isPartOf":{"@id":"https:\/\/meusitejuridico.com.br\/2022\/08\/12\/prova-remarcada-procurador-de-contas-mpc-ms\/"},"author":{"name":"Equipe Meu Site Jur\u00eddico","@id":"https:\/\/cdn.meusitejuridico.com.br\/#\/schema\/person\/5c2237ac0c8ff03bcf1a09fe3e45dfce"},"headline":"Prova Remarcada: Procurador de Contas &#8211; MPC\/MS","datePublished":"2022-08-12T15:19:55+00:00","dateModified":"2022-08-12T15:19:57+00:00","mainEntityOfPage":{"@id":"https:\/\/meusitejuridico.com.br\/2022\/08\/12\/prova-remarcada-procurador-de-contas-mpc-ms\/"},"wordCount":108,"commentCount":0,"publisher":{"@id":"https:\/\/cdn.meusitejuridico.com.br\/#organization"},"image":{"@id":"https:\/\/meusitejuridico.com.br\/2022\/08\/12\/prova-remarcada-procurador-de-contas-mpc-ms\/#primaryimage"},"thumbnailUrl":"https:\/\/meusitejuridico.editorajuspodivm.com.br\/s.meusitejuridico\/2022\/05\/480d9a79-fiscais-verde.png","keywords":["PROCURADOR DE CONTAS","PROVA REMARCADA"],"articleSection":["Carreiras Fiscais","Informa\u00e7\u00f5es de Concursos"],"inLanguage":"pt-BR","potentialAction":[{"@type":"CommentAction","name":"Comment","target":["https:\/\/meusitejuridico.com.br\/2022\/08\/12\/prova-remarcada-procurador-de-contas-mpc-ms\/#respond"]}]},{"@type":"WebPage","@id":"https:\/\/meusitejuridico.com.br\/2022\/08\/12\/prova-remarcada-procurador-de-contas-mpc-ms\/","url":"https:\/\/meusitejuridico.com.br\/2022\/08\/12\/prova-remarcada-procurador-de-contas-mpc-ms\/","name":"Prova Remarcada: Procurador de Contas - MPC\/MS - Meu site jur\u00eddico","isPartOf":{"@id":"https:\/\/cdn.meusitejuridico.com.br\/#website"},"primaryImageOfPage":{"@id":"https:\/\/meusitejuridico.com.br\/2022\/08\/12\/prova-remarcada-procurador-de-contas-mpc-ms\/#primaryimage"},"image":{"@id":"https:\/\/meusitejuridico.com.br\/2022\/08\/12\/prova-remarcada-procurador-de-contas-mpc-ms\/#primaryimage"},"thumbnailUrl":"https:\/\/meusitejuridico.editorajuspodivm.com.br\/s.meusitejuridico\/2022\/05\/480d9a79-fiscais-verde.png","datePublished":"2022-08-12T15:19:55+00:00","dateModified":"2022-08-12T15:19:57+00:00","description":"O edital do concurso do Minist\u00e9rio P\u00fablico de Contas do Estado de Mato Grosso do Sul, que oferta 03 vagas\u00a0 para o cargo de Procurador de Contas Substituto, passou por algumas mudan\u00e7as.","breadcrumb":{"@id":"https:\/\/meusitejuridico.com.br\/2022\/08\/12\/prova-remarcada-procurador-de-contas-mpc-ms\/#breadcrumb"},"inLanguage":"pt-BR","potentialAction":[{"@type":"ReadAction","target":["https:\/\/meusitejuridico.com.br\/2022\/08\/12\/prova-remarcada-procurador-de-contas-mpc-ms\/"]}]},{"@type":"ImageObject","inLanguage":"pt-BR","@id":"https:\/\/meusitejuridico.com.br\/2022\/08\/12\/prova-remarcada-procurador-de-contas-mpc-ms\/#primaryimage","url":"https:\/\/meusitejuridico.editorajuspodivm.com.br\/s.meusitejuridico\/2022\/05\/480d9a79-fiscais-verde.png","contentUrl":"https:\/\/meusitejuridico.editorajuspodivm.com.br\/s.meusitejuridico\/2022\/05\/480d9a79-fiscais-verde.png","width":1000,"height":667},{"@type":"BreadcrumbList","@id":"https:\/\/meusitejuridico.com.br\/2022\/08\/12\/prova-remarcada-procurador-de-contas-mpc-ms\/#breadcrumb","itemListElement":[{"@type":"ListItem","position":1,"name":"In\u00edcio","item":"https:\/\/cdn.meusitejuridico.com.br\/"},{"@type":"ListItem","position":2,"name":"Prova Remarcada: Procurador de Contas &#8211; MPC\/MS"}]},{"@type":"WebSite","@id":"https:\/\/cdn.meusitejuridico.com.br\/#website","url":"https:\/\/cdn.meusitejuridico.com.br\/","name":"Meu site jur\u00eddico","description":"Meu site jur\u00eddico","publisher":{"@id":"https:\/\/cdn.meusitejuridico.com.br\/#organization"},"potentialAction":[{"@type":"SearchAction","target":{"@type":"EntryPoint","urlTemplate":"https:\/\/cdn.meusitejuridico.com.br\/?s={search_term_string}"},"query-input":{"@type":"PropertyValueSpecification","valueRequired":true,"valueName":"search_term_string"}}],"inLanguage":"pt-BR"},{"@type":"Organization","@id":"https:\/\/cdn.meusitejuridico.com.br\/#organization","name":"Meu site jur\u00eddico","url":"https:\/\/cdn.meusitejuridico.com.br\/","logo":{"@type":"ImageObject","inLanguage":"pt-BR","@id":"https:\/\/cdn.meusitejuridico.com.br\/#\/schema\/logo\/image\/","url":"https:\/\/meusitejuridico.editorajuspodivm.com.br\/s.meusitejuridico\/2022\/03\/cropped-baeec2a3-msj-02-01-01.png","contentUrl":"https:\/\/meusitejuridico.editorajuspodivm.com.br\/s.meusitejuridico\/2022\/03\/cropped-baeec2a3-msj-02-01-01.png","width":349,"height":243,"caption":"Meu site jur\u00eddico"},"image":{"@id":"https:\/\/cdn.meusitejuridico.com.br\/#\/schema\/logo\/image\/"}},{"@type":"Person","@id":"https:\/\/cdn.meusitejuridico.com.br\/#\/schema\/person\/5c2237ac0c8ff03bcf1a09fe3e45dfce","name":"Equipe Meu Site Jur\u00eddico","image":{"@type":"ImageObject","inLanguage":"pt-BR","@id":"https:\/\/cdn.meusitejuridico.com.br\/#\/schema\/person\/image\/","url":"https:\/\/meusitejuridico.editorajuspodivm.com.br\/s.meusitejuridico\/2020\/07\/6be289aa-logo-msj.png","contentUrl":"https:\/\/meusitejuridico.editorajuspodivm.com.br\/s.meusitejuridico\/2020\/07\/6be289aa-logo-msj.png","caption":"Equipe Meu Site Jur\u00eddico"},"description":"Contem conosco!","url":"https:\/\/meusitejuridico.editorajuspodivm.com.br\/author\/equipe-meu-site-juridico\/"}]}},"_links":{"self":[{"href":"https:\/\/meusitejuridico.editorajuspodivm.com.br\/api\/wp\/v2\/posts\/16839","targetHints":{"allow":["GET"]}}],"collection":[{"href":"https:\/\/meusitejuridico.editorajuspodivm.com.br\/api\/wp\/v2\/posts"}],"about":[{"href":"https:\/\/meusitejuridico.editorajuspodivm.com.br\/api\/wp\/v2\/types\/post"}],"author":[{"embeddable":true,"href":"https:\/\/meusitejuridico.editorajuspodivm.com.br\/api\/wp\/v2\/users\/7"}],"replies":[{"embeddable":true,"href":"https:\/\/meusitejuridico.editorajuspodivm.com.br\/api\/wp\/v2\/comments?post=16839"}],"version-history":[{"count":1,"href":"https:\/\/meusitejuridico.editorajuspodivm.com.br\/api\/wp\/v2\/posts\/16839\/revisions"}],"predecessor-version":[{"id":16840,"href":"https:\/\/meusitejuridico.editorajuspodivm.com.br\/api\/wp\/v2\/posts\/16839\/revisions\/16840"}],"wp:featuredmedia":[{"embeddable":true,"href":"https:\/\/meusitejuridico.editorajuspodivm.com.br\/api\/wp\/v2\/media\/15723"}],"wp:attachment":[{"href":"https:\/\/meusitejuridico.editorajuspodivm.com.br\/api\/wp\/v2\/media?parent=16839"}],"wp:term":[{"taxonomy":"category","embeddable":true,"href":"https:\/\/meusitejuridico.editorajuspodivm.com.br\/api\/wp\/v2\/categories?post=16839"},{"taxonomy":"post_tag","embeddable":true,"href":"https:\/\/meusitejuridico.editorajuspodivm.com.br\/api\/wp\/v2\/tags?post=16839"}],"curies":[{"name":"wp","href":"https:\/\/api.w.org\/{rel}","templated":true}]}}