{"id":17164,"date":"2022-11-02T07:41:43","date_gmt":"2022-11-02T10:41:43","guid":{"rendered":"https:\/\/meusitejuridico.editorajuspodivm.com.br\/?p=17164"},"modified":"2022-11-02T07:42:11","modified_gmt":"2022-11-02T10:42:11","slug":"constitucionalidade-da-multa-minima-prevista-no-art-33-da-lei-11343-2006","status":"publish","type":"post","link":"https:\/\/meusitejuridico.editorajuspodivm.com.br\/2022\/11\/02\/constitucionalidade-da-multa-minima-prevista-no-art-33-da-lei-11343-2006\/","title":{"rendered":"Constitucionalidade da multa m\u00ednima prevista no art. 33 da Lei 11.343\/2006"},"content":{"rendered":"\n<p>O Plen\u00e1rio&nbsp; Virtual&nbsp; do&nbsp; Supremo&nbsp; Tribunal&nbsp; Federal,&nbsp; em&nbsp; 22\/10\/2021,&nbsp; reconheceu&nbsp; a&nbsp; exist\u00eancia&nbsp; de repercuss\u00e3o geral da quest\u00e3o constitucional suscitada no <em>Leading Case<\/em> RE 1347158 e no Tema 1.178, oportunidade em que fixou a seguinte tese: \u201cA multa m\u00ednima prevista no artigo 33 da Lei 11.343\/06 \u00e9 op\u00e7\u00e3o legislativa leg\u00edtima para a quantifica\u00e7\u00e3o da pena, n\u00e3o cabendo ao Poder Judici\u00e1rio alter\u00e1-la com fundamento nos princ\u00edpios da proporcionalidade, da isonomia e da individualiza\u00e7\u00e3o da pena\u201d.<\/p>\n\n\n\n<p>N\u00e3o nos afigura haver inconstitucionalidade no quantum da pena de multa fixada no crime de tr\u00e1fico de drogas.<\/p>\n\n\n\n<p>A uma porque a recrudescida pol\u00edtica criminal vigente em face do tr\u00e1fico de droga possui status constitucional (art. 5\u00ba, XLIII), que inegavelmente impele o legislador ordin\u00e1rio \u00e0 edi\u00e7\u00e3o de norma penal severa sobre o assunto. Al\u00e9m disso, a Conven\u00e7\u00e3o Contra o Tr\u00e1fico Il\u00edcito de Entorpecentes e Subst\u00e2ncias Psicotr\u00f3picas, internalizada por meio do Decreto 154\/1991 (artigo 3, item 4, letra a), prev\u00ea o necess\u00e1rio sancionamento pecuni\u00e1rio e confiscat\u00f3rio do tr\u00e1fico, conferindo uma modelagem internacional mais ou menos uniforme na reprimenda deste crime, ponto do qual o Brasil n\u00e3o deve se distanciar. H\u00e1, portanto, raz\u00f5es constitucionais e internacionais para o apenamento pecuni\u00e1rio mais intenso na lei antidrogas quando comparada \u00e0 legisla\u00e7\u00e3o penal comum.<\/p>\n\n\n\n<p>A duas porque, sob a perspectiva da an\u00e1lise econ\u00f4mica do crime, a pena de multa \u00e9 a principal san\u00e7\u00e3o dissuas\u00f3ria da pr\u00e1tica do crime, que lhe retira a perspectiva recompensat\u00f3ria, calculada sob o c\u00e1lculo do custo-benef\u00edcio entre a san\u00e7\u00e3o e o lucro dele advindo. A san\u00e7\u00e3o pecuni\u00e1ria se acopla na tend\u00eancia internacional de despatrimonializa\u00e7\u00e3o do agente do crime de modo a incrementar, economicamente, os efeitos dissuas\u00f3rios e retributivos da san\u00e7\u00e3o penal, notadamente \u00e0quelas categorias delitivas altamente rent\u00e1veis como o tr\u00e1fico de drogas praticado por organiza\u00e7\u00f5es criminosas. A an\u00e1lise econ\u00f4mica do direito, dentre outras li\u00e7\u00f5es, indica que um sistema sancionador eficaz deve impor riscos superiores \u00e0s vantagens inerentes \u00e0 pr\u00e1tica do crime.<\/p>\n\n\n\n<p>A tr\u00eas porque o preceito secund\u00e1rio do art. 33 da Lei 11.343\/2006 prev\u00ea pena de multa em patamares m\u00ednimo e m\u00e1ximo bem delineados, absolutamente aptos a conferir ao julgador uma margem de discricionariedade suficiente para levar em considera\u00e7\u00f5es a condi\u00e7\u00e3o econ\u00f4mica do acusado, o que satisfaz plenamente o princ\u00edpio da individualiza\u00e7\u00e3o da pena.<\/p>\n","protected":false},"excerpt":{"rendered":"<p>O Plen\u00e1rio&nbsp; Virtual&nbsp; do&nbsp; Supremo&nbsp; Tribunal&nbsp; Federal,&nbsp; em&nbsp; 22\/10\/2021,&nbsp; reconheceu&nbsp; a&nbsp; exist\u00eancia&nbsp; de repercuss\u00e3o geral da quest\u00e3o constitucional suscitada no Leading Case RE 1347158 e no Tema 1.178, oportunidade em que fixou a seguinte tese: \u201cA multa m\u00ednima prevista no artigo 33 da Lei 11.343\/06 \u00e9 op\u00e7\u00e3o legislativa leg\u00edtima para a quantifica\u00e7\u00e3o da pena, n\u00e3o [&hellip;]<\/p>\n","protected":false},"author":33,"featured_media":1493,"comment_status":"open","ping_status":"open","sticky":false,"template":"","format":"standard","meta":{"_acf_changed":false,"footnotes":""},"categories":[1],"tags":[],"class_list":["post-17164","post","type-post","status-publish","format-standard","has-post-thumbnail","hentry","category-artigos"],"acf":[],"yoast_head":"<!-- This site is optimized with the Yoast SEO plugin v24.8.1 - https:\/\/yoast.com\/wordpress\/plugins\/seo\/ -->\n<title>Constitucionalidade da multa m\u00ednima prevista no art. 33 da Lei 11.343\/2006 - Meu site jur\u00eddico<\/title>\n<meta name=\"robots\" content=\"index, follow, max-snippet:-1, max-image-preview:large, max-video-preview:-1\" \/>\n<link rel=\"canonical\" href=\"https:\/\/meusitejuridico.editorajuspodivm.com.br\/2022\/11\/02\/constitucionalidade-da-multa-minima-prevista-no-art-33-da-lei-11343-2006\/\" \/>\n<meta property=\"og:locale\" content=\"pt_BR\" \/>\n<meta property=\"og:type\" content=\"article\" \/>\n<meta property=\"og:title\" content=\"Constitucionalidade da multa m\u00ednima prevista no art. 33 da Lei 11.343\/2006 - Meu site jur\u00eddico\" \/>\n<meta property=\"og:description\" content=\"O Plen\u00e1rio&nbsp; Virtual&nbsp; do&nbsp; Supremo&nbsp; Tribunal&nbsp; Federal,&nbsp; em&nbsp; 22\/10\/2021,&nbsp; reconheceu&nbsp; a&nbsp; exist\u00eancia&nbsp; de repercuss\u00e3o geral da quest\u00e3o constitucional suscitada no Leading Case RE 1347158 e no Tema 1.178, oportunidade em que fixou a seguinte tese: \u201cA multa m\u00ednima prevista no artigo 33 da Lei 11.343\/06 \u00e9 op\u00e7\u00e3o legislativa leg\u00edtima para a quantifica\u00e7\u00e3o da pena, n\u00e3o [&hellip;]\" \/>\n<meta property=\"og:url\" content=\"https:\/\/meusitejuridico.editorajuspodivm.com.br\/2022\/11\/02\/constitucionalidade-da-multa-minima-prevista-no-art-33-da-lei-11343-2006\/\" \/>\n<meta property=\"og:site_name\" content=\"Meu site jur\u00eddico\" \/>\n<meta property=\"article:published_time\" content=\"2022-11-02T10:41:43+00:00\" \/>\n<meta property=\"article:modified_time\" content=\"2022-11-02T10:42:11+00:00\" \/>\n<meta property=\"og:image\" content=\"https:\/\/meusitejuridico.editorajuspodivm.com.br\/s.meusitejuridico\/2017\/03\/2be34d9e-7.jpg\" \/>\n\t<meta property=\"og:image:width\" content=\"1280\" \/>\n\t<meta property=\"og:image:height\" content=\"960\" \/>\n\t<meta property=\"og:image:type\" content=\"image\/jpeg\" \/>\n<meta name=\"author\" content=\"Rog\u00e9rio Sanches Cunha e Renee do \u00d3 Souza\" \/>\n<meta name=\"twitter:card\" content=\"summary_large_image\" \/>\n<meta name=\"twitter:label1\" content=\"Escrito por\" \/>\n\t<meta name=\"twitter:data1\" content=\"Rog\u00e9rio Sanches Cunha e Renee do \u00d3 Souza\" \/>\n\t<meta name=\"twitter:label2\" content=\"Est. tempo de leitura\" \/>\n\t<meta name=\"twitter:data2\" content=\"2 minutos\" \/>\n<script type=\"application\/ld+json\" class=\"yoast-schema-graph\">{\"@context\":\"https:\/\/schema.org\",\"@graph\":[{\"@type\":\"Article\",\"@id\":\"https:\/\/meusitejuridico.editorajuspodivm.com.br\/2022\/11\/02\/constitucionalidade-da-multa-minima-prevista-no-art-33-da-lei-11343-2006\/#article\",\"isPartOf\":{\"@id\":\"https:\/\/meusitejuridico.editorajuspodivm.com.br\/2022\/11\/02\/constitucionalidade-da-multa-minima-prevista-no-art-33-da-lei-11343-2006\/\"},\"author\":{\"name\":\"Rog\u00e9rio Sanches Cunha e Renee do \u00d3 Souza\",\"@id\":\"https:\/\/cdn.meusitejuridico.com.br\/#\/schema\/person\/ed3255938a2bef19f31cde9e273a2bc5\"},\"headline\":\"Constitucionalidade da multa m\u00ednima prevista no art. 33 da Lei 11.343\/2006\",\"datePublished\":\"2022-11-02T10:41:43+00:00\",\"dateModified\":\"2022-11-02T10:42:11+00:00\",\"mainEntityOfPage\":{\"@id\":\"https:\/\/meusitejuridico.editorajuspodivm.com.br\/2022\/11\/02\/constitucionalidade-da-multa-minima-prevista-no-art-33-da-lei-11343-2006\/\"},\"wordCount\":435,\"commentCount\":0,\"publisher\":{\"@id\":\"https:\/\/cdn.meusitejuridico.com.br\/#organization\"},\"image\":{\"@id\":\"https:\/\/meusitejuridico.editorajuspodivm.com.br\/2022\/11\/02\/constitucionalidade-da-multa-minima-prevista-no-art-33-da-lei-11343-2006\/#primaryimage\"},\"thumbnailUrl\":\"https:\/\/meusitejuridico.editorajuspodivm.com.br\/s.meusitejuridico\/2017\/03\/2be34d9e-7.jpg\",\"articleSection\":[\"Artigos\"],\"inLanguage\":\"pt-BR\",\"potentialAction\":[{\"@type\":\"CommentAction\",\"name\":\"Comment\",\"target\":[\"https:\/\/meusitejuridico.editorajuspodivm.com.br\/2022\/11\/02\/constitucionalidade-da-multa-minima-prevista-no-art-33-da-lei-11343-2006\/#respond\"]}]},{\"@type\":\"WebPage\",\"@id\":\"https:\/\/meusitejuridico.editorajuspodivm.com.br\/2022\/11\/02\/constitucionalidade-da-multa-minima-prevista-no-art-33-da-lei-11343-2006\/\",\"url\":\"https:\/\/meusitejuridico.editorajuspodivm.com.br\/2022\/11\/02\/constitucionalidade-da-multa-minima-prevista-no-art-33-da-lei-11343-2006\/\",\"name\":\"Constitucionalidade da multa m\u00ednima prevista no art. 33 da Lei 11.343\/2006 - Meu site jur\u00eddico\",\"isPartOf\":{\"@id\":\"https:\/\/cdn.meusitejuridico.com.br\/#website\"},\"primaryImageOfPage\":{\"@id\":\"https:\/\/meusitejuridico.editorajuspodivm.com.br\/2022\/11\/02\/constitucionalidade-da-multa-minima-prevista-no-art-33-da-lei-11343-2006\/#primaryimage\"},\"image\":{\"@id\":\"https:\/\/meusitejuridico.editorajuspodivm.com.br\/2022\/11\/02\/constitucionalidade-da-multa-minima-prevista-no-art-33-da-lei-11343-2006\/#primaryimage\"},\"thumbnailUrl\":\"https:\/\/meusitejuridico.editorajuspodivm.com.br\/s.meusitejuridico\/2017\/03\/2be34d9e-7.jpg\",\"datePublished\":\"2022-11-02T10:41:43+00:00\",\"dateModified\":\"2022-11-02T10:42:11+00:00\",\"breadcrumb\":{\"@id\":\"https:\/\/meusitejuridico.editorajuspodivm.com.br\/2022\/11\/02\/constitucionalidade-da-multa-minima-prevista-no-art-33-da-lei-11343-2006\/#breadcrumb\"},\"inLanguage\":\"pt-BR\",\"potentialAction\":[{\"@type\":\"ReadAction\",\"target\":[\"https:\/\/meusitejuridico.editorajuspodivm.com.br\/2022\/11\/02\/constitucionalidade-da-multa-minima-prevista-no-art-33-da-lei-11343-2006\/\"]}]},{\"@type\":\"ImageObject\",\"inLanguage\":\"pt-BR\",\"@id\":\"https:\/\/meusitejuridico.editorajuspodivm.com.br\/2022\/11\/02\/constitucionalidade-da-multa-minima-prevista-no-art-33-da-lei-11343-2006\/#primaryimage\",\"url\":\"https:\/\/meusitejuridico.editorajuspodivm.com.br\/s.meusitejuridico\/2017\/03\/2be34d9e-7.jpg\",\"contentUrl\":\"https:\/\/meusitejuridico.editorajuspodivm.com.br\/s.meusitejuridico\/2017\/03\/2be34d9e-7.jpg\",\"width\":1280,\"height\":960},{\"@type\":\"BreadcrumbList\",\"@id\":\"https:\/\/meusitejuridico.editorajuspodivm.com.br\/2022\/11\/02\/constitucionalidade-da-multa-minima-prevista-no-art-33-da-lei-11343-2006\/#breadcrumb\",\"itemListElement\":[{\"@type\":\"ListItem\",\"position\":1,\"name\":\"In\u00edcio\",\"item\":\"https:\/\/cdn.meusitejuridico.com.br\/\"},{\"@type\":\"ListItem\",\"position\":2,\"name\":\"Constitucionalidade da multa m\u00ednima prevista no art. 33 da Lei 11.343\/2006\"}]},{\"@type\":\"WebSite\",\"@id\":\"https:\/\/cdn.meusitejuridico.com.br\/#website\",\"url\":\"https:\/\/cdn.meusitejuridico.com.br\/\",\"name\":\"Meu site jur\u00eddico\",\"description\":\"Meu site jur\u00eddico\",\"publisher\":{\"@id\":\"https:\/\/cdn.meusitejuridico.com.br\/#organization\"},\"potentialAction\":[{\"@type\":\"SearchAction\",\"target\":{\"@type\":\"EntryPoint\",\"urlTemplate\":\"https:\/\/cdn.meusitejuridico.com.br\/?s={search_term_string}\"},\"query-input\":{\"@type\":\"PropertyValueSpecification\",\"valueRequired\":true,\"valueName\":\"search_term_string\"}}],\"inLanguage\":\"pt-BR\"},{\"@type\":\"Organization\",\"@id\":\"https:\/\/cdn.meusitejuridico.com.br\/#organization\",\"name\":\"Meu site jur\u00eddico\",\"url\":\"https:\/\/cdn.meusitejuridico.com.br\/\",\"logo\":{\"@type\":\"ImageObject\",\"inLanguage\":\"pt-BR\",\"@id\":\"https:\/\/cdn.meusitejuridico.com.br\/#\/schema\/logo\/image\/\",\"url\":\"https:\/\/meusitejuridico.editorajuspodivm.com.br\/s.meusitejuridico\/2022\/03\/cropped-baeec2a3-msj-02-01-01.png\",\"contentUrl\":\"https:\/\/meusitejuridico.editorajuspodivm.com.br\/s.meusitejuridico\/2022\/03\/cropped-baeec2a3-msj-02-01-01.png\",\"width\":349,\"height\":243,\"caption\":\"Meu site jur\u00eddico\"},\"image\":{\"@id\":\"https:\/\/cdn.meusitejuridico.com.br\/#\/schema\/logo\/image\/\"}},{\"@type\":\"Person\",\"@id\":\"https:\/\/cdn.meusitejuridico.com.br\/#\/schema\/person\/ed3255938a2bef19f31cde9e273a2bc5\",\"name\":\"Rog\u00e9rio Sanches Cunha e Renee do \u00d3 Souza\",\"image\":{\"@type\":\"ImageObject\",\"inLanguage\":\"pt-BR\",\"@id\":\"https:\/\/cdn.meusitejuridico.com.br\/#\/schema\/person\/image\/\",\"url\":\"https:\/\/meusitejuridico.editorajuspodivm.com.br\/s.meusitejuridico\/2017\/09\/Rogerio-e-Renee-150x150.jpg\",\"contentUrl\":\"https:\/\/meusitejuridico.editorajuspodivm.com.br\/s.meusitejuridico\/2017\/09\/Rogerio-e-Renee-150x150.jpg\",\"caption\":\"Rog\u00e9rio Sanches Cunha e Renee do \u00d3 Souza\"},\"description\":\"Membro do Ministe\u0301rio Pu\u0301blico do Estado de Sa\u0303o Paulo. Professor da Escola Superior do Ministe\u0301rio Pu\u0301blico dos estados de Sa\u0303o Paulo, Mato Grosso e Santa Catarina. Coordenador Pedag\u00f3gico e Professor de Penal e Processo Penal do Curso RSConline. Fundador do site www.meusitejuridico.com.br. Cofundador e coordenador pedago\u0301gico do JUSPLAY. Autor de obras juri\u0301dicas. ____________________________________________________________________ Membro do Minist\u00e9rio P\u00fablico de Mato Grosso (Promotor de Justi\u00e7a)\",\"url\":\"https:\/\/meusitejuridico.editorajuspodivm.com.br\/author\/rogerioerenemsj-com-br\/\"}]}<\/script>\n<!-- \/ Yoast SEO plugin. -->","yoast_head_json":{"title":"Constitucionalidade da multa m\u00ednima prevista no art. 33 da Lei 11.343\/2006 - Meu site jur\u00eddico","robots":{"index":"index","follow":"follow","max-snippet":"max-snippet:-1","max-image-preview":"max-image-preview:large","max-video-preview":"max-video-preview:-1"},"canonical":"https:\/\/meusitejuridico.editorajuspodivm.com.br\/2022\/11\/02\/constitucionalidade-da-multa-minima-prevista-no-art-33-da-lei-11343-2006\/","og_locale":"pt_BR","og_type":"article","og_title":"Constitucionalidade da multa m\u00ednima prevista no art. 33 da Lei 11.343\/2006 - Meu site jur\u00eddico","og_description":"O Plen\u00e1rio&nbsp; Virtual&nbsp; do&nbsp; Supremo&nbsp; Tribunal&nbsp; Federal,&nbsp; em&nbsp; 22\/10\/2021,&nbsp; reconheceu&nbsp; a&nbsp; exist\u00eancia&nbsp; de repercuss\u00e3o geral da quest\u00e3o constitucional suscitada no Leading Case RE 1347158 e no Tema 1.178, oportunidade em que fixou a seguinte tese: \u201cA multa m\u00ednima prevista no artigo 33 da Lei 11.343\/06 \u00e9 op\u00e7\u00e3o legislativa leg\u00edtima para a quantifica\u00e7\u00e3o da pena, n\u00e3o [&hellip;]","og_url":"https:\/\/meusitejuridico.editorajuspodivm.com.br\/2022\/11\/02\/constitucionalidade-da-multa-minima-prevista-no-art-33-da-lei-11343-2006\/","og_site_name":"Meu site jur\u00eddico","article_published_time":"2022-11-02T10:41:43+00:00","article_modified_time":"2022-11-02T10:42:11+00:00","og_image":[{"width":1280,"height":960,"url":"https:\/\/meusitejuridico.editorajuspodivm.com.br\/s.meusitejuridico\/2017\/03\/2be34d9e-7.jpg","type":"image\/jpeg"}],"author":"Rog\u00e9rio Sanches Cunha e Renee do \u00d3 Souza","twitter_card":"summary_large_image","twitter_misc":{"Escrito por":"Rog\u00e9rio Sanches Cunha e Renee do \u00d3 Souza","Est. tempo de leitura":"2 minutos"},"schema":{"@context":"https:\/\/schema.org","@graph":[{"@type":"Article","@id":"https:\/\/meusitejuridico.editorajuspodivm.com.br\/2022\/11\/02\/constitucionalidade-da-multa-minima-prevista-no-art-33-da-lei-11343-2006\/#article","isPartOf":{"@id":"https:\/\/meusitejuridico.editorajuspodivm.com.br\/2022\/11\/02\/constitucionalidade-da-multa-minima-prevista-no-art-33-da-lei-11343-2006\/"},"author":{"name":"Rog\u00e9rio Sanches Cunha e Renee do \u00d3 Souza","@id":"https:\/\/cdn.meusitejuridico.com.br\/#\/schema\/person\/ed3255938a2bef19f31cde9e273a2bc5"},"headline":"Constitucionalidade da multa m\u00ednima prevista no art. 33 da Lei 11.343\/2006","datePublished":"2022-11-02T10:41:43+00:00","dateModified":"2022-11-02T10:42:11+00:00","mainEntityOfPage":{"@id":"https:\/\/meusitejuridico.editorajuspodivm.com.br\/2022\/11\/02\/constitucionalidade-da-multa-minima-prevista-no-art-33-da-lei-11343-2006\/"},"wordCount":435,"commentCount":0,"publisher":{"@id":"https:\/\/cdn.meusitejuridico.com.br\/#organization"},"image":{"@id":"https:\/\/meusitejuridico.editorajuspodivm.com.br\/2022\/11\/02\/constitucionalidade-da-multa-minima-prevista-no-art-33-da-lei-11343-2006\/#primaryimage"},"thumbnailUrl":"https:\/\/meusitejuridico.editorajuspodivm.com.br\/s.meusitejuridico\/2017\/03\/2be34d9e-7.jpg","articleSection":["Artigos"],"inLanguage":"pt-BR","potentialAction":[{"@type":"CommentAction","name":"Comment","target":["https:\/\/meusitejuridico.editorajuspodivm.com.br\/2022\/11\/02\/constitucionalidade-da-multa-minima-prevista-no-art-33-da-lei-11343-2006\/#respond"]}]},{"@type":"WebPage","@id":"https:\/\/meusitejuridico.editorajuspodivm.com.br\/2022\/11\/02\/constitucionalidade-da-multa-minima-prevista-no-art-33-da-lei-11343-2006\/","url":"https:\/\/meusitejuridico.editorajuspodivm.com.br\/2022\/11\/02\/constitucionalidade-da-multa-minima-prevista-no-art-33-da-lei-11343-2006\/","name":"Constitucionalidade da multa m\u00ednima prevista no art. 33 da Lei 11.343\/2006 - Meu site jur\u00eddico","isPartOf":{"@id":"https:\/\/cdn.meusitejuridico.com.br\/#website"},"primaryImageOfPage":{"@id":"https:\/\/meusitejuridico.editorajuspodivm.com.br\/2022\/11\/02\/constitucionalidade-da-multa-minima-prevista-no-art-33-da-lei-11343-2006\/#primaryimage"},"image":{"@id":"https:\/\/meusitejuridico.editorajuspodivm.com.br\/2022\/11\/02\/constitucionalidade-da-multa-minima-prevista-no-art-33-da-lei-11343-2006\/#primaryimage"},"thumbnailUrl":"https:\/\/meusitejuridico.editorajuspodivm.com.br\/s.meusitejuridico\/2017\/03\/2be34d9e-7.jpg","datePublished":"2022-11-02T10:41:43+00:00","dateModified":"2022-11-02T10:42:11+00:00","breadcrumb":{"@id":"https:\/\/meusitejuridico.editorajuspodivm.com.br\/2022\/11\/02\/constitucionalidade-da-multa-minima-prevista-no-art-33-da-lei-11343-2006\/#breadcrumb"},"inLanguage":"pt-BR","potentialAction":[{"@type":"ReadAction","target":["https:\/\/meusitejuridico.editorajuspodivm.com.br\/2022\/11\/02\/constitucionalidade-da-multa-minima-prevista-no-art-33-da-lei-11343-2006\/"]}]},{"@type":"ImageObject","inLanguage":"pt-BR","@id":"https:\/\/meusitejuridico.editorajuspodivm.com.br\/2022\/11\/02\/constitucionalidade-da-multa-minima-prevista-no-art-33-da-lei-11343-2006\/#primaryimage","url":"https:\/\/meusitejuridico.editorajuspodivm.com.br\/s.meusitejuridico\/2017\/03\/2be34d9e-7.jpg","contentUrl":"https:\/\/meusitejuridico.editorajuspodivm.com.br\/s.meusitejuridico\/2017\/03\/2be34d9e-7.jpg","width":1280,"height":960},{"@type":"BreadcrumbList","@id":"https:\/\/meusitejuridico.editorajuspodivm.com.br\/2022\/11\/02\/constitucionalidade-da-multa-minima-prevista-no-art-33-da-lei-11343-2006\/#breadcrumb","itemListElement":[{"@type":"ListItem","position":1,"name":"In\u00edcio","item":"https:\/\/cdn.meusitejuridico.com.br\/"},{"@type":"ListItem","position":2,"name":"Constitucionalidade da multa m\u00ednima prevista no art. 33 da Lei 11.343\/2006"}]},{"@type":"WebSite","@id":"https:\/\/cdn.meusitejuridico.com.br\/#website","url":"https:\/\/cdn.meusitejuridico.com.br\/","name":"Meu site jur\u00eddico","description":"Meu site jur\u00eddico","publisher":{"@id":"https:\/\/cdn.meusitejuridico.com.br\/#organization"},"potentialAction":[{"@type":"SearchAction","target":{"@type":"EntryPoint","urlTemplate":"https:\/\/cdn.meusitejuridico.com.br\/?s={search_term_string}"},"query-input":{"@type":"PropertyValueSpecification","valueRequired":true,"valueName":"search_term_string"}}],"inLanguage":"pt-BR"},{"@type":"Organization","@id":"https:\/\/cdn.meusitejuridico.com.br\/#organization","name":"Meu site jur\u00eddico","url":"https:\/\/cdn.meusitejuridico.com.br\/","logo":{"@type":"ImageObject","inLanguage":"pt-BR","@id":"https:\/\/cdn.meusitejuridico.com.br\/#\/schema\/logo\/image\/","url":"https:\/\/meusitejuridico.editorajuspodivm.com.br\/s.meusitejuridico\/2022\/03\/cropped-baeec2a3-msj-02-01-01.png","contentUrl":"https:\/\/meusitejuridico.editorajuspodivm.com.br\/s.meusitejuridico\/2022\/03\/cropped-baeec2a3-msj-02-01-01.png","width":349,"height":243,"caption":"Meu site jur\u00eddico"},"image":{"@id":"https:\/\/cdn.meusitejuridico.com.br\/#\/schema\/logo\/image\/"}},{"@type":"Person","@id":"https:\/\/cdn.meusitejuridico.com.br\/#\/schema\/person\/ed3255938a2bef19f31cde9e273a2bc5","name":"Rog\u00e9rio Sanches Cunha e Renee do \u00d3 Souza","image":{"@type":"ImageObject","inLanguage":"pt-BR","@id":"https:\/\/cdn.meusitejuridico.com.br\/#\/schema\/person\/image\/","url":"https:\/\/meusitejuridico.editorajuspodivm.com.br\/s.meusitejuridico\/2017\/09\/Rogerio-e-Renee-150x150.jpg","contentUrl":"https:\/\/meusitejuridico.editorajuspodivm.com.br\/s.meusitejuridico\/2017\/09\/Rogerio-e-Renee-150x150.jpg","caption":"Rog\u00e9rio Sanches Cunha e Renee do \u00d3 Souza"},"description":"Membro do Ministe\u0301rio Pu\u0301blico do Estado de Sa\u0303o Paulo. Professor da Escola Superior do Ministe\u0301rio Pu\u0301blico dos estados de Sa\u0303o Paulo, Mato Grosso e Santa Catarina. Coordenador Pedag\u00f3gico e Professor de Penal e Processo Penal do Curso RSConline. Fundador do site www.meusitejuridico.com.br. Cofundador e coordenador pedago\u0301gico do JUSPLAY. Autor de obras juri\u0301dicas. ____________________________________________________________________ Membro do Minist\u00e9rio P\u00fablico de Mato Grosso (Promotor de Justi\u00e7a)","url":"https:\/\/meusitejuridico.editorajuspodivm.com.br\/author\/rogerioerenemsj-com-br\/"}]}},"_links":{"self":[{"href":"https:\/\/meusitejuridico.editorajuspodivm.com.br\/api\/wp\/v2\/posts\/17164","targetHints":{"allow":["GET"]}}],"collection":[{"href":"https:\/\/meusitejuridico.editorajuspodivm.com.br\/api\/wp\/v2\/posts"}],"about":[{"href":"https:\/\/meusitejuridico.editorajuspodivm.com.br\/api\/wp\/v2\/types\/post"}],"author":[{"embeddable":true,"href":"https:\/\/meusitejuridico.editorajuspodivm.com.br\/api\/wp\/v2\/users\/33"}],"replies":[{"embeddable":true,"href":"https:\/\/meusitejuridico.editorajuspodivm.com.br\/api\/wp\/v2\/comments?post=17164"}],"version-history":[{"count":3,"href":"https:\/\/meusitejuridico.editorajuspodivm.com.br\/api\/wp\/v2\/posts\/17164\/revisions"}],"predecessor-version":[{"id":17167,"href":"https:\/\/meusitejuridico.editorajuspodivm.com.br\/api\/wp\/v2\/posts\/17164\/revisions\/17167"}],"wp:featuredmedia":[{"embeddable":true,"href":"https:\/\/meusitejuridico.editorajuspodivm.com.br\/api\/wp\/v2\/media\/1493"}],"wp:attachment":[{"href":"https:\/\/meusitejuridico.editorajuspodivm.com.br\/api\/wp\/v2\/media?parent=17164"}],"wp:term":[{"taxonomy":"category","embeddable":true,"href":"https:\/\/meusitejuridico.editorajuspodivm.com.br\/api\/wp\/v2\/categories?post=17164"},{"taxonomy":"post_tag","embeddable":true,"href":"https:\/\/meusitejuridico.editorajuspodivm.com.br\/api\/wp\/v2\/tags?post=17164"}],"curies":[{"name":"wp","href":"https:\/\/api.w.org\/{rel}","templated":true}]}}