{"id":17940,"date":"2023-06-16T15:01:08","date_gmt":"2023-06-16T18:01:08","guid":{"rendered":"https:\/\/meusitejuridico.editorajuspodivm.com.br\/?p=17940"},"modified":"2023-06-16T15:01:09","modified_gmt":"2023-06-16T18:01:09","slug":"comissao-formada-carreiras-juridicas","status":"publish","type":"post","link":"https:\/\/meusitejuridico.editorajuspodivm.com.br\/2023\/06\/16\/comissao-formada-carreiras-juridicas\/","title":{"rendered":"Comiss\u00e3o Formada: Carreiras Jur\u00eddicas"},"content":{"rendered":"\n<p>Durante a etapa de planejamento dos concursos p\u00fablicos, a forma\u00e7\u00e3o da Comiss\u00e3o \u00e9 o passo que antecede a escolha da banca e a publica\u00e7\u00e3o do edital.<\/p>\n\n\n\n<p>Busca-se, nesse momento da organiza\u00e7\u00e3o do certame, definir quem ser\u00e3o os membros do \u00f3rg\u00e3o, para o qual se busca preencher vagas, respons\u00e1veis por dar andamento administrativo ao concurso p\u00fablico, detalhando cargos, estabelecendo quantitativo de vagas e, dentre outras tarefas, fiscalizando a lisura e todas as etapas de sele\u00e7\u00e3o. <\/p>\n\n\n\n<p>Em se tratando de carreiras jur\u00eddicas, s\u00e3o alguns dos principais \u00f3rg\u00e3os que, atualmente, est\u00e3o com Comiss\u00e3o Formada para a realiza\u00e7\u00e3o de concurso p\u00fablico. <\/p>\n\n\n\n<p>N\u00e3o por outra raz\u00e3o, a <strong>Editora JusPodivm<\/strong> preparou uma sele\u00e7\u00e3o especial de obras para cada um deles!<\/p>\n\n\n\n<p><a href=\"https:\/\/www.editorajuspodivm.com.br\/delegado-pcso\">Pol\u00edcia Civil de S\u00e3o Paulo &#8211; Delegado<\/a><\/p>\n\n\n\n<p><a href=\"https:\/\/www.editorajuspodivm.com.br\/delegado-pcsc-delegado2023\">Policia Civil de Santa Catarina &#8211; Delegado<\/a><\/p>\n\n\n\n<p><a href=\"https:\/\/www.editorajuspodivm.com.br\/delegado-pcto-delegado2023\">Pol\u00edcia Civil de Tocantins &#8211; Delegado<\/a><\/p>\n\n\n\n<p><a href=\"https:\/\/www.editorajuspodivm.com.br\/concurso-tjgo-2023\">Tribunal de Justi\u00e7a de Goi\u00e1s &#8211; Juiz<\/a><\/p>\n\n\n\n<p><a href=\"https:\/\/www.editorajuspodivm.com.br\/concurso-tjpr-2023\">Tribunal de Justi\u00e7a do Paran\u00e1 &#8211; Juiz<\/a><\/p>\n\n\n\n<p><a href=\"https:\/\/www.editorajuspodivm.com.br\/concurso-pgern-procurador2023\">Procuradoria Geral do Estado do Rio Grande do Norte &#8211; Procurador<\/a><\/p>\n\n\n\n<p><a href=\"https:\/\/www.editorajuspodivm.com.br\/concurso-pgese-procurador2023\/\">Procuradoria Geral do Estado de Sergipe<\/a><\/p>\n\n\n\n<p><a href=\"https:\/\/www.editorajuspodivm.com.br\/concurso-dpemg-2023\">Defensoria P\u00fablica do Estado de Minas Gerais &#8211; Defensor<\/a><\/p>\n\n\n\n<p><\/p>\n","protected":false},"excerpt":{"rendered":"<p>Durante a etapa de planejamento dos concursos p\u00fablicos, a forma\u00e7\u00e3o da Comiss\u00e3o \u00e9 o passo que antecede a escolha da banca e a publica\u00e7\u00e3o do edital. Busca-se, nesse momento da organiza\u00e7\u00e3o do certame, definir quem ser\u00e3o os membros do \u00f3rg\u00e3o, para o qual se busca preencher vagas, respons\u00e1veis por dar andamento administrativo ao concurso p\u00fablico, [&hellip;]<\/p>\n","protected":false},"author":7,"featured_media":15714,"comment_status":"open","ping_status":"open","sticky":false,"template":"","format":"standard","meta":{"_acf_changed":false,"footnotes":""},"categories":[3847,3848,3846],"tags":[3895],"class_list":["post-17940","post","type-post","status-publish","format-standard","has-post-thumbnail","hentry","category-carreiras-juridicas","category-carreiras-policiais","category-informacao-concursos","tag-comissao-formada"],"acf":[],"yoast_head":"<!-- This site is optimized with the Yoast SEO plugin v24.8.1 - https:\/\/yoast.com\/wordpress\/plugins\/seo\/ -->\n<title>Comiss\u00e3o Formada: Carreiras Jur\u00eddicas - Meu site jur\u00eddico<\/title>\n<meta name=\"description\" content=\"Durante a etapa de planejamento dos concursos p\u00fablicos, a forma\u00e7\u00e3o da Comiss\u00e3o \u00e9 o passo que antecede a escolha da banca e a publica\u00e7\u00e3o do edital.\" \/>\n<meta name=\"robots\" content=\"index, follow, max-snippet:-1, max-image-preview:large, max-video-preview:-1\" \/>\n<link rel=\"canonical\" href=\"https:\/\/meusitejuridico.com.br\/2023\/06\/16\/comissao-formada-carreiras-juridicas\/\" \/>\n<meta property=\"og:locale\" content=\"pt_BR\" \/>\n<meta property=\"og:type\" content=\"article\" \/>\n<meta property=\"og:title\" content=\"Comiss\u00e3o Formada: Carreiras Jur\u00eddicas - Meu site jur\u00eddico\" \/>\n<meta property=\"og:description\" content=\"Durante a etapa de planejamento dos concursos p\u00fablicos, a forma\u00e7\u00e3o da Comiss\u00e3o \u00e9 o passo que antecede a escolha da banca e a publica\u00e7\u00e3o do edital.\" \/>\n<meta property=\"og:url\" content=\"https:\/\/meusitejuridico.com.br\/2023\/06\/16\/comissao-formada-carreiras-juridicas\/\" \/>\n<meta property=\"og:site_name\" content=\"Meu site jur\u00eddico\" \/>\n<meta property=\"article:published_time\" content=\"2023-06-16T18:01:08+00:00\" \/>\n<meta property=\"article:modified_time\" content=\"2023-06-16T18:01:09+00:00\" \/>\n<meta property=\"og:image\" content=\"https:\/\/meusitejuridico.com.br\/s.meusitejuridico\/2022\/05\/b10739a1-jur-vermelho.png\" \/>\n\t<meta property=\"og:image:width\" content=\"4167\" \/>\n\t<meta property=\"og:image:height\" content=\"2825\" \/>\n\t<meta property=\"og:image:type\" content=\"image\/png\" \/>\n<meta name=\"author\" content=\"Equipe Meu Site Jur\u00eddico\" \/>\n<meta name=\"twitter:card\" content=\"summary_large_image\" \/>\n<meta name=\"twitter:label1\" content=\"Escrito por\" \/>\n\t<meta name=\"twitter:data1\" content=\"Equipe Meu Site Jur\u00eddico\" \/>\n\t<meta name=\"twitter:label2\" content=\"Est. tempo de leitura\" \/>\n\t<meta name=\"twitter:data2\" content=\"1 minuto\" \/>\n<script type=\"application\/ld+json\" class=\"yoast-schema-graph\">{\"@context\":\"https:\/\/schema.org\",\"@graph\":[{\"@type\":\"Article\",\"@id\":\"https:\/\/meusitejuridico.com.br\/2023\/06\/16\/comissao-formada-carreiras-juridicas\/#article\",\"isPartOf\":{\"@id\":\"https:\/\/meusitejuridico.com.br\/2023\/06\/16\/comissao-formada-carreiras-juridicas\/\"},\"author\":{\"name\":\"Equipe Meu Site Jur\u00eddico\",\"@id\":\"https:\/\/cdn.meusitejuridico.com.br\/#\/schema\/person\/5c2237ac0c8ff03bcf1a09fe3e45dfce\"},\"headline\":\"Comiss\u00e3o Formada: Carreiras Jur\u00eddicas\",\"datePublished\":\"2023-06-16T18:01:08+00:00\",\"dateModified\":\"2023-06-16T18:01:09+00:00\",\"mainEntityOfPage\":{\"@id\":\"https:\/\/meusitejuridico.com.br\/2023\/06\/16\/comissao-formada-carreiras-juridicas\/\"},\"wordCount\":206,\"commentCount\":0,\"publisher\":{\"@id\":\"https:\/\/cdn.meusitejuridico.com.br\/#organization\"},\"image\":{\"@id\":\"https:\/\/meusitejuridico.com.br\/2023\/06\/16\/comissao-formada-carreiras-juridicas\/#primaryimage\"},\"thumbnailUrl\":\"https:\/\/meusitejuridico.editorajuspodivm.com.br\/s.meusitejuridico\/2022\/05\/b10739a1-jur-vermelho.png\",\"keywords\":[\"Comiss\u00e3o Formada\"],\"articleSection\":[\"Carreiras Jur\u00eddicas\",\"Carreiras Policiais\",\"Informa\u00e7\u00f5es de Concursos\"],\"inLanguage\":\"pt-BR\",\"potentialAction\":[{\"@type\":\"CommentAction\",\"name\":\"Comment\",\"target\":[\"https:\/\/meusitejuridico.com.br\/2023\/06\/16\/comissao-formada-carreiras-juridicas\/#respond\"]}]},{\"@type\":\"WebPage\",\"@id\":\"https:\/\/meusitejuridico.com.br\/2023\/06\/16\/comissao-formada-carreiras-juridicas\/\",\"url\":\"https:\/\/meusitejuridico.com.br\/2023\/06\/16\/comissao-formada-carreiras-juridicas\/\",\"name\":\"Comiss\u00e3o Formada: Carreiras Jur\u00eddicas - Meu site jur\u00eddico\",\"isPartOf\":{\"@id\":\"https:\/\/cdn.meusitejuridico.com.br\/#website\"},\"primaryImageOfPage\":{\"@id\":\"https:\/\/meusitejuridico.com.br\/2023\/06\/16\/comissao-formada-carreiras-juridicas\/#primaryimage\"},\"image\":{\"@id\":\"https:\/\/meusitejuridico.com.br\/2023\/06\/16\/comissao-formada-carreiras-juridicas\/#primaryimage\"},\"thumbnailUrl\":\"https:\/\/meusitejuridico.editorajuspodivm.com.br\/s.meusitejuridico\/2022\/05\/b10739a1-jur-vermelho.png\",\"datePublished\":\"2023-06-16T18:01:08+00:00\",\"dateModified\":\"2023-06-16T18:01:09+00:00\",\"description\":\"Durante a etapa de planejamento dos concursos p\u00fablicos, a forma\u00e7\u00e3o da Comiss\u00e3o \u00e9 o passo que antecede a escolha da banca e a publica\u00e7\u00e3o do edital.\",\"breadcrumb\":{\"@id\":\"https:\/\/meusitejuridico.com.br\/2023\/06\/16\/comissao-formada-carreiras-juridicas\/#breadcrumb\"},\"inLanguage\":\"pt-BR\",\"potentialAction\":[{\"@type\":\"ReadAction\",\"target\":[\"https:\/\/meusitejuridico.com.br\/2023\/06\/16\/comissao-formada-carreiras-juridicas\/\"]}]},{\"@type\":\"ImageObject\",\"inLanguage\":\"pt-BR\",\"@id\":\"https:\/\/meusitejuridico.com.br\/2023\/06\/16\/comissao-formada-carreiras-juridicas\/#primaryimage\",\"url\":\"https:\/\/meusitejuridico.editorajuspodivm.com.br\/s.meusitejuridico\/2022\/05\/b10739a1-jur-vermelho.png\",\"contentUrl\":\"https:\/\/meusitejuridico.editorajuspodivm.com.br\/s.meusitejuridico\/2022\/05\/b10739a1-jur-vermelho.png\",\"width\":4167,\"height\":2825},{\"@type\":\"BreadcrumbList\",\"@id\":\"https:\/\/meusitejuridico.com.br\/2023\/06\/16\/comissao-formada-carreiras-juridicas\/#breadcrumb\",\"itemListElement\":[{\"@type\":\"ListItem\",\"position\":1,\"name\":\"In\u00edcio\",\"item\":\"https:\/\/cdn.meusitejuridico.com.br\/\"},{\"@type\":\"ListItem\",\"position\":2,\"name\":\"Comiss\u00e3o Formada: Carreiras Jur\u00eddicas\"}]},{\"@type\":\"WebSite\",\"@id\":\"https:\/\/cdn.meusitejuridico.com.br\/#website\",\"url\":\"https:\/\/cdn.meusitejuridico.com.br\/\",\"name\":\"Meu site jur\u00eddico\",\"description\":\"Meu site jur\u00eddico\",\"publisher\":{\"@id\":\"https:\/\/cdn.meusitejuridico.com.br\/#organization\"},\"potentialAction\":[{\"@type\":\"SearchAction\",\"target\":{\"@type\":\"EntryPoint\",\"urlTemplate\":\"https:\/\/cdn.meusitejuridico.com.br\/?s={search_term_string}\"},\"query-input\":{\"@type\":\"PropertyValueSpecification\",\"valueRequired\":true,\"valueName\":\"search_term_string\"}}],\"inLanguage\":\"pt-BR\"},{\"@type\":\"Organization\",\"@id\":\"https:\/\/cdn.meusitejuridico.com.br\/#organization\",\"name\":\"Meu site jur\u00eddico\",\"url\":\"https:\/\/cdn.meusitejuridico.com.br\/\",\"logo\":{\"@type\":\"ImageObject\",\"inLanguage\":\"pt-BR\",\"@id\":\"https:\/\/cdn.meusitejuridico.com.br\/#\/schema\/logo\/image\/\",\"url\":\"https:\/\/meusitejuridico.editorajuspodivm.com.br\/s.meusitejuridico\/2022\/03\/cropped-baeec2a3-msj-02-01-01.png\",\"contentUrl\":\"https:\/\/meusitejuridico.editorajuspodivm.com.br\/s.meusitejuridico\/2022\/03\/cropped-baeec2a3-msj-02-01-01.png\",\"width\":349,\"height\":243,\"caption\":\"Meu site jur\u00eddico\"},\"image\":{\"@id\":\"https:\/\/cdn.meusitejuridico.com.br\/#\/schema\/logo\/image\/\"}},{\"@type\":\"Person\",\"@id\":\"https:\/\/cdn.meusitejuridico.com.br\/#\/schema\/person\/5c2237ac0c8ff03bcf1a09fe3e45dfce\",\"name\":\"Equipe Meu Site Jur\u00eddico\",\"image\":{\"@type\":\"ImageObject\",\"inLanguage\":\"pt-BR\",\"@id\":\"https:\/\/cdn.meusitejuridico.com.br\/#\/schema\/person\/image\/\",\"url\":\"https:\/\/meusitejuridico.editorajuspodivm.com.br\/s.meusitejuridico\/2020\/07\/6be289aa-logo-msj.png\",\"contentUrl\":\"https:\/\/meusitejuridico.editorajuspodivm.com.br\/s.meusitejuridico\/2020\/07\/6be289aa-logo-msj.png\",\"caption\":\"Equipe Meu Site Jur\u00eddico\"},\"description\":\"Contem conosco!\",\"url\":\"https:\/\/meusitejuridico.editorajuspodivm.com.br\/author\/equipe-meu-site-juridico\/\"}]}<\/script>\n<!-- \/ Yoast SEO plugin. -->","yoast_head_json":{"title":"Comiss\u00e3o Formada: Carreiras Jur\u00eddicas - Meu site jur\u00eddico","description":"Durante a etapa de planejamento dos concursos p\u00fablicos, a forma\u00e7\u00e3o da Comiss\u00e3o \u00e9 o passo que antecede a escolha da banca e a publica\u00e7\u00e3o do edital.","robots":{"index":"index","follow":"follow","max-snippet":"max-snippet:-1","max-image-preview":"max-image-preview:large","max-video-preview":"max-video-preview:-1"},"canonical":"https:\/\/meusitejuridico.com.br\/2023\/06\/16\/comissao-formada-carreiras-juridicas\/","og_locale":"pt_BR","og_type":"article","og_title":"Comiss\u00e3o Formada: Carreiras Jur\u00eddicas - Meu site jur\u00eddico","og_description":"Durante a etapa de planejamento dos concursos p\u00fablicos, a forma\u00e7\u00e3o da Comiss\u00e3o \u00e9 o passo que antecede a escolha da banca e a publica\u00e7\u00e3o do edital.","og_url":"https:\/\/meusitejuridico.com.br\/2023\/06\/16\/comissao-formada-carreiras-juridicas\/","og_site_name":"Meu site jur\u00eddico","article_published_time":"2023-06-16T18:01:08+00:00","article_modified_time":"2023-06-16T18:01:09+00:00","og_image":[{"width":4167,"height":2825,"url":"https:\/\/meusitejuridico.com.br\/s.meusitejuridico\/2022\/05\/b10739a1-jur-vermelho.png","type":"image\/png"}],"author":"Equipe Meu Site Jur\u00eddico","twitter_card":"summary_large_image","twitter_misc":{"Escrito por":"Equipe Meu Site Jur\u00eddico","Est. tempo de leitura":"1 minuto"},"schema":{"@context":"https:\/\/schema.org","@graph":[{"@type":"Article","@id":"https:\/\/meusitejuridico.com.br\/2023\/06\/16\/comissao-formada-carreiras-juridicas\/#article","isPartOf":{"@id":"https:\/\/meusitejuridico.com.br\/2023\/06\/16\/comissao-formada-carreiras-juridicas\/"},"author":{"name":"Equipe Meu Site Jur\u00eddico","@id":"https:\/\/cdn.meusitejuridico.com.br\/#\/schema\/person\/5c2237ac0c8ff03bcf1a09fe3e45dfce"},"headline":"Comiss\u00e3o Formada: Carreiras Jur\u00eddicas","datePublished":"2023-06-16T18:01:08+00:00","dateModified":"2023-06-16T18:01:09+00:00","mainEntityOfPage":{"@id":"https:\/\/meusitejuridico.com.br\/2023\/06\/16\/comissao-formada-carreiras-juridicas\/"},"wordCount":206,"commentCount":0,"publisher":{"@id":"https:\/\/cdn.meusitejuridico.com.br\/#organization"},"image":{"@id":"https:\/\/meusitejuridico.com.br\/2023\/06\/16\/comissao-formada-carreiras-juridicas\/#primaryimage"},"thumbnailUrl":"https:\/\/meusitejuridico.editorajuspodivm.com.br\/s.meusitejuridico\/2022\/05\/b10739a1-jur-vermelho.png","keywords":["Comiss\u00e3o Formada"],"articleSection":["Carreiras Jur\u00eddicas","Carreiras Policiais","Informa\u00e7\u00f5es de Concursos"],"inLanguage":"pt-BR","potentialAction":[{"@type":"CommentAction","name":"Comment","target":["https:\/\/meusitejuridico.com.br\/2023\/06\/16\/comissao-formada-carreiras-juridicas\/#respond"]}]},{"@type":"WebPage","@id":"https:\/\/meusitejuridico.com.br\/2023\/06\/16\/comissao-formada-carreiras-juridicas\/","url":"https:\/\/meusitejuridico.com.br\/2023\/06\/16\/comissao-formada-carreiras-juridicas\/","name":"Comiss\u00e3o Formada: Carreiras Jur\u00eddicas - Meu site jur\u00eddico","isPartOf":{"@id":"https:\/\/cdn.meusitejuridico.com.br\/#website"},"primaryImageOfPage":{"@id":"https:\/\/meusitejuridico.com.br\/2023\/06\/16\/comissao-formada-carreiras-juridicas\/#primaryimage"},"image":{"@id":"https:\/\/meusitejuridico.com.br\/2023\/06\/16\/comissao-formada-carreiras-juridicas\/#primaryimage"},"thumbnailUrl":"https:\/\/meusitejuridico.editorajuspodivm.com.br\/s.meusitejuridico\/2022\/05\/b10739a1-jur-vermelho.png","datePublished":"2023-06-16T18:01:08+00:00","dateModified":"2023-06-16T18:01:09+00:00","description":"Durante a etapa de planejamento dos concursos p\u00fablicos, a forma\u00e7\u00e3o da Comiss\u00e3o \u00e9 o passo que antecede a escolha da banca e a publica\u00e7\u00e3o do edital.","breadcrumb":{"@id":"https:\/\/meusitejuridico.com.br\/2023\/06\/16\/comissao-formada-carreiras-juridicas\/#breadcrumb"},"inLanguage":"pt-BR","potentialAction":[{"@type":"ReadAction","target":["https:\/\/meusitejuridico.com.br\/2023\/06\/16\/comissao-formada-carreiras-juridicas\/"]}]},{"@type":"ImageObject","inLanguage":"pt-BR","@id":"https:\/\/meusitejuridico.com.br\/2023\/06\/16\/comissao-formada-carreiras-juridicas\/#primaryimage","url":"https:\/\/meusitejuridico.editorajuspodivm.com.br\/s.meusitejuridico\/2022\/05\/b10739a1-jur-vermelho.png","contentUrl":"https:\/\/meusitejuridico.editorajuspodivm.com.br\/s.meusitejuridico\/2022\/05\/b10739a1-jur-vermelho.png","width":4167,"height":2825},{"@type":"BreadcrumbList","@id":"https:\/\/meusitejuridico.com.br\/2023\/06\/16\/comissao-formada-carreiras-juridicas\/#breadcrumb","itemListElement":[{"@type":"ListItem","position":1,"name":"In\u00edcio","item":"https:\/\/cdn.meusitejuridico.com.br\/"},{"@type":"ListItem","position":2,"name":"Comiss\u00e3o Formada: Carreiras Jur\u00eddicas"}]},{"@type":"WebSite","@id":"https:\/\/cdn.meusitejuridico.com.br\/#website","url":"https:\/\/cdn.meusitejuridico.com.br\/","name":"Meu site jur\u00eddico","description":"Meu site jur\u00eddico","publisher":{"@id":"https:\/\/cdn.meusitejuridico.com.br\/#organization"},"potentialAction":[{"@type":"SearchAction","target":{"@type":"EntryPoint","urlTemplate":"https:\/\/cdn.meusitejuridico.com.br\/?s={search_term_string}"},"query-input":{"@type":"PropertyValueSpecification","valueRequired":true,"valueName":"search_term_string"}}],"inLanguage":"pt-BR"},{"@type":"Organization","@id":"https:\/\/cdn.meusitejuridico.com.br\/#organization","name":"Meu site jur\u00eddico","url":"https:\/\/cdn.meusitejuridico.com.br\/","logo":{"@type":"ImageObject","inLanguage":"pt-BR","@id":"https:\/\/cdn.meusitejuridico.com.br\/#\/schema\/logo\/image\/","url":"https:\/\/meusitejuridico.editorajuspodivm.com.br\/s.meusitejuridico\/2022\/03\/cropped-baeec2a3-msj-02-01-01.png","contentUrl":"https:\/\/meusitejuridico.editorajuspodivm.com.br\/s.meusitejuridico\/2022\/03\/cropped-baeec2a3-msj-02-01-01.png","width":349,"height":243,"caption":"Meu site jur\u00eddico"},"image":{"@id":"https:\/\/cdn.meusitejuridico.com.br\/#\/schema\/logo\/image\/"}},{"@type":"Person","@id":"https:\/\/cdn.meusitejuridico.com.br\/#\/schema\/person\/5c2237ac0c8ff03bcf1a09fe3e45dfce","name":"Equipe Meu Site Jur\u00eddico","image":{"@type":"ImageObject","inLanguage":"pt-BR","@id":"https:\/\/cdn.meusitejuridico.com.br\/#\/schema\/person\/image\/","url":"https:\/\/meusitejuridico.editorajuspodivm.com.br\/s.meusitejuridico\/2020\/07\/6be289aa-logo-msj.png","contentUrl":"https:\/\/meusitejuridico.editorajuspodivm.com.br\/s.meusitejuridico\/2020\/07\/6be289aa-logo-msj.png","caption":"Equipe Meu Site Jur\u00eddico"},"description":"Contem conosco!","url":"https:\/\/meusitejuridico.editorajuspodivm.com.br\/author\/equipe-meu-site-juridico\/"}]}},"_links":{"self":[{"href":"https:\/\/meusitejuridico.editorajuspodivm.com.br\/api\/wp\/v2\/posts\/17940","targetHints":{"allow":["GET"]}}],"collection":[{"href":"https:\/\/meusitejuridico.editorajuspodivm.com.br\/api\/wp\/v2\/posts"}],"about":[{"href":"https:\/\/meusitejuridico.editorajuspodivm.com.br\/api\/wp\/v2\/types\/post"}],"author":[{"embeddable":true,"href":"https:\/\/meusitejuridico.editorajuspodivm.com.br\/api\/wp\/v2\/users\/7"}],"replies":[{"embeddable":true,"href":"https:\/\/meusitejuridico.editorajuspodivm.com.br\/api\/wp\/v2\/comments?post=17940"}],"version-history":[{"count":2,"href":"https:\/\/meusitejuridico.editorajuspodivm.com.br\/api\/wp\/v2\/posts\/17940\/revisions"}],"predecessor-version":[{"id":17946,"href":"https:\/\/meusitejuridico.editorajuspodivm.com.br\/api\/wp\/v2\/posts\/17940\/revisions\/17946"}],"wp:featuredmedia":[{"embeddable":true,"href":"https:\/\/meusitejuridico.editorajuspodivm.com.br\/api\/wp\/v2\/media\/15714"}],"wp:attachment":[{"href":"https:\/\/meusitejuridico.editorajuspodivm.com.br\/api\/wp\/v2\/media?parent=17940"}],"wp:term":[{"taxonomy":"category","embeddable":true,"href":"https:\/\/meusitejuridico.editorajuspodivm.com.br\/api\/wp\/v2\/categories?post=17940"},{"taxonomy":"post_tag","embeddable":true,"href":"https:\/\/meusitejuridico.editorajuspodivm.com.br\/api\/wp\/v2\/tags?post=17940"}],"curies":[{"name":"wp","href":"https:\/\/api.w.org\/{rel}","templated":true}]}}