{"id":18532,"date":"2023-08-23T11:20:08","date_gmt":"2023-08-23T14:20:08","guid":{"rendered":"https:\/\/meusitejuridico.editorajuspodivm.com.br\/?p=18532"},"modified":"2023-08-23T11:20:09","modified_gmt":"2023-08-23T14:20:09","slug":"edital-publicado-analista-legislativo-camara-dos-deputados","status":"publish","type":"post","link":"https:\/\/meusitejuridico.editorajuspodivm.com.br\/2023\/08\/23\/edital-publicado-analista-legislativo-camara-dos-deputados\/","title":{"rendered":"Edital Publicado: Analista Legislativo &#8211; C\u00e2mara dos Deputados"},"content":{"rendered":"\n<p>Aten\u00e7\u00e3o concurseiros! O concurso para a<strong> C\u00e2mara dos Deputados <\/strong>est\u00e1 com<strong> edital publicado.<\/strong><\/p>\n\n\n\n<p>Organizado pela\u00a0 banca <strong>FGV <\/strong>o certame oferecer\u00e1<strong> 140 vagas, mais forma\u00e7\u00e3o de cadastro de reserva, <\/strong>para o cargo de<strong> Analista Legislativo &#8211; especialidades, <\/strong>com remunera\u00e7\u00e3o de <strong>R$26.196,30<\/strong>.<\/p>\n\n\n\n<p>As inscri\u00e7\u00f5es devem ser realizadas pelo site da banca organizadora do dia <strong>28\/08\/2023 a 04\/10\/2023<\/strong>.<\/p>\n\n\n\n<p>A data para aplica\u00e7\u00e3o da <strong>prova objetiva<\/strong> est\u00e1 marcada para o dia<strong> 03\/12\/2023.<\/strong><\/p>\n\n\n\n<p>Para ingressar na carreira \u00e9 necess\u00e1rio possuir Diploma de Gradua\u00e7\u00e3o em N\u00edvel Superior.  S\u00e3o <strong>140 vagas<\/strong> imediatas e forma\u00e7\u00e3o de cadastro de reserva e o valor de remunera\u00e7\u00e3o inicial da carreira \u00e9 de <strong>R$ 26.196,30.<\/strong><\/p>\n\n\n\n<p>Para\u00a0 a sele\u00e7\u00e3o e <strong><em>aprova\u00e7\u00e3o<\/em><\/strong>, o candidato passar\u00e1 por <strong><em>3 etapas<\/em><\/strong>, sendo elas:<\/p>\n\n\n\n<ol class=\"wp-block-list\"><li>Primeira etapa \u2013 prova objetiva seletiva, de car\u00e1ter classificat\u00f3rio e eliminat\u00f3rio;<\/li><li>Segunda etapa \u2013 prova escrita, de car\u00e1ter classificat\u00f3rio e eliminat\u00f3rio;<\/li><li>Terceira etapa \u2013 avalia\u00e7\u00e3o de t\u00edtulos, de car\u00e1ter classificat\u00f3rio.<\/li><\/ol>\n\n\n\n<p><\/p>\n\n\n\n<p><a href=\"https:\/\/www.editorajuspodivm.com.br\/concurso-camara-deputados-2023\" target=\"_blank\" rel=\"noreferrer noopener\">A Editora Juspodivm preparou uma sele\u00e7\u00e3o de livros especial para esse concurso, confira!\u00a0<\/a><\/p>\n\n\n\n<figure class=\"wp-block-table is-style-stripes\"><table><tbody><tr><td><strong>Concurso C\u00e2mara dos Deputados<\/strong><\/td><\/tr><tr><td><strong>Vagas:<\/strong> 140.<\/td><\/tr><tr><td><strong>Sal\u00e1rio inicial: <\/strong>R$26.196,30.<\/td><\/tr><tr><td><strong>Data da prova: <\/strong>03\/12\/2023.<\/td><\/tr><tr><td><strong>Banca:<\/strong> FGV.<\/td><\/tr><\/tbody><\/table><\/figure>\n","protected":false},"excerpt":{"rendered":"<p>Aten\u00e7\u00e3o concurseiros! O concurso para a C\u00e2mara dos Deputados est\u00e1 com edital publicado. Organizado pela\u00a0 banca FGV o certame oferecer\u00e1 140 vagas, mais forma\u00e7\u00e3o de cadastro de reserva, para o cargo de Analista Legislativo &#8211; especialidades, com remunera\u00e7\u00e3o de R$26.196,30. As inscri\u00e7\u00f5es devem ser realizadas pelo site da banca organizadora do dia 28\/08\/2023 a 04\/10\/2023. [&hellip;]<\/p>\n","protected":false},"author":7,"featured_media":15714,"comment_status":"open","ping_status":"open","sticky":false,"template":"","format":"standard","meta":{"_acf_changed":false,"footnotes":""},"categories":[3851,3846],"tags":[4341,4342,190,3881,3887],"class_list":["post-18532","post","type-post","status-publish","format-standard","has-post-thumbnail","hentry","category-analista-e-tecnico","category-informacao-concursos","tag-analista-legislativo","tag-camara-dos-deputados","tag-concursos-publicos","tag-edital-publicado","tag-fgv"],"acf":[],"yoast_head":"<!-- This site is optimized with the Yoast SEO plugin v24.8.1 - https:\/\/yoast.com\/wordpress\/plugins\/seo\/ -->\n<title>Edital Publicado: Analista Legislativo - C\u00e2mara dos Deputados - Meu site jur\u00eddico<\/title>\n<meta name=\"description\" content=\"Aten\u00e7\u00e3o concurseiros! O concurso para a C\u00e2mara dos Deputados est\u00e1 com edital publicado.\" \/>\n<meta name=\"robots\" content=\"index, follow, max-snippet:-1, max-image-preview:large, max-video-preview:-1\" \/>\n<link rel=\"canonical\" href=\"https:\/\/cdn.meusitejuridico.com.br\/2023\/08\/23\/edital-publicado-analista-legislativo-camara-dos-deputados\/\" \/>\n<meta property=\"og:locale\" content=\"pt_BR\" \/>\n<meta property=\"og:type\" content=\"article\" \/>\n<meta property=\"og:title\" content=\"Edital Publicado: Analista Legislativo - C\u00e2mara dos Deputados - Meu site jur\u00eddico\" \/>\n<meta property=\"og:description\" content=\"Aten\u00e7\u00e3o concurseiros! O concurso para a C\u00e2mara dos Deputados est\u00e1 com edital publicado.\" \/>\n<meta property=\"og:url\" content=\"https:\/\/cdn.meusitejuridico.com.br\/2023\/08\/23\/edital-publicado-analista-legislativo-camara-dos-deputados\/\" \/>\n<meta property=\"og:site_name\" content=\"Meu site jur\u00eddico\" \/>\n<meta property=\"article:published_time\" content=\"2023-08-23T14:20:08+00:00\" \/>\n<meta property=\"article:modified_time\" content=\"2023-08-23T14:20:09+00:00\" \/>\n<meta property=\"og:image\" content=\"https:\/\/cdn.meusitejuridico.com.br\/s.meusitejuridico\/2022\/05\/b10739a1-jur-vermelho.png\" \/>\n\t<meta property=\"og:image:width\" content=\"4167\" \/>\n\t<meta property=\"og:image:height\" content=\"2825\" \/>\n\t<meta property=\"og:image:type\" content=\"image\/png\" \/>\n<meta name=\"author\" content=\"Equipe Meu Site Jur\u00eddico\" \/>\n<meta name=\"twitter:card\" content=\"summary_large_image\" \/>\n<meta name=\"twitter:label1\" content=\"Escrito por\" \/>\n\t<meta name=\"twitter:data1\" content=\"Equipe Meu Site Jur\u00eddico\" \/>\n\t<meta name=\"twitter:label2\" content=\"Est. tempo de leitura\" \/>\n\t<meta name=\"twitter:data2\" content=\"1 minuto\" \/>\n<script type=\"application\/ld+json\" class=\"yoast-schema-graph\">{\"@context\":\"https:\/\/schema.org\",\"@graph\":[{\"@type\":\"Article\",\"@id\":\"https:\/\/cdn.meusitejuridico.com.br\/2023\/08\/23\/edital-publicado-analista-legislativo-camara-dos-deputados\/#article\",\"isPartOf\":{\"@id\":\"https:\/\/cdn.meusitejuridico.com.br\/2023\/08\/23\/edital-publicado-analista-legislativo-camara-dos-deputados\/\"},\"author\":{\"name\":\"Equipe Meu Site Jur\u00eddico\",\"@id\":\"https:\/\/meusitejuridico.editorajuspodivm.com.br\/#\/schema\/person\/5c2237ac0c8ff03bcf1a09fe3e45dfce\"},\"headline\":\"Edital Publicado: Analista Legislativo &#8211; C\u00e2mara dos Deputados\",\"datePublished\":\"2023-08-23T14:20:08+00:00\",\"dateModified\":\"2023-08-23T14:20:09+00:00\",\"mainEntityOfPage\":{\"@id\":\"https:\/\/cdn.meusitejuridico.com.br\/2023\/08\/23\/edital-publicado-analista-legislativo-camara-dos-deputados\/\"},\"wordCount\":196,\"commentCount\":0,\"publisher\":{\"@id\":\"https:\/\/meusitejuridico.editorajuspodivm.com.br\/#organization\"},\"image\":{\"@id\":\"https:\/\/cdn.meusitejuridico.com.br\/2023\/08\/23\/edital-publicado-analista-legislativo-camara-dos-deputados\/#primaryimage\"},\"thumbnailUrl\":\"https:\/\/meusitejuridico.editorajuspodivm.com.br\/s.meusitejuridico\/2022\/05\/b10739a1-jur-vermelho.png\",\"keywords\":[\"Analista Legislativo\",\"c\u00e2mara dos deputados\",\"Concursos P\u00fablicos\",\"Edital Publicado\",\"FGV\"],\"articleSection\":[\"Analista e T\u00e9cnico\",\"Informa\u00e7\u00f5es de Concursos\"],\"inLanguage\":\"pt-BR\",\"potentialAction\":[{\"@type\":\"CommentAction\",\"name\":\"Comment\",\"target\":[\"https:\/\/cdn.meusitejuridico.com.br\/2023\/08\/23\/edital-publicado-analista-legislativo-camara-dos-deputados\/#respond\"]}]},{\"@type\":\"WebPage\",\"@id\":\"https:\/\/cdn.meusitejuridico.com.br\/2023\/08\/23\/edital-publicado-analista-legislativo-camara-dos-deputados\/\",\"url\":\"https:\/\/cdn.meusitejuridico.com.br\/2023\/08\/23\/edital-publicado-analista-legislativo-camara-dos-deputados\/\",\"name\":\"Edital Publicado: Analista Legislativo - C\u00e2mara dos Deputados - Meu site jur\u00eddico\",\"isPartOf\":{\"@id\":\"https:\/\/meusitejuridico.editorajuspodivm.com.br\/#website\"},\"primaryImageOfPage\":{\"@id\":\"https:\/\/cdn.meusitejuridico.com.br\/2023\/08\/23\/edital-publicado-analista-legislativo-camara-dos-deputados\/#primaryimage\"},\"image\":{\"@id\":\"https:\/\/cdn.meusitejuridico.com.br\/2023\/08\/23\/edital-publicado-analista-legislativo-camara-dos-deputados\/#primaryimage\"},\"thumbnailUrl\":\"https:\/\/meusitejuridico.editorajuspodivm.com.br\/s.meusitejuridico\/2022\/05\/b10739a1-jur-vermelho.png\",\"datePublished\":\"2023-08-23T14:20:08+00:00\",\"dateModified\":\"2023-08-23T14:20:09+00:00\",\"description\":\"Aten\u00e7\u00e3o concurseiros! O concurso para a C\u00e2mara dos Deputados est\u00e1 com edital publicado.\",\"breadcrumb\":{\"@id\":\"https:\/\/cdn.meusitejuridico.com.br\/2023\/08\/23\/edital-publicado-analista-legislativo-camara-dos-deputados\/#breadcrumb\"},\"inLanguage\":\"pt-BR\",\"potentialAction\":[{\"@type\":\"ReadAction\",\"target\":[\"https:\/\/cdn.meusitejuridico.com.br\/2023\/08\/23\/edital-publicado-analista-legislativo-camara-dos-deputados\/\"]}]},{\"@type\":\"ImageObject\",\"inLanguage\":\"pt-BR\",\"@id\":\"https:\/\/cdn.meusitejuridico.com.br\/2023\/08\/23\/edital-publicado-analista-legislativo-camara-dos-deputados\/#primaryimage\",\"url\":\"https:\/\/meusitejuridico.editorajuspodivm.com.br\/s.meusitejuridico\/2022\/05\/b10739a1-jur-vermelho.png\",\"contentUrl\":\"https:\/\/meusitejuridico.editorajuspodivm.com.br\/s.meusitejuridico\/2022\/05\/b10739a1-jur-vermelho.png\",\"width\":4167,\"height\":2825},{\"@type\":\"BreadcrumbList\",\"@id\":\"https:\/\/cdn.meusitejuridico.com.br\/2023\/08\/23\/edital-publicado-analista-legislativo-camara-dos-deputados\/#breadcrumb\",\"itemListElement\":[{\"@type\":\"ListItem\",\"position\":1,\"name\":\"In\u00edcio\",\"item\":\"https:\/\/meusitejuridico.editorajuspodivm.com.br\/\"},{\"@type\":\"ListItem\",\"position\":2,\"name\":\"Edital Publicado: Analista Legislativo &#8211; C\u00e2mara dos Deputados\"}]},{\"@type\":\"WebSite\",\"@id\":\"https:\/\/meusitejuridico.editorajuspodivm.com.br\/#website\",\"url\":\"https:\/\/meusitejuridico.editorajuspodivm.com.br\/\",\"name\":\"Meu site jur\u00eddico\",\"description\":\"Meu site jur\u00eddico\",\"publisher\":{\"@id\":\"https:\/\/meusitejuridico.editorajuspodivm.com.br\/#organization\"},\"potentialAction\":[{\"@type\":\"SearchAction\",\"target\":{\"@type\":\"EntryPoint\",\"urlTemplate\":\"https:\/\/meusitejuridico.editorajuspodivm.com.br\/?s={search_term_string}\"},\"query-input\":{\"@type\":\"PropertyValueSpecification\",\"valueRequired\":true,\"valueName\":\"search_term_string\"}}],\"inLanguage\":\"pt-BR\"},{\"@type\":\"Organization\",\"@id\":\"https:\/\/meusitejuridico.editorajuspodivm.com.br\/#organization\",\"name\":\"Meu site jur\u00eddico\",\"url\":\"https:\/\/meusitejuridico.editorajuspodivm.com.br\/\",\"logo\":{\"@type\":\"ImageObject\",\"inLanguage\":\"pt-BR\",\"@id\":\"https:\/\/meusitejuridico.editorajuspodivm.com.br\/#\/schema\/logo\/image\/\",\"url\":\"https:\/\/meusitejuridico.editorajuspodivm.com.br\/s.meusitejuridico\/2022\/03\/cropped-baeec2a3-msj-02-01-01.png\",\"contentUrl\":\"https:\/\/meusitejuridico.editorajuspodivm.com.br\/s.meusitejuridico\/2022\/03\/cropped-baeec2a3-msj-02-01-01.png\",\"width\":349,\"height\":243,\"caption\":\"Meu site jur\u00eddico\"},\"image\":{\"@id\":\"https:\/\/meusitejuridico.editorajuspodivm.com.br\/#\/schema\/logo\/image\/\"}},{\"@type\":\"Person\",\"@id\":\"https:\/\/meusitejuridico.editorajuspodivm.com.br\/#\/schema\/person\/5c2237ac0c8ff03bcf1a09fe3e45dfce\",\"name\":\"Equipe Meu Site Jur\u00eddico\",\"image\":{\"@type\":\"ImageObject\",\"inLanguage\":\"pt-BR\",\"@id\":\"https:\/\/meusitejuridico.editorajuspodivm.com.br\/#\/schema\/person\/image\/\",\"url\":\"https:\/\/meusitejuridico.editorajuspodivm.com.br\/s.meusitejuridico\/2020\/07\/6be289aa-logo-msj.png\",\"contentUrl\":\"https:\/\/meusitejuridico.editorajuspodivm.com.br\/s.meusitejuridico\/2020\/07\/6be289aa-logo-msj.png\",\"caption\":\"Equipe Meu Site Jur\u00eddico\"},\"description\":\"Contem conosco!\",\"url\":\"https:\/\/meusitejuridico.editorajuspodivm.com.br\/author\/equipe-meu-site-juridico\/\"}]}<\/script>\n<!-- \/ Yoast SEO plugin. -->","yoast_head_json":{"title":"Edital Publicado: Analista Legislativo - C\u00e2mara dos Deputados - Meu site jur\u00eddico","description":"Aten\u00e7\u00e3o concurseiros! O concurso para a C\u00e2mara dos Deputados est\u00e1 com edital publicado.","robots":{"index":"index","follow":"follow","max-snippet":"max-snippet:-1","max-image-preview":"max-image-preview:large","max-video-preview":"max-video-preview:-1"},"canonical":"https:\/\/cdn.meusitejuridico.com.br\/2023\/08\/23\/edital-publicado-analista-legislativo-camara-dos-deputados\/","og_locale":"pt_BR","og_type":"article","og_title":"Edital Publicado: Analista Legislativo - C\u00e2mara dos Deputados - Meu site jur\u00eddico","og_description":"Aten\u00e7\u00e3o concurseiros! O concurso para a C\u00e2mara dos Deputados est\u00e1 com edital publicado.","og_url":"https:\/\/cdn.meusitejuridico.com.br\/2023\/08\/23\/edital-publicado-analista-legislativo-camara-dos-deputados\/","og_site_name":"Meu site jur\u00eddico","article_published_time":"2023-08-23T14:20:08+00:00","article_modified_time":"2023-08-23T14:20:09+00:00","og_image":[{"width":4167,"height":2825,"url":"https:\/\/cdn.meusitejuridico.com.br\/s.meusitejuridico\/2022\/05\/b10739a1-jur-vermelho.png","type":"image\/png"}],"author":"Equipe Meu Site Jur\u00eddico","twitter_card":"summary_large_image","twitter_misc":{"Escrito por":"Equipe Meu Site Jur\u00eddico","Est. tempo de leitura":"1 minuto"},"schema":{"@context":"https:\/\/schema.org","@graph":[{"@type":"Article","@id":"https:\/\/cdn.meusitejuridico.com.br\/2023\/08\/23\/edital-publicado-analista-legislativo-camara-dos-deputados\/#article","isPartOf":{"@id":"https:\/\/cdn.meusitejuridico.com.br\/2023\/08\/23\/edital-publicado-analista-legislativo-camara-dos-deputados\/"},"author":{"name":"Equipe Meu Site Jur\u00eddico","@id":"https:\/\/meusitejuridico.editorajuspodivm.com.br\/#\/schema\/person\/5c2237ac0c8ff03bcf1a09fe3e45dfce"},"headline":"Edital Publicado: Analista Legislativo &#8211; C\u00e2mara dos Deputados","datePublished":"2023-08-23T14:20:08+00:00","dateModified":"2023-08-23T14:20:09+00:00","mainEntityOfPage":{"@id":"https:\/\/cdn.meusitejuridico.com.br\/2023\/08\/23\/edital-publicado-analista-legislativo-camara-dos-deputados\/"},"wordCount":196,"commentCount":0,"publisher":{"@id":"https:\/\/meusitejuridico.editorajuspodivm.com.br\/#organization"},"image":{"@id":"https:\/\/cdn.meusitejuridico.com.br\/2023\/08\/23\/edital-publicado-analista-legislativo-camara-dos-deputados\/#primaryimage"},"thumbnailUrl":"https:\/\/meusitejuridico.editorajuspodivm.com.br\/s.meusitejuridico\/2022\/05\/b10739a1-jur-vermelho.png","keywords":["Analista Legislativo","c\u00e2mara dos deputados","Concursos P\u00fablicos","Edital Publicado","FGV"],"articleSection":["Analista e T\u00e9cnico","Informa\u00e7\u00f5es de Concursos"],"inLanguage":"pt-BR","potentialAction":[{"@type":"CommentAction","name":"Comment","target":["https:\/\/cdn.meusitejuridico.com.br\/2023\/08\/23\/edital-publicado-analista-legislativo-camara-dos-deputados\/#respond"]}]},{"@type":"WebPage","@id":"https:\/\/cdn.meusitejuridico.com.br\/2023\/08\/23\/edital-publicado-analista-legislativo-camara-dos-deputados\/","url":"https:\/\/cdn.meusitejuridico.com.br\/2023\/08\/23\/edital-publicado-analista-legislativo-camara-dos-deputados\/","name":"Edital Publicado: Analista Legislativo - C\u00e2mara dos Deputados - Meu site jur\u00eddico","isPartOf":{"@id":"https:\/\/meusitejuridico.editorajuspodivm.com.br\/#website"},"primaryImageOfPage":{"@id":"https:\/\/cdn.meusitejuridico.com.br\/2023\/08\/23\/edital-publicado-analista-legislativo-camara-dos-deputados\/#primaryimage"},"image":{"@id":"https:\/\/cdn.meusitejuridico.com.br\/2023\/08\/23\/edital-publicado-analista-legislativo-camara-dos-deputados\/#primaryimage"},"thumbnailUrl":"https:\/\/meusitejuridico.editorajuspodivm.com.br\/s.meusitejuridico\/2022\/05\/b10739a1-jur-vermelho.png","datePublished":"2023-08-23T14:20:08+00:00","dateModified":"2023-08-23T14:20:09+00:00","description":"Aten\u00e7\u00e3o concurseiros! O concurso para a C\u00e2mara dos Deputados est\u00e1 com edital publicado.","breadcrumb":{"@id":"https:\/\/cdn.meusitejuridico.com.br\/2023\/08\/23\/edital-publicado-analista-legislativo-camara-dos-deputados\/#breadcrumb"},"inLanguage":"pt-BR","potentialAction":[{"@type":"ReadAction","target":["https:\/\/cdn.meusitejuridico.com.br\/2023\/08\/23\/edital-publicado-analista-legislativo-camara-dos-deputados\/"]}]},{"@type":"ImageObject","inLanguage":"pt-BR","@id":"https:\/\/cdn.meusitejuridico.com.br\/2023\/08\/23\/edital-publicado-analista-legislativo-camara-dos-deputados\/#primaryimage","url":"https:\/\/meusitejuridico.editorajuspodivm.com.br\/s.meusitejuridico\/2022\/05\/b10739a1-jur-vermelho.png","contentUrl":"https:\/\/meusitejuridico.editorajuspodivm.com.br\/s.meusitejuridico\/2022\/05\/b10739a1-jur-vermelho.png","width":4167,"height":2825},{"@type":"BreadcrumbList","@id":"https:\/\/cdn.meusitejuridico.com.br\/2023\/08\/23\/edital-publicado-analista-legislativo-camara-dos-deputados\/#breadcrumb","itemListElement":[{"@type":"ListItem","position":1,"name":"In\u00edcio","item":"https:\/\/meusitejuridico.editorajuspodivm.com.br\/"},{"@type":"ListItem","position":2,"name":"Edital Publicado: Analista Legislativo &#8211; C\u00e2mara dos Deputados"}]},{"@type":"WebSite","@id":"https:\/\/meusitejuridico.editorajuspodivm.com.br\/#website","url":"https:\/\/meusitejuridico.editorajuspodivm.com.br\/","name":"Meu site jur\u00eddico","description":"Meu site jur\u00eddico","publisher":{"@id":"https:\/\/meusitejuridico.editorajuspodivm.com.br\/#organization"},"potentialAction":[{"@type":"SearchAction","target":{"@type":"EntryPoint","urlTemplate":"https:\/\/meusitejuridico.editorajuspodivm.com.br\/?s={search_term_string}"},"query-input":{"@type":"PropertyValueSpecification","valueRequired":true,"valueName":"search_term_string"}}],"inLanguage":"pt-BR"},{"@type":"Organization","@id":"https:\/\/meusitejuridico.editorajuspodivm.com.br\/#organization","name":"Meu site jur\u00eddico","url":"https:\/\/meusitejuridico.editorajuspodivm.com.br\/","logo":{"@type":"ImageObject","inLanguage":"pt-BR","@id":"https:\/\/meusitejuridico.editorajuspodivm.com.br\/#\/schema\/logo\/image\/","url":"https:\/\/meusitejuridico.editorajuspodivm.com.br\/s.meusitejuridico\/2022\/03\/cropped-baeec2a3-msj-02-01-01.png","contentUrl":"https:\/\/meusitejuridico.editorajuspodivm.com.br\/s.meusitejuridico\/2022\/03\/cropped-baeec2a3-msj-02-01-01.png","width":349,"height":243,"caption":"Meu site jur\u00eddico"},"image":{"@id":"https:\/\/meusitejuridico.editorajuspodivm.com.br\/#\/schema\/logo\/image\/"}},{"@type":"Person","@id":"https:\/\/meusitejuridico.editorajuspodivm.com.br\/#\/schema\/person\/5c2237ac0c8ff03bcf1a09fe3e45dfce","name":"Equipe Meu Site Jur\u00eddico","image":{"@type":"ImageObject","inLanguage":"pt-BR","@id":"https:\/\/meusitejuridico.editorajuspodivm.com.br\/#\/schema\/person\/image\/","url":"https:\/\/meusitejuridico.editorajuspodivm.com.br\/s.meusitejuridico\/2020\/07\/6be289aa-logo-msj.png","contentUrl":"https:\/\/meusitejuridico.editorajuspodivm.com.br\/s.meusitejuridico\/2020\/07\/6be289aa-logo-msj.png","caption":"Equipe Meu Site Jur\u00eddico"},"description":"Contem conosco!","url":"https:\/\/meusitejuridico.editorajuspodivm.com.br\/author\/equipe-meu-site-juridico\/"}]}},"_links":{"self":[{"href":"https:\/\/meusitejuridico.editorajuspodivm.com.br\/api\/wp\/v2\/posts\/18532","targetHints":{"allow":["GET"]}}],"collection":[{"href":"https:\/\/meusitejuridico.editorajuspodivm.com.br\/api\/wp\/v2\/posts"}],"about":[{"href":"https:\/\/meusitejuridico.editorajuspodivm.com.br\/api\/wp\/v2\/types\/post"}],"author":[{"embeddable":true,"href":"https:\/\/meusitejuridico.editorajuspodivm.com.br\/api\/wp\/v2\/users\/7"}],"replies":[{"embeddable":true,"href":"https:\/\/meusitejuridico.editorajuspodivm.com.br\/api\/wp\/v2\/comments?post=18532"}],"version-history":[{"count":4,"href":"https:\/\/meusitejuridico.editorajuspodivm.com.br\/api\/wp\/v2\/posts\/18532\/revisions"}],"predecessor-version":[{"id":18548,"href":"https:\/\/meusitejuridico.editorajuspodivm.com.br\/api\/wp\/v2\/posts\/18532\/revisions\/18548"}],"wp:featuredmedia":[{"embeddable":true,"href":"https:\/\/meusitejuridico.editorajuspodivm.com.br\/api\/wp\/v2\/media\/15714"}],"wp:attachment":[{"href":"https:\/\/meusitejuridico.editorajuspodivm.com.br\/api\/wp\/v2\/media?parent=18532"}],"wp:term":[{"taxonomy":"category","embeddable":true,"href":"https:\/\/meusitejuridico.editorajuspodivm.com.br\/api\/wp\/v2\/categories?post=18532"},{"taxonomy":"post_tag","embeddable":true,"href":"https:\/\/meusitejuridico.editorajuspodivm.com.br\/api\/wp\/v2\/tags?post=18532"}],"curies":[{"name":"wp","href":"https:\/\/api.w.org\/{rel}","templated":true}]}}