{"id":18579,"date":"2023-08-28T12:27:36","date_gmt":"2023-08-28T15:27:36","guid":{"rendered":"https:\/\/meusitejuridico.editorajuspodivm.com.br\/?p=18579"},"modified":"2023-08-28T12:51:03","modified_gmt":"2023-08-28T15:51:03","slug":"inscricoes-abertas-ate-04-10-2023-fgv-analista-legislativo-camara-dos-deputados","status":"publish","type":"post","link":"https:\/\/meusitejuridico.editorajuspodivm.com.br\/2023\/08\/28\/inscricoes-abertas-ate-04-10-2023-fgv-analista-legislativo-camara-dos-deputados\/","title":{"rendered":"Inscri\u00e7\u00f5es Abertas at\u00e9: 04\/10\/2023 &#8211; FGV &#8211; Analista Legislativo &#8211; C\u00e2mara dos Deputados"},"content":{"rendered":"\n<p>Aten\u00e7\u00e3o concurseiro! As inscri\u00e7\u00f5es para o concurso da <strong>C\u00e2mara dos Deputados <\/strong>est\u00e3o abertas. O valor da taxa de inscri\u00e7\u00e3o varia entre <strong>R$95,00 e R$120,00<\/strong>, a depender da especialidade escolhida, e podem ser realizadas at\u00e9 <strong>04\/10\/2023<\/strong>.<\/p>\n\n\n\n<p>O edital oferta <strong>140 vagas mais cadastro de reserva<\/strong> para o cargo de <strong>Analista Legislativo<\/strong> (especialidades).<\/p>\n\n\n\n<p>A&nbsp; <strong>prova objetiva <\/strong>ser\u00e1 realizada nos<strong> <\/strong>dias<strong> 03\/12\/2023 e 10\/12\/2023<\/strong>, a depender da especialidade.<\/p>\n\n\n\n<p><a href=\"https:\/\/www.editorajuspodivm.com.br\/concurso-camara-deputados-2023\" target=\"_blank\" rel=\"noreferrer noopener\">A Editora Juspodivm preparou uma sele\u00e7\u00e3o de livros especial para esse concurso, confira!<\/a><\/p>\n\n\n\n<p><strong>&nbsp;Informa\u00e7\u00f5es do concurso:&nbsp;<\/strong><\/p>\n\n\n\n<figure class=\"wp-block-table is-style-stripes\"><table><tbody><tr><td><strong>Concurso C\u00e2mara dos Deputados<\/strong><\/td><\/tr><tr><td><strong>Banca <\/strong>FGV.<\/td><\/tr><tr><td><strong>Vagas: <\/strong>140 + CR.<\/td><\/tr><tr><td><strong>Sal\u00e1rio inicial: <\/strong>R$26.196,30.<\/td><\/tr><tr><td><strong>Status: <\/strong>Inscri\u00e7\u00f5es Abertas.<\/td><\/tr><tr><td><strong>Link para inscri\u00e7\u00e3o:<\/strong> <a href=\"https:\/\/conhecimento.fgv.br\/concursos\/cdeputados23\" target=\"_blank\" rel=\"noreferrer noopener\">https:\/\/conhecimento.fgv.br\/concursos\/cdeputados23<\/a><\/td><\/tr><\/tbody><\/table><\/figure>\n","protected":false},"excerpt":{"rendered":"<p>Aten\u00e7\u00e3o concurseiro! As inscri\u00e7\u00f5es para o concurso da C\u00e2mara dos Deputados est\u00e3o abertas. O valor da taxa de inscri\u00e7\u00e3o varia entre R$95,00 e R$120,00, a depender da especialidade escolhida, e podem ser realizadas at\u00e9 04\/10\/2023. O edital oferta 140 vagas mais cadastro de reserva para o cargo de Analista Legislativo (especialidades). A&nbsp; prova objetiva ser\u00e1 [&hellip;]<\/p>\n","protected":false},"author":7,"featured_media":15716,"comment_status":"open","ping_status":"open","sticky":false,"template":"","format":"standard","meta":{"_acf_changed":false,"footnotes":""},"categories":[3851,3846],"tags":[4341,4342,190,3887,3893],"class_list":["post-18579","post","type-post","status-publish","format-standard","has-post-thumbnail","hentry","category-analista-e-tecnico","category-informacao-concursos","tag-analista-legislativo","tag-camara-dos-deputados","tag-concursos-publicos","tag-fgv","tag-inscricoes-abertas"],"acf":[],"yoast_head":"<!-- This site is optimized with the Yoast SEO plugin v24.8.1 - https:\/\/yoast.com\/wordpress\/plugins\/seo\/ -->\n<title>Inscri\u00e7\u00f5es Abertas at\u00e9: 04\/10\/2023 - FGV - Analista Legislativo - C\u00e2mara dos Deputados - Meu site jur\u00eddico<\/title>\n<meta name=\"description\" content=\"Aten\u00e7\u00e3o concurseiro! As inscri\u00e7\u00f5es para o concurso da C\u00e2mara dos Deputados est\u00e3o abertas.\" \/>\n<meta name=\"robots\" content=\"index, follow, max-snippet:-1, max-image-preview:large, max-video-preview:-1\" \/>\n<link rel=\"canonical\" href=\"https:\/\/webmail.meusitejuridico.com.br\/2023\/08\/28\/inscricoes-abertas-ate-04-10-2023-fgv-analista-legislativo-camara-dos-deputados\/\" \/>\n<meta property=\"og:locale\" content=\"pt_BR\" \/>\n<meta property=\"og:type\" content=\"article\" \/>\n<meta property=\"og:title\" content=\"Inscri\u00e7\u00f5es Abertas at\u00e9: 04\/10\/2023 - FGV - Analista Legislativo - C\u00e2mara dos Deputados - Meu site jur\u00eddico\" \/>\n<meta property=\"og:description\" content=\"Aten\u00e7\u00e3o concurseiro! As inscri\u00e7\u00f5es para o concurso da C\u00e2mara dos Deputados est\u00e3o abertas.\" \/>\n<meta property=\"og:url\" content=\"https:\/\/webmail.meusitejuridico.com.br\/2023\/08\/28\/inscricoes-abertas-ate-04-10-2023-fgv-analista-legislativo-camara-dos-deputados\/\" \/>\n<meta property=\"og:site_name\" content=\"Meu site jur\u00eddico\" \/>\n<meta property=\"article:published_time\" content=\"2023-08-28T15:27:36+00:00\" \/>\n<meta property=\"article:modified_time\" content=\"2023-08-28T15:51:03+00:00\" \/>\n<meta property=\"og:image\" content=\"https:\/\/webmail.meusitejuridico.com.br\/s.meusitejuridico\/2022\/05\/177254ea-jur-rosa.png\" \/>\n\t<meta property=\"og:image:width\" content=\"4167\" \/>\n\t<meta property=\"og:image:height\" content=\"2825\" \/>\n\t<meta property=\"og:image:type\" content=\"image\/png\" \/>\n<meta name=\"author\" content=\"Equipe Meu Site Jur\u00eddico\" \/>\n<meta name=\"twitter:card\" content=\"summary_large_image\" \/>\n<meta name=\"twitter:label1\" content=\"Escrito por\" \/>\n\t<meta name=\"twitter:data1\" content=\"Equipe Meu Site Jur\u00eddico\" \/>\n\t<meta name=\"twitter:label2\" content=\"Est. tempo de leitura\" \/>\n\t<meta name=\"twitter:data2\" content=\"1 minuto\" \/>\n<script type=\"application\/ld+json\" class=\"yoast-schema-graph\">{\"@context\":\"https:\/\/schema.org\",\"@graph\":[{\"@type\":\"Article\",\"@id\":\"https:\/\/webmail.meusitejuridico.com.br\/2023\/08\/28\/inscricoes-abertas-ate-04-10-2023-fgv-analista-legislativo-camara-dos-deputados\/#article\",\"isPartOf\":{\"@id\":\"https:\/\/webmail.meusitejuridico.com.br\/2023\/08\/28\/inscricoes-abertas-ate-04-10-2023-fgv-analista-legislativo-camara-dos-deputados\/\"},\"author\":{\"name\":\"Equipe Meu Site Jur\u00eddico\",\"@id\":\"https:\/\/meusitejuridico.editorajuspodivm.com.br\/#\/schema\/person\/5c2237ac0c8ff03bcf1a09fe3e45dfce\"},\"headline\":\"Inscri\u00e7\u00f5es Abertas at\u00e9: 04\/10\/2023 &#8211; FGV &#8211; Analista Legislativo &#8211; C\u00e2mara dos Deputados\",\"datePublished\":\"2023-08-28T15:27:36+00:00\",\"dateModified\":\"2023-08-28T15:51:03+00:00\",\"mainEntityOfPage\":{\"@id\":\"https:\/\/webmail.meusitejuridico.com.br\/2023\/08\/28\/inscricoes-abertas-ate-04-10-2023-fgv-analista-legislativo-camara-dos-deputados\/\"},\"wordCount\":128,\"commentCount\":0,\"publisher\":{\"@id\":\"https:\/\/meusitejuridico.editorajuspodivm.com.br\/#organization\"},\"image\":{\"@id\":\"https:\/\/webmail.meusitejuridico.com.br\/2023\/08\/28\/inscricoes-abertas-ate-04-10-2023-fgv-analista-legislativo-camara-dos-deputados\/#primaryimage\"},\"thumbnailUrl\":\"https:\/\/meusitejuridico.editorajuspodivm.com.br\/s.meusitejuridico\/2022\/05\/177254ea-jur-rosa.png\",\"keywords\":[\"Analista Legislativo\",\"c\u00e2mara dos deputados\",\"Concursos P\u00fablicos\",\"FGV\",\"Inscri\u00e7\u00f5es abertas\"],\"articleSection\":[\"Analista e T\u00e9cnico\",\"Informa\u00e7\u00f5es de Concursos\"],\"inLanguage\":\"pt-BR\",\"potentialAction\":[{\"@type\":\"CommentAction\",\"name\":\"Comment\",\"target\":[\"https:\/\/webmail.meusitejuridico.com.br\/2023\/08\/28\/inscricoes-abertas-ate-04-10-2023-fgv-analista-legislativo-camara-dos-deputados\/#respond\"]}]},{\"@type\":\"WebPage\",\"@id\":\"https:\/\/webmail.meusitejuridico.com.br\/2023\/08\/28\/inscricoes-abertas-ate-04-10-2023-fgv-analista-legislativo-camara-dos-deputados\/\",\"url\":\"https:\/\/webmail.meusitejuridico.com.br\/2023\/08\/28\/inscricoes-abertas-ate-04-10-2023-fgv-analista-legislativo-camara-dos-deputados\/\",\"name\":\"Inscri\u00e7\u00f5es Abertas at\u00e9: 04\/10\/2023 - FGV - Analista Legislativo - C\u00e2mara dos Deputados - Meu site jur\u00eddico\",\"isPartOf\":{\"@id\":\"https:\/\/meusitejuridico.editorajuspodivm.com.br\/#website\"},\"primaryImageOfPage\":{\"@id\":\"https:\/\/webmail.meusitejuridico.com.br\/2023\/08\/28\/inscricoes-abertas-ate-04-10-2023-fgv-analista-legislativo-camara-dos-deputados\/#primaryimage\"},\"image\":{\"@id\":\"https:\/\/webmail.meusitejuridico.com.br\/2023\/08\/28\/inscricoes-abertas-ate-04-10-2023-fgv-analista-legislativo-camara-dos-deputados\/#primaryimage\"},\"thumbnailUrl\":\"https:\/\/meusitejuridico.editorajuspodivm.com.br\/s.meusitejuridico\/2022\/05\/177254ea-jur-rosa.png\",\"datePublished\":\"2023-08-28T15:27:36+00:00\",\"dateModified\":\"2023-08-28T15:51:03+00:00\",\"description\":\"Aten\u00e7\u00e3o concurseiro! As inscri\u00e7\u00f5es para o concurso da C\u00e2mara dos Deputados est\u00e3o abertas.\",\"breadcrumb\":{\"@id\":\"https:\/\/webmail.meusitejuridico.com.br\/2023\/08\/28\/inscricoes-abertas-ate-04-10-2023-fgv-analista-legislativo-camara-dos-deputados\/#breadcrumb\"},\"inLanguage\":\"pt-BR\",\"potentialAction\":[{\"@type\":\"ReadAction\",\"target\":[\"https:\/\/webmail.meusitejuridico.com.br\/2023\/08\/28\/inscricoes-abertas-ate-04-10-2023-fgv-analista-legislativo-camara-dos-deputados\/\"]}]},{\"@type\":\"ImageObject\",\"inLanguage\":\"pt-BR\",\"@id\":\"https:\/\/webmail.meusitejuridico.com.br\/2023\/08\/28\/inscricoes-abertas-ate-04-10-2023-fgv-analista-legislativo-camara-dos-deputados\/#primaryimage\",\"url\":\"https:\/\/meusitejuridico.editorajuspodivm.com.br\/s.meusitejuridico\/2022\/05\/177254ea-jur-rosa.png\",\"contentUrl\":\"https:\/\/meusitejuridico.editorajuspodivm.com.br\/s.meusitejuridico\/2022\/05\/177254ea-jur-rosa.png\",\"width\":4167,\"height\":2825},{\"@type\":\"BreadcrumbList\",\"@id\":\"https:\/\/webmail.meusitejuridico.com.br\/2023\/08\/28\/inscricoes-abertas-ate-04-10-2023-fgv-analista-legislativo-camara-dos-deputados\/#breadcrumb\",\"itemListElement\":[{\"@type\":\"ListItem\",\"position\":1,\"name\":\"In\u00edcio\",\"item\":\"https:\/\/meusitejuridico.editorajuspodivm.com.br\/\"},{\"@type\":\"ListItem\",\"position\":2,\"name\":\"Inscri\u00e7\u00f5es Abertas at\u00e9: 04\/10\/2023 &#8211; FGV &#8211; Analista Legislativo &#8211; C\u00e2mara dos Deputados\"}]},{\"@type\":\"WebSite\",\"@id\":\"https:\/\/meusitejuridico.editorajuspodivm.com.br\/#website\",\"url\":\"https:\/\/meusitejuridico.editorajuspodivm.com.br\/\",\"name\":\"Meu site jur\u00eddico\",\"description\":\"Meu site jur\u00eddico\",\"publisher\":{\"@id\":\"https:\/\/meusitejuridico.editorajuspodivm.com.br\/#organization\"},\"potentialAction\":[{\"@type\":\"SearchAction\",\"target\":{\"@type\":\"EntryPoint\",\"urlTemplate\":\"https:\/\/meusitejuridico.editorajuspodivm.com.br\/?s={search_term_string}\"},\"query-input\":{\"@type\":\"PropertyValueSpecification\",\"valueRequired\":true,\"valueName\":\"search_term_string\"}}],\"inLanguage\":\"pt-BR\"},{\"@type\":\"Organization\",\"@id\":\"https:\/\/meusitejuridico.editorajuspodivm.com.br\/#organization\",\"name\":\"Meu site jur\u00eddico\",\"url\":\"https:\/\/meusitejuridico.editorajuspodivm.com.br\/\",\"logo\":{\"@type\":\"ImageObject\",\"inLanguage\":\"pt-BR\",\"@id\":\"https:\/\/meusitejuridico.editorajuspodivm.com.br\/#\/schema\/logo\/image\/\",\"url\":\"https:\/\/meusitejuridico.editorajuspodivm.com.br\/s.meusitejuridico\/2022\/03\/cropped-baeec2a3-msj-02-01-01.png\",\"contentUrl\":\"https:\/\/meusitejuridico.editorajuspodivm.com.br\/s.meusitejuridico\/2022\/03\/cropped-baeec2a3-msj-02-01-01.png\",\"width\":349,\"height\":243,\"caption\":\"Meu site jur\u00eddico\"},\"image\":{\"@id\":\"https:\/\/meusitejuridico.editorajuspodivm.com.br\/#\/schema\/logo\/image\/\"}},{\"@type\":\"Person\",\"@id\":\"https:\/\/meusitejuridico.editorajuspodivm.com.br\/#\/schema\/person\/5c2237ac0c8ff03bcf1a09fe3e45dfce\",\"name\":\"Equipe Meu Site Jur\u00eddico\",\"image\":{\"@type\":\"ImageObject\",\"inLanguage\":\"pt-BR\",\"@id\":\"https:\/\/meusitejuridico.editorajuspodivm.com.br\/#\/schema\/person\/image\/\",\"url\":\"https:\/\/meusitejuridico.editorajuspodivm.com.br\/s.meusitejuridico\/2020\/07\/6be289aa-logo-msj.png\",\"contentUrl\":\"https:\/\/meusitejuridico.editorajuspodivm.com.br\/s.meusitejuridico\/2020\/07\/6be289aa-logo-msj.png\",\"caption\":\"Equipe Meu Site Jur\u00eddico\"},\"description\":\"Contem conosco!\",\"url\":\"https:\/\/meusitejuridico.editorajuspodivm.com.br\/author\/equipe-meu-site-juridico\/\"}]}<\/script>\n<!-- \/ Yoast SEO plugin. -->","yoast_head_json":{"title":"Inscri\u00e7\u00f5es Abertas at\u00e9: 04\/10\/2023 - FGV - Analista Legislativo - C\u00e2mara dos Deputados - Meu site jur\u00eddico","description":"Aten\u00e7\u00e3o concurseiro! As inscri\u00e7\u00f5es para o concurso da C\u00e2mara dos Deputados est\u00e3o abertas.","robots":{"index":"index","follow":"follow","max-snippet":"max-snippet:-1","max-image-preview":"max-image-preview:large","max-video-preview":"max-video-preview:-1"},"canonical":"https:\/\/webmail.meusitejuridico.com.br\/2023\/08\/28\/inscricoes-abertas-ate-04-10-2023-fgv-analista-legislativo-camara-dos-deputados\/","og_locale":"pt_BR","og_type":"article","og_title":"Inscri\u00e7\u00f5es Abertas at\u00e9: 04\/10\/2023 - FGV - Analista Legislativo - C\u00e2mara dos Deputados - Meu site jur\u00eddico","og_description":"Aten\u00e7\u00e3o concurseiro! As inscri\u00e7\u00f5es para o concurso da C\u00e2mara dos Deputados est\u00e3o abertas.","og_url":"https:\/\/webmail.meusitejuridico.com.br\/2023\/08\/28\/inscricoes-abertas-ate-04-10-2023-fgv-analista-legislativo-camara-dos-deputados\/","og_site_name":"Meu site jur\u00eddico","article_published_time":"2023-08-28T15:27:36+00:00","article_modified_time":"2023-08-28T15:51:03+00:00","og_image":[{"width":4167,"height":2825,"url":"https:\/\/webmail.meusitejuridico.com.br\/s.meusitejuridico\/2022\/05\/177254ea-jur-rosa.png","type":"image\/png"}],"author":"Equipe Meu Site Jur\u00eddico","twitter_card":"summary_large_image","twitter_misc":{"Escrito por":"Equipe Meu Site Jur\u00eddico","Est. tempo de leitura":"1 minuto"},"schema":{"@context":"https:\/\/schema.org","@graph":[{"@type":"Article","@id":"https:\/\/webmail.meusitejuridico.com.br\/2023\/08\/28\/inscricoes-abertas-ate-04-10-2023-fgv-analista-legislativo-camara-dos-deputados\/#article","isPartOf":{"@id":"https:\/\/webmail.meusitejuridico.com.br\/2023\/08\/28\/inscricoes-abertas-ate-04-10-2023-fgv-analista-legislativo-camara-dos-deputados\/"},"author":{"name":"Equipe Meu Site Jur\u00eddico","@id":"https:\/\/meusitejuridico.editorajuspodivm.com.br\/#\/schema\/person\/5c2237ac0c8ff03bcf1a09fe3e45dfce"},"headline":"Inscri\u00e7\u00f5es Abertas at\u00e9: 04\/10\/2023 &#8211; FGV &#8211; Analista Legislativo &#8211; C\u00e2mara dos Deputados","datePublished":"2023-08-28T15:27:36+00:00","dateModified":"2023-08-28T15:51:03+00:00","mainEntityOfPage":{"@id":"https:\/\/webmail.meusitejuridico.com.br\/2023\/08\/28\/inscricoes-abertas-ate-04-10-2023-fgv-analista-legislativo-camara-dos-deputados\/"},"wordCount":128,"commentCount":0,"publisher":{"@id":"https:\/\/meusitejuridico.editorajuspodivm.com.br\/#organization"},"image":{"@id":"https:\/\/webmail.meusitejuridico.com.br\/2023\/08\/28\/inscricoes-abertas-ate-04-10-2023-fgv-analista-legislativo-camara-dos-deputados\/#primaryimage"},"thumbnailUrl":"https:\/\/meusitejuridico.editorajuspodivm.com.br\/s.meusitejuridico\/2022\/05\/177254ea-jur-rosa.png","keywords":["Analista Legislativo","c\u00e2mara dos deputados","Concursos P\u00fablicos","FGV","Inscri\u00e7\u00f5es abertas"],"articleSection":["Analista e T\u00e9cnico","Informa\u00e7\u00f5es de Concursos"],"inLanguage":"pt-BR","potentialAction":[{"@type":"CommentAction","name":"Comment","target":["https:\/\/webmail.meusitejuridico.com.br\/2023\/08\/28\/inscricoes-abertas-ate-04-10-2023-fgv-analista-legislativo-camara-dos-deputados\/#respond"]}]},{"@type":"WebPage","@id":"https:\/\/webmail.meusitejuridico.com.br\/2023\/08\/28\/inscricoes-abertas-ate-04-10-2023-fgv-analista-legislativo-camara-dos-deputados\/","url":"https:\/\/webmail.meusitejuridico.com.br\/2023\/08\/28\/inscricoes-abertas-ate-04-10-2023-fgv-analista-legislativo-camara-dos-deputados\/","name":"Inscri\u00e7\u00f5es Abertas at\u00e9: 04\/10\/2023 - FGV - Analista Legislativo - C\u00e2mara dos Deputados - Meu site jur\u00eddico","isPartOf":{"@id":"https:\/\/meusitejuridico.editorajuspodivm.com.br\/#website"},"primaryImageOfPage":{"@id":"https:\/\/webmail.meusitejuridico.com.br\/2023\/08\/28\/inscricoes-abertas-ate-04-10-2023-fgv-analista-legislativo-camara-dos-deputados\/#primaryimage"},"image":{"@id":"https:\/\/webmail.meusitejuridico.com.br\/2023\/08\/28\/inscricoes-abertas-ate-04-10-2023-fgv-analista-legislativo-camara-dos-deputados\/#primaryimage"},"thumbnailUrl":"https:\/\/meusitejuridico.editorajuspodivm.com.br\/s.meusitejuridico\/2022\/05\/177254ea-jur-rosa.png","datePublished":"2023-08-28T15:27:36+00:00","dateModified":"2023-08-28T15:51:03+00:00","description":"Aten\u00e7\u00e3o concurseiro! As inscri\u00e7\u00f5es para o concurso da C\u00e2mara dos Deputados est\u00e3o abertas.","breadcrumb":{"@id":"https:\/\/webmail.meusitejuridico.com.br\/2023\/08\/28\/inscricoes-abertas-ate-04-10-2023-fgv-analista-legislativo-camara-dos-deputados\/#breadcrumb"},"inLanguage":"pt-BR","potentialAction":[{"@type":"ReadAction","target":["https:\/\/webmail.meusitejuridico.com.br\/2023\/08\/28\/inscricoes-abertas-ate-04-10-2023-fgv-analista-legislativo-camara-dos-deputados\/"]}]},{"@type":"ImageObject","inLanguage":"pt-BR","@id":"https:\/\/webmail.meusitejuridico.com.br\/2023\/08\/28\/inscricoes-abertas-ate-04-10-2023-fgv-analista-legislativo-camara-dos-deputados\/#primaryimage","url":"https:\/\/meusitejuridico.editorajuspodivm.com.br\/s.meusitejuridico\/2022\/05\/177254ea-jur-rosa.png","contentUrl":"https:\/\/meusitejuridico.editorajuspodivm.com.br\/s.meusitejuridico\/2022\/05\/177254ea-jur-rosa.png","width":4167,"height":2825},{"@type":"BreadcrumbList","@id":"https:\/\/webmail.meusitejuridico.com.br\/2023\/08\/28\/inscricoes-abertas-ate-04-10-2023-fgv-analista-legislativo-camara-dos-deputados\/#breadcrumb","itemListElement":[{"@type":"ListItem","position":1,"name":"In\u00edcio","item":"https:\/\/meusitejuridico.editorajuspodivm.com.br\/"},{"@type":"ListItem","position":2,"name":"Inscri\u00e7\u00f5es Abertas at\u00e9: 04\/10\/2023 &#8211; FGV &#8211; Analista Legislativo &#8211; C\u00e2mara dos Deputados"}]},{"@type":"WebSite","@id":"https:\/\/meusitejuridico.editorajuspodivm.com.br\/#website","url":"https:\/\/meusitejuridico.editorajuspodivm.com.br\/","name":"Meu site jur\u00eddico","description":"Meu site jur\u00eddico","publisher":{"@id":"https:\/\/meusitejuridico.editorajuspodivm.com.br\/#organization"},"potentialAction":[{"@type":"SearchAction","target":{"@type":"EntryPoint","urlTemplate":"https:\/\/meusitejuridico.editorajuspodivm.com.br\/?s={search_term_string}"},"query-input":{"@type":"PropertyValueSpecification","valueRequired":true,"valueName":"search_term_string"}}],"inLanguage":"pt-BR"},{"@type":"Organization","@id":"https:\/\/meusitejuridico.editorajuspodivm.com.br\/#organization","name":"Meu site jur\u00eddico","url":"https:\/\/meusitejuridico.editorajuspodivm.com.br\/","logo":{"@type":"ImageObject","inLanguage":"pt-BR","@id":"https:\/\/meusitejuridico.editorajuspodivm.com.br\/#\/schema\/logo\/image\/","url":"https:\/\/meusitejuridico.editorajuspodivm.com.br\/s.meusitejuridico\/2022\/03\/cropped-baeec2a3-msj-02-01-01.png","contentUrl":"https:\/\/meusitejuridico.editorajuspodivm.com.br\/s.meusitejuridico\/2022\/03\/cropped-baeec2a3-msj-02-01-01.png","width":349,"height":243,"caption":"Meu site jur\u00eddico"},"image":{"@id":"https:\/\/meusitejuridico.editorajuspodivm.com.br\/#\/schema\/logo\/image\/"}},{"@type":"Person","@id":"https:\/\/meusitejuridico.editorajuspodivm.com.br\/#\/schema\/person\/5c2237ac0c8ff03bcf1a09fe3e45dfce","name":"Equipe Meu Site Jur\u00eddico","image":{"@type":"ImageObject","inLanguage":"pt-BR","@id":"https:\/\/meusitejuridico.editorajuspodivm.com.br\/#\/schema\/person\/image\/","url":"https:\/\/meusitejuridico.editorajuspodivm.com.br\/s.meusitejuridico\/2020\/07\/6be289aa-logo-msj.png","contentUrl":"https:\/\/meusitejuridico.editorajuspodivm.com.br\/s.meusitejuridico\/2020\/07\/6be289aa-logo-msj.png","caption":"Equipe Meu Site Jur\u00eddico"},"description":"Contem conosco!","url":"https:\/\/meusitejuridico.editorajuspodivm.com.br\/author\/equipe-meu-site-juridico\/"}]}},"_links":{"self":[{"href":"https:\/\/meusitejuridico.editorajuspodivm.com.br\/api\/wp\/v2\/posts\/18579","targetHints":{"allow":["GET"]}}],"collection":[{"href":"https:\/\/meusitejuridico.editorajuspodivm.com.br\/api\/wp\/v2\/posts"}],"about":[{"href":"https:\/\/meusitejuridico.editorajuspodivm.com.br\/api\/wp\/v2\/types\/post"}],"author":[{"embeddable":true,"href":"https:\/\/meusitejuridico.editorajuspodivm.com.br\/api\/wp\/v2\/users\/7"}],"replies":[{"embeddable":true,"href":"https:\/\/meusitejuridico.editorajuspodivm.com.br\/api\/wp\/v2\/comments?post=18579"}],"version-history":[{"count":3,"href":"https:\/\/meusitejuridico.editorajuspodivm.com.br\/api\/wp\/v2\/posts\/18579\/revisions"}],"predecessor-version":[{"id":18957,"href":"https:\/\/meusitejuridico.editorajuspodivm.com.br\/api\/wp\/v2\/posts\/18579\/revisions\/18957"}],"wp:featuredmedia":[{"embeddable":true,"href":"https:\/\/meusitejuridico.editorajuspodivm.com.br\/api\/wp\/v2\/media\/15716"}],"wp:attachment":[{"href":"https:\/\/meusitejuridico.editorajuspodivm.com.br\/api\/wp\/v2\/media?parent=18579"}],"wp:term":[{"taxonomy":"category","embeddable":true,"href":"https:\/\/meusitejuridico.editorajuspodivm.com.br\/api\/wp\/v2\/categories?post=18579"},{"taxonomy":"post_tag","embeddable":true,"href":"https:\/\/meusitejuridico.editorajuspodivm.com.br\/api\/wp\/v2\/tags?post=18579"}],"curies":[{"name":"wp","href":"https:\/\/api.w.org\/{rel}","templated":true}]}}