{"id":1912,"date":"2017-04-17T21:34:31","date_gmt":"2017-04-18T00:34:31","guid":{"rendered":"https:\/\/meusitejuridico.com.br\/?p=1912"},"modified":"2018-06-14T11:53:17","modified_gmt":"2018-06-14T14:53:17","slug":"inimputabilidade-penal-em-razao-da-idade-passado-presente-e-futuro","status":"publish","type":"post","link":"https:\/\/meusitejuridico.editorajuspodivm.com.br\/2017\/04\/17\/inimputabilidade-penal-em-razao-da-idade-passado-presente-e-futuro\/","title":{"rendered":"Inimputabilidade penal em raz\u00e3o da idade: passado, presente e futuro"},"content":{"rendered":"<p>No C\u00f3digo Criminal do Imp\u00e9rio (1830), o art. 10 dispunha que os agentes menores de quatorze anos n\u00e3o podiam cometer crimes. Com a entrada em vigor do primeiro C\u00f3digo Penal da Rep\u00fablica (1890), a capacidade penal era tratada da seguinte forma: a) eram inimput\u00e1veis os menores de nove anos; b) e os que, entre nove e quatorze anos, agissem sem discernimento.<\/p>\n<p>A Consolida\u00e7\u00e3o das Lei Penais (1932) modificou novamente a idade para a imputabilidade penal, estabelecendo que n\u00e3o poderiam ser punidos os menores de quatorze anos (art. 27). Reproduzia o que j\u00e1 dispunha o C\u00f3digo de Menores de 1927 (art. 68), que, no entanto, estabelecia um processo especial para os autores de crimes que ainda n\u00e3o haviam completado dezoito anos. Segundo esse processo, a autoridade judicial deveria reunir precisas informa\u00e7\u00f5es a respeito do estado f\u00edsico, mental e moral do menor, e da situa\u00e7\u00e3o social, moral e econ\u00f4mica de seus representantes legais. As consequ\u00eancias da pr\u00e1tica criminosa variavam conforme a condi\u00e7\u00e3o do menor: a) se sofresse de defici\u00eancia mental, fosse epil\u00e9ptico, surdo-mudo, cego ou necessitasse de cuidados especiais em virtude de seu estado de sa\u00fade, era submetido a tratamento adequado \u00e0 sua condi\u00e7\u00e3o; b) se fosse abandonado, pervertido ou estivesse em perigo de o ser, era colocado em estabelecimento adequado ou era confiado a pessoa id\u00f4nea pelo tempo necess\u00e1rio para sua educa\u00e7\u00e3o \u2013 desde que esse tempo n\u00e3o ultrapassasse a idade de vinte e um anos; c) se n\u00e3o fosse abandonado ou pervertido, nem estivesse em perigo de o ser, e tamb\u00e9m se n\u00e3o necessitasse de tratamento especial, era deixado com os pais, com tutor ou com algu\u00e9m que tivesse sua guarda, mediante condi\u00e7\u00f5es estabelecidas pela autoridade judicial, se fosse o caso.<\/p>\n<p>At\u00e9 que o C\u00f3digo de Menores de 1927 entrasse em vigor, era comum que menores autores de crimes fossem colocados em pris\u00f5es na companhia de adultos, mesmo em virtude da pr\u00e1tica de infra\u00e7\u00f5es menos graves. Talvez um dos epis\u00f3dios mais famosos tenha sido o de Bernardino, engraxate que em 1926, aos doze anos, envolveu-se em um entrevero com um dos clientes e atirou tinta em suas roupas, o que lhe rendeu um m\u00eas de pris\u00e3o entre adultos, que lhe agrediram f\u00edsica e sexualmente. Quando saiu da pris\u00e3o, Bernardino foi encaminhado ao hospital, com enorme repercuss\u00e3o diante de suas p\u00e9ssimas condi\u00e7\u00f5es de sa\u00fade. Ali\u00e1s, foi isso que provocou os debates em torno da eleva\u00e7\u00e3o da idade para a imputabilidade penal, e que possibilitou a aprova\u00e7\u00e3o do C\u00f3digo de Menores.<\/p>\n<p>Somente com a entrada em vigor do C\u00f3digo Penal em 1940 \u00e9 que a imputabilidade se estabeleceu expressamente aos dezoito anos (art. 23), e assim permaneceu ap\u00f3s a reforma da Parte Geral em 1984 (<a class='qlabs_tooltip_top qlabs_tooltip_style_1 cursor_pointer event_hover' style=''  aria-haspopup='true'>art. 27<span style='width: 180px; '  >Art. 27 - Os menores de 18 (dezoito) anos s\u00e3o penalmente inimput\u00e1veis, ficando sujeitos \u00e0s normas estabelecidas na legisla\u00e7\u00e3o especial.<\/span><\/a>), na Constitui\u00e7\u00e3o Federal de 1988 (<a class='qlabs_tooltip_diagonal_left_bottom qlabs_tooltip_style_1 cursor_pointer event_hover' style=''  aria-haspopup='true'>art. 228<span style='width: 180px; '  >Art. 228. S\u00e3o penalmente inimput\u00e1veis os menores de dezoito anos, sujeitos \u00e0s normas da legisla\u00e7\u00e3o especial.<\/span><\/a>) e no Estatuto da Crian\u00e7a e do Adolescente (<a class='qlabs_tooltip_top qlabs_tooltip_style_1 cursor_pointer event_hover' style=''  aria-haspopup='true'>art. 104<span style='width: 180px; '  >Art. 104. S\u00e3o penalmente inimput\u00e1veis os menores de dezoito anos, sujeitos \u00e0s medidas previstas nesta Lei.<\/span><\/a>). De acordo com as regras atuais, os menores de dezoito anos s\u00e3o absolutamente inimput\u00e1veis, ainda que concretamente possam ter discernimento. Trata-se do crit\u00e9rio biol\u00f3gico, que considera apenas o desenvolvimento mental em rela\u00e7\u00e3o \u00e0 idade, sem investigar a capacidade de discernimento e de determina\u00e7\u00e3o.<\/p>\n<p>Os menores de dezoito anos n\u00e3o cometem crime, mas um an\u00e1logo denominado <em>ato infracional<\/em>. S\u00e3o submetidos ao procedimento especial do Estatuto da Crian\u00e7a e do Adolescente, aplicando-se-lhes, at\u00e9 os doze anos incompletos, as medidas de prote\u00e7\u00e3o do <a class='qlabs_tooltip_top qlabs_tooltip_style_1 cursor_pointer event_hover' style=''  aria-haspopup='true'>art. 101<span style='width: 180px; '  > Art. 101. Verificada qualquer das hip\u00f3teses previstas no art. 98, a autoridade competente poder\u00e1 determinar, dentre outras, as seguintes medidas: I - encaminhamento aos pais ou respons\u00e1vel, mediante termo de responsabilidade; II - orienta\u00e7\u00e3o, apoio e acompanhamento tempor\u00e1rios; III - matr\u00edcula e freq\u00fc\u00eancia obrigat\u00f3rias em estabelecimento oficial de ensino fundamental; IV - inclus\u00e3o em servi\u00e7os e programas oficiais ou comunit\u00e1rios de prote\u00e7\u00e3o, apoio e promo\u00e7\u00e3o da fam\u00edlia, da crian\u00e7a e do adolescente; V - requisi\u00e7\u00e3o de tratamento m\u00e9dico, psicol\u00f3gico ou psiqui\u00e1trico, em regime hospitalar ou ambulatorial; VI - inclus\u00e3o em programa oficial ou comunit\u00e1rio de aux\u00edlio, orienta\u00e7\u00e3o e tratamento a alco\u00f3latras e toxic\u00f4manos; VII - acolhimento institucional; VIII - inclus\u00e3o em programa de acolhimento familiar; IX - coloca\u00e7\u00e3o em fam\u00edlia substituta. <\/span><\/a>; dos doze at\u00e9 que completem dezoito anos, s\u00e3o-lhes aplicadas as medidas socioeducativas do art. 112 (advert\u00eancia, obriga\u00e7\u00e3o de reparar o dano, presta\u00e7\u00e3o de servi\u00e7os \u00e0 comunidade, liberdade assistida, inser\u00e7\u00e3o em regime de semiliberdade e interna\u00e7\u00e3o em estabelecimento educacional). Se necess\u00e1rio, tamb\u00e9m s\u00e3o aplic\u00e1veis as medidas de prote\u00e7\u00e3o do art. 101, incisos I a VI.<\/p>\n<p>Diante, no entanto, da escalada de crimes cometidos por menores de idade nos \u00faltimos anos, especialmente aqueles violentos e revestidos de maior gravidade (como latroc\u00ednios), e em virtude da baix\u00edssima efic\u00e1cia das medidas corretivas estabelecidas na legisla\u00e7\u00e3o especial, que trata com injustific\u00e1vel lassid\u00e3o autores de infra\u00e7\u00f5es grav\u00edssimas, \u00e9 crescente o movimento para que o Legislativo altere a regra da imputabilidade.<\/p>\n<p>O tema \u00e9 objeto de extenso debate, n\u00e3o somente sobre a viabilidade da medida em termos pr\u00e1ticos, mas tamb\u00e9m relativamente \u00e0 constitucionalidade da proposta.<\/p>\n<p>H\u00e1 quem sustente que a norma constitucional sobre a imputabilidade seja cl\u00e1usula p\u00e9trea. Assim se manifestam com base no entendimento de que os direitos e garantias fundamentais n\u00e3o se restringem ao rol do art. 5\u00ba da CF\/88, mas podem ser encontrados em outros dispositivos cujo conte\u00fado seja materialmente relacionado ao n\u00facleo da Constitui\u00e7\u00e3o. Por isso, voltado \u00e0 prote\u00e7\u00e3o integral da pessoa do adolescente, o art. 228 n\u00e3o poderia ser objeto de proposta de emenda tendente a abolir suas disposi\u00e7\u00f5es. Por outro lado, h\u00e1 aqueles que argumentam n\u00e3o se tratar de cl\u00e1usula p\u00e9trea, pois a inimputabilidade n\u00e3o est\u00e1 no elenco de direitos e garantias fundamentais do art. 5\u00ba da CF\/88.<\/p>\n<p>Ainda noutra perspectiva, h\u00e1 quem considere n\u00e3o haver \u00f3bice \u00e0 emenda mesmo que se conclua se tratar de cl\u00e1usula p\u00e9trea, que n\u00e3o \u00e9 imodific\u00e1vel, mas refrat\u00e1ria t\u00e3o somente \u00e0 aboli\u00e7\u00e3o ou ao completo desvirtuamento de seu n\u00facleo, o que n\u00e3o ocorre com a proposta de emenda que somente modifica o art. 228 para possibilitar a devida resposta estatal \u00e0 pr\u00e1tica de crimes por indiv\u00edduos que demonstrem pleno discernimento. \u00c9 o que ensina Pedro Lenza, para quem \u201capenas n\u00e3o se admite a proposta de emenda (PEC) tendente a abolir direito e garantia individual. Isso n\u00e3o significa, como j\u00e1 interpretou o STF, que a mat\u00e9ria n\u00e3o possa ser modificada.<\/p>\n<p>Reduzindo a maioridade penal de 18 para 16 anos, o direito \u00e0 inimputabilidade, visto como garantia fundamental, n\u00e3o deixar\u00e1 de existir.<\/p>\n<p>A sociedade evoluiu, e, atualmente, uma pessoa com 16 anos de idade tem total consci\u00eancia de seus atos, tanto \u00e9 que exerce os direitos de cidadania, podendo propor a\u00e7\u00e3o popular e votar. Portanto, em nosso entender, eventual PEC que reduza a maioridade penal de 18 para 16 anos \u00e9 totalmente constitucional. O limite de 16 anos j\u00e1 est\u00e1 sendo utilizado e \u00e9 fundamentado no par\u00e2metro do exerc\u00edcio do direito de votar e \u00e0 luz da razoabilidade e maturidade do ser humano\u201d (<em>Direito Constitucional Esquematizado<\/em>, S\u00e3o Paulo: Saraiva, 2009, p. 872\/873).<\/p>\n<p>Nessa esteira, tramita no Congresso Nacional a proposta de emenda constitucional n\u00ba 171\/1993 \u2013 j\u00e1 aprovada pela C\u00e2mara dos Deputados \u2013 para altera\u00e7\u00e3o do art. 228 da CF\/88. De acordo com o texto aprovado, o art. 228 disp\u00f5e, <strong>como regra<\/strong>, sobre a inimputabilidade dos menores de dezoito anos, sujeitos a normas da legisla\u00e7\u00e3o especial (Lei 8.069\/90). <strong>Excepcionalmente<\/strong>, os menores com dezesseis anos completos podem ser responsabilizados penalmente, caso sejam autores de crime hediondo, de\u00a0homic\u00eddio doloso\u00a0ou de\u00a0les\u00e3o corporal seguida de morte.<\/p>\n<p>Parece-nos, todavia, haver inconsist\u00eancia na proposta que, tudo indica, ser\u00e1 aprovada. Efetivamente, a emenda permite que o agente com dezesseis anos completos seja responsabilizado pelo cometimento de apenas algumas figuras criminosas. Trata-se, claramente, de solu\u00e7\u00e3o pol\u00edtica em que se busca o meio-termo em raz\u00e3o da resist\u00eancia sofrida pela proposta no \u00e2mbito do pr\u00f3prio Legislativo. H\u00e1, no entanto, um aspecto t\u00e9cnico relativo \u00e0 imputabilidade, cujo fundamento \u00e9 a capacidade de discernimento, que n\u00e3o pode ser ignorado: como se sustenta que algu\u00e9m tenha discernimento para cometer um cruel homic\u00eddio e n\u00e3o o tenha para furtar uma bicicleta? Ou o agente tem a capacidade biol\u00f3gica de se determinar de acordo com a lei (para qualquer crime) ou n\u00e3o a tem (para nenhum crime). A consci\u00eancia n\u00e3o varia de acordo com a figura criminosa, mas conforme a condi\u00e7\u00e3o biol\u00f3gica do pr\u00f3prio agente.<\/p>\n<p><strong>Para se aprofundar, recomendamos:<\/strong><\/p>\n<p>Curso: <a href=\"https:\/\/goo.gl\/vDVTu9\">Carreira Jur\u00eddica (m\u00f3d. I e II)<\/a><\/p>\n<p>Curso: <a href=\"https:\/\/goo.gl\/HWHJAI\">Intensivo para o Minist\u00e9rio P\u00fablico e Magistratura Estaduais + Legisla\u00e7\u00e3o Penal Especial<\/a><\/p>\n<p>Livro: <a href=\"https:\/\/goo.gl\/GxtIjn\">Manual de Direito Penal (parte geral)<\/a><\/p>\n","protected":false},"excerpt":{"rendered":"<p>No C\u00f3digo Criminal do Imp\u00e9rio (1830), o art. 10 dispunha que os agentes menores de quatorze anos n\u00e3o podiam cometer crimes. Com a entrada em vigor do primeiro C\u00f3digo Penal da Rep\u00fablica (1890), a capacidade penal era tratada da seguinte forma: a) eram inimput\u00e1veis os menores de nove anos; b) e os que, entre nove [&hellip;]<\/p>\n","protected":false},"author":3,"featured_media":1913,"comment_status":"open","ping_status":"open","sticky":false,"template":"","format":"standard","meta":{"_acf_changed":false,"footnotes":""},"categories":[1,106],"tags":[316,317,314,318],"class_list":["post-1912","post","type-post","status-publish","format-standard","has-post-thumbnail","hentry","category-artigos","category-direito-penal-disciplinas","tag-clausula-petrea","tag-emenda-constitucional","tag-inimputabilidade","tag-menoridade-penal"],"acf":[],"yoast_head":"<!-- This site is optimized with the Yoast SEO plugin v24.8.1 - https:\/\/yoast.com\/wordpress\/plugins\/seo\/ -->\n<title>Inimputabilidade penal em raz\u00e3o da idade: passado, presente e futuro - Meu site jur\u00eddico<\/title>\n<meta name=\"robots\" content=\"index, follow, max-snippet:-1, max-image-preview:large, max-video-preview:-1\" \/>\n<link rel=\"canonical\" href=\"https:\/\/meusitejuridico.editorajuspodivm.com.br\/2017\/04\/17\/inimputabilidade-penal-em-razao-da-idade-passado-presente-e-futuro\/\" \/>\n<meta property=\"og:locale\" content=\"pt_BR\" \/>\n<meta property=\"og:type\" content=\"article\" \/>\n<meta property=\"og:title\" content=\"Inimputabilidade penal em raz\u00e3o da idade: passado, presente e futuro - Meu site jur\u00eddico\" \/>\n<meta property=\"og:description\" content=\"No C\u00f3digo Criminal do Imp\u00e9rio (1830), o art. 10 dispunha que os agentes menores de quatorze anos n\u00e3o podiam cometer crimes. Com a entrada em vigor do primeiro C\u00f3digo Penal da Rep\u00fablica (1890), a capacidade penal era tratada da seguinte forma: a) eram inimput\u00e1veis os menores de nove anos; b) e os que, entre nove [&hellip;]\" \/>\n<meta property=\"og:url\" content=\"https:\/\/meusitejuridico.editorajuspodivm.com.br\/2017\/04\/17\/inimputabilidade-penal-em-razao-da-idade-passado-presente-e-futuro\/\" \/>\n<meta property=\"og:site_name\" content=\"Meu site jur\u00eddico\" \/>\n<meta property=\"article:author\" content=\"https:\/\/www.facebook.com\/RogerioSanchesC\" \/>\n<meta property=\"article:published_time\" content=\"2017-04-18T00:34:31+00:00\" \/>\n<meta property=\"article:modified_time\" content=\"2018-06-14T14:53:17+00:00\" \/>\n<meta property=\"og:image\" content=\"https:\/\/meusitejuridico.editorajuspodivm.com.br\/s.meusitejuridico\/2017\/04\/97b45834-shutterstock-257933135.jpg\" \/>\n\t<meta property=\"og:image:width\" content=\"4428\" \/>\n\t<meta property=\"og:image:height\" content=\"3456\" \/>\n\t<meta property=\"og:image:type\" content=\"image\/jpeg\" \/>\n<meta name=\"author\" content=\"Rog\u00e9rio Sanches Cunha\" \/>\n<meta name=\"twitter:card\" content=\"summary_large_image\" \/>\n<meta name=\"twitter:creator\" content=\"@RogerioSanchesC\" \/>\n<meta name=\"twitter:label1\" content=\"Escrito por\" \/>\n\t<meta name=\"twitter:data1\" content=\"Rog\u00e9rio Sanches Cunha\" \/>\n\t<meta name=\"twitter:label2\" content=\"Est. tempo de leitura\" \/>\n\t<meta name=\"twitter:data2\" content=\"8 minutos\" \/>\n<script type=\"application\/ld+json\" class=\"yoast-schema-graph\">{\"@context\":\"https:\/\/schema.org\",\"@graph\":[{\"@type\":\"Article\",\"@id\":\"https:\/\/meusitejuridico.editorajuspodivm.com.br\/2017\/04\/17\/inimputabilidade-penal-em-razao-da-idade-passado-presente-e-futuro\/#article\",\"isPartOf\":{\"@id\":\"https:\/\/meusitejuridico.editorajuspodivm.com.br\/2017\/04\/17\/inimputabilidade-penal-em-razao-da-idade-passado-presente-e-futuro\/\"},\"author\":{\"name\":\"Rog\u00e9rio Sanches Cunha\",\"@id\":\"https:\/\/cdn.meusitejuridico.com.br\/#\/schema\/person\/a3cebf06fd267ee700aae09eb6722d16\"},\"headline\":\"Inimputabilidade penal em raz\u00e3o da idade: passado, presente e futuro\",\"datePublished\":\"2017-04-18T00:34:31+00:00\",\"dateModified\":\"2018-06-14T14:53:17+00:00\",\"mainEntityOfPage\":{\"@id\":\"https:\/\/meusitejuridico.editorajuspodivm.com.br\/2017\/04\/17\/inimputabilidade-penal-em-razao-da-idade-passado-presente-e-futuro\/\"},\"wordCount\":1638,\"commentCount\":0,\"publisher\":{\"@id\":\"https:\/\/cdn.meusitejuridico.com.br\/#organization\"},\"image\":{\"@id\":\"https:\/\/meusitejuridico.editorajuspodivm.com.br\/2017\/04\/17\/inimputabilidade-penal-em-razao-da-idade-passado-presente-e-futuro\/#primaryimage\"},\"thumbnailUrl\":\"https:\/\/meusitejuridico.editorajuspodivm.com.br\/s.meusitejuridico\/2017\/04\/97b45834-shutterstock-257933135.jpg\",\"keywords\":[\"cl\u00e1usula p\u00e9trea\",\"emenda constitucional\",\"inimputabilidade\",\"Menoridade penal\"],\"articleSection\":[\"Artigos\",\"Direito Penal\"],\"inLanguage\":\"pt-BR\",\"potentialAction\":[{\"@type\":\"CommentAction\",\"name\":\"Comment\",\"target\":[\"https:\/\/meusitejuridico.editorajuspodivm.com.br\/2017\/04\/17\/inimputabilidade-penal-em-razao-da-idade-passado-presente-e-futuro\/#respond\"]}]},{\"@type\":\"WebPage\",\"@id\":\"https:\/\/meusitejuridico.editorajuspodivm.com.br\/2017\/04\/17\/inimputabilidade-penal-em-razao-da-idade-passado-presente-e-futuro\/\",\"url\":\"https:\/\/meusitejuridico.editorajuspodivm.com.br\/2017\/04\/17\/inimputabilidade-penal-em-razao-da-idade-passado-presente-e-futuro\/\",\"name\":\"Inimputabilidade penal em raz\u00e3o da idade: passado, presente e futuro - Meu site jur\u00eddico\",\"isPartOf\":{\"@id\":\"https:\/\/cdn.meusitejuridico.com.br\/#website\"},\"primaryImageOfPage\":{\"@id\":\"https:\/\/meusitejuridico.editorajuspodivm.com.br\/2017\/04\/17\/inimputabilidade-penal-em-razao-da-idade-passado-presente-e-futuro\/#primaryimage\"},\"image\":{\"@id\":\"https:\/\/meusitejuridico.editorajuspodivm.com.br\/2017\/04\/17\/inimputabilidade-penal-em-razao-da-idade-passado-presente-e-futuro\/#primaryimage\"},\"thumbnailUrl\":\"https:\/\/meusitejuridico.editorajuspodivm.com.br\/s.meusitejuridico\/2017\/04\/97b45834-shutterstock-257933135.jpg\",\"datePublished\":\"2017-04-18T00:34:31+00:00\",\"dateModified\":\"2018-06-14T14:53:17+00:00\",\"breadcrumb\":{\"@id\":\"https:\/\/meusitejuridico.editorajuspodivm.com.br\/2017\/04\/17\/inimputabilidade-penal-em-razao-da-idade-passado-presente-e-futuro\/#breadcrumb\"},\"inLanguage\":\"pt-BR\",\"potentialAction\":[{\"@type\":\"ReadAction\",\"target\":[\"https:\/\/meusitejuridico.editorajuspodivm.com.br\/2017\/04\/17\/inimputabilidade-penal-em-razao-da-idade-passado-presente-e-futuro\/\"]}]},{\"@type\":\"ImageObject\",\"inLanguage\":\"pt-BR\",\"@id\":\"https:\/\/meusitejuridico.editorajuspodivm.com.br\/2017\/04\/17\/inimputabilidade-penal-em-razao-da-idade-passado-presente-e-futuro\/#primaryimage\",\"url\":\"https:\/\/meusitejuridico.editorajuspodivm.com.br\/s.meusitejuridico\/2017\/04\/97b45834-shutterstock-257933135.jpg\",\"contentUrl\":\"https:\/\/meusitejuridico.editorajuspodivm.com.br\/s.meusitejuridico\/2017\/04\/97b45834-shutterstock-257933135.jpg\",\"width\":4428,\"height\":3456},{\"@type\":\"BreadcrumbList\",\"@id\":\"https:\/\/meusitejuridico.editorajuspodivm.com.br\/2017\/04\/17\/inimputabilidade-penal-em-razao-da-idade-passado-presente-e-futuro\/#breadcrumb\",\"itemListElement\":[{\"@type\":\"ListItem\",\"position\":1,\"name\":\"In\u00edcio\",\"item\":\"https:\/\/cdn.meusitejuridico.com.br\/\"},{\"@type\":\"ListItem\",\"position\":2,\"name\":\"Inimputabilidade penal em raz\u00e3o da idade: passado, presente e futuro\"}]},{\"@type\":\"WebSite\",\"@id\":\"https:\/\/cdn.meusitejuridico.com.br\/#website\",\"url\":\"https:\/\/cdn.meusitejuridico.com.br\/\",\"name\":\"Meu site jur\u00eddico\",\"description\":\"Meu site jur\u00eddico\",\"publisher\":{\"@id\":\"https:\/\/cdn.meusitejuridico.com.br\/#organization\"},\"potentialAction\":[{\"@type\":\"SearchAction\",\"target\":{\"@type\":\"EntryPoint\",\"urlTemplate\":\"https:\/\/cdn.meusitejuridico.com.br\/?s={search_term_string}\"},\"query-input\":{\"@type\":\"PropertyValueSpecification\",\"valueRequired\":true,\"valueName\":\"search_term_string\"}}],\"inLanguage\":\"pt-BR\"},{\"@type\":\"Organization\",\"@id\":\"https:\/\/cdn.meusitejuridico.com.br\/#organization\",\"name\":\"Meu site jur\u00eddico\",\"url\":\"https:\/\/cdn.meusitejuridico.com.br\/\",\"logo\":{\"@type\":\"ImageObject\",\"inLanguage\":\"pt-BR\",\"@id\":\"https:\/\/cdn.meusitejuridico.com.br\/#\/schema\/logo\/image\/\",\"url\":\"https:\/\/meusitejuridico.editorajuspodivm.com.br\/s.meusitejuridico\/2022\/03\/cropped-baeec2a3-msj-02-01-01.png\",\"contentUrl\":\"https:\/\/meusitejuridico.editorajuspodivm.com.br\/s.meusitejuridico\/2022\/03\/cropped-baeec2a3-msj-02-01-01.png\",\"width\":349,\"height\":243,\"caption\":\"Meu site jur\u00eddico\"},\"image\":{\"@id\":\"https:\/\/cdn.meusitejuridico.com.br\/#\/schema\/logo\/image\/\"}},{\"@type\":\"Person\",\"@id\":\"https:\/\/cdn.meusitejuridico.com.br\/#\/schema\/person\/a3cebf06fd267ee700aae09eb6722d16\",\"name\":\"Rog\u00e9rio Sanches Cunha\",\"image\":{\"@type\":\"ImageObject\",\"inLanguage\":\"pt-BR\",\"@id\":\"https:\/\/cdn.meusitejuridico.com.br\/#\/schema\/person\/image\/\",\"url\":\"https:\/\/meusitejuridico.editorajuspodivm.com.br\/s.meusitejuridico\/2023\/04\/7de31285-rsc-0054-scaled-e1681840173909-150x150.jpg\",\"contentUrl\":\"https:\/\/meusitejuridico.editorajuspodivm.com.br\/s.meusitejuridico\/2023\/04\/7de31285-rsc-0054-scaled-e1681840173909-150x150.jpg\",\"caption\":\"Rog\u00e9rio Sanches Cunha\"},\"description\":\"Membro do Ministe\u0301rio Pu\u0301blico do Estado de Sa\u0303o Paulo. Professor da Escola Superior do Ministe\u0301rio Pu\u0301blico dos estados de Sa\u0303o Paulo, Mato Grosso e Santa Catarina. Coordenador Pedag\u00f3gico e Professor de Penal e Processo Penal do Curso RSConline. Fundador do site www.meusitejuridico.com.br. Cofundador e coordenador pedago\u0301gico do JUSPLAY. Autor de obras juri\u0301dicas.\",\"sameAs\":[\"https:\/\/www.editorajuspodivm.com.br\/autores\/detalhe\/107?idtag=ebe04ee0-bb3c-4b7f-96b9-fcd9428789d5\",\"https:\/\/www.facebook.com\/RogerioSanchesC\",\"https:\/\/www.instagram.com\/rogeriosanchescunha\/\",\"https:\/\/x.com\/RogerioSanchesC\",\"https:\/\/www.youtube.com\/user\/RogerioSanchesC\"],\"url\":\"https:\/\/meusitejuridico.editorajuspodivm.com.br\/author\/redesrogeriogmail-com\/\"}]}<\/script>\n<!-- \/ Yoast SEO plugin. -->","yoast_head_json":{"title":"Inimputabilidade penal em raz\u00e3o da idade: passado, presente e futuro - Meu site jur\u00eddico","robots":{"index":"index","follow":"follow","max-snippet":"max-snippet:-1","max-image-preview":"max-image-preview:large","max-video-preview":"max-video-preview:-1"},"canonical":"https:\/\/meusitejuridico.editorajuspodivm.com.br\/2017\/04\/17\/inimputabilidade-penal-em-razao-da-idade-passado-presente-e-futuro\/","og_locale":"pt_BR","og_type":"article","og_title":"Inimputabilidade penal em raz\u00e3o da idade: passado, presente e futuro - Meu site jur\u00eddico","og_description":"No C\u00f3digo Criminal do Imp\u00e9rio (1830), o art. 10 dispunha que os agentes menores de quatorze anos n\u00e3o podiam cometer crimes. Com a entrada em vigor do primeiro C\u00f3digo Penal da Rep\u00fablica (1890), a capacidade penal era tratada da seguinte forma: a) eram inimput\u00e1veis os menores de nove anos; b) e os que, entre nove [&hellip;]","og_url":"https:\/\/meusitejuridico.editorajuspodivm.com.br\/2017\/04\/17\/inimputabilidade-penal-em-razao-da-idade-passado-presente-e-futuro\/","og_site_name":"Meu site jur\u00eddico","article_author":"https:\/\/www.facebook.com\/RogerioSanchesC","article_published_time":"2017-04-18T00:34:31+00:00","article_modified_time":"2018-06-14T14:53:17+00:00","og_image":[{"width":4428,"height":3456,"url":"https:\/\/meusitejuridico.editorajuspodivm.com.br\/s.meusitejuridico\/2017\/04\/97b45834-shutterstock-257933135.jpg","type":"image\/jpeg"}],"author":"Rog\u00e9rio Sanches Cunha","twitter_card":"summary_large_image","twitter_creator":"@RogerioSanchesC","twitter_misc":{"Escrito por":"Rog\u00e9rio Sanches Cunha","Est. tempo de leitura":"8 minutos"},"schema":{"@context":"https:\/\/schema.org","@graph":[{"@type":"Article","@id":"https:\/\/meusitejuridico.editorajuspodivm.com.br\/2017\/04\/17\/inimputabilidade-penal-em-razao-da-idade-passado-presente-e-futuro\/#article","isPartOf":{"@id":"https:\/\/meusitejuridico.editorajuspodivm.com.br\/2017\/04\/17\/inimputabilidade-penal-em-razao-da-idade-passado-presente-e-futuro\/"},"author":{"name":"Rog\u00e9rio Sanches Cunha","@id":"https:\/\/cdn.meusitejuridico.com.br\/#\/schema\/person\/a3cebf06fd267ee700aae09eb6722d16"},"headline":"Inimputabilidade penal em raz\u00e3o da idade: passado, presente e futuro","datePublished":"2017-04-18T00:34:31+00:00","dateModified":"2018-06-14T14:53:17+00:00","mainEntityOfPage":{"@id":"https:\/\/meusitejuridico.editorajuspodivm.com.br\/2017\/04\/17\/inimputabilidade-penal-em-razao-da-idade-passado-presente-e-futuro\/"},"wordCount":1638,"commentCount":0,"publisher":{"@id":"https:\/\/cdn.meusitejuridico.com.br\/#organization"},"image":{"@id":"https:\/\/meusitejuridico.editorajuspodivm.com.br\/2017\/04\/17\/inimputabilidade-penal-em-razao-da-idade-passado-presente-e-futuro\/#primaryimage"},"thumbnailUrl":"https:\/\/meusitejuridico.editorajuspodivm.com.br\/s.meusitejuridico\/2017\/04\/97b45834-shutterstock-257933135.jpg","keywords":["cl\u00e1usula p\u00e9trea","emenda constitucional","inimputabilidade","Menoridade penal"],"articleSection":["Artigos","Direito Penal"],"inLanguage":"pt-BR","potentialAction":[{"@type":"CommentAction","name":"Comment","target":["https:\/\/meusitejuridico.editorajuspodivm.com.br\/2017\/04\/17\/inimputabilidade-penal-em-razao-da-idade-passado-presente-e-futuro\/#respond"]}]},{"@type":"WebPage","@id":"https:\/\/meusitejuridico.editorajuspodivm.com.br\/2017\/04\/17\/inimputabilidade-penal-em-razao-da-idade-passado-presente-e-futuro\/","url":"https:\/\/meusitejuridico.editorajuspodivm.com.br\/2017\/04\/17\/inimputabilidade-penal-em-razao-da-idade-passado-presente-e-futuro\/","name":"Inimputabilidade penal em raz\u00e3o da idade: passado, presente e futuro - Meu site jur\u00eddico","isPartOf":{"@id":"https:\/\/cdn.meusitejuridico.com.br\/#website"},"primaryImageOfPage":{"@id":"https:\/\/meusitejuridico.editorajuspodivm.com.br\/2017\/04\/17\/inimputabilidade-penal-em-razao-da-idade-passado-presente-e-futuro\/#primaryimage"},"image":{"@id":"https:\/\/meusitejuridico.editorajuspodivm.com.br\/2017\/04\/17\/inimputabilidade-penal-em-razao-da-idade-passado-presente-e-futuro\/#primaryimage"},"thumbnailUrl":"https:\/\/meusitejuridico.editorajuspodivm.com.br\/s.meusitejuridico\/2017\/04\/97b45834-shutterstock-257933135.jpg","datePublished":"2017-04-18T00:34:31+00:00","dateModified":"2018-06-14T14:53:17+00:00","breadcrumb":{"@id":"https:\/\/meusitejuridico.editorajuspodivm.com.br\/2017\/04\/17\/inimputabilidade-penal-em-razao-da-idade-passado-presente-e-futuro\/#breadcrumb"},"inLanguage":"pt-BR","potentialAction":[{"@type":"ReadAction","target":["https:\/\/meusitejuridico.editorajuspodivm.com.br\/2017\/04\/17\/inimputabilidade-penal-em-razao-da-idade-passado-presente-e-futuro\/"]}]},{"@type":"ImageObject","inLanguage":"pt-BR","@id":"https:\/\/meusitejuridico.editorajuspodivm.com.br\/2017\/04\/17\/inimputabilidade-penal-em-razao-da-idade-passado-presente-e-futuro\/#primaryimage","url":"https:\/\/meusitejuridico.editorajuspodivm.com.br\/s.meusitejuridico\/2017\/04\/97b45834-shutterstock-257933135.jpg","contentUrl":"https:\/\/meusitejuridico.editorajuspodivm.com.br\/s.meusitejuridico\/2017\/04\/97b45834-shutterstock-257933135.jpg","width":4428,"height":3456},{"@type":"BreadcrumbList","@id":"https:\/\/meusitejuridico.editorajuspodivm.com.br\/2017\/04\/17\/inimputabilidade-penal-em-razao-da-idade-passado-presente-e-futuro\/#breadcrumb","itemListElement":[{"@type":"ListItem","position":1,"name":"In\u00edcio","item":"https:\/\/cdn.meusitejuridico.com.br\/"},{"@type":"ListItem","position":2,"name":"Inimputabilidade penal em raz\u00e3o da idade: passado, presente e futuro"}]},{"@type":"WebSite","@id":"https:\/\/cdn.meusitejuridico.com.br\/#website","url":"https:\/\/cdn.meusitejuridico.com.br\/","name":"Meu site jur\u00eddico","description":"Meu site jur\u00eddico","publisher":{"@id":"https:\/\/cdn.meusitejuridico.com.br\/#organization"},"potentialAction":[{"@type":"SearchAction","target":{"@type":"EntryPoint","urlTemplate":"https:\/\/cdn.meusitejuridico.com.br\/?s={search_term_string}"},"query-input":{"@type":"PropertyValueSpecification","valueRequired":true,"valueName":"search_term_string"}}],"inLanguage":"pt-BR"},{"@type":"Organization","@id":"https:\/\/cdn.meusitejuridico.com.br\/#organization","name":"Meu site jur\u00eddico","url":"https:\/\/cdn.meusitejuridico.com.br\/","logo":{"@type":"ImageObject","inLanguage":"pt-BR","@id":"https:\/\/cdn.meusitejuridico.com.br\/#\/schema\/logo\/image\/","url":"https:\/\/meusitejuridico.editorajuspodivm.com.br\/s.meusitejuridico\/2022\/03\/cropped-baeec2a3-msj-02-01-01.png","contentUrl":"https:\/\/meusitejuridico.editorajuspodivm.com.br\/s.meusitejuridico\/2022\/03\/cropped-baeec2a3-msj-02-01-01.png","width":349,"height":243,"caption":"Meu site jur\u00eddico"},"image":{"@id":"https:\/\/cdn.meusitejuridico.com.br\/#\/schema\/logo\/image\/"}},{"@type":"Person","@id":"https:\/\/cdn.meusitejuridico.com.br\/#\/schema\/person\/a3cebf06fd267ee700aae09eb6722d16","name":"Rog\u00e9rio Sanches Cunha","image":{"@type":"ImageObject","inLanguage":"pt-BR","@id":"https:\/\/cdn.meusitejuridico.com.br\/#\/schema\/person\/image\/","url":"https:\/\/meusitejuridico.editorajuspodivm.com.br\/s.meusitejuridico\/2023\/04\/7de31285-rsc-0054-scaled-e1681840173909-150x150.jpg","contentUrl":"https:\/\/meusitejuridico.editorajuspodivm.com.br\/s.meusitejuridico\/2023\/04\/7de31285-rsc-0054-scaled-e1681840173909-150x150.jpg","caption":"Rog\u00e9rio Sanches Cunha"},"description":"Membro do Ministe\u0301rio Pu\u0301blico do Estado de Sa\u0303o Paulo. Professor da Escola Superior do Ministe\u0301rio Pu\u0301blico dos estados de Sa\u0303o Paulo, Mato Grosso e Santa Catarina. Coordenador Pedag\u00f3gico e Professor de Penal e Processo Penal do Curso RSConline. Fundador do site www.meusitejuridico.com.br. Cofundador e coordenador pedago\u0301gico do JUSPLAY. Autor de obras juri\u0301dicas.","sameAs":["https:\/\/www.editorajuspodivm.com.br\/autores\/detalhe\/107?idtag=ebe04ee0-bb3c-4b7f-96b9-fcd9428789d5","https:\/\/www.facebook.com\/RogerioSanchesC","https:\/\/www.instagram.com\/rogeriosanchescunha\/","https:\/\/x.com\/RogerioSanchesC","https:\/\/www.youtube.com\/user\/RogerioSanchesC"],"url":"https:\/\/meusitejuridico.editorajuspodivm.com.br\/author\/redesrogeriogmail-com\/"}]}},"_links":{"self":[{"href":"https:\/\/meusitejuridico.editorajuspodivm.com.br\/api\/wp\/v2\/posts\/1912","targetHints":{"allow":["GET"]}}],"collection":[{"href":"https:\/\/meusitejuridico.editorajuspodivm.com.br\/api\/wp\/v2\/posts"}],"about":[{"href":"https:\/\/meusitejuridico.editorajuspodivm.com.br\/api\/wp\/v2\/types\/post"}],"author":[{"embeddable":true,"href":"https:\/\/meusitejuridico.editorajuspodivm.com.br\/api\/wp\/v2\/users\/3"}],"replies":[{"embeddable":true,"href":"https:\/\/meusitejuridico.editorajuspodivm.com.br\/api\/wp\/v2\/comments?post=1912"}],"version-history":[{"count":3,"href":"https:\/\/meusitejuridico.editorajuspodivm.com.br\/api\/wp\/v2\/posts\/1912\/revisions"}],"predecessor-version":[{"id":1916,"href":"https:\/\/meusitejuridico.editorajuspodivm.com.br\/api\/wp\/v2\/posts\/1912\/revisions\/1916"}],"wp:featuredmedia":[{"embeddable":true,"href":"https:\/\/meusitejuridico.editorajuspodivm.com.br\/api\/wp\/v2\/media\/1913"}],"wp:attachment":[{"href":"https:\/\/meusitejuridico.editorajuspodivm.com.br\/api\/wp\/v2\/media?parent=1912"}],"wp:term":[{"taxonomy":"category","embeddable":true,"href":"https:\/\/meusitejuridico.editorajuspodivm.com.br\/api\/wp\/v2\/categories?post=1912"},{"taxonomy":"post_tag","embeddable":true,"href":"https:\/\/meusitejuridico.editorajuspodivm.com.br\/api\/wp\/v2\/tags?post=1912"}],"curies":[{"name":"wp","href":"https:\/\/api.w.org\/{rel}","templated":true}]}}