{"id":19312,"date":"2023-11-06T10:14:29","date_gmt":"2023-11-06T13:14:29","guid":{"rendered":"https:\/\/meusitejuridico.editorajuspodivm.com.br\/?p=19312"},"modified":"2023-11-06T10:14:30","modified_gmt":"2023-11-06T13:14:30","slug":"cge-pb-auditor-ultimo-dia-de-inscricao","status":"publish","type":"post","link":"https:\/\/meusitejuridico.editorajuspodivm.com.br\/2023\/11\/06\/cge-pb-auditor-ultimo-dia-de-inscricao\/","title":{"rendered":"CGE\/PB &#8211; Auditor &#8211; \u00daltimo dia de inscri\u00e7\u00e3o"},"content":{"rendered":"\n<p>Aten\u00e7\u00e3o concurseiros! Hoje \u00e9 o \u00faltimo dia para a realiza\u00e7\u00e3o das inscri\u00e7\u00f5es no\u00a0concurso para o cargo de\u00a0<strong>Auditor de Contas P\u00fablicas\u00a0<\/strong>da<strong> Controladoria Geral do Estado da Para\u00edba.<\/strong><\/p>\n\n\n\n<p>De acordo com o edital<strong>\u00a0<\/strong>o recebimento das inscri\u00e7\u00f5es ser\u00e1 encerrado em\u00a0<strong>06\/11\/2023<\/strong> \u00e0s <strong>16:00 horas<\/strong>, e o pagamento da taxa de inscri\u00e7\u00e3o, no valor de\u00a0<strong>R$200,00<\/strong>\u00a0dever\u00e1 ser realizado at\u00e9 o dia\u00a0<strong>07\/11\/2023<\/strong>.<\/p>\n\n\n\n<p>O edital oferta&nbsp;<strong>12 vagas&nbsp;<\/strong>para o cargo de&nbsp;<strong>Auditor de Contas P\u00fablicas<\/strong>, com remunera\u00e7\u00e3o de&nbsp;<strong>R$13.500,73<\/strong>.<\/p>\n\n\n\n<p>A&nbsp;&nbsp;<strong>prova&nbsp;<\/strong>ser\u00e1 realizada no<strong>&nbsp;dia 03\/03\/2024.<\/strong><\/p>\n\n\n\n<p><\/p>\n\n\n\n<div data-wp-interactive=\"core\/file\" class=\"wp-block-file\"><object data-wp-bind--hidden=\"!state.hasPdfPreview\" hidden class=\"wp-block-file__embed\" data=\"https:\/\/meusitejuridico.editorajuspodivm.com.br\/s.meusitejuridico\/2023\/11\/6c99186f-edital-no-001-2023-sead-cge-abertura-das-inscricoes-versao-para-republicacao-por-erro-grafico4654654861.pdf\" type=\"application\/pdf\" style=\"width:100%;height:600px\" aria-label=\"Incorporado de Incorporado de Edital CGE\/PB..\"><\/object><a href=\"https:\/\/meusitejuridico.editorajuspodivm.com.br\/s.meusitejuridico\/2023\/11\/6c99186f-edital-no-001-2023-sead-cge-abertura-das-inscricoes-versao-para-republicacao-por-erro-grafico4654654861.pdf\">Edital CGE\/PB<\/a><a href=\"https:\/\/meusitejuridico.editorajuspodivm.com.br\/s.meusitejuridico\/2023\/11\/6c99186f-edital-no-001-2023-sead-cge-abertura-das-inscricoes-versao-para-republicacao-por-erro-grafico4654654861.pdf\" class=\"wp-block-file__button\" download>Baixar<\/a><\/div>\n\n\n\n<p><strong>&nbsp;Informa\u00e7\u00f5es do concurso:&nbsp;<\/strong><\/p>\n\n\n\n<figure class=\"wp-block-table is-style-stripes\"><table><tbody><tr><td><strong>Concurso CGE\/PB<\/strong><\/td><\/tr><tr><td><strong>Banca<\/strong>: FGV.<\/td><\/tr><tr><td><strong>Vagas:\u00a0<\/strong>12.<\/td><\/tr><tr><td><strong>Sal\u00e1rio inicial:\u00a0<\/strong> R$13.500,73. <\/td><\/tr><tr><td><strong>Status:&nbsp;<\/strong>\u00daltimo dia de inscri\u00e7\u00f5es.<\/td><\/tr><tr><td><strong>Link para inscri\u00e7\u00e3o<\/strong>:\u00a0<a href=\"https:\/\/conhecimento.fgv.br\/concursos\/cgepb23\" target=\"_blank\" rel=\"noreferrer noopener\">https:\/\/conhecimento.fgv.br\/concursos\/cgepb23<\/a><\/td><\/tr><\/tbody><\/table><\/figure>\n","protected":false},"excerpt":{"rendered":"<p>Aten\u00e7\u00e3o concurseiros! Hoje \u00e9 o \u00faltimo dia para a realiza\u00e7\u00e3o das inscri\u00e7\u00f5es no\u00a0concurso para o cargo de\u00a0Auditor de Contas P\u00fablicas\u00a0da Controladoria Geral do Estado da Para\u00edba. De acordo com o edital\u00a0o recebimento das inscri\u00e7\u00f5es ser\u00e1 encerrado em\u00a006\/11\/2023 \u00e0s 16:00 horas, e o pagamento da taxa de inscri\u00e7\u00e3o, no valor de\u00a0R$200,00\u00a0dever\u00e1 ser realizado at\u00e9 o dia\u00a007\/11\/2023. [&hellip;]<\/p>\n","protected":false},"author":7,"featured_media":15723,"comment_status":"open","ping_status":"open","sticky":false,"template":"","format":"standard","meta":{"_acf_changed":false,"footnotes":""},"categories":[3850,3846],"tags":[3970,4645,190,3887,4646],"class_list":["post-19312","post","type-post","status-publish","format-standard","has-post-thumbnail","hentry","category-carreiras-fiscais","category-informacao-concursos","tag-auditor","tag-cge-pb","tag-concursos-publicos","tag-fgv","tag-ultimo-dia-de-inscricao"],"acf":[],"yoast_head":"<!-- This site is optimized with the Yoast SEO plugin v24.8.1 - https:\/\/yoast.com\/wordpress\/plugins\/seo\/ -->\n<title>CGE\/PB - Auditor - \u00daltimo dia de inscri\u00e7\u00e3o - Meu site jur\u00eddico<\/title>\n<meta name=\"description\" content=\"Aten\u00e7\u00e3o concurseiros! Hoje \u00e9 o \u00faltimo dia para a realiza\u00e7\u00e3o das inscri\u00e7\u00f5es no\u00a0concurso para o cargo de\u00a0Auditor de Contas P\u00fablicas\u00a0da CGE\/PB.\" \/>\n<meta name=\"robots\" content=\"index, follow, max-snippet:-1, max-image-preview:large, max-video-preview:-1\" \/>\n<link rel=\"canonical\" href=\"https:\/\/meusitejuridico.com.br\/2023\/11\/06\/cge-pb-auditor-ultimo-dia-de-inscricao\/\" \/>\n<meta property=\"og:locale\" content=\"pt_BR\" \/>\n<meta property=\"og:type\" content=\"article\" \/>\n<meta property=\"og:title\" content=\"CGE\/PB - Auditor - \u00daltimo dia de inscri\u00e7\u00e3o - Meu site jur\u00eddico\" \/>\n<meta property=\"og:description\" content=\"Aten\u00e7\u00e3o concurseiros! Hoje \u00e9 o \u00faltimo dia para a realiza\u00e7\u00e3o das inscri\u00e7\u00f5es no\u00a0concurso para o cargo de\u00a0Auditor de Contas P\u00fablicas\u00a0da CGE\/PB.\" \/>\n<meta property=\"og:url\" content=\"https:\/\/meusitejuridico.com.br\/2023\/11\/06\/cge-pb-auditor-ultimo-dia-de-inscricao\/\" \/>\n<meta property=\"og:site_name\" content=\"Meu site jur\u00eddico\" \/>\n<meta property=\"article:published_time\" content=\"2023-11-06T13:14:29+00:00\" \/>\n<meta property=\"article:modified_time\" content=\"2023-11-06T13:14:30+00:00\" \/>\n<meta property=\"og:image\" content=\"https:\/\/meusitejuridico.com.br\/s.meusitejuridico\/2022\/05\/480d9a79-fiscais-verde.png\" \/>\n\t<meta property=\"og:image:width\" content=\"1000\" \/>\n\t<meta property=\"og:image:height\" content=\"667\" \/>\n\t<meta property=\"og:image:type\" content=\"image\/png\" \/>\n<meta name=\"author\" content=\"Equipe Meu Site Jur\u00eddico\" \/>\n<meta name=\"twitter:card\" content=\"summary_large_image\" \/>\n<meta name=\"twitter:label1\" content=\"Escrito por\" \/>\n\t<meta name=\"twitter:data1\" content=\"Equipe Meu Site Jur\u00eddico\" \/>\n\t<meta name=\"twitter:label2\" content=\"Est. tempo de leitura\" \/>\n\t<meta name=\"twitter:data2\" content=\"1 minuto\" \/>\n<script type=\"application\/ld+json\" class=\"yoast-schema-graph\">{\"@context\":\"https:\/\/schema.org\",\"@graph\":[{\"@type\":\"Article\",\"@id\":\"https:\/\/meusitejuridico.com.br\/2023\/11\/06\/cge-pb-auditor-ultimo-dia-de-inscricao\/#article\",\"isPartOf\":{\"@id\":\"https:\/\/meusitejuridico.com.br\/2023\/11\/06\/cge-pb-auditor-ultimo-dia-de-inscricao\/\"},\"author\":{\"name\":\"Equipe Meu Site Jur\u00eddico\",\"@id\":\"https:\/\/cdn.meusitejuridico.com.br\/#\/schema\/person\/5c2237ac0c8ff03bcf1a09fe3e45dfce\"},\"headline\":\"CGE\/PB &#8211; Auditor &#8211; \u00daltimo dia de inscri\u00e7\u00e3o\",\"datePublished\":\"2023-11-06T13:14:29+00:00\",\"dateModified\":\"2023-11-06T13:14:30+00:00\",\"mainEntityOfPage\":{\"@id\":\"https:\/\/meusitejuridico.com.br\/2023\/11\/06\/cge-pb-auditor-ultimo-dia-de-inscricao\/\"},\"wordCount\":145,\"commentCount\":0,\"publisher\":{\"@id\":\"https:\/\/cdn.meusitejuridico.com.br\/#organization\"},\"image\":{\"@id\":\"https:\/\/meusitejuridico.com.br\/2023\/11\/06\/cge-pb-auditor-ultimo-dia-de-inscricao\/#primaryimage\"},\"thumbnailUrl\":\"https:\/\/meusitejuridico.editorajuspodivm.com.br\/s.meusitejuridico\/2022\/05\/480d9a79-fiscais-verde.png\",\"keywords\":[\"Auditor\",\"CGE\/PB\",\"Concursos P\u00fablicos\",\"FGV\",\"\u00faltimo dia de inscri\u00e7\u00e3o\"],\"articleSection\":[\"Carreiras Fiscais\",\"Informa\u00e7\u00f5es de Concursos\"],\"inLanguage\":\"pt-BR\",\"potentialAction\":[{\"@type\":\"CommentAction\",\"name\":\"Comment\",\"target\":[\"https:\/\/meusitejuridico.com.br\/2023\/11\/06\/cge-pb-auditor-ultimo-dia-de-inscricao\/#respond\"]}]},{\"@type\":\"WebPage\",\"@id\":\"https:\/\/meusitejuridico.com.br\/2023\/11\/06\/cge-pb-auditor-ultimo-dia-de-inscricao\/\",\"url\":\"https:\/\/meusitejuridico.com.br\/2023\/11\/06\/cge-pb-auditor-ultimo-dia-de-inscricao\/\",\"name\":\"CGE\/PB - Auditor - \u00daltimo dia de inscri\u00e7\u00e3o - Meu site jur\u00eddico\",\"isPartOf\":{\"@id\":\"https:\/\/cdn.meusitejuridico.com.br\/#website\"},\"primaryImageOfPage\":{\"@id\":\"https:\/\/meusitejuridico.com.br\/2023\/11\/06\/cge-pb-auditor-ultimo-dia-de-inscricao\/#primaryimage\"},\"image\":{\"@id\":\"https:\/\/meusitejuridico.com.br\/2023\/11\/06\/cge-pb-auditor-ultimo-dia-de-inscricao\/#primaryimage\"},\"thumbnailUrl\":\"https:\/\/meusitejuridico.editorajuspodivm.com.br\/s.meusitejuridico\/2022\/05\/480d9a79-fiscais-verde.png\",\"datePublished\":\"2023-11-06T13:14:29+00:00\",\"dateModified\":\"2023-11-06T13:14:30+00:00\",\"description\":\"Aten\u00e7\u00e3o concurseiros! Hoje \u00e9 o \u00faltimo dia para a realiza\u00e7\u00e3o das inscri\u00e7\u00f5es no\u00a0concurso para o cargo de\u00a0Auditor de Contas P\u00fablicas\u00a0da CGE\/PB.\",\"breadcrumb\":{\"@id\":\"https:\/\/meusitejuridico.com.br\/2023\/11\/06\/cge-pb-auditor-ultimo-dia-de-inscricao\/#breadcrumb\"},\"inLanguage\":\"pt-BR\",\"potentialAction\":[{\"@type\":\"ReadAction\",\"target\":[\"https:\/\/meusitejuridico.com.br\/2023\/11\/06\/cge-pb-auditor-ultimo-dia-de-inscricao\/\"]}]},{\"@type\":\"ImageObject\",\"inLanguage\":\"pt-BR\",\"@id\":\"https:\/\/meusitejuridico.com.br\/2023\/11\/06\/cge-pb-auditor-ultimo-dia-de-inscricao\/#primaryimage\",\"url\":\"https:\/\/meusitejuridico.editorajuspodivm.com.br\/s.meusitejuridico\/2022\/05\/480d9a79-fiscais-verde.png\",\"contentUrl\":\"https:\/\/meusitejuridico.editorajuspodivm.com.br\/s.meusitejuridico\/2022\/05\/480d9a79-fiscais-verde.png\",\"width\":1000,\"height\":667},{\"@type\":\"BreadcrumbList\",\"@id\":\"https:\/\/meusitejuridico.com.br\/2023\/11\/06\/cge-pb-auditor-ultimo-dia-de-inscricao\/#breadcrumb\",\"itemListElement\":[{\"@type\":\"ListItem\",\"position\":1,\"name\":\"In\u00edcio\",\"item\":\"https:\/\/cdn.meusitejuridico.com.br\/\"},{\"@type\":\"ListItem\",\"position\":2,\"name\":\"CGE\/PB &#8211; Auditor &#8211; \u00daltimo dia de inscri\u00e7\u00e3o\"}]},{\"@type\":\"WebSite\",\"@id\":\"https:\/\/cdn.meusitejuridico.com.br\/#website\",\"url\":\"https:\/\/cdn.meusitejuridico.com.br\/\",\"name\":\"Meu site jur\u00eddico\",\"description\":\"Meu site jur\u00eddico\",\"publisher\":{\"@id\":\"https:\/\/cdn.meusitejuridico.com.br\/#organization\"},\"potentialAction\":[{\"@type\":\"SearchAction\",\"target\":{\"@type\":\"EntryPoint\",\"urlTemplate\":\"https:\/\/cdn.meusitejuridico.com.br\/?s={search_term_string}\"},\"query-input\":{\"@type\":\"PropertyValueSpecification\",\"valueRequired\":true,\"valueName\":\"search_term_string\"}}],\"inLanguage\":\"pt-BR\"},{\"@type\":\"Organization\",\"@id\":\"https:\/\/cdn.meusitejuridico.com.br\/#organization\",\"name\":\"Meu site jur\u00eddico\",\"url\":\"https:\/\/cdn.meusitejuridico.com.br\/\",\"logo\":{\"@type\":\"ImageObject\",\"inLanguage\":\"pt-BR\",\"@id\":\"https:\/\/cdn.meusitejuridico.com.br\/#\/schema\/logo\/image\/\",\"url\":\"https:\/\/meusitejuridico.editorajuspodivm.com.br\/s.meusitejuridico\/2022\/03\/cropped-baeec2a3-msj-02-01-01.png\",\"contentUrl\":\"https:\/\/meusitejuridico.editorajuspodivm.com.br\/s.meusitejuridico\/2022\/03\/cropped-baeec2a3-msj-02-01-01.png\",\"width\":349,\"height\":243,\"caption\":\"Meu site jur\u00eddico\"},\"image\":{\"@id\":\"https:\/\/cdn.meusitejuridico.com.br\/#\/schema\/logo\/image\/\"}},{\"@type\":\"Person\",\"@id\":\"https:\/\/cdn.meusitejuridico.com.br\/#\/schema\/person\/5c2237ac0c8ff03bcf1a09fe3e45dfce\",\"name\":\"Equipe Meu Site Jur\u00eddico\",\"image\":{\"@type\":\"ImageObject\",\"inLanguage\":\"pt-BR\",\"@id\":\"https:\/\/cdn.meusitejuridico.com.br\/#\/schema\/person\/image\/\",\"url\":\"https:\/\/meusitejuridico.editorajuspodivm.com.br\/s.meusitejuridico\/2020\/07\/6be289aa-logo-msj.png\",\"contentUrl\":\"https:\/\/meusitejuridico.editorajuspodivm.com.br\/s.meusitejuridico\/2020\/07\/6be289aa-logo-msj.png\",\"caption\":\"Equipe Meu Site Jur\u00eddico\"},\"description\":\"Contem conosco!\",\"url\":\"https:\/\/meusitejuridico.editorajuspodivm.com.br\/author\/equipe-meu-site-juridico\/\"}]}<\/script>\n<!-- \/ Yoast SEO plugin. -->","yoast_head_json":{"title":"CGE\/PB - Auditor - \u00daltimo dia de inscri\u00e7\u00e3o - Meu site jur\u00eddico","description":"Aten\u00e7\u00e3o concurseiros! Hoje \u00e9 o \u00faltimo dia para a realiza\u00e7\u00e3o das inscri\u00e7\u00f5es no\u00a0concurso para o cargo de\u00a0Auditor de Contas P\u00fablicas\u00a0da CGE\/PB.","robots":{"index":"index","follow":"follow","max-snippet":"max-snippet:-1","max-image-preview":"max-image-preview:large","max-video-preview":"max-video-preview:-1"},"canonical":"https:\/\/meusitejuridico.com.br\/2023\/11\/06\/cge-pb-auditor-ultimo-dia-de-inscricao\/","og_locale":"pt_BR","og_type":"article","og_title":"CGE\/PB - Auditor - \u00daltimo dia de inscri\u00e7\u00e3o - Meu site jur\u00eddico","og_description":"Aten\u00e7\u00e3o concurseiros! Hoje \u00e9 o \u00faltimo dia para a realiza\u00e7\u00e3o das inscri\u00e7\u00f5es no\u00a0concurso para o cargo de\u00a0Auditor de Contas P\u00fablicas\u00a0da CGE\/PB.","og_url":"https:\/\/meusitejuridico.com.br\/2023\/11\/06\/cge-pb-auditor-ultimo-dia-de-inscricao\/","og_site_name":"Meu site jur\u00eddico","article_published_time":"2023-11-06T13:14:29+00:00","article_modified_time":"2023-11-06T13:14:30+00:00","og_image":[{"width":1000,"height":667,"url":"https:\/\/meusitejuridico.com.br\/s.meusitejuridico\/2022\/05\/480d9a79-fiscais-verde.png","type":"image\/png"}],"author":"Equipe Meu Site Jur\u00eddico","twitter_card":"summary_large_image","twitter_misc":{"Escrito por":"Equipe Meu Site Jur\u00eddico","Est. tempo de leitura":"1 minuto"},"schema":{"@context":"https:\/\/schema.org","@graph":[{"@type":"Article","@id":"https:\/\/meusitejuridico.com.br\/2023\/11\/06\/cge-pb-auditor-ultimo-dia-de-inscricao\/#article","isPartOf":{"@id":"https:\/\/meusitejuridico.com.br\/2023\/11\/06\/cge-pb-auditor-ultimo-dia-de-inscricao\/"},"author":{"name":"Equipe Meu Site Jur\u00eddico","@id":"https:\/\/cdn.meusitejuridico.com.br\/#\/schema\/person\/5c2237ac0c8ff03bcf1a09fe3e45dfce"},"headline":"CGE\/PB &#8211; Auditor &#8211; \u00daltimo dia de inscri\u00e7\u00e3o","datePublished":"2023-11-06T13:14:29+00:00","dateModified":"2023-11-06T13:14:30+00:00","mainEntityOfPage":{"@id":"https:\/\/meusitejuridico.com.br\/2023\/11\/06\/cge-pb-auditor-ultimo-dia-de-inscricao\/"},"wordCount":145,"commentCount":0,"publisher":{"@id":"https:\/\/cdn.meusitejuridico.com.br\/#organization"},"image":{"@id":"https:\/\/meusitejuridico.com.br\/2023\/11\/06\/cge-pb-auditor-ultimo-dia-de-inscricao\/#primaryimage"},"thumbnailUrl":"https:\/\/meusitejuridico.editorajuspodivm.com.br\/s.meusitejuridico\/2022\/05\/480d9a79-fiscais-verde.png","keywords":["Auditor","CGE\/PB","Concursos P\u00fablicos","FGV","\u00faltimo dia de inscri\u00e7\u00e3o"],"articleSection":["Carreiras Fiscais","Informa\u00e7\u00f5es de Concursos"],"inLanguage":"pt-BR","potentialAction":[{"@type":"CommentAction","name":"Comment","target":["https:\/\/meusitejuridico.com.br\/2023\/11\/06\/cge-pb-auditor-ultimo-dia-de-inscricao\/#respond"]}]},{"@type":"WebPage","@id":"https:\/\/meusitejuridico.com.br\/2023\/11\/06\/cge-pb-auditor-ultimo-dia-de-inscricao\/","url":"https:\/\/meusitejuridico.com.br\/2023\/11\/06\/cge-pb-auditor-ultimo-dia-de-inscricao\/","name":"CGE\/PB - Auditor - \u00daltimo dia de inscri\u00e7\u00e3o - Meu site jur\u00eddico","isPartOf":{"@id":"https:\/\/cdn.meusitejuridico.com.br\/#website"},"primaryImageOfPage":{"@id":"https:\/\/meusitejuridico.com.br\/2023\/11\/06\/cge-pb-auditor-ultimo-dia-de-inscricao\/#primaryimage"},"image":{"@id":"https:\/\/meusitejuridico.com.br\/2023\/11\/06\/cge-pb-auditor-ultimo-dia-de-inscricao\/#primaryimage"},"thumbnailUrl":"https:\/\/meusitejuridico.editorajuspodivm.com.br\/s.meusitejuridico\/2022\/05\/480d9a79-fiscais-verde.png","datePublished":"2023-11-06T13:14:29+00:00","dateModified":"2023-11-06T13:14:30+00:00","description":"Aten\u00e7\u00e3o concurseiros! Hoje \u00e9 o \u00faltimo dia para a realiza\u00e7\u00e3o das inscri\u00e7\u00f5es no\u00a0concurso para o cargo de\u00a0Auditor de Contas P\u00fablicas\u00a0da CGE\/PB.","breadcrumb":{"@id":"https:\/\/meusitejuridico.com.br\/2023\/11\/06\/cge-pb-auditor-ultimo-dia-de-inscricao\/#breadcrumb"},"inLanguage":"pt-BR","potentialAction":[{"@type":"ReadAction","target":["https:\/\/meusitejuridico.com.br\/2023\/11\/06\/cge-pb-auditor-ultimo-dia-de-inscricao\/"]}]},{"@type":"ImageObject","inLanguage":"pt-BR","@id":"https:\/\/meusitejuridico.com.br\/2023\/11\/06\/cge-pb-auditor-ultimo-dia-de-inscricao\/#primaryimage","url":"https:\/\/meusitejuridico.editorajuspodivm.com.br\/s.meusitejuridico\/2022\/05\/480d9a79-fiscais-verde.png","contentUrl":"https:\/\/meusitejuridico.editorajuspodivm.com.br\/s.meusitejuridico\/2022\/05\/480d9a79-fiscais-verde.png","width":1000,"height":667},{"@type":"BreadcrumbList","@id":"https:\/\/meusitejuridico.com.br\/2023\/11\/06\/cge-pb-auditor-ultimo-dia-de-inscricao\/#breadcrumb","itemListElement":[{"@type":"ListItem","position":1,"name":"In\u00edcio","item":"https:\/\/cdn.meusitejuridico.com.br\/"},{"@type":"ListItem","position":2,"name":"CGE\/PB &#8211; Auditor &#8211; \u00daltimo dia de inscri\u00e7\u00e3o"}]},{"@type":"WebSite","@id":"https:\/\/cdn.meusitejuridico.com.br\/#website","url":"https:\/\/cdn.meusitejuridico.com.br\/","name":"Meu site jur\u00eddico","description":"Meu site jur\u00eddico","publisher":{"@id":"https:\/\/cdn.meusitejuridico.com.br\/#organization"},"potentialAction":[{"@type":"SearchAction","target":{"@type":"EntryPoint","urlTemplate":"https:\/\/cdn.meusitejuridico.com.br\/?s={search_term_string}"},"query-input":{"@type":"PropertyValueSpecification","valueRequired":true,"valueName":"search_term_string"}}],"inLanguage":"pt-BR"},{"@type":"Organization","@id":"https:\/\/cdn.meusitejuridico.com.br\/#organization","name":"Meu site jur\u00eddico","url":"https:\/\/cdn.meusitejuridico.com.br\/","logo":{"@type":"ImageObject","inLanguage":"pt-BR","@id":"https:\/\/cdn.meusitejuridico.com.br\/#\/schema\/logo\/image\/","url":"https:\/\/meusitejuridico.editorajuspodivm.com.br\/s.meusitejuridico\/2022\/03\/cropped-baeec2a3-msj-02-01-01.png","contentUrl":"https:\/\/meusitejuridico.editorajuspodivm.com.br\/s.meusitejuridico\/2022\/03\/cropped-baeec2a3-msj-02-01-01.png","width":349,"height":243,"caption":"Meu site jur\u00eddico"},"image":{"@id":"https:\/\/cdn.meusitejuridico.com.br\/#\/schema\/logo\/image\/"}},{"@type":"Person","@id":"https:\/\/cdn.meusitejuridico.com.br\/#\/schema\/person\/5c2237ac0c8ff03bcf1a09fe3e45dfce","name":"Equipe Meu Site Jur\u00eddico","image":{"@type":"ImageObject","inLanguage":"pt-BR","@id":"https:\/\/cdn.meusitejuridico.com.br\/#\/schema\/person\/image\/","url":"https:\/\/meusitejuridico.editorajuspodivm.com.br\/s.meusitejuridico\/2020\/07\/6be289aa-logo-msj.png","contentUrl":"https:\/\/meusitejuridico.editorajuspodivm.com.br\/s.meusitejuridico\/2020\/07\/6be289aa-logo-msj.png","caption":"Equipe Meu Site Jur\u00eddico"},"description":"Contem conosco!","url":"https:\/\/meusitejuridico.editorajuspodivm.com.br\/author\/equipe-meu-site-juridico\/"}]}},"_links":{"self":[{"href":"https:\/\/meusitejuridico.editorajuspodivm.com.br\/api\/wp\/v2\/posts\/19312","targetHints":{"allow":["GET"]}}],"collection":[{"href":"https:\/\/meusitejuridico.editorajuspodivm.com.br\/api\/wp\/v2\/posts"}],"about":[{"href":"https:\/\/meusitejuridico.editorajuspodivm.com.br\/api\/wp\/v2\/types\/post"}],"author":[{"embeddable":true,"href":"https:\/\/meusitejuridico.editorajuspodivm.com.br\/api\/wp\/v2\/users\/7"}],"replies":[{"embeddable":true,"href":"https:\/\/meusitejuridico.editorajuspodivm.com.br\/api\/wp\/v2\/comments?post=19312"}],"version-history":[{"count":2,"href":"https:\/\/meusitejuridico.editorajuspodivm.com.br\/api\/wp\/v2\/posts\/19312\/revisions"}],"predecessor-version":[{"id":19317,"href":"https:\/\/meusitejuridico.editorajuspodivm.com.br\/api\/wp\/v2\/posts\/19312\/revisions\/19317"}],"wp:featuredmedia":[{"embeddable":true,"href":"https:\/\/meusitejuridico.editorajuspodivm.com.br\/api\/wp\/v2\/media\/15723"}],"wp:attachment":[{"href":"https:\/\/meusitejuridico.editorajuspodivm.com.br\/api\/wp\/v2\/media?parent=19312"}],"wp:term":[{"taxonomy":"category","embeddable":true,"href":"https:\/\/meusitejuridico.editorajuspodivm.com.br\/api\/wp\/v2\/categories?post=19312"},{"taxonomy":"post_tag","embeddable":true,"href":"https:\/\/meusitejuridico.editorajuspodivm.com.br\/api\/wp\/v2\/tags?post=19312"}],"curies":[{"name":"wp","href":"https:\/\/api.w.org\/{rel}","templated":true}]}}