{"id":19352,"date":"2023-11-09T12:23:22","date_gmt":"2023-11-09T15:23:22","guid":{"rendered":"https:\/\/meusitejuridico.editorajuspodivm.com.br\/?p=19352"},"modified":"2023-11-09T12:23:23","modified_gmt":"2023-11-09T15:23:23","slug":"banca-definida-vunesp-promotor-mp-ro","status":"publish","type":"post","link":"https:\/\/meusitejuridico.editorajuspodivm.com.br\/2023\/11\/09\/banca-definida-vunesp-promotor-mp-ro\/","title":{"rendered":"Banca Definida: VUNESP &#8211; Promotor &#8211; MP\/RO"},"content":{"rendered":"\n<p>Novidade aos concurseiros!<\/p>\n\n\n\n<p>O <strong>Minist\u00e9rio P\u00fablico do Estado de Rond\u00f4nia <\/strong>j\u00e1 est\u00e1 com banca definida! A <strong>VUNESP<\/strong> ser\u00e1 respons\u00e1vel por organizar o novo certame.&nbsp;<\/p>\n\n\n\n<p>Estima-se que ser\u00e3o ofertadas <strong>5 vagas<\/strong> mais cadastro de reserva, para o cargo de <strong>Promotor<\/strong>, com remunera\u00e7\u00e3o inicial de<strong> R$32.350,31<\/strong>.<\/p>\n\n\n\n<p>Em <strong>2017<\/strong>, no \u00faltimo concurso realizado para contrata\u00e7\u00f5es no \u00f3rg\u00e3o, a realiza\u00e7\u00e3o ficou a cargo da banca <strong>FMP,<\/strong> e <strong>10 vagas<\/strong> foram oferecidas.&nbsp;<\/p>\n\n\n\n<p><\/p>\n\n\n\n<p>Em breve mais informa\u00e7\u00f5es sobre o concurso.&nbsp;<\/p>\n\n\n\n<p><\/p>\n\n\n\n<p><strong>Informa\u00e7\u00f5es do concurso:<\/strong><strong>&nbsp;<\/strong><\/p>\n\n\n\n<figure class=\"wp-block-table is-style-stripes\"><table><tbody><tr><td><strong>Concurso MP\/RO<\/strong><\/td><\/tr><tr><td><strong>Cargo:<\/strong> Promotor.<\/td><\/tr><tr><td><strong>Vagas: <\/strong>5 + CR.<\/td><\/tr><tr><td><strong>Banca:<\/strong> VUNESP.<\/td><\/tr><\/tbody><\/table><\/figure>\n","protected":false},"excerpt":{"rendered":"<p>Novidade aos concurseiros! O Minist\u00e9rio P\u00fablico do Estado de Rond\u00f4nia j\u00e1 est\u00e1 com banca definida! A VUNESP ser\u00e1 respons\u00e1vel por organizar o novo certame.&nbsp; Estima-se que ser\u00e3o ofertadas 5 vagas mais cadastro de reserva, para o cargo de Promotor, com remunera\u00e7\u00e3o inicial de R$32.350,31. Em 2017, no \u00faltimo concurso realizado para contrata\u00e7\u00f5es no \u00f3rg\u00e3o, a [&hellip;]<\/p>\n","protected":false},"author":7,"featured_media":15714,"comment_status":"open","ping_status":"open","sticky":false,"template":"","format":"standard","meta":{"_acf_changed":false,"footnotes":""},"categories":[3847,3846],"tags":[3903,190,4242,3937,3935],"class_list":["post-19352","post","type-post","status-publish","format-standard","has-post-thumbnail","hentry","category-carreiras-juridicas","category-informacao-concursos","tag-banca-definida","tag-concursos-publicos","tag-mp-ro","tag-promotor","tag-vunesp"],"acf":[],"yoast_head":"<!-- This site is optimized with the Yoast SEO plugin v24.8.1 - https:\/\/yoast.com\/wordpress\/plugins\/seo\/ -->\n<title>Banca Definida: VUNESP - Promotor - MP\/RO - Meu site jur\u00eddico<\/title>\n<meta name=\"description\" content=\"O Minist\u00e9rio P\u00fablico do Estado de Rond\u00f4nia j\u00e1 est\u00e1 com banca definida! A VUNESP ser\u00e1 respons\u00e1vel por organizar o novo certame.\u00a0\" \/>\n<meta name=\"robots\" content=\"index, follow, max-snippet:-1, max-image-preview:large, max-video-preview:-1\" \/>\n<link rel=\"canonical\" href=\"https:\/\/meusitejuridico.editorajuspodivm.com.br\/2023\/11\/09\/banca-definida-vunesp-promotor-mp-ro\/\" \/>\n<meta property=\"og:locale\" content=\"pt_BR\" \/>\n<meta property=\"og:type\" content=\"article\" \/>\n<meta property=\"og:title\" content=\"Banca Definida: VUNESP - Promotor - MP\/RO - Meu site jur\u00eddico\" \/>\n<meta property=\"og:description\" content=\"O Minist\u00e9rio P\u00fablico do Estado de Rond\u00f4nia j\u00e1 est\u00e1 com banca definida! A VUNESP ser\u00e1 respons\u00e1vel por organizar o novo certame.\u00a0\" \/>\n<meta property=\"og:url\" content=\"https:\/\/meusitejuridico.editorajuspodivm.com.br\/2023\/11\/09\/banca-definida-vunesp-promotor-mp-ro\/\" \/>\n<meta property=\"og:site_name\" content=\"Meu site jur\u00eddico\" \/>\n<meta property=\"article:published_time\" content=\"2023-11-09T15:23:22+00:00\" \/>\n<meta property=\"article:modified_time\" content=\"2023-11-09T15:23:23+00:00\" \/>\n<meta property=\"og:image\" content=\"https:\/\/meusitejuridico.editorajuspodivm.com.br\/s.meusitejuridico\/2022\/05\/b10739a1-jur-vermelho.png\" \/>\n\t<meta property=\"og:image:width\" content=\"4167\" \/>\n\t<meta property=\"og:image:height\" content=\"2825\" \/>\n\t<meta property=\"og:image:type\" content=\"image\/png\" \/>\n<meta name=\"author\" content=\"Equipe Meu Site Jur\u00eddico\" \/>\n<meta name=\"twitter:card\" content=\"summary_large_image\" \/>\n<meta name=\"twitter:label1\" content=\"Escrito por\" \/>\n\t<meta name=\"twitter:data1\" content=\"Equipe Meu Site Jur\u00eddico\" \/>\n\t<meta name=\"twitter:label2\" content=\"Est. tempo de leitura\" \/>\n\t<meta name=\"twitter:data2\" content=\"1 minuto\" \/>\n<script type=\"application\/ld+json\" class=\"yoast-schema-graph\">{\"@context\":\"https:\/\/schema.org\",\"@graph\":[{\"@type\":\"Article\",\"@id\":\"https:\/\/meusitejuridico.editorajuspodivm.com.br\/2023\/11\/09\/banca-definida-vunesp-promotor-mp-ro\/#article\",\"isPartOf\":{\"@id\":\"https:\/\/meusitejuridico.editorajuspodivm.com.br\/2023\/11\/09\/banca-definida-vunesp-promotor-mp-ro\/\"},\"author\":{\"name\":\"Equipe Meu Site Jur\u00eddico\",\"@id\":\"https:\/\/cdn.meusitejuridico.com.br\/#\/schema\/person\/5c2237ac0c8ff03bcf1a09fe3e45dfce\"},\"headline\":\"Banca Definida: VUNESP &#8211; Promotor &#8211; MP\/RO\",\"datePublished\":\"2023-11-09T15:23:22+00:00\",\"dateModified\":\"2023-11-09T15:23:23+00:00\",\"mainEntityOfPage\":{\"@id\":\"https:\/\/meusitejuridico.editorajuspodivm.com.br\/2023\/11\/09\/banca-definida-vunesp-promotor-mp-ro\/\"},\"wordCount\":106,\"commentCount\":0,\"publisher\":{\"@id\":\"https:\/\/cdn.meusitejuridico.com.br\/#organization\"},\"image\":{\"@id\":\"https:\/\/meusitejuridico.editorajuspodivm.com.br\/2023\/11\/09\/banca-definida-vunesp-promotor-mp-ro\/#primaryimage\"},\"thumbnailUrl\":\"https:\/\/meusitejuridico.editorajuspodivm.com.br\/s.meusitejuridico\/2022\/05\/b10739a1-jur-vermelho.png\",\"keywords\":[\"Banca Definida\",\"Concursos P\u00fablicos\",\"MP\/RO\",\"Promotor\",\"Vunesp\"],\"articleSection\":[\"Carreiras Jur\u00eddicas\",\"Informa\u00e7\u00f5es de Concursos\"],\"inLanguage\":\"pt-BR\",\"potentialAction\":[{\"@type\":\"CommentAction\",\"name\":\"Comment\",\"target\":[\"https:\/\/meusitejuridico.editorajuspodivm.com.br\/2023\/11\/09\/banca-definida-vunesp-promotor-mp-ro\/#respond\"]}]},{\"@type\":\"WebPage\",\"@id\":\"https:\/\/meusitejuridico.editorajuspodivm.com.br\/2023\/11\/09\/banca-definida-vunesp-promotor-mp-ro\/\",\"url\":\"https:\/\/meusitejuridico.editorajuspodivm.com.br\/2023\/11\/09\/banca-definida-vunesp-promotor-mp-ro\/\",\"name\":\"Banca Definida: VUNESP - Promotor - MP\/RO - Meu site jur\u00eddico\",\"isPartOf\":{\"@id\":\"https:\/\/cdn.meusitejuridico.com.br\/#website\"},\"primaryImageOfPage\":{\"@id\":\"https:\/\/meusitejuridico.editorajuspodivm.com.br\/2023\/11\/09\/banca-definida-vunesp-promotor-mp-ro\/#primaryimage\"},\"image\":{\"@id\":\"https:\/\/meusitejuridico.editorajuspodivm.com.br\/2023\/11\/09\/banca-definida-vunesp-promotor-mp-ro\/#primaryimage\"},\"thumbnailUrl\":\"https:\/\/meusitejuridico.editorajuspodivm.com.br\/s.meusitejuridico\/2022\/05\/b10739a1-jur-vermelho.png\",\"datePublished\":\"2023-11-09T15:23:22+00:00\",\"dateModified\":\"2023-11-09T15:23:23+00:00\",\"description\":\"O Minist\u00e9rio P\u00fablico do Estado de Rond\u00f4nia j\u00e1 est\u00e1 com banca definida! A VUNESP ser\u00e1 respons\u00e1vel por organizar o novo certame.\u00a0\",\"breadcrumb\":{\"@id\":\"https:\/\/meusitejuridico.editorajuspodivm.com.br\/2023\/11\/09\/banca-definida-vunesp-promotor-mp-ro\/#breadcrumb\"},\"inLanguage\":\"pt-BR\",\"potentialAction\":[{\"@type\":\"ReadAction\",\"target\":[\"https:\/\/meusitejuridico.editorajuspodivm.com.br\/2023\/11\/09\/banca-definida-vunesp-promotor-mp-ro\/\"]}]},{\"@type\":\"ImageObject\",\"inLanguage\":\"pt-BR\",\"@id\":\"https:\/\/meusitejuridico.editorajuspodivm.com.br\/2023\/11\/09\/banca-definida-vunesp-promotor-mp-ro\/#primaryimage\",\"url\":\"https:\/\/meusitejuridico.editorajuspodivm.com.br\/s.meusitejuridico\/2022\/05\/b10739a1-jur-vermelho.png\",\"contentUrl\":\"https:\/\/meusitejuridico.editorajuspodivm.com.br\/s.meusitejuridico\/2022\/05\/b10739a1-jur-vermelho.png\",\"width\":4167,\"height\":2825},{\"@type\":\"BreadcrumbList\",\"@id\":\"https:\/\/meusitejuridico.editorajuspodivm.com.br\/2023\/11\/09\/banca-definida-vunesp-promotor-mp-ro\/#breadcrumb\",\"itemListElement\":[{\"@type\":\"ListItem\",\"position\":1,\"name\":\"In\u00edcio\",\"item\":\"https:\/\/cdn.meusitejuridico.com.br\/\"},{\"@type\":\"ListItem\",\"position\":2,\"name\":\"Banca Definida: VUNESP &#8211; Promotor &#8211; MP\/RO\"}]},{\"@type\":\"WebSite\",\"@id\":\"https:\/\/cdn.meusitejuridico.com.br\/#website\",\"url\":\"https:\/\/cdn.meusitejuridico.com.br\/\",\"name\":\"Meu site jur\u00eddico\",\"description\":\"Meu site jur\u00eddico\",\"publisher\":{\"@id\":\"https:\/\/cdn.meusitejuridico.com.br\/#organization\"},\"potentialAction\":[{\"@type\":\"SearchAction\",\"target\":{\"@type\":\"EntryPoint\",\"urlTemplate\":\"https:\/\/cdn.meusitejuridico.com.br\/?s={search_term_string}\"},\"query-input\":{\"@type\":\"PropertyValueSpecification\",\"valueRequired\":true,\"valueName\":\"search_term_string\"}}],\"inLanguage\":\"pt-BR\"},{\"@type\":\"Organization\",\"@id\":\"https:\/\/cdn.meusitejuridico.com.br\/#organization\",\"name\":\"Meu site jur\u00eddico\",\"url\":\"https:\/\/cdn.meusitejuridico.com.br\/\",\"logo\":{\"@type\":\"ImageObject\",\"inLanguage\":\"pt-BR\",\"@id\":\"https:\/\/cdn.meusitejuridico.com.br\/#\/schema\/logo\/image\/\",\"url\":\"https:\/\/meusitejuridico.editorajuspodivm.com.br\/s.meusitejuridico\/2022\/03\/cropped-baeec2a3-msj-02-01-01.png\",\"contentUrl\":\"https:\/\/meusitejuridico.editorajuspodivm.com.br\/s.meusitejuridico\/2022\/03\/cropped-baeec2a3-msj-02-01-01.png\",\"width\":349,\"height\":243,\"caption\":\"Meu site jur\u00eddico\"},\"image\":{\"@id\":\"https:\/\/cdn.meusitejuridico.com.br\/#\/schema\/logo\/image\/\"}},{\"@type\":\"Person\",\"@id\":\"https:\/\/cdn.meusitejuridico.com.br\/#\/schema\/person\/5c2237ac0c8ff03bcf1a09fe3e45dfce\",\"name\":\"Equipe Meu Site Jur\u00eddico\",\"image\":{\"@type\":\"ImageObject\",\"inLanguage\":\"pt-BR\",\"@id\":\"https:\/\/cdn.meusitejuridico.com.br\/#\/schema\/person\/image\/\",\"url\":\"https:\/\/meusitejuridico.editorajuspodivm.com.br\/s.meusitejuridico\/2020\/07\/6be289aa-logo-msj.png\",\"contentUrl\":\"https:\/\/meusitejuridico.editorajuspodivm.com.br\/s.meusitejuridico\/2020\/07\/6be289aa-logo-msj.png\",\"caption\":\"Equipe Meu Site Jur\u00eddico\"},\"description\":\"Contem conosco!\",\"url\":\"https:\/\/meusitejuridico.editorajuspodivm.com.br\/author\/equipe-meu-site-juridico\/\"}]}<\/script>\n<!-- \/ Yoast SEO plugin. -->","yoast_head_json":{"title":"Banca Definida: VUNESP - Promotor - MP\/RO - Meu site jur\u00eddico","description":"O Minist\u00e9rio P\u00fablico do Estado de Rond\u00f4nia j\u00e1 est\u00e1 com banca definida! A VUNESP ser\u00e1 respons\u00e1vel por organizar o novo certame.\u00a0","robots":{"index":"index","follow":"follow","max-snippet":"max-snippet:-1","max-image-preview":"max-image-preview:large","max-video-preview":"max-video-preview:-1"},"canonical":"https:\/\/meusitejuridico.editorajuspodivm.com.br\/2023\/11\/09\/banca-definida-vunesp-promotor-mp-ro\/","og_locale":"pt_BR","og_type":"article","og_title":"Banca Definida: VUNESP - Promotor - MP\/RO - Meu site jur\u00eddico","og_description":"O Minist\u00e9rio P\u00fablico do Estado de Rond\u00f4nia j\u00e1 est\u00e1 com banca definida! A VUNESP ser\u00e1 respons\u00e1vel por organizar o novo certame.\u00a0","og_url":"https:\/\/meusitejuridico.editorajuspodivm.com.br\/2023\/11\/09\/banca-definida-vunesp-promotor-mp-ro\/","og_site_name":"Meu site jur\u00eddico","article_published_time":"2023-11-09T15:23:22+00:00","article_modified_time":"2023-11-09T15:23:23+00:00","og_image":[{"width":4167,"height":2825,"url":"https:\/\/meusitejuridico.editorajuspodivm.com.br\/s.meusitejuridico\/2022\/05\/b10739a1-jur-vermelho.png","type":"image\/png"}],"author":"Equipe Meu Site Jur\u00eddico","twitter_card":"summary_large_image","twitter_misc":{"Escrito por":"Equipe Meu Site Jur\u00eddico","Est. tempo de leitura":"1 minuto"},"schema":{"@context":"https:\/\/schema.org","@graph":[{"@type":"Article","@id":"https:\/\/meusitejuridico.editorajuspodivm.com.br\/2023\/11\/09\/banca-definida-vunesp-promotor-mp-ro\/#article","isPartOf":{"@id":"https:\/\/meusitejuridico.editorajuspodivm.com.br\/2023\/11\/09\/banca-definida-vunesp-promotor-mp-ro\/"},"author":{"name":"Equipe Meu Site Jur\u00eddico","@id":"https:\/\/cdn.meusitejuridico.com.br\/#\/schema\/person\/5c2237ac0c8ff03bcf1a09fe3e45dfce"},"headline":"Banca Definida: VUNESP &#8211; Promotor &#8211; MP\/RO","datePublished":"2023-11-09T15:23:22+00:00","dateModified":"2023-11-09T15:23:23+00:00","mainEntityOfPage":{"@id":"https:\/\/meusitejuridico.editorajuspodivm.com.br\/2023\/11\/09\/banca-definida-vunesp-promotor-mp-ro\/"},"wordCount":106,"commentCount":0,"publisher":{"@id":"https:\/\/cdn.meusitejuridico.com.br\/#organization"},"image":{"@id":"https:\/\/meusitejuridico.editorajuspodivm.com.br\/2023\/11\/09\/banca-definida-vunesp-promotor-mp-ro\/#primaryimage"},"thumbnailUrl":"https:\/\/meusitejuridico.editorajuspodivm.com.br\/s.meusitejuridico\/2022\/05\/b10739a1-jur-vermelho.png","keywords":["Banca Definida","Concursos P\u00fablicos","MP\/RO","Promotor","Vunesp"],"articleSection":["Carreiras Jur\u00eddicas","Informa\u00e7\u00f5es de Concursos"],"inLanguage":"pt-BR","potentialAction":[{"@type":"CommentAction","name":"Comment","target":["https:\/\/meusitejuridico.editorajuspodivm.com.br\/2023\/11\/09\/banca-definida-vunesp-promotor-mp-ro\/#respond"]}]},{"@type":"WebPage","@id":"https:\/\/meusitejuridico.editorajuspodivm.com.br\/2023\/11\/09\/banca-definida-vunesp-promotor-mp-ro\/","url":"https:\/\/meusitejuridico.editorajuspodivm.com.br\/2023\/11\/09\/banca-definida-vunesp-promotor-mp-ro\/","name":"Banca Definida: VUNESP - Promotor - MP\/RO - Meu site jur\u00eddico","isPartOf":{"@id":"https:\/\/cdn.meusitejuridico.com.br\/#website"},"primaryImageOfPage":{"@id":"https:\/\/meusitejuridico.editorajuspodivm.com.br\/2023\/11\/09\/banca-definida-vunesp-promotor-mp-ro\/#primaryimage"},"image":{"@id":"https:\/\/meusitejuridico.editorajuspodivm.com.br\/2023\/11\/09\/banca-definida-vunesp-promotor-mp-ro\/#primaryimage"},"thumbnailUrl":"https:\/\/meusitejuridico.editorajuspodivm.com.br\/s.meusitejuridico\/2022\/05\/b10739a1-jur-vermelho.png","datePublished":"2023-11-09T15:23:22+00:00","dateModified":"2023-11-09T15:23:23+00:00","description":"O Minist\u00e9rio P\u00fablico do Estado de Rond\u00f4nia j\u00e1 est\u00e1 com banca definida! A VUNESP ser\u00e1 respons\u00e1vel por organizar o novo certame.\u00a0","breadcrumb":{"@id":"https:\/\/meusitejuridico.editorajuspodivm.com.br\/2023\/11\/09\/banca-definida-vunesp-promotor-mp-ro\/#breadcrumb"},"inLanguage":"pt-BR","potentialAction":[{"@type":"ReadAction","target":["https:\/\/meusitejuridico.editorajuspodivm.com.br\/2023\/11\/09\/banca-definida-vunesp-promotor-mp-ro\/"]}]},{"@type":"ImageObject","inLanguage":"pt-BR","@id":"https:\/\/meusitejuridico.editorajuspodivm.com.br\/2023\/11\/09\/banca-definida-vunesp-promotor-mp-ro\/#primaryimage","url":"https:\/\/meusitejuridico.editorajuspodivm.com.br\/s.meusitejuridico\/2022\/05\/b10739a1-jur-vermelho.png","contentUrl":"https:\/\/meusitejuridico.editorajuspodivm.com.br\/s.meusitejuridico\/2022\/05\/b10739a1-jur-vermelho.png","width":4167,"height":2825},{"@type":"BreadcrumbList","@id":"https:\/\/meusitejuridico.editorajuspodivm.com.br\/2023\/11\/09\/banca-definida-vunesp-promotor-mp-ro\/#breadcrumb","itemListElement":[{"@type":"ListItem","position":1,"name":"In\u00edcio","item":"https:\/\/cdn.meusitejuridico.com.br\/"},{"@type":"ListItem","position":2,"name":"Banca Definida: VUNESP &#8211; Promotor &#8211; MP\/RO"}]},{"@type":"WebSite","@id":"https:\/\/cdn.meusitejuridico.com.br\/#website","url":"https:\/\/cdn.meusitejuridico.com.br\/","name":"Meu site jur\u00eddico","description":"Meu site jur\u00eddico","publisher":{"@id":"https:\/\/cdn.meusitejuridico.com.br\/#organization"},"potentialAction":[{"@type":"SearchAction","target":{"@type":"EntryPoint","urlTemplate":"https:\/\/cdn.meusitejuridico.com.br\/?s={search_term_string}"},"query-input":{"@type":"PropertyValueSpecification","valueRequired":true,"valueName":"search_term_string"}}],"inLanguage":"pt-BR"},{"@type":"Organization","@id":"https:\/\/cdn.meusitejuridico.com.br\/#organization","name":"Meu site jur\u00eddico","url":"https:\/\/cdn.meusitejuridico.com.br\/","logo":{"@type":"ImageObject","inLanguage":"pt-BR","@id":"https:\/\/cdn.meusitejuridico.com.br\/#\/schema\/logo\/image\/","url":"https:\/\/meusitejuridico.editorajuspodivm.com.br\/s.meusitejuridico\/2022\/03\/cropped-baeec2a3-msj-02-01-01.png","contentUrl":"https:\/\/meusitejuridico.editorajuspodivm.com.br\/s.meusitejuridico\/2022\/03\/cropped-baeec2a3-msj-02-01-01.png","width":349,"height":243,"caption":"Meu site jur\u00eddico"},"image":{"@id":"https:\/\/cdn.meusitejuridico.com.br\/#\/schema\/logo\/image\/"}},{"@type":"Person","@id":"https:\/\/cdn.meusitejuridico.com.br\/#\/schema\/person\/5c2237ac0c8ff03bcf1a09fe3e45dfce","name":"Equipe Meu Site Jur\u00eddico","image":{"@type":"ImageObject","inLanguage":"pt-BR","@id":"https:\/\/cdn.meusitejuridico.com.br\/#\/schema\/person\/image\/","url":"https:\/\/meusitejuridico.editorajuspodivm.com.br\/s.meusitejuridico\/2020\/07\/6be289aa-logo-msj.png","contentUrl":"https:\/\/meusitejuridico.editorajuspodivm.com.br\/s.meusitejuridico\/2020\/07\/6be289aa-logo-msj.png","caption":"Equipe Meu Site Jur\u00eddico"},"description":"Contem conosco!","url":"https:\/\/meusitejuridico.editorajuspodivm.com.br\/author\/equipe-meu-site-juridico\/"}]}},"_links":{"self":[{"href":"https:\/\/meusitejuridico.editorajuspodivm.com.br\/api\/wp\/v2\/posts\/19352","targetHints":{"allow":["GET"]}}],"collection":[{"href":"https:\/\/meusitejuridico.editorajuspodivm.com.br\/api\/wp\/v2\/posts"}],"about":[{"href":"https:\/\/meusitejuridico.editorajuspodivm.com.br\/api\/wp\/v2\/types\/post"}],"author":[{"embeddable":true,"href":"https:\/\/meusitejuridico.editorajuspodivm.com.br\/api\/wp\/v2\/users\/7"}],"replies":[{"embeddable":true,"href":"https:\/\/meusitejuridico.editorajuspodivm.com.br\/api\/wp\/v2\/comments?post=19352"}],"version-history":[{"count":2,"href":"https:\/\/meusitejuridico.editorajuspodivm.com.br\/api\/wp\/v2\/posts\/19352\/revisions"}],"predecessor-version":[{"id":19361,"href":"https:\/\/meusitejuridico.editorajuspodivm.com.br\/api\/wp\/v2\/posts\/19352\/revisions\/19361"}],"wp:featuredmedia":[{"embeddable":true,"href":"https:\/\/meusitejuridico.editorajuspodivm.com.br\/api\/wp\/v2\/media\/15714"}],"wp:attachment":[{"href":"https:\/\/meusitejuridico.editorajuspodivm.com.br\/api\/wp\/v2\/media?parent=19352"}],"wp:term":[{"taxonomy":"category","embeddable":true,"href":"https:\/\/meusitejuridico.editorajuspodivm.com.br\/api\/wp\/v2\/categories?post=19352"},{"taxonomy":"post_tag","embeddable":true,"href":"https:\/\/meusitejuridico.editorajuspodivm.com.br\/api\/wp\/v2\/tags?post=19352"}],"curies":[{"name":"wp","href":"https:\/\/api.w.org\/{rel}","templated":true}]}}