{"id":19655,"date":"2023-12-18T08:48:49","date_gmt":"2023-12-18T11:48:49","guid":{"rendered":"https:\/\/meusitejuridico.editorajuspodivm.com.br\/?p=19655"},"modified":"2023-12-18T08:48:50","modified_gmt":"2023-12-18T11:48:50","slug":"principais-decisoes-do-stj-e-do-stf-divulgadas-na-semana-periodo-de-4-a-8-12-2023","status":"publish","type":"post","link":"https:\/\/meusitejuridico.editorajuspodivm.com.br\/2023\/12\/18\/principais-decisoes-do-stj-e-do-stf-divulgadas-na-semana-periodo-de-4-a-8-12-2023\/","title":{"rendered":"Principais decis\u00f5es do STJ e do STF divulgadas na semana &#8211; per\u00edodo de 4 a 8\/12\/2023"},"content":{"rendered":"\n<p><strong>STJ<\/strong><strong><\/strong><\/p>\n\n\n\n<p>&#8211; O reconhecimento da prescri\u00e7\u00e3o intercorrente n\u00e3o permite a condena\u00e7\u00e3o da parte exequente a pagar honor\u00e1rios advocat\u00edcios de sucumb\u00eancia, ainda que ela tenha resistido \u00e0 extin\u00e7\u00e3o da execu\u00e7\u00e3o &#8211; <strong>EAREsp 1.854.589\/PR<\/strong>, Corte Especial.<\/p>\n\n\n\n<p>&#8211; A restitui\u00e7\u00e3o imediata e integral do bem furtado n\u00e3o constitui, por si s\u00f3, motivo suficiente para a incid\u00eancia do princ\u00edpio da insignific\u00e2ncia \u2013 <strong>REsp 2.062.375\/AL<\/strong>, 3\u00aa Se\u00e7\u00e3o.<\/p>\n\n\n\n<p>&#8211; Os planos de sa\u00fade podem ser obrigados a ressarcir o Sistema \u00danico de Sa\u00fade (SUS) quando a rede p\u00fablica tratar pessoas que tenham assist\u00eancia m\u00e9dica privada, inclusive quando o procedimento foi garantido por ordem judicial. Ao analisar o Tema 345, o STF entendeu que \u00e9 constitucional o ressarcimento previsto no art. 32 da Lei 9.656\/98, o qual \u00e9 aplic\u00e1vel aos procedimentos m\u00e9dicos, hospitalares ou ambulatoriais custeados pelo SUS e posteriores a 1.9.1998, assegurados o contradit\u00f3rio e a ampla defesa, no \u00e2mbito administrativo, em todos os marcos jur\u00eddicos. N\u00e3o h\u00e1 como excluir, das hip\u00f3teses de ressarcimento, os casos em que o atendimento (do segurado de plano particular) pelo SUS \u00e9 determinado por ordem judicial, sob pena de &#8220;culminar com o patroc\u00ednio estatal da atividade privada&#8221; (STF, RE 597.064\/RJ) \u2013 <strong>REsp 1.945.959 \/RS<\/strong>, 1\u00aa Turma.<\/p>\n\n\n\n<p>&#8211; As operadoras de planos de sa\u00fade t\u00eam a obriga\u00e7\u00e3o de custear as cirurgias de transgenitaliza\u00e7\u00e3o e de pl\u00e1stica mam\u00e1ria com implanta\u00e7\u00e3o de pr\u00f3teses para mulheres transexuais. No processo transexualizador, a cirurgia pl\u00e1stica mam\u00e1ria reconstrutiva bilateral incluindo pr\u00f3tese mam\u00e1ria de silicone \u00e9 procedimento que, muito antes de melhorar a apar\u00eancia, visa \u00e0 afirma\u00e7\u00e3o do pr\u00f3prio g\u00eanero, inclu\u00edda no conceito de sa\u00fade integral do ser humano, enquanto medida de preven\u00e7\u00e3o ao adoecimento decorrente do sofrimento causado pela incongru\u00eancia de g\u00eanero, pelo preconceito e pelo estigma social vivido por quem experiencia a inadequa\u00e7\u00e3o de um corpo masculino \u00e0 sua identidade feminina \u2013 <strong>REsp 2.097.812\/MG<\/strong>, 3\u00aa Turma.<\/p>\n\n\n\n<p>&#8211; Deve ser afastada a intempestividade do recurso quando a parte foi induzida a erro por indica\u00e7\u00e3o err\u00f4nea da data final do prazo no sistema eletr\u00f4nico do Tribunal \u2013 <strong>processo em segredo judicial<\/strong>, 3\u00aa Turma.<\/p>\n\n\n\n<p>&#8211; Nos contratos de seguro de vida em grupo, diante da necessidade de interpreta\u00e7\u00e3o restritiva das cl\u00e1usulas do seguro, \u00e9 invi\u00e1vel a equipara\u00e7\u00e3o entre doen\u00e7a profissional e acidente de trabalho, para recebimento de indeniza\u00e7\u00e3o securit\u00e1ria, notadamente quando h\u00e1 exclus\u00e3o de cobertura da invalidez parcial por doen\u00e7a laboral. Portanto, \u00e9 v\u00e1lida a cl\u00e1usula de seguro de vida que fixou que as doen\u00e7as profissionais n\u00e3o se incluem no conceito de acidente pessoal \u2013 <strong>AgInt no AREsp 2.317.112\/CE<\/strong>, 4\u00aa Turma.<\/p>\n\n\n\n<p>&#8211; A falta de aviso ao investigado sobre o seu direito de ficar em sil\u00eancio, durante a fase do inqu\u00e9rito policial, s\u00f3 gera nulidade se for demonstrado que isso causou efetivo preju\u00edzo \u00e0 defesa \u2013 <strong>HC 798.225\/RS<\/strong>, 5\u00aa Turma.<\/p>\n\n\n\n<p>&#8211; As decis\u00f5es proferidas pelos Tribunais Superiores n\u00e3o foram contempladas como causas interruptivas da prescri\u00e7\u00e3o, mas apenas as decis\u00f5es proferidas pelas inst\u00e2ncias ordin\u00e1rias \u2013 <strong>HC 826.977\/SP<\/strong>, 5\u00aa Turma.<\/p>\n\n\n\n<p>&#8211; Na lei de abuso de autoridade, o cumprimento do mandado de busca entre as 21h e 5h da manh\u00e3 foi criminalizado, mas isso n\u00e3o significa que em outros hor\u00e1rios a incurs\u00e3o \u00e9 plenamente l\u00edcita. Continua sendo ilegal e sujeito \u00e0 san\u00e7\u00e3o de nulidade, embora n\u00e3o configure crime de abuso de autoridade, cumprir mandado durante a noite, mesmo que fora do per\u00edodo de 21h as 5h da manh\u00e3 \u2013 <strong>RHC 168.319\/SP<\/strong>, 6\u00aa Turma. <strong><u>Obs.:<\/u><\/strong> no caso analisado, a c\u00e2mera de seguran\u00e7a do im\u00f3vel registrou o hor\u00e1rio de ingresso em domic\u00edlio \u00e0s 5h25, mas na cidade onde ocorreu o cumprimento, o sol nascera \u00e0s 7h04, 90 minutos ap\u00f3s a dilig\u00eancia, por isso, foi considerada il\u00edcita a busca realizada.<\/p>\n\n\n\n<p><strong>STF<\/strong><strong><\/strong><\/p>\n\n\n\n<p><strong>&#8211; N\u00e3o ofendem a Constitui\u00e7\u00e3o da Rep\u00fablica os <\/strong>dispositivos de lei federal que autorizam o corregedor-geral da Justi\u00e7a declarar a inexist\u00eancia e cancelar a matr\u00edcula e o registro de im\u00f3vel rural.&nbsp; O procedimento administrativo de retifica\u00e7\u00e3o e cancelamento de matr\u00edculas respeita as exig\u00eancias constitucionais da ampla defesa, do contradit\u00f3rio e do devido processo legal. O corregedor-geral somente cancelar\u00e1 o registro diante de provas irrefut\u00e1veis e, ap\u00f3s esse ato, o interessado \u00e9 avisado e poder\u00e1 ingressar com a\u00e7\u00e3o anulat\u00f3ria \u2013 <strong>ADPF 1056\/DF<\/strong>, Pleno.<\/p>\n\n\n\n<p>&#8211; S\u00e3o inconstitucionais normas estaduais que adotem o tempo de servi\u00e7o p\u00fablico como um dos crit\u00e9rios para defini\u00e7\u00e3o da antiguidade de ju\u00edzes, pois de acordo com o artigo 93 da Constitui\u00e7\u00e3o Federal, somente lei complementar de iniciativa do Supremo pode dispor sobre o Estatuto da Magistratura \u2013 <strong>ADI 5.377\/MG<\/strong> e <strong>ADI 6.778\/AP<\/strong>, Plen\u00e1rio.<\/p>\n\n\n\n<p>&#8211; \u00c9 inconstitucional lei municipal que estabelece a obriga\u00e7\u00e3o da implanta\u00e7\u00e3o, nos shopping centers, de ambulat\u00f3rio m\u00e9dico ou servi\u00e7o de pronto-socorro equipado para o atendimento de emerg\u00eancia &#8211; <strong>RE&nbsp;833.291\/SP<\/strong>, Pleno, Tema 1051.<\/p>\n\n\n\n<p>&#8211; N\u00e3o existe v\u00ednculo de emprego entre motorista e a plataforma ou empresa de aplicativo de mobilidade \u2013 <strong>Rcl&nbsp;60.347\/MG<\/strong>, 1\u00aa Turma.<\/p>\n\n\n\n<p>___________________________<\/p>\n\n\n\n<p><strong>Telegram<\/strong>:<strong>&nbsp;<\/strong><a href=\"https:\/\/t.me\/pilulasjuridicasSTFSTJ\" target=\"_blank\" rel=\"noreferrer noopener\"><strong>https:\/\/t.me\/pilulasjuridicasSTFSTJ<\/strong><\/a><strong>&nbsp;| Instagram: @rodrigocrleite<\/strong><\/p>\n","protected":false},"excerpt":{"rendered":"<p>STJ &#8211; O reconhecimento da prescri\u00e7\u00e3o intercorrente n\u00e3o permite a condena\u00e7\u00e3o da parte exequente a pagar honor\u00e1rios advocat\u00edcios de sucumb\u00eancia, ainda que ela tenha resistido \u00e0 extin\u00e7\u00e3o da execu\u00e7\u00e3o &#8211; EAREsp 1.854.589\/PR, Corte Especial. &#8211; A restitui\u00e7\u00e3o imediata e integral do bem furtado n\u00e3o constitui, por si s\u00f3, motivo suficiente para a incid\u00eancia do princ\u00edpio [&hellip;]<\/p>\n","protected":false},"author":131,"featured_media":10800,"comment_status":"open","ping_status":"open","sticky":false,"template":"","format":"standard","meta":{"_acf_changed":false,"footnotes":""},"categories":[75],"tags":[],"class_list":["post-19655","post","type-post","status-publish","format-standard","has-post-thumbnail","hentry","category-jurisprudencia-comentada"],"acf":[],"yoast_head":"<!-- This site is optimized with the Yoast SEO plugin v24.8.1 - https:\/\/yoast.com\/wordpress\/plugins\/seo\/ -->\n<title>Principais decis\u00f5es do STJ e do STF divulgadas na semana - per\u00edodo de 4 a 8\/12\/2023 - Meu site jur\u00eddico<\/title>\n<meta name=\"robots\" content=\"index, follow, max-snippet:-1, max-image-preview:large, max-video-preview:-1\" \/>\n<link rel=\"canonical\" href=\"https:\/\/meusitejuridico.editorajuspodivm.com.br\/2023\/12\/18\/principais-decisoes-do-stj-e-do-stf-divulgadas-na-semana-periodo-de-4-a-8-12-2023\/\" \/>\n<meta property=\"og:locale\" content=\"pt_BR\" \/>\n<meta property=\"og:type\" content=\"article\" \/>\n<meta property=\"og:title\" content=\"Principais decis\u00f5es do STJ e do STF divulgadas na semana - per\u00edodo de 4 a 8\/12\/2023 - Meu site jur\u00eddico\" \/>\n<meta property=\"og:description\" content=\"STJ &#8211; O reconhecimento da prescri\u00e7\u00e3o intercorrente n\u00e3o permite a condena\u00e7\u00e3o da parte exequente a pagar honor\u00e1rios advocat\u00edcios de sucumb\u00eancia, ainda que ela tenha resistido \u00e0 extin\u00e7\u00e3o da execu\u00e7\u00e3o &#8211; EAREsp 1.854.589\/PR, Corte Especial. &#8211; A restitui\u00e7\u00e3o imediata e integral do bem furtado n\u00e3o constitui, por si s\u00f3, motivo suficiente para a incid\u00eancia do princ\u00edpio [&hellip;]\" \/>\n<meta property=\"og:url\" content=\"https:\/\/meusitejuridico.editorajuspodivm.com.br\/2023\/12\/18\/principais-decisoes-do-stj-e-do-stf-divulgadas-na-semana-periodo-de-4-a-8-12-2023\/\" \/>\n<meta property=\"og:site_name\" content=\"Meu site jur\u00eddico\" \/>\n<meta property=\"article:published_time\" content=\"2023-12-18T11:48:49+00:00\" \/>\n<meta property=\"article:modified_time\" content=\"2023-12-18T11:48:50+00:00\" \/>\n<meta property=\"og:image\" content=\"https:\/\/meusitejuridico.editorajuspodivm.com.br\/s.meusitejuridico\/2020\/04\/58319af2-shutterstock-376319674.jpg\" \/>\n\t<meta property=\"og:image:width\" content=\"1000\" \/>\n\t<meta property=\"og:image:height\" content=\"667\" \/>\n\t<meta property=\"og:image:type\" content=\"image\/jpeg\" \/>\n<meta name=\"author\" content=\"Rodrigo Leite\" \/>\n<meta name=\"twitter:card\" content=\"summary_large_image\" \/>\n<meta name=\"twitter:creator\" content=\"@rodrigocrleite\" \/>\n<meta name=\"twitter:label1\" content=\"Escrito por\" \/>\n\t<meta name=\"twitter:data1\" content=\"Rodrigo Leite\" \/>\n\t<meta name=\"twitter:label2\" content=\"Est. tempo de leitura\" \/>\n\t<meta name=\"twitter:data2\" content=\"4 minutos\" \/>\n<script type=\"application\/ld+json\" class=\"yoast-schema-graph\">{\"@context\":\"https:\/\/schema.org\",\"@graph\":[{\"@type\":\"Article\",\"@id\":\"https:\/\/meusitejuridico.editorajuspodivm.com.br\/2023\/12\/18\/principais-decisoes-do-stj-e-do-stf-divulgadas-na-semana-periodo-de-4-a-8-12-2023\/#article\",\"isPartOf\":{\"@id\":\"https:\/\/meusitejuridico.editorajuspodivm.com.br\/2023\/12\/18\/principais-decisoes-do-stj-e-do-stf-divulgadas-na-semana-periodo-de-4-a-8-12-2023\/\"},\"author\":{\"name\":\"Rodrigo Leite\",\"@id\":\"https:\/\/cdn.meusitejuridico.com.br\/#\/schema\/person\/ae56313f17950dccef13d0989efd6d50\"},\"headline\":\"Principais decis\u00f5es do STJ e do STF divulgadas na semana &#8211; per\u00edodo de 4 a 8\/12\/2023\",\"datePublished\":\"2023-12-18T11:48:49+00:00\",\"dateModified\":\"2023-12-18T11:48:50+00:00\",\"mainEntityOfPage\":{\"@id\":\"https:\/\/meusitejuridico.editorajuspodivm.com.br\/2023\/12\/18\/principais-decisoes-do-stj-e-do-stf-divulgadas-na-semana-periodo-de-4-a-8-12-2023\/\"},\"wordCount\":892,\"commentCount\":0,\"publisher\":{\"@id\":\"https:\/\/cdn.meusitejuridico.com.br\/#organization\"},\"image\":{\"@id\":\"https:\/\/meusitejuridico.editorajuspodivm.com.br\/2023\/12\/18\/principais-decisoes-do-stj-e-do-stf-divulgadas-na-semana-periodo-de-4-a-8-12-2023\/#primaryimage\"},\"thumbnailUrl\":\"https:\/\/meusitejuridico.editorajuspodivm.com.br\/s.meusitejuridico\/2020\/04\/58319af2-shutterstock-376319674.jpg\",\"articleSection\":[\"Jurisprud\u00eancia\"],\"inLanguage\":\"pt-BR\",\"potentialAction\":[{\"@type\":\"CommentAction\",\"name\":\"Comment\",\"target\":[\"https:\/\/meusitejuridico.editorajuspodivm.com.br\/2023\/12\/18\/principais-decisoes-do-stj-e-do-stf-divulgadas-na-semana-periodo-de-4-a-8-12-2023\/#respond\"]}]},{\"@type\":\"WebPage\",\"@id\":\"https:\/\/meusitejuridico.editorajuspodivm.com.br\/2023\/12\/18\/principais-decisoes-do-stj-e-do-stf-divulgadas-na-semana-periodo-de-4-a-8-12-2023\/\",\"url\":\"https:\/\/meusitejuridico.editorajuspodivm.com.br\/2023\/12\/18\/principais-decisoes-do-stj-e-do-stf-divulgadas-na-semana-periodo-de-4-a-8-12-2023\/\",\"name\":\"Principais decis\u00f5es do STJ e do STF divulgadas na semana - per\u00edodo de 4 a 8\/12\/2023 - Meu site jur\u00eddico\",\"isPartOf\":{\"@id\":\"https:\/\/cdn.meusitejuridico.com.br\/#website\"},\"primaryImageOfPage\":{\"@id\":\"https:\/\/meusitejuridico.editorajuspodivm.com.br\/2023\/12\/18\/principais-decisoes-do-stj-e-do-stf-divulgadas-na-semana-periodo-de-4-a-8-12-2023\/#primaryimage\"},\"image\":{\"@id\":\"https:\/\/meusitejuridico.editorajuspodivm.com.br\/2023\/12\/18\/principais-decisoes-do-stj-e-do-stf-divulgadas-na-semana-periodo-de-4-a-8-12-2023\/#primaryimage\"},\"thumbnailUrl\":\"https:\/\/meusitejuridico.editorajuspodivm.com.br\/s.meusitejuridico\/2020\/04\/58319af2-shutterstock-376319674.jpg\",\"datePublished\":\"2023-12-18T11:48:49+00:00\",\"dateModified\":\"2023-12-18T11:48:50+00:00\",\"breadcrumb\":{\"@id\":\"https:\/\/meusitejuridico.editorajuspodivm.com.br\/2023\/12\/18\/principais-decisoes-do-stj-e-do-stf-divulgadas-na-semana-periodo-de-4-a-8-12-2023\/#breadcrumb\"},\"inLanguage\":\"pt-BR\",\"potentialAction\":[{\"@type\":\"ReadAction\",\"target\":[\"https:\/\/meusitejuridico.editorajuspodivm.com.br\/2023\/12\/18\/principais-decisoes-do-stj-e-do-stf-divulgadas-na-semana-periodo-de-4-a-8-12-2023\/\"]}]},{\"@type\":\"ImageObject\",\"inLanguage\":\"pt-BR\",\"@id\":\"https:\/\/meusitejuridico.editorajuspodivm.com.br\/2023\/12\/18\/principais-decisoes-do-stj-e-do-stf-divulgadas-na-semana-periodo-de-4-a-8-12-2023\/#primaryimage\",\"url\":\"https:\/\/meusitejuridico.editorajuspodivm.com.br\/s.meusitejuridico\/2020\/04\/58319af2-shutterstock-376319674.jpg\",\"contentUrl\":\"https:\/\/meusitejuridico.editorajuspodivm.com.br\/s.meusitejuridico\/2020\/04\/58319af2-shutterstock-376319674.jpg\",\"width\":1000,\"height\":667},{\"@type\":\"BreadcrumbList\",\"@id\":\"https:\/\/meusitejuridico.editorajuspodivm.com.br\/2023\/12\/18\/principais-decisoes-do-stj-e-do-stf-divulgadas-na-semana-periodo-de-4-a-8-12-2023\/#breadcrumb\",\"itemListElement\":[{\"@type\":\"ListItem\",\"position\":1,\"name\":\"In\u00edcio\",\"item\":\"https:\/\/cdn.meusitejuridico.com.br\/\"},{\"@type\":\"ListItem\",\"position\":2,\"name\":\"Principais decis\u00f5es do STJ e do STF divulgadas na semana &#8211; per\u00edodo de 4 a 8\/12\/2023\"}]},{\"@type\":\"WebSite\",\"@id\":\"https:\/\/cdn.meusitejuridico.com.br\/#website\",\"url\":\"https:\/\/cdn.meusitejuridico.com.br\/\",\"name\":\"Meu site jur\u00eddico\",\"description\":\"Meu site jur\u00eddico\",\"publisher\":{\"@id\":\"https:\/\/cdn.meusitejuridico.com.br\/#organization\"},\"potentialAction\":[{\"@type\":\"SearchAction\",\"target\":{\"@type\":\"EntryPoint\",\"urlTemplate\":\"https:\/\/cdn.meusitejuridico.com.br\/?s={search_term_string}\"},\"query-input\":{\"@type\":\"PropertyValueSpecification\",\"valueRequired\":true,\"valueName\":\"search_term_string\"}}],\"inLanguage\":\"pt-BR\"},{\"@type\":\"Organization\",\"@id\":\"https:\/\/cdn.meusitejuridico.com.br\/#organization\",\"name\":\"Meu site jur\u00eddico\",\"url\":\"https:\/\/cdn.meusitejuridico.com.br\/\",\"logo\":{\"@type\":\"ImageObject\",\"inLanguage\":\"pt-BR\",\"@id\":\"https:\/\/cdn.meusitejuridico.com.br\/#\/schema\/logo\/image\/\",\"url\":\"https:\/\/meusitejuridico.editorajuspodivm.com.br\/s.meusitejuridico\/2022\/03\/cropped-baeec2a3-msj-02-01-01.png\",\"contentUrl\":\"https:\/\/meusitejuridico.editorajuspodivm.com.br\/s.meusitejuridico\/2022\/03\/cropped-baeec2a3-msj-02-01-01.png\",\"width\":349,\"height\":243,\"caption\":\"Meu site jur\u00eddico\"},\"image\":{\"@id\":\"https:\/\/cdn.meusitejuridico.com.br\/#\/schema\/logo\/image\/\"}},{\"@type\":\"Person\",\"@id\":\"https:\/\/cdn.meusitejuridico.com.br\/#\/schema\/person\/ae56313f17950dccef13d0989efd6d50\",\"name\":\"Rodrigo Leite\",\"image\":{\"@type\":\"ImageObject\",\"inLanguage\":\"pt-BR\",\"@id\":\"https:\/\/cdn.meusitejuridico.com.br\/#\/schema\/person\/image\/\",\"url\":\"https:\/\/meusitejuridico.editorajuspodivm.com.br\/s.meusitejuridico\/2021\/05\/8455192b-foto-site-rodrigo-leite-150x150.jpeg\",\"contentUrl\":\"https:\/\/meusitejuridico.editorajuspodivm.com.br\/s.meusitejuridico\/2021\/05\/8455192b-foto-site-rodrigo-leite-150x150.jpeg\",\"caption\":\"Rodrigo Leite\"},\"description\":\"Coautor do livro \u201cAn\u00e1lise das Diverg\u00eancias Jurisprudenciais no STF e STJ\u201d, Editora Juspodivm. Autor do livro \u201cTombamento \u2013 Vol. 36 \u2013 Cole\u00e7\u00e3o Leis Especiais para Concursos\u201d, Editora Juspodivm. Autor do livro \u201cDesapropria\u00e7\u00e3o \u2013 Vol. 39 \u2013 Cole\u00e7\u00e3o Especiais para Concursos\u201d, Editora Juspodivm. Coautor do livro \u201cSaberes Jurisprudenciais\u201d, Editora Saraiva. Coorganizador do livro \u201cCPC na Jurisprud\u00eancia\\\", Editora Foco. Especialista em Direito P\u00fablico e Direito Processual Civil. Mestre em Direito Constitucional. Professor da P\u00f3s-gradua\u00e7\u00e3o em Direito Civil da Rede Anhaguera-Kroton. M\u00e1ster Universit\u00e1rio em Direito Constitucional pela Universidad Del Pa\u00eds Vasco, San Sebasti\u00e1n, Espanha. Advogado licenciado. Analista Judici\u00e1rio do TJRN. Assessor de Desembargador do TJRN.\",\"sameAs\":[\"https:\/\/www.editorajuspodivm.com.br\/autores\/detalhe\/85\",\"https:\/\/www.instagram.com\/rodrigocrleite\/\",\"https:\/\/x.com\/rodrigocrleite\"],\"url\":\"https:\/\/meusitejuridico.editorajuspodivm.com.br\/author\/rodrigoleiterodrigoleite\/\"}]}<\/script>\n<!-- \/ Yoast SEO plugin. -->","yoast_head_json":{"title":"Principais decis\u00f5es do STJ e do STF divulgadas na semana - per\u00edodo de 4 a 8\/12\/2023 - Meu site jur\u00eddico","robots":{"index":"index","follow":"follow","max-snippet":"max-snippet:-1","max-image-preview":"max-image-preview:large","max-video-preview":"max-video-preview:-1"},"canonical":"https:\/\/meusitejuridico.editorajuspodivm.com.br\/2023\/12\/18\/principais-decisoes-do-stj-e-do-stf-divulgadas-na-semana-periodo-de-4-a-8-12-2023\/","og_locale":"pt_BR","og_type":"article","og_title":"Principais decis\u00f5es do STJ e do STF divulgadas na semana - per\u00edodo de 4 a 8\/12\/2023 - Meu site jur\u00eddico","og_description":"STJ &#8211; O reconhecimento da prescri\u00e7\u00e3o intercorrente n\u00e3o permite a condena\u00e7\u00e3o da parte exequente a pagar honor\u00e1rios advocat\u00edcios de sucumb\u00eancia, ainda que ela tenha resistido \u00e0 extin\u00e7\u00e3o da execu\u00e7\u00e3o &#8211; EAREsp 1.854.589\/PR, Corte Especial. &#8211; A restitui\u00e7\u00e3o imediata e integral do bem furtado n\u00e3o constitui, por si s\u00f3, motivo suficiente para a incid\u00eancia do princ\u00edpio [&hellip;]","og_url":"https:\/\/meusitejuridico.editorajuspodivm.com.br\/2023\/12\/18\/principais-decisoes-do-stj-e-do-stf-divulgadas-na-semana-periodo-de-4-a-8-12-2023\/","og_site_name":"Meu site jur\u00eddico","article_published_time":"2023-12-18T11:48:49+00:00","article_modified_time":"2023-12-18T11:48:50+00:00","og_image":[{"width":1000,"height":667,"url":"https:\/\/meusitejuridico.editorajuspodivm.com.br\/s.meusitejuridico\/2020\/04\/58319af2-shutterstock-376319674.jpg","type":"image\/jpeg"}],"author":"Rodrigo Leite","twitter_card":"summary_large_image","twitter_creator":"@rodrigocrleite","twitter_misc":{"Escrito por":"Rodrigo Leite","Est. tempo de leitura":"4 minutos"},"schema":{"@context":"https:\/\/schema.org","@graph":[{"@type":"Article","@id":"https:\/\/meusitejuridico.editorajuspodivm.com.br\/2023\/12\/18\/principais-decisoes-do-stj-e-do-stf-divulgadas-na-semana-periodo-de-4-a-8-12-2023\/#article","isPartOf":{"@id":"https:\/\/meusitejuridico.editorajuspodivm.com.br\/2023\/12\/18\/principais-decisoes-do-stj-e-do-stf-divulgadas-na-semana-periodo-de-4-a-8-12-2023\/"},"author":{"name":"Rodrigo Leite","@id":"https:\/\/cdn.meusitejuridico.com.br\/#\/schema\/person\/ae56313f17950dccef13d0989efd6d50"},"headline":"Principais decis\u00f5es do STJ e do STF divulgadas na semana &#8211; per\u00edodo de 4 a 8\/12\/2023","datePublished":"2023-12-18T11:48:49+00:00","dateModified":"2023-12-18T11:48:50+00:00","mainEntityOfPage":{"@id":"https:\/\/meusitejuridico.editorajuspodivm.com.br\/2023\/12\/18\/principais-decisoes-do-stj-e-do-stf-divulgadas-na-semana-periodo-de-4-a-8-12-2023\/"},"wordCount":892,"commentCount":0,"publisher":{"@id":"https:\/\/cdn.meusitejuridico.com.br\/#organization"},"image":{"@id":"https:\/\/meusitejuridico.editorajuspodivm.com.br\/2023\/12\/18\/principais-decisoes-do-stj-e-do-stf-divulgadas-na-semana-periodo-de-4-a-8-12-2023\/#primaryimage"},"thumbnailUrl":"https:\/\/meusitejuridico.editorajuspodivm.com.br\/s.meusitejuridico\/2020\/04\/58319af2-shutterstock-376319674.jpg","articleSection":["Jurisprud\u00eancia"],"inLanguage":"pt-BR","potentialAction":[{"@type":"CommentAction","name":"Comment","target":["https:\/\/meusitejuridico.editorajuspodivm.com.br\/2023\/12\/18\/principais-decisoes-do-stj-e-do-stf-divulgadas-na-semana-periodo-de-4-a-8-12-2023\/#respond"]}]},{"@type":"WebPage","@id":"https:\/\/meusitejuridico.editorajuspodivm.com.br\/2023\/12\/18\/principais-decisoes-do-stj-e-do-stf-divulgadas-na-semana-periodo-de-4-a-8-12-2023\/","url":"https:\/\/meusitejuridico.editorajuspodivm.com.br\/2023\/12\/18\/principais-decisoes-do-stj-e-do-stf-divulgadas-na-semana-periodo-de-4-a-8-12-2023\/","name":"Principais decis\u00f5es do STJ e do STF divulgadas na semana - per\u00edodo de 4 a 8\/12\/2023 - Meu site jur\u00eddico","isPartOf":{"@id":"https:\/\/cdn.meusitejuridico.com.br\/#website"},"primaryImageOfPage":{"@id":"https:\/\/meusitejuridico.editorajuspodivm.com.br\/2023\/12\/18\/principais-decisoes-do-stj-e-do-stf-divulgadas-na-semana-periodo-de-4-a-8-12-2023\/#primaryimage"},"image":{"@id":"https:\/\/meusitejuridico.editorajuspodivm.com.br\/2023\/12\/18\/principais-decisoes-do-stj-e-do-stf-divulgadas-na-semana-periodo-de-4-a-8-12-2023\/#primaryimage"},"thumbnailUrl":"https:\/\/meusitejuridico.editorajuspodivm.com.br\/s.meusitejuridico\/2020\/04\/58319af2-shutterstock-376319674.jpg","datePublished":"2023-12-18T11:48:49+00:00","dateModified":"2023-12-18T11:48:50+00:00","breadcrumb":{"@id":"https:\/\/meusitejuridico.editorajuspodivm.com.br\/2023\/12\/18\/principais-decisoes-do-stj-e-do-stf-divulgadas-na-semana-periodo-de-4-a-8-12-2023\/#breadcrumb"},"inLanguage":"pt-BR","potentialAction":[{"@type":"ReadAction","target":["https:\/\/meusitejuridico.editorajuspodivm.com.br\/2023\/12\/18\/principais-decisoes-do-stj-e-do-stf-divulgadas-na-semana-periodo-de-4-a-8-12-2023\/"]}]},{"@type":"ImageObject","inLanguage":"pt-BR","@id":"https:\/\/meusitejuridico.editorajuspodivm.com.br\/2023\/12\/18\/principais-decisoes-do-stj-e-do-stf-divulgadas-na-semana-periodo-de-4-a-8-12-2023\/#primaryimage","url":"https:\/\/meusitejuridico.editorajuspodivm.com.br\/s.meusitejuridico\/2020\/04\/58319af2-shutterstock-376319674.jpg","contentUrl":"https:\/\/meusitejuridico.editorajuspodivm.com.br\/s.meusitejuridico\/2020\/04\/58319af2-shutterstock-376319674.jpg","width":1000,"height":667},{"@type":"BreadcrumbList","@id":"https:\/\/meusitejuridico.editorajuspodivm.com.br\/2023\/12\/18\/principais-decisoes-do-stj-e-do-stf-divulgadas-na-semana-periodo-de-4-a-8-12-2023\/#breadcrumb","itemListElement":[{"@type":"ListItem","position":1,"name":"In\u00edcio","item":"https:\/\/cdn.meusitejuridico.com.br\/"},{"@type":"ListItem","position":2,"name":"Principais decis\u00f5es do STJ e do STF divulgadas na semana &#8211; per\u00edodo de 4 a 8\/12\/2023"}]},{"@type":"WebSite","@id":"https:\/\/cdn.meusitejuridico.com.br\/#website","url":"https:\/\/cdn.meusitejuridico.com.br\/","name":"Meu site jur\u00eddico","description":"Meu site jur\u00eddico","publisher":{"@id":"https:\/\/cdn.meusitejuridico.com.br\/#organization"},"potentialAction":[{"@type":"SearchAction","target":{"@type":"EntryPoint","urlTemplate":"https:\/\/cdn.meusitejuridico.com.br\/?s={search_term_string}"},"query-input":{"@type":"PropertyValueSpecification","valueRequired":true,"valueName":"search_term_string"}}],"inLanguage":"pt-BR"},{"@type":"Organization","@id":"https:\/\/cdn.meusitejuridico.com.br\/#organization","name":"Meu site jur\u00eddico","url":"https:\/\/cdn.meusitejuridico.com.br\/","logo":{"@type":"ImageObject","inLanguage":"pt-BR","@id":"https:\/\/cdn.meusitejuridico.com.br\/#\/schema\/logo\/image\/","url":"https:\/\/meusitejuridico.editorajuspodivm.com.br\/s.meusitejuridico\/2022\/03\/cropped-baeec2a3-msj-02-01-01.png","contentUrl":"https:\/\/meusitejuridico.editorajuspodivm.com.br\/s.meusitejuridico\/2022\/03\/cropped-baeec2a3-msj-02-01-01.png","width":349,"height":243,"caption":"Meu site jur\u00eddico"},"image":{"@id":"https:\/\/cdn.meusitejuridico.com.br\/#\/schema\/logo\/image\/"}},{"@type":"Person","@id":"https:\/\/cdn.meusitejuridico.com.br\/#\/schema\/person\/ae56313f17950dccef13d0989efd6d50","name":"Rodrigo Leite","image":{"@type":"ImageObject","inLanguage":"pt-BR","@id":"https:\/\/cdn.meusitejuridico.com.br\/#\/schema\/person\/image\/","url":"https:\/\/meusitejuridico.editorajuspodivm.com.br\/s.meusitejuridico\/2021\/05\/8455192b-foto-site-rodrigo-leite-150x150.jpeg","contentUrl":"https:\/\/meusitejuridico.editorajuspodivm.com.br\/s.meusitejuridico\/2021\/05\/8455192b-foto-site-rodrigo-leite-150x150.jpeg","caption":"Rodrigo Leite"},"description":"Coautor do livro \u201cAn\u00e1lise das Diverg\u00eancias Jurisprudenciais no STF e STJ\u201d, Editora Juspodivm. Autor do livro \u201cTombamento \u2013 Vol. 36 \u2013 Cole\u00e7\u00e3o Leis Especiais para Concursos\u201d, Editora Juspodivm. Autor do livro \u201cDesapropria\u00e7\u00e3o \u2013 Vol. 39 \u2013 Cole\u00e7\u00e3o Especiais para Concursos\u201d, Editora Juspodivm. Coautor do livro \u201cSaberes Jurisprudenciais\u201d, Editora Saraiva. Coorganizador do livro \u201cCPC na Jurisprud\u00eancia\", Editora Foco. Especialista em Direito P\u00fablico e Direito Processual Civil. Mestre em Direito Constitucional. Professor da P\u00f3s-gradua\u00e7\u00e3o em Direito Civil da Rede Anhaguera-Kroton. M\u00e1ster Universit\u00e1rio em Direito Constitucional pela Universidad Del Pa\u00eds Vasco, San Sebasti\u00e1n, Espanha. Advogado licenciado. Analista Judici\u00e1rio do TJRN. Assessor de Desembargador do TJRN.","sameAs":["https:\/\/www.editorajuspodivm.com.br\/autores\/detalhe\/85","https:\/\/www.instagram.com\/rodrigocrleite\/","https:\/\/x.com\/rodrigocrleite"],"url":"https:\/\/meusitejuridico.editorajuspodivm.com.br\/author\/rodrigoleiterodrigoleite\/"}]}},"_links":{"self":[{"href":"https:\/\/meusitejuridico.editorajuspodivm.com.br\/api\/wp\/v2\/posts\/19655","targetHints":{"allow":["GET"]}}],"collection":[{"href":"https:\/\/meusitejuridico.editorajuspodivm.com.br\/api\/wp\/v2\/posts"}],"about":[{"href":"https:\/\/meusitejuridico.editorajuspodivm.com.br\/api\/wp\/v2\/types\/post"}],"author":[{"embeddable":true,"href":"https:\/\/meusitejuridico.editorajuspodivm.com.br\/api\/wp\/v2\/users\/131"}],"replies":[{"embeddable":true,"href":"https:\/\/meusitejuridico.editorajuspodivm.com.br\/api\/wp\/v2\/comments?post=19655"}],"version-history":[{"count":1,"href":"https:\/\/meusitejuridico.editorajuspodivm.com.br\/api\/wp\/v2\/posts\/19655\/revisions"}],"predecessor-version":[{"id":19656,"href":"https:\/\/meusitejuridico.editorajuspodivm.com.br\/api\/wp\/v2\/posts\/19655\/revisions\/19656"}],"wp:featuredmedia":[{"embeddable":true,"href":"https:\/\/meusitejuridico.editorajuspodivm.com.br\/api\/wp\/v2\/media\/10800"}],"wp:attachment":[{"href":"https:\/\/meusitejuridico.editorajuspodivm.com.br\/api\/wp\/v2\/media?parent=19655"}],"wp:term":[{"taxonomy":"category","embeddable":true,"href":"https:\/\/meusitejuridico.editorajuspodivm.com.br\/api\/wp\/v2\/categories?post=19655"},{"taxonomy":"post_tag","embeddable":true,"href":"https:\/\/meusitejuridico.editorajuspodivm.com.br\/api\/wp\/v2\/tags?post=19655"}],"curies":[{"name":"wp","href":"https:\/\/api.w.org\/{rel}","templated":true}]}}