{"id":23735,"date":"2026-01-30T13:13:59","date_gmt":"2026-01-30T16:13:59","guid":{"rendered":"https:\/\/meusitejuridico.editorajuspodivm.com.br\/?p=23735"},"modified":"2026-01-30T13:14:00","modified_gmt":"2026-01-30T16:14:00","slug":"a-ilegalidade-da-experessao-revogam-se-as-disposicoes-em-contrario","status":"publish","type":"post","link":"https:\/\/meusitejuridico.editorajuspodivm.com.br\/2026\/01\/30\/a-ilegalidade-da-experessao-revogam-se-as-disposicoes-em-contrario\/","title":{"rendered":"A (i)legalidade da experess\u00e3o \u201crevogam-se as disposi\u00e7\u00f5es em contr\u00e1rio.\u201d"},"content":{"rendered":"\n<p class=\"has-text-align-center\"><em>Os atos normativos, geralmente cont\u00eam o dispositivo \u201crevogam-se as disposi\u00e7\u00f5es em contr\u00e1rio.\u201d \u00c9 legal a utiliza\u00e7\u00e3o dessa express\u00e3o? \u00c9 necess\u00e1ria?<\/em><\/p>\n\n\n\n<p>Trata-se de artigo cient\u00edfico que busca debater a necessidade e legalidade da utiliza\u00e7\u00e3o nos atos normativos em geral do termo \u201c<em>revogam-se as disposi\u00e7\u00f5es em contr\u00e1rio\u201d. <\/em>Aqui iremos discorrer sobre o que diz a legisla\u00e7\u00e3o sobre tal situa\u00e7\u00e3o, o que diz a regulamenta\u00e7\u00e3o dos atos normativos e o que diz a boa t\u00e9cnica legislativa.<\/p>\n\n\n\n<p>Antes de adentrar a legalidade da cl\u00e1usula em debate, insta ressaltar que o princ\u00edpio da precis\u00e3o que se aplica a t\u00e9cnica legislativa exige que os atos normativos sejam redigidos de forma precisa, objetiva e juridicamente segura, permitindo a correta aplica\u00e7\u00e3o e compreens\u00e3o por parte dos destinat\u00e1rios da norma.<\/p>\n\n\n\n<p>Nesse contexto, diante da necessidade de indica\u00e7\u00e3o de forma precisa, para que n\u00e3o haja d\u00favidas a respeito da revoga\u00e7\u00e3o de determinada norma, de acordo com o princ\u00edpio da precis\u00e3o n\u00e3o se admite a utiliza\u00e7\u00e3o da cl\u00e1usula em debate.<\/p>\n\n\n\n<p>A respeito da legalidade da cl\u00e1usula, o art. 9\u00ba da Lei Complementar n\u00ba 95\/98 prev\u00ea o seguinte: \u201c<em>A cl\u00e1usula de revoga\u00e7\u00e3o dever\u00e1 enumerar, expressamente, as leis ou disposi\u00e7\u00f5es legais revogadas.<\/em>\u201d Sendo assim, verifica-se que a previs\u00e3o de revoga\u00e7\u00e3o de leis ou dispositivos dever\u00e1 ser de forma expressa n\u00e3o se admitindo a citada express\u00e3o.<\/p>\n\n\n\n<p>Acerca da aplica\u00e7\u00e3o da Lei Complementar n\u00ba 95\/98, conforme j\u00e1 tivemos a oportunidade de nos manifestar, trata-se de norma de natureza nacional,<a id=\"_ftnref1\" href=\"#_ftn1\">[1]<\/a> ou seja, que se aplica a todos os entes federativos. Sobre os atos normativos que incide as regras estabelecidas na Lei Complementar n\u00ba 95\/98, o Par\u00e1grafo \u00fanico do art. 1\u00ba prev\u00ea que suas disposi\u00e7\u00f5es se aplicam aos atos normativos estabelecidos no art. 59 da Constitui\u00e7\u00e3o e, no que couber, aos decretos e demais atos de regulamenta\u00e7\u00e3o expedidos por \u00f3rg\u00e3os do Poder Executivo.<\/p>\n\n\n\n<p>Na mesma linha, o artigo 15 do Decreto n\u00ba 12.002\/2024, que estabelece normas para elabora\u00e7\u00e3o, reda\u00e7\u00e3o, altera\u00e7\u00e3o e consolida\u00e7\u00e3o de atos normativos, sobre a previs\u00e3o de cl\u00e1usula de revoga\u00e7\u00e3o prev\u00ea o seguinte:<\/p>\n\n\n\n<h2 class=\"wp-block-heading\"><strong>Cl\u00e1usula de revoga\u00e7\u00e3o<\/strong><\/h2>\n\n\n\n<blockquote class=\"wp-block-quote is-layout-flow wp-block-quote-is-layout-flow\">\n<p>Art. 15.&nbsp; A cl\u00e1usula de revoga\u00e7\u00e3o relacionar\u00e1, de forma expressa, todas as disposi\u00e7\u00f5es que ser\u00e3o revogadas.<\/p>\n\n\n\n<p>\u00a7 1\u00ba A express\u00e3o \u201crevogam-se as disposi\u00e7\u00f5es em contr\u00e1rio\u201d n\u00e3o ser\u00e1 usada.<\/p>\n\n\n\n<p>\u00a7 2\u00ba Na hip\u00f3tese de revoga\u00e7\u00e3o de ato normativo alterado por norma posterior, a revoga\u00e7\u00e3o expressa incluir\u00e1 os dispositivos constantes da norma alteradora.<\/p>\n\n\n\n<p>\u00a7 3\u00ba A cl\u00e1usula de revoga\u00e7\u00e3o ser\u00e1 subdividida em incisos, al\u00edneas, itens e subitens quando se tratar de:<\/p>\n\n\n\n<p>I &#8211; mais de um ato normativo; ou<\/p>\n\n\n\n<p>II &#8211; dispositivos n\u00e3o sucessivos do mesmo ato normativo.<\/p>\n<\/blockquote>\n\n\n\n<p>Assim, na mesma linha da art. 9\u00ba da Lei Complementar n\u00ba 95\/98, o art. 15 do Decreto n\u00ba 12.002\/2024 determina que os dispositivos de revoga\u00e7\u00e3o de outras normas ou dispositivo seja redigidos de forma expressa, motivo pelo qual n\u00e3o dever\u00e1 ser utilizada a frase sob an\u00e1lise. O Decreto vai al\u00e9m e afirma categoricamente no \u00a7 1\u00ba que n\u00e3o dever\u00e1 ser utilizada a citada express\u00e3o.<\/p>\n\n\n\n<p>Dessa forma, conclui-se que tanto da interpreta\u00e7\u00e3o da Lei Complementar n\u00ba 95\/98, quanto da expressa previs\u00e3o do Decreto n\u00ba 12.002\/2024, n\u00e3o dever\u00e1 ser utilizada nos atos normativos a express\u00e3o \u201c<em>revogam-se as disposi\u00e7\u00f5es em contr\u00e1rio.<\/em>\u201d<\/p>\n\n\n\n<p>Ademais, ainda sobre a desnecessidade da utiliza\u00e7\u00e3o da mencionada express\u00e3o, os \u00a7\u00a7 1\u00ba e 2\u00ba do art. 2\u00ba da Lei de Introdu\u00e7\u00e3o \u00e0s Normas de Direito Brasileiro \u2013 LINDB, Decreto-Lei n\u00ba 4.657\/1942, preveem respectivamente o seguinte: \u201c<em>A lei posterior revoga a anterior quando expressamente o declare, quando seja com ela incompat\u00edvel ou quando regule inteiramente a mat\u00e9ria de que tratava a lei anterior.<\/em>\u201d e \u201c<em>A lei nova, que estabele\u00e7a disposi\u00e7\u00f5es gerais ou especiais a par das j\u00e1 existentes, n\u00e3o revoga nem modifica a lei anterior.<\/em>\u201d<\/p>\n\n\n\n<p>Com efeito, al\u00e9m da inviabilidade de utiliza\u00e7\u00e3o da express\u00e3o, vale esclarecer que diante da previs\u00e3o da LINDB a norma posterior revoga a norma anterior de forma autom\u00e1tica quando seja com ela incompat\u00edvel ou quando regule inteiramente a mat\u00e9ria de que tratava a norma anterior. Tamb\u00e9m, cumpre destacar o crit\u00e9rio da especialidade na resolu\u00e7\u00e3o das antinomias (art. 2\u00ba, \u00a7 2\u00ba da LINDB), que ser\u00e1 esclarecido adiante. Sendo assim, constata-se a desnecessidade da utiliza\u00e7\u00e3o da express\u00e3o em an\u00e1lise.<\/p>\n\n\n\n<p>Insta registrar que em caso de antinomia, ou seja, o conflito entre duas normas em um caso pr\u00e1tico, poder\u00e1 ser utilizado os crit\u00e9rios de solu\u00e7\u00e3o das antinomias: hier\u00e1rquico, cronol\u00f3gico ou da especialidade.<\/p>\n\n\n\n<p>Segundo o crit\u00e9rio hier\u00e1rquico norma superior revoga norma inferior. Por exemplo, a promulga\u00e7\u00e3o de lei contr\u00e1ria a decreto, aquela revoga esse.<\/p>\n\n\n\n<p>De acordo com o crit\u00e9rio cronol\u00f3gico, a regra estabelecida no \u00a7 1\u00ba do art. 2\u00ba da LINDB, lei posterior revoga lei anterior.<\/p>\n\n\n\n<p>Por fim, o crit\u00e9rio da especialidade, previsto no \u00a7 2\u00ba do art. 2\u00ba da LINDB, a norma nova que estabele\u00e7a disposi\u00e7\u00f5es gerais ou especiais a par das j\u00e1 existentes, n\u00e3o revoga nem altera a norma anterior. Por outro lado, se a nova norma estabelece nova norma geral em detrimento de norma geral preexistente, aplica-se o crit\u00e9rio cronol\u00f3gico, ou seja, a norma posterior revoga norma anterior.<\/p>\n\n\n\n<p>Diante do exposto, conclui-se pela ilegalidade e desnecessidade da utiliza\u00e7\u00e3o da express\u00e3o \u201c<em>revogam-se as disposi\u00e7\u00f5es em contr\u00e1rio<\/em>\u201d nos atos normativos em geral, tendo em vista o princ\u00edpio da precis\u00e3o que dever\u00e1 ser observado na t\u00e9cnica legislativa, o que disp\u00f5e o art. 9\u00ba da Lei Complementar n\u00ba 95\/98, os \u00a7\u00a7 1\u00ba e 2\u00ba do art. 2\u00ba da LINDB, o art. 15 do Decreto n\u00ba 12.002\/2024 e, tamb\u00e9m, considerando a possibilidade de utiliza\u00e7\u00e3o dos crit\u00e9rios hier\u00e1rquico, cronol\u00f3gico e da especialidade para a &nbsp;solu\u00e7\u00e3o das antinomias.<\/p>\n\n\n\n<hr class=\"wp-block-separator has-alpha-channel-opacity\" \/>\n\n\n\n<p><a href=\"#_ftnref1\" id=\"_ftn1\">[1]<\/a> PEREIRA, Diogo Esteves. A natureza da Lei Complementar 95\/98. Dispon\u00edvel em: <a href=\"https:\/\/www.migalhas.com.br\/depeso\/420136\/a-natureza-da-lei-complementar-95-98\">https:\/\/www.migalhas.com.br\/depeso\/420136\/a-natureza-da-lei-complementar-95-98<\/a> Acessado 10dez2024.<\/p>\n","protected":false},"excerpt":{"rendered":"<p>Os atos normativos, geralmente cont\u00eam o dispositivo \u201crevogam-se as disposi\u00e7\u00f5es em contr\u00e1rio.\u201d \u00c9 legal a utiliza\u00e7\u00e3o dessa express\u00e3o? \u00c9 necess\u00e1ria? Trata-se de artigo cient\u00edfico que busca debater a necessidade e legalidade da utiliza\u00e7\u00e3o nos atos normativos em geral do termo \u201crevogam-se as disposi\u00e7\u00f5es em contr\u00e1rio\u201d. Aqui iremos discorrer sobre o que diz a legisla\u00e7\u00e3o sobre [&hellip;]<\/p>\n","protected":false},"author":255,"featured_media":23728,"comment_status":"open","ping_status":"open","sticky":false,"template":"","format":"standard","meta":{"_acf_changed":false,"footnotes":""},"categories":[1],"tags":[],"class_list":["post-23735","post","type-post","status-publish","format-standard","has-post-thumbnail","hentry","category-artigos"],"acf":[],"yoast_head":"<!-- This site is optimized with the Yoast SEO plugin v24.8.1 - https:\/\/yoast.com\/wordpress\/plugins\/seo\/ -->\n<title>A (i)legalidade da experess\u00e3o \u201crevogam-se as disposi\u00e7\u00f5es em contr\u00e1rio.\u201d - Meu site jur\u00eddico<\/title>\n<meta name=\"description\" content=\"Os atos normativos, geralmente cont\u00eam o dispositivo \u201crevogam-se as disposi\u00e7\u00f5es em contr\u00e1rio.\u201d \u00c9 legal a utiliza\u00e7\u00e3o dessa express\u00e3o? \u00c9 necess\u00e1ria?\" \/>\n<meta name=\"robots\" content=\"index, follow, max-snippet:-1, max-image-preview:large, max-video-preview:-1\" \/>\n<link rel=\"canonical\" href=\"https:\/\/meusitejuridico.editorajuspodivm.com.br\/2026\/01\/30\/a-ilegalidade-da-experessao-revogam-se-as-disposicoes-em-contrario\/\" \/>\n<meta property=\"og:locale\" content=\"pt_BR\" \/>\n<meta property=\"og:type\" content=\"article\" \/>\n<meta property=\"og:title\" content=\"A (i)legalidade da experess\u00e3o \u201crevogam-se as disposi\u00e7\u00f5es em contr\u00e1rio.\u201d - Meu site jur\u00eddico\" \/>\n<meta property=\"og:description\" content=\"Os atos normativos, geralmente cont\u00eam o dispositivo \u201crevogam-se as disposi\u00e7\u00f5es em contr\u00e1rio.\u201d \u00c9 legal a utiliza\u00e7\u00e3o dessa express\u00e3o? \u00c9 necess\u00e1ria?\" \/>\n<meta property=\"og:url\" content=\"https:\/\/meusitejuridico.editorajuspodivm.com.br\/2026\/01\/30\/a-ilegalidade-da-experessao-revogam-se-as-disposicoes-em-contrario\/\" \/>\n<meta property=\"og:site_name\" content=\"Meu site jur\u00eddico\" \/>\n<meta property=\"article:published_time\" content=\"2026-01-30T16:13:59+00:00\" \/>\n<meta property=\"article:modified_time\" content=\"2026-01-30T16:14:00+00:00\" \/>\n<meta property=\"og:image\" content=\"https:\/\/meusitejuridico.editorajuspodivm.com.br\/s.meusitejuridico\/2026\/01\/Capa-JUS4633-Pereira-Manual-Legistica-1ed.jpg\" \/>\n\t<meta property=\"og:image:width\" content=\"2560\" \/>\n\t<meta property=\"og:image:height\" content=\"1575\" \/>\n\t<meta property=\"og:image:type\" content=\"image\/jpeg\" \/>\n<meta name=\"author\" content=\"Diogo Esteves Pereira\" \/>\n<meta name=\"twitter:card\" content=\"summary_large_image\" \/>\n<meta name=\"twitter:label1\" content=\"Escrito por\" \/>\n\t<meta name=\"twitter:data1\" content=\"Diogo Esteves Pereira\" \/>\n\t<meta name=\"twitter:label2\" content=\"Est. tempo de leitura\" \/>\n\t<meta name=\"twitter:data2\" content=\"5 minutos\" \/>\n<script type=\"application\/ld+json\" class=\"yoast-schema-graph\">{\"@context\":\"https:\/\/schema.org\",\"@graph\":[{\"@type\":\"Article\",\"@id\":\"https:\/\/meusitejuridico.editorajuspodivm.com.br\/2026\/01\/30\/a-ilegalidade-da-experessao-revogam-se-as-disposicoes-em-contrario\/#article\",\"isPartOf\":{\"@id\":\"https:\/\/meusitejuridico.editorajuspodivm.com.br\/2026\/01\/30\/a-ilegalidade-da-experessao-revogam-se-as-disposicoes-em-contrario\/\"},\"author\":{\"name\":\"Diogo Esteves Pereira\",\"@id\":\"https:\/\/cdn.meusitejuridico.com.br\/#\/schema\/person\/d9e22ecdf8c4914b833fd18b8c6ce2dd\"},\"headline\":\"A (i)legalidade da experess\u00e3o \u201crevogam-se as disposi\u00e7\u00f5es em contr\u00e1rio.\u201d\",\"datePublished\":\"2026-01-30T16:13:59+00:00\",\"dateModified\":\"2026-01-30T16:14:00+00:00\",\"mainEntityOfPage\":{\"@id\":\"https:\/\/meusitejuridico.editorajuspodivm.com.br\/2026\/01\/30\/a-ilegalidade-da-experessao-revogam-se-as-disposicoes-em-contrario\/\"},\"wordCount\":1019,\"commentCount\":0,\"publisher\":{\"@id\":\"https:\/\/cdn.meusitejuridico.com.br\/#organization\"},\"image\":{\"@id\":\"https:\/\/meusitejuridico.editorajuspodivm.com.br\/2026\/01\/30\/a-ilegalidade-da-experessao-revogam-se-as-disposicoes-em-contrario\/#primaryimage\"},\"thumbnailUrl\":\"https:\/\/meusitejuridico.editorajuspodivm.com.br\/s.meusitejuridico\/2026\/01\/Capa-JUS4633-Pereira-Manual-Legistica-1ed.jpg\",\"articleSection\":[\"Artigos\"],\"inLanguage\":\"pt-BR\",\"potentialAction\":[{\"@type\":\"CommentAction\",\"name\":\"Comment\",\"target\":[\"https:\/\/meusitejuridico.editorajuspodivm.com.br\/2026\/01\/30\/a-ilegalidade-da-experessao-revogam-se-as-disposicoes-em-contrario\/#respond\"]}]},{\"@type\":\"WebPage\",\"@id\":\"https:\/\/meusitejuridico.editorajuspodivm.com.br\/2026\/01\/30\/a-ilegalidade-da-experessao-revogam-se-as-disposicoes-em-contrario\/\",\"url\":\"https:\/\/meusitejuridico.editorajuspodivm.com.br\/2026\/01\/30\/a-ilegalidade-da-experessao-revogam-se-as-disposicoes-em-contrario\/\",\"name\":\"A (i)legalidade da experess\u00e3o \u201crevogam-se as disposi\u00e7\u00f5es em contr\u00e1rio.\u201d - Meu site jur\u00eddico\",\"isPartOf\":{\"@id\":\"https:\/\/cdn.meusitejuridico.com.br\/#website\"},\"primaryImageOfPage\":{\"@id\":\"https:\/\/meusitejuridico.editorajuspodivm.com.br\/2026\/01\/30\/a-ilegalidade-da-experessao-revogam-se-as-disposicoes-em-contrario\/#primaryimage\"},\"image\":{\"@id\":\"https:\/\/meusitejuridico.editorajuspodivm.com.br\/2026\/01\/30\/a-ilegalidade-da-experessao-revogam-se-as-disposicoes-em-contrario\/#primaryimage\"},\"thumbnailUrl\":\"https:\/\/meusitejuridico.editorajuspodivm.com.br\/s.meusitejuridico\/2026\/01\/Capa-JUS4633-Pereira-Manual-Legistica-1ed.jpg\",\"datePublished\":\"2026-01-30T16:13:59+00:00\",\"dateModified\":\"2026-01-30T16:14:00+00:00\",\"description\":\"Os atos normativos, geralmente cont\u00eam o dispositivo \u201crevogam-se as disposi\u00e7\u00f5es em contr\u00e1rio.\u201d \u00c9 legal a utiliza\u00e7\u00e3o dessa express\u00e3o? \u00c9 necess\u00e1ria?\",\"breadcrumb\":{\"@id\":\"https:\/\/meusitejuridico.editorajuspodivm.com.br\/2026\/01\/30\/a-ilegalidade-da-experessao-revogam-se-as-disposicoes-em-contrario\/#breadcrumb\"},\"inLanguage\":\"pt-BR\",\"potentialAction\":[{\"@type\":\"ReadAction\",\"target\":[\"https:\/\/meusitejuridico.editorajuspodivm.com.br\/2026\/01\/30\/a-ilegalidade-da-experessao-revogam-se-as-disposicoes-em-contrario\/\"]}]},{\"@type\":\"ImageObject\",\"inLanguage\":\"pt-BR\",\"@id\":\"https:\/\/meusitejuridico.editorajuspodivm.com.br\/2026\/01\/30\/a-ilegalidade-da-experessao-revogam-se-as-disposicoes-em-contrario\/#primaryimage\",\"url\":\"https:\/\/meusitejuridico.editorajuspodivm.com.br\/s.meusitejuridico\/2026\/01\/Capa-JUS4633-Pereira-Manual-Legistica-1ed.jpg\",\"contentUrl\":\"https:\/\/meusitejuridico.editorajuspodivm.com.br\/s.meusitejuridico\/2026\/01\/Capa-JUS4633-Pereira-Manual-Legistica-1ed.jpg\",\"width\":2560,\"height\":1575},{\"@type\":\"BreadcrumbList\",\"@id\":\"https:\/\/meusitejuridico.editorajuspodivm.com.br\/2026\/01\/30\/a-ilegalidade-da-experessao-revogam-se-as-disposicoes-em-contrario\/#breadcrumb\",\"itemListElement\":[{\"@type\":\"ListItem\",\"position\":1,\"name\":\"In\u00edcio\",\"item\":\"https:\/\/cdn.meusitejuridico.com.br\/\"},{\"@type\":\"ListItem\",\"position\":2,\"name\":\"A (i)legalidade da experess\u00e3o \u201crevogam-se as disposi\u00e7\u00f5es em contr\u00e1rio.\u201d\"}]},{\"@type\":\"WebSite\",\"@id\":\"https:\/\/cdn.meusitejuridico.com.br\/#website\",\"url\":\"https:\/\/cdn.meusitejuridico.com.br\/\",\"name\":\"Meu site jur\u00eddico\",\"description\":\"Meu site jur\u00eddico\",\"publisher\":{\"@id\":\"https:\/\/cdn.meusitejuridico.com.br\/#organization\"},\"potentialAction\":[{\"@type\":\"SearchAction\",\"target\":{\"@type\":\"EntryPoint\",\"urlTemplate\":\"https:\/\/cdn.meusitejuridico.com.br\/?s={search_term_string}\"},\"query-input\":{\"@type\":\"PropertyValueSpecification\",\"valueRequired\":true,\"valueName\":\"search_term_string\"}}],\"inLanguage\":\"pt-BR\"},{\"@type\":\"Organization\",\"@id\":\"https:\/\/cdn.meusitejuridico.com.br\/#organization\",\"name\":\"Meu site jur\u00eddico\",\"url\":\"https:\/\/cdn.meusitejuridico.com.br\/\",\"logo\":{\"@type\":\"ImageObject\",\"inLanguage\":\"pt-BR\",\"@id\":\"https:\/\/cdn.meusitejuridico.com.br\/#\/schema\/logo\/image\/\",\"url\":\"https:\/\/meusitejuridico.editorajuspodivm.com.br\/s.meusitejuridico\/2022\/03\/cropped-baeec2a3-msj-02-01-01.png\",\"contentUrl\":\"https:\/\/meusitejuridico.editorajuspodivm.com.br\/s.meusitejuridico\/2022\/03\/cropped-baeec2a3-msj-02-01-01.png\",\"width\":349,\"height\":243,\"caption\":\"Meu site jur\u00eddico\"},\"image\":{\"@id\":\"https:\/\/cdn.meusitejuridico.com.br\/#\/schema\/logo\/image\/\"}},{\"@type\":\"Person\",\"@id\":\"https:\/\/cdn.meusitejuridico.com.br\/#\/schema\/person\/d9e22ecdf8c4914b833fd18b8c6ce2dd\",\"name\":\"Diogo Esteves Pereira\",\"image\":{\"@type\":\"ImageObject\",\"inLanguage\":\"pt-BR\",\"@id\":\"https:\/\/cdn.meusitejuridico.com.br\/#\/schema\/person\/image\/\",\"url\":\"https:\/\/meusitejuridico.editorajuspodivm.com.br\/s.meusitejuridico\/2026\/01\/6169-diogo-esteves-pereira_3-150x150.webp\",\"contentUrl\":\"https:\/\/meusitejuridico.editorajuspodivm.com.br\/s.meusitejuridico\/2026\/01\/6169-diogo-esteves-pereira_3-150x150.webp\",\"caption\":\"Diogo Esteves Pereira\"},\"description\":\"Assessor Especial da Presid\u00eancia do Tribunal de Contas do Estado do Tocantins. Encarregado da Prote\u00e7\u00e3o de Dados do Tribunal de Contas do Estado do Tocantins. Procurador-Chefe da C\u00e2mara Municipal de Aragua\u00edna\/TO (2024). Subprocurador-Geral do Munic\u00edpio de Aragua\u00edna\/TO (2023). Presidente da Ag\u00eancia de Seguran\u00e7a, Transporte e Tr\u00e2nsito do Munic\u00edpio de Aragua\u00edna\/TO (2022\/2023). Coordenador da Subchefia de Assuntos Jur\u00eddicos da Casa Civil da Presid\u00eancia da Rep\u00fablica (2016). Assistente T\u00e9cnico na Secretaria da Micro e Pequena Empresa da Presid\u00eancia da Rep\u00fablica (2013\/2015). Coordenador Substituto de Processo Administrativo Disciplinar no Minist\u00e9rio dos Transportes (2010\/2011). Conciliador do Tribunal de Justi\u00e7a do Distrito Federal e dos Territ\u00f3rios (2008\/2009). Assistente T\u00e9cnico no Minist\u00e9rio dos Transportes (2007\/2011). Advogado desde 2012. Especialista em Direito Pr\u00e1tica Processual nos Tribunais pelo Centro Universit\u00e1rio de Bras\u00edlia \u2013 UniCEUB (2013). Membro Examinador de Banca de Monografia da P\u00f3s-Gradua\u00e7\u00e3o Lato Sensu do Centro Universit\u00e1rio de Bras\u00edlia \u2013 UniCEUB (2013). Coordenador da Cole\u00e7\u00e3o Teses Defensivas, da Editora Juspodivm. Autor da obra Teses Defensivas Improbidade Administrativa, da Editora Juspodivm. \u2060Coautor da obra Ass\u00e9dio Moral e Viol\u00eancia no trabalho: Guia completo para ambientes seguros no setor p\u00fablico e privado, da editora Juspodivm. \u2060Autor da obra Manual de Leg\u00edstica: teoria e pr\u00e1tica, da Editora Juspodivm e de diversos artigos publicados nas Revistas Jur\u00eddicas Conjur, Migalhas, Jota e C\u00e1tedras.\",\"sameAs\":[\"https:\/\/www.editorajuspodivm.com.br\/authors\/page\/view\/id\/6169\/\"],\"url\":\"https:\/\/meusitejuridico.editorajuspodivm.com.br\/author\/413122014635\/\"}]}<\/script>\n<!-- \/ Yoast SEO plugin. -->","yoast_head_json":{"title":"A (i)legalidade da experess\u00e3o \u201crevogam-se as disposi\u00e7\u00f5es em contr\u00e1rio.\u201d - Meu site jur\u00eddico","description":"Os atos normativos, geralmente cont\u00eam o dispositivo \u201crevogam-se as disposi\u00e7\u00f5es em contr\u00e1rio.\u201d \u00c9 legal a utiliza\u00e7\u00e3o dessa express\u00e3o? \u00c9 necess\u00e1ria?","robots":{"index":"index","follow":"follow","max-snippet":"max-snippet:-1","max-image-preview":"max-image-preview:large","max-video-preview":"max-video-preview:-1"},"canonical":"https:\/\/meusitejuridico.editorajuspodivm.com.br\/2026\/01\/30\/a-ilegalidade-da-experessao-revogam-se-as-disposicoes-em-contrario\/","og_locale":"pt_BR","og_type":"article","og_title":"A (i)legalidade da experess\u00e3o \u201crevogam-se as disposi\u00e7\u00f5es em contr\u00e1rio.\u201d - Meu site jur\u00eddico","og_description":"Os atos normativos, geralmente cont\u00eam o dispositivo \u201crevogam-se as disposi\u00e7\u00f5es em contr\u00e1rio.\u201d \u00c9 legal a utiliza\u00e7\u00e3o dessa express\u00e3o? \u00c9 necess\u00e1ria?","og_url":"https:\/\/meusitejuridico.editorajuspodivm.com.br\/2026\/01\/30\/a-ilegalidade-da-experessao-revogam-se-as-disposicoes-em-contrario\/","og_site_name":"Meu site jur\u00eddico","article_published_time":"2026-01-30T16:13:59+00:00","article_modified_time":"2026-01-30T16:14:00+00:00","og_image":[{"width":2560,"height":1575,"url":"https:\/\/meusitejuridico.editorajuspodivm.com.br\/s.meusitejuridico\/2026\/01\/Capa-JUS4633-Pereira-Manual-Legistica-1ed.jpg","type":"image\/jpeg"}],"author":"Diogo Esteves Pereira","twitter_card":"summary_large_image","twitter_misc":{"Escrito por":"Diogo Esteves Pereira","Est. tempo de leitura":"5 minutos"},"schema":{"@context":"https:\/\/schema.org","@graph":[{"@type":"Article","@id":"https:\/\/meusitejuridico.editorajuspodivm.com.br\/2026\/01\/30\/a-ilegalidade-da-experessao-revogam-se-as-disposicoes-em-contrario\/#article","isPartOf":{"@id":"https:\/\/meusitejuridico.editorajuspodivm.com.br\/2026\/01\/30\/a-ilegalidade-da-experessao-revogam-se-as-disposicoes-em-contrario\/"},"author":{"name":"Diogo Esteves Pereira","@id":"https:\/\/cdn.meusitejuridico.com.br\/#\/schema\/person\/d9e22ecdf8c4914b833fd18b8c6ce2dd"},"headline":"A (i)legalidade da experess\u00e3o \u201crevogam-se as disposi\u00e7\u00f5es em contr\u00e1rio.\u201d","datePublished":"2026-01-30T16:13:59+00:00","dateModified":"2026-01-30T16:14:00+00:00","mainEntityOfPage":{"@id":"https:\/\/meusitejuridico.editorajuspodivm.com.br\/2026\/01\/30\/a-ilegalidade-da-experessao-revogam-se-as-disposicoes-em-contrario\/"},"wordCount":1019,"commentCount":0,"publisher":{"@id":"https:\/\/cdn.meusitejuridico.com.br\/#organization"},"image":{"@id":"https:\/\/meusitejuridico.editorajuspodivm.com.br\/2026\/01\/30\/a-ilegalidade-da-experessao-revogam-se-as-disposicoes-em-contrario\/#primaryimage"},"thumbnailUrl":"https:\/\/meusitejuridico.editorajuspodivm.com.br\/s.meusitejuridico\/2026\/01\/Capa-JUS4633-Pereira-Manual-Legistica-1ed.jpg","articleSection":["Artigos"],"inLanguage":"pt-BR","potentialAction":[{"@type":"CommentAction","name":"Comment","target":["https:\/\/meusitejuridico.editorajuspodivm.com.br\/2026\/01\/30\/a-ilegalidade-da-experessao-revogam-se-as-disposicoes-em-contrario\/#respond"]}]},{"@type":"WebPage","@id":"https:\/\/meusitejuridico.editorajuspodivm.com.br\/2026\/01\/30\/a-ilegalidade-da-experessao-revogam-se-as-disposicoes-em-contrario\/","url":"https:\/\/meusitejuridico.editorajuspodivm.com.br\/2026\/01\/30\/a-ilegalidade-da-experessao-revogam-se-as-disposicoes-em-contrario\/","name":"A (i)legalidade da experess\u00e3o \u201crevogam-se as disposi\u00e7\u00f5es em contr\u00e1rio.\u201d - Meu site jur\u00eddico","isPartOf":{"@id":"https:\/\/cdn.meusitejuridico.com.br\/#website"},"primaryImageOfPage":{"@id":"https:\/\/meusitejuridico.editorajuspodivm.com.br\/2026\/01\/30\/a-ilegalidade-da-experessao-revogam-se-as-disposicoes-em-contrario\/#primaryimage"},"image":{"@id":"https:\/\/meusitejuridico.editorajuspodivm.com.br\/2026\/01\/30\/a-ilegalidade-da-experessao-revogam-se-as-disposicoes-em-contrario\/#primaryimage"},"thumbnailUrl":"https:\/\/meusitejuridico.editorajuspodivm.com.br\/s.meusitejuridico\/2026\/01\/Capa-JUS4633-Pereira-Manual-Legistica-1ed.jpg","datePublished":"2026-01-30T16:13:59+00:00","dateModified":"2026-01-30T16:14:00+00:00","description":"Os atos normativos, geralmente cont\u00eam o dispositivo \u201crevogam-se as disposi\u00e7\u00f5es em contr\u00e1rio.\u201d \u00c9 legal a utiliza\u00e7\u00e3o dessa express\u00e3o? \u00c9 necess\u00e1ria?","breadcrumb":{"@id":"https:\/\/meusitejuridico.editorajuspodivm.com.br\/2026\/01\/30\/a-ilegalidade-da-experessao-revogam-se-as-disposicoes-em-contrario\/#breadcrumb"},"inLanguage":"pt-BR","potentialAction":[{"@type":"ReadAction","target":["https:\/\/meusitejuridico.editorajuspodivm.com.br\/2026\/01\/30\/a-ilegalidade-da-experessao-revogam-se-as-disposicoes-em-contrario\/"]}]},{"@type":"ImageObject","inLanguage":"pt-BR","@id":"https:\/\/meusitejuridico.editorajuspodivm.com.br\/2026\/01\/30\/a-ilegalidade-da-experessao-revogam-se-as-disposicoes-em-contrario\/#primaryimage","url":"https:\/\/meusitejuridico.editorajuspodivm.com.br\/s.meusitejuridico\/2026\/01\/Capa-JUS4633-Pereira-Manual-Legistica-1ed.jpg","contentUrl":"https:\/\/meusitejuridico.editorajuspodivm.com.br\/s.meusitejuridico\/2026\/01\/Capa-JUS4633-Pereira-Manual-Legistica-1ed.jpg","width":2560,"height":1575},{"@type":"BreadcrumbList","@id":"https:\/\/meusitejuridico.editorajuspodivm.com.br\/2026\/01\/30\/a-ilegalidade-da-experessao-revogam-se-as-disposicoes-em-contrario\/#breadcrumb","itemListElement":[{"@type":"ListItem","position":1,"name":"In\u00edcio","item":"https:\/\/cdn.meusitejuridico.com.br\/"},{"@type":"ListItem","position":2,"name":"A (i)legalidade da experess\u00e3o \u201crevogam-se as disposi\u00e7\u00f5es em contr\u00e1rio.\u201d"}]},{"@type":"WebSite","@id":"https:\/\/cdn.meusitejuridico.com.br\/#website","url":"https:\/\/cdn.meusitejuridico.com.br\/","name":"Meu site jur\u00eddico","description":"Meu site jur\u00eddico","publisher":{"@id":"https:\/\/cdn.meusitejuridico.com.br\/#organization"},"potentialAction":[{"@type":"SearchAction","target":{"@type":"EntryPoint","urlTemplate":"https:\/\/cdn.meusitejuridico.com.br\/?s={search_term_string}"},"query-input":{"@type":"PropertyValueSpecification","valueRequired":true,"valueName":"search_term_string"}}],"inLanguage":"pt-BR"},{"@type":"Organization","@id":"https:\/\/cdn.meusitejuridico.com.br\/#organization","name":"Meu site jur\u00eddico","url":"https:\/\/cdn.meusitejuridico.com.br\/","logo":{"@type":"ImageObject","inLanguage":"pt-BR","@id":"https:\/\/cdn.meusitejuridico.com.br\/#\/schema\/logo\/image\/","url":"https:\/\/meusitejuridico.editorajuspodivm.com.br\/s.meusitejuridico\/2022\/03\/cropped-baeec2a3-msj-02-01-01.png","contentUrl":"https:\/\/meusitejuridico.editorajuspodivm.com.br\/s.meusitejuridico\/2022\/03\/cropped-baeec2a3-msj-02-01-01.png","width":349,"height":243,"caption":"Meu site jur\u00eddico"},"image":{"@id":"https:\/\/cdn.meusitejuridico.com.br\/#\/schema\/logo\/image\/"}},{"@type":"Person","@id":"https:\/\/cdn.meusitejuridico.com.br\/#\/schema\/person\/d9e22ecdf8c4914b833fd18b8c6ce2dd","name":"Diogo Esteves Pereira","image":{"@type":"ImageObject","inLanguage":"pt-BR","@id":"https:\/\/cdn.meusitejuridico.com.br\/#\/schema\/person\/image\/","url":"https:\/\/meusitejuridico.editorajuspodivm.com.br\/s.meusitejuridico\/2026\/01\/6169-diogo-esteves-pereira_3-150x150.webp","contentUrl":"https:\/\/meusitejuridico.editorajuspodivm.com.br\/s.meusitejuridico\/2026\/01\/6169-diogo-esteves-pereira_3-150x150.webp","caption":"Diogo Esteves Pereira"},"description":"Assessor Especial da Presid\u00eancia do Tribunal de Contas do Estado do Tocantins. Encarregado da Prote\u00e7\u00e3o de Dados do Tribunal de Contas do Estado do Tocantins. Procurador-Chefe da C\u00e2mara Municipal de Aragua\u00edna\/TO (2024). Subprocurador-Geral do Munic\u00edpio de Aragua\u00edna\/TO (2023). Presidente da Ag\u00eancia de Seguran\u00e7a, Transporte e Tr\u00e2nsito do Munic\u00edpio de Aragua\u00edna\/TO (2022\/2023). Coordenador da Subchefia de Assuntos Jur\u00eddicos da Casa Civil da Presid\u00eancia da Rep\u00fablica (2016). Assistente T\u00e9cnico na Secretaria da Micro e Pequena Empresa da Presid\u00eancia da Rep\u00fablica (2013\/2015). Coordenador Substituto de Processo Administrativo Disciplinar no Minist\u00e9rio dos Transportes (2010\/2011). Conciliador do Tribunal de Justi\u00e7a do Distrito Federal e dos Territ\u00f3rios (2008\/2009). Assistente T\u00e9cnico no Minist\u00e9rio dos Transportes (2007\/2011). Advogado desde 2012. Especialista em Direito Pr\u00e1tica Processual nos Tribunais pelo Centro Universit\u00e1rio de Bras\u00edlia \u2013 UniCEUB (2013). Membro Examinador de Banca de Monografia da P\u00f3s-Gradua\u00e7\u00e3o Lato Sensu do Centro Universit\u00e1rio de Bras\u00edlia \u2013 UniCEUB (2013). Coordenador da Cole\u00e7\u00e3o Teses Defensivas, da Editora Juspodivm. Autor da obra Teses Defensivas Improbidade Administrativa, da Editora Juspodivm. \u2060Coautor da obra Ass\u00e9dio Moral e Viol\u00eancia no trabalho: Guia completo para ambientes seguros no setor p\u00fablico e privado, da editora Juspodivm. \u2060Autor da obra Manual de Leg\u00edstica: teoria e pr\u00e1tica, da Editora Juspodivm e de diversos artigos publicados nas Revistas Jur\u00eddicas Conjur, Migalhas, Jota e C\u00e1tedras.","sameAs":["https:\/\/www.editorajuspodivm.com.br\/authors\/page\/view\/id\/6169\/"],"url":"https:\/\/meusitejuridico.editorajuspodivm.com.br\/author\/413122014635\/"}]}},"_links":{"self":[{"href":"https:\/\/meusitejuridico.editorajuspodivm.com.br\/api\/wp\/v2\/posts\/23735","targetHints":{"allow":["GET"]}}],"collection":[{"href":"https:\/\/meusitejuridico.editorajuspodivm.com.br\/api\/wp\/v2\/posts"}],"about":[{"href":"https:\/\/meusitejuridico.editorajuspodivm.com.br\/api\/wp\/v2\/types\/post"}],"author":[{"embeddable":true,"href":"https:\/\/meusitejuridico.editorajuspodivm.com.br\/api\/wp\/v2\/users\/255"}],"replies":[{"embeddable":true,"href":"https:\/\/meusitejuridico.editorajuspodivm.com.br\/api\/wp\/v2\/comments?post=23735"}],"version-history":[{"count":1,"href":"https:\/\/meusitejuridico.editorajuspodivm.com.br\/api\/wp\/v2\/posts\/23735\/revisions"}],"predecessor-version":[{"id":23737,"href":"https:\/\/meusitejuridico.editorajuspodivm.com.br\/api\/wp\/v2\/posts\/23735\/revisions\/23737"}],"wp:featuredmedia":[{"embeddable":true,"href":"https:\/\/meusitejuridico.editorajuspodivm.com.br\/api\/wp\/v2\/media\/23728"}],"wp:attachment":[{"href":"https:\/\/meusitejuridico.editorajuspodivm.com.br\/api\/wp\/v2\/media?parent=23735"}],"wp:term":[{"taxonomy":"category","embeddable":true,"href":"https:\/\/meusitejuridico.editorajuspodivm.com.br\/api\/wp\/v2\/categories?post=23735"},{"taxonomy":"post_tag","embeddable":true,"href":"https:\/\/meusitejuridico.editorajuspodivm.com.br\/api\/wp\/v2\/tags?post=23735"}],"curies":[{"name":"wp","href":"https:\/\/api.w.org\/{rel}","templated":true}]}}