{"id":2893,"date":"2017-07-03T12:00:58","date_gmt":"2017-07-03T15:00:58","guid":{"rendered":"https:\/\/meusitejuridico.com.br\/?p=2893"},"modified":"2017-07-03T12:00:58","modified_gmt":"2017-07-03T15:00:58","slug":"dialeticidade-e-fundamentacao-sao-duas-faces-da-mesma-moeda","status":"publish","type":"post","link":"https:\/\/meusitejuridico.editorajuspodivm.com.br\/2017\/07\/03\/dialeticidade-e-fundamentacao-sao-duas-faces-da-mesma-moeda\/","title":{"rendered":"Dialeticidade e fundamenta\u00e7\u00e3o s\u00e3o duas faces da mesma moeda"},"content":{"rendered":"<p>O NCPC exige que os recursos contenham\u00a0uma impugna\u00e7\u00e3o espec\u00edfica das decis\u00f5es que s\u00e3o atacas por essa via, ou seja, a parte ao recorrer deve questionar\u00a0especificamente os fundamentos da decis\u00e3o recorrida. N\u00e3o pode assim a parte, sob pena de ver o seu recurso ser inadmitido, limitar-se a copiar peti\u00e7\u00e3o anterior, ou mesmo a impugnar de forma gen\u00e9rica a decis\u00e3o recorrida.\u00a0Exige-se assim que o recurso seja &#8220;\u00fanico&#8221;, espec\u00edfico para a decis\u00e3o recorrida.<\/p>\n<p>E essa exig\u00eancia \u00e9 v\u00e1lida para todos os recursos, sen\u00e3o vejamos: apela\u00e7\u00e3o (art. 1.010, III);\u00a0agravo de instrumento (art. 1.016, III); agravo interno (art. 1.021, par\u00e1grafo 1.); embargos de declara\u00e7\u00e3o (art. 1.023); recurso ordin\u00e1rio (art. 1.028,\u00a0ao fazer remiss\u00e3o aos requisitos da apela\u00e7\u00e3o) e recursos especial e extraordin\u00e1rio (art. 1.029, III).<\/p>\n<p>E o agravo em REsp ou RE (art. 1.042)? E os embargos de diverg\u00eancia (art. 1.043)? Por for\u00e7a do disposto no inciso III do art. 932, o relator poder\u00e1 &#8211; dever\u00e1 declarar inadmiss\u00edvel qualquer recurso que &#8220;n\u00e3o tenha impugnado especificamente os fundamentos da decis\u00e3o recorrida&#8221;.<\/p>\n<p>De fato, n\u00e3o pode a parte &#8211; ao recorrer &#8211; pura e simplesmente questionar a decis\u00e3o em um recurso sem se reportar aos fundamentos da decis\u00e3o recorrida, at\u00e9 porque essa impugna\u00e7\u00e3o &#8220;gen\u00e9rica&#8221; prejudica sobremaneira o contradit\u00f3rio recursal.<\/p>\n<p>E n\u00e3o tardaram a surgir decis\u00f5es aplicando a referida exig\u00eancia, com o nome de &#8220;princ\u00edpio da dialeticidade&#8221;, como por exemplo:<\/p>\n<p>&#8220;O princ\u00edpio da dialeticidade obriga a parte que recorre impugnar, especificamente, os fundamentos do ac\u00f3rd\u00e3o que objurga, contrapondo-se \u00e0s raz\u00f5es de decidir j\u00e1 expressadas.&#8221; (STJ, AgInt no RMS 52.158\/MS, Rel. Ministro MAURO CAMPBELL MARQUES, SEGUNDA TURMA, julgado em 21\/02\/2017, DJe 01\/03\/2017).<\/p>\n<p>Inclusive o STJ, mesmo diante do princ\u00edpio da primazia do julgamento do m\u00e9rito (m\u00e9rito recursal, inclusive), tem sido rigoroso, n\u00e3o admitindo a aplica\u00e7\u00e3o da regra do par\u00e1grafo \u00fanico do art. 932 do CPC:<\/p>\n<p>O prazo conferido pelo par\u00e1grafo \u00fanico do art. 932 do NCPC somente \u00e9 aplic\u00e1vel aos casos em que seja poss\u00edvel sanar v\u00edcios formais, como aus\u00eancia de procura\u00e7\u00e3o ou de assinatura, e n\u00e3o \u00e0 complementa\u00e7\u00e3o da fundamenta\u00e7\u00e3o ou de comprova\u00e7\u00e3o da intempestividade. (STJ, AgInt no AREsp 1059132\/MG, Rel. Ministro MOURA RIBEIRO, TERCEIRA TURMA, julgado em 06\/06\/2017, DJe 12\/06\/2017).<\/p>\n<p>Portanto se o recurso n\u00e3o impugnar de forma espec\u00edfica e detalhada os argumentos da decis\u00e3o recorrida, tal v\u00edcio se revela fatal, na interpreta\u00e7\u00e3o do STJ: ele n\u00e3o ser\u00e1 conhecido.<\/p>\n<p>Por\u00e9m n\u00e3o se pode esquecer ou ignorar o fato de que se a parte tem o \u00f4nus da impugna\u00e7\u00e3o espec\u00edfica, o Tribunal tem o dever da fundamenta\u00e7\u00e3o espec\u00edfica. S\u00e3o duas faces da mesma moeda.<\/p>\n<p>\u00c9 nula a decis\u00e3o que n\u00e3o se reporta aos (espec\u00edficos) argumentos do recurso apresentado, por for\u00e7a do art. 489, par\u00e1grafo 1\u00ba, IV, do mesmo CPC que exige a dialeticidade.<\/p>\n<p>A lei \u00e9 muito clara, muito mesmo, e em se tratando de agravo interno \u00e9 de uma clareza solar, ao dispor no par\u00e1grafo 3\u00ba do art. 1.022 que &#8220;\u00e9\u00a0vedado ao relator limitar-se \u00e0 reprodu\u00e7\u00e3o dos fundamentos da decis\u00e3o agravada para julgar improcedente o agravo interno.&#8221;<\/p>\n<p>Portanto cabe aqui um rigoroso controle pelas partes do n\u00e3o atendimento ao dever de fundamenta\u00e7\u00e3o, que vem mesmo encontrando algumas barreiras (culturais, at\u00e9) para ser devidamente implementado.<\/p>\n<p>&nbsp;<\/p>\n","protected":false},"excerpt":{"rendered":"<p>O NCPC exige que os recursos contenham\u00a0uma impugna\u00e7\u00e3o espec\u00edfica das decis\u00f5es que s\u00e3o atacas por essa via, ou seja, a parte ao recorrer deve questionar\u00a0especificamente os fundamentos da decis\u00e3o recorrida. N\u00e3o pode assim a parte, sob pena de ver o seu recurso ser inadmitido, limitar-se a copiar peti\u00e7\u00e3o anterior, ou mesmo a impugnar de forma [&hellip;]<\/p>\n","protected":false},"author":25,"featured_media":2894,"comment_status":"open","ping_status":"open","sticky":false,"template":"","format":"standard","meta":{"_acf_changed":false,"footnotes":""},"categories":[1,304],"tags":[719,718,305,625],"class_list":["post-2893","post","type-post","status-publish","format-standard","has-post-thumbnail","hentry","category-artigos","category-direito-processual-civil","tag-fundamentacao","tag-principio-da-dialeticidade","tag-processo-civil","tag-recursos"],"acf":[],"yoast_head":"<!-- This site is optimized with the Yoast SEO plugin v24.8.1 - https:\/\/yoast.com\/wordpress\/plugins\/seo\/ -->\n<title>Dialeticidade e fundamenta\u00e7\u00e3o s\u00e3o duas faces da mesma moeda - Meu site jur\u00eddico<\/title>\n<meta name=\"robots\" content=\"index, follow, max-snippet:-1, max-image-preview:large, max-video-preview:-1\" \/>\n<link rel=\"canonical\" href=\"https:\/\/meusitejuridico.editorajuspodivm.com.br\/2017\/07\/03\/dialeticidade-e-fundamentacao-sao-duas-faces-da-mesma-moeda\/\" \/>\n<meta property=\"og:locale\" content=\"pt_BR\" \/>\n<meta property=\"og:type\" content=\"article\" \/>\n<meta property=\"og:title\" content=\"Dialeticidade e fundamenta\u00e7\u00e3o s\u00e3o duas faces da mesma moeda - Meu site jur\u00eddico\" \/>\n<meta property=\"og:description\" content=\"O NCPC exige que os recursos contenham\u00a0uma impugna\u00e7\u00e3o espec\u00edfica das decis\u00f5es que s\u00e3o atacas por essa via, ou seja, a parte ao recorrer deve questionar\u00a0especificamente os fundamentos da decis\u00e3o recorrida. N\u00e3o pode assim a parte, sob pena de ver o seu recurso ser inadmitido, limitar-se a copiar peti\u00e7\u00e3o anterior, ou mesmo a impugnar de forma [&hellip;]\" \/>\n<meta property=\"og:url\" content=\"https:\/\/meusitejuridico.editorajuspodivm.com.br\/2017\/07\/03\/dialeticidade-e-fundamentacao-sao-duas-faces-da-mesma-moeda\/\" \/>\n<meta property=\"og:site_name\" content=\"Meu site jur\u00eddico\" \/>\n<meta property=\"article:published_time\" content=\"2017-07-03T15:00:58+00:00\" \/>\n<meta property=\"og:image\" content=\"https:\/\/meusitejuridico.editorajuspodivm.com.br\/s.meusitejuridico\/2017\/07\/ca20cd1e-shutterstock-378848479.jpg\" \/>\n\t<meta property=\"og:image:width\" content=\"500\" \/>\n\t<meta property=\"og:image:height\" content=\"334\" \/>\n\t<meta property=\"og:image:type\" content=\"image\/jpeg\" \/>\n<meta name=\"author\" content=\"Gustavo Santana Nogueira\" \/>\n<meta name=\"twitter:card\" content=\"summary_large_image\" \/>\n<meta name=\"twitter:label1\" content=\"Escrito por\" \/>\n\t<meta name=\"twitter:data1\" content=\"Gustavo Santana Nogueira\" \/>\n\t<meta name=\"twitter:label2\" content=\"Est. tempo de leitura\" \/>\n\t<meta name=\"twitter:data2\" content=\"3 minutos\" \/>\n<script type=\"application\/ld+json\" class=\"yoast-schema-graph\">{\"@context\":\"https:\/\/schema.org\",\"@graph\":[{\"@type\":\"Article\",\"@id\":\"https:\/\/meusitejuridico.editorajuspodivm.com.br\/2017\/07\/03\/dialeticidade-e-fundamentacao-sao-duas-faces-da-mesma-moeda\/#article\",\"isPartOf\":{\"@id\":\"https:\/\/meusitejuridico.editorajuspodivm.com.br\/2017\/07\/03\/dialeticidade-e-fundamentacao-sao-duas-faces-da-mesma-moeda\/\"},\"author\":{\"name\":\"Gustavo Santana Nogueira\",\"@id\":\"https:\/\/cdn.meusitejuridico.com.br\/#\/schema\/person\/be868723cb4a009ecae97ea0691f0901\"},\"headline\":\"Dialeticidade e fundamenta\u00e7\u00e3o s\u00e3o duas faces da mesma moeda\",\"datePublished\":\"2017-07-03T15:00:58+00:00\",\"mainEntityOfPage\":{\"@id\":\"https:\/\/meusitejuridico.editorajuspodivm.com.br\/2017\/07\/03\/dialeticidade-e-fundamentacao-sao-duas-faces-da-mesma-moeda\/\"},\"wordCount\":585,\"commentCount\":0,\"publisher\":{\"@id\":\"https:\/\/cdn.meusitejuridico.com.br\/#organization\"},\"image\":{\"@id\":\"https:\/\/meusitejuridico.editorajuspodivm.com.br\/2017\/07\/03\/dialeticidade-e-fundamentacao-sao-duas-faces-da-mesma-moeda\/#primaryimage\"},\"thumbnailUrl\":\"https:\/\/meusitejuridico.editorajuspodivm.com.br\/s.meusitejuridico\/2017\/07\/ca20cd1e-shutterstock-378848479.jpg\",\"keywords\":[\"fundamenta\u00e7\u00e3o\",\"princ\u00edpio da dialeticidade\",\"Processo Civil\",\"recursos\"],\"articleSection\":[\"Artigos\",\"Direito Processual Civil\"],\"inLanguage\":\"pt-BR\",\"potentialAction\":[{\"@type\":\"CommentAction\",\"name\":\"Comment\",\"target\":[\"https:\/\/meusitejuridico.editorajuspodivm.com.br\/2017\/07\/03\/dialeticidade-e-fundamentacao-sao-duas-faces-da-mesma-moeda\/#respond\"]}]},{\"@type\":\"WebPage\",\"@id\":\"https:\/\/meusitejuridico.editorajuspodivm.com.br\/2017\/07\/03\/dialeticidade-e-fundamentacao-sao-duas-faces-da-mesma-moeda\/\",\"url\":\"https:\/\/meusitejuridico.editorajuspodivm.com.br\/2017\/07\/03\/dialeticidade-e-fundamentacao-sao-duas-faces-da-mesma-moeda\/\",\"name\":\"Dialeticidade e fundamenta\u00e7\u00e3o s\u00e3o duas faces da mesma moeda - Meu site jur\u00eddico\",\"isPartOf\":{\"@id\":\"https:\/\/cdn.meusitejuridico.com.br\/#website\"},\"primaryImageOfPage\":{\"@id\":\"https:\/\/meusitejuridico.editorajuspodivm.com.br\/2017\/07\/03\/dialeticidade-e-fundamentacao-sao-duas-faces-da-mesma-moeda\/#primaryimage\"},\"image\":{\"@id\":\"https:\/\/meusitejuridico.editorajuspodivm.com.br\/2017\/07\/03\/dialeticidade-e-fundamentacao-sao-duas-faces-da-mesma-moeda\/#primaryimage\"},\"thumbnailUrl\":\"https:\/\/meusitejuridico.editorajuspodivm.com.br\/s.meusitejuridico\/2017\/07\/ca20cd1e-shutterstock-378848479.jpg\",\"datePublished\":\"2017-07-03T15:00:58+00:00\",\"breadcrumb\":{\"@id\":\"https:\/\/meusitejuridico.editorajuspodivm.com.br\/2017\/07\/03\/dialeticidade-e-fundamentacao-sao-duas-faces-da-mesma-moeda\/#breadcrumb\"},\"inLanguage\":\"pt-BR\",\"potentialAction\":[{\"@type\":\"ReadAction\",\"target\":[\"https:\/\/meusitejuridico.editorajuspodivm.com.br\/2017\/07\/03\/dialeticidade-e-fundamentacao-sao-duas-faces-da-mesma-moeda\/\"]}]},{\"@type\":\"ImageObject\",\"inLanguage\":\"pt-BR\",\"@id\":\"https:\/\/meusitejuridico.editorajuspodivm.com.br\/2017\/07\/03\/dialeticidade-e-fundamentacao-sao-duas-faces-da-mesma-moeda\/#primaryimage\",\"url\":\"https:\/\/meusitejuridico.editorajuspodivm.com.br\/s.meusitejuridico\/2017\/07\/ca20cd1e-shutterstock-378848479.jpg\",\"contentUrl\":\"https:\/\/meusitejuridico.editorajuspodivm.com.br\/s.meusitejuridico\/2017\/07\/ca20cd1e-shutterstock-378848479.jpg\",\"width\":500,\"height\":334},{\"@type\":\"BreadcrumbList\",\"@id\":\"https:\/\/meusitejuridico.editorajuspodivm.com.br\/2017\/07\/03\/dialeticidade-e-fundamentacao-sao-duas-faces-da-mesma-moeda\/#breadcrumb\",\"itemListElement\":[{\"@type\":\"ListItem\",\"position\":1,\"name\":\"In\u00edcio\",\"item\":\"https:\/\/cdn.meusitejuridico.com.br\/\"},{\"@type\":\"ListItem\",\"position\":2,\"name\":\"Dialeticidade e fundamenta\u00e7\u00e3o s\u00e3o duas faces da mesma moeda\"}]},{\"@type\":\"WebSite\",\"@id\":\"https:\/\/cdn.meusitejuridico.com.br\/#website\",\"url\":\"https:\/\/cdn.meusitejuridico.com.br\/\",\"name\":\"Meu site jur\u00eddico\",\"description\":\"Meu site jur\u00eddico\",\"publisher\":{\"@id\":\"https:\/\/cdn.meusitejuridico.com.br\/#organization\"},\"potentialAction\":[{\"@type\":\"SearchAction\",\"target\":{\"@type\":\"EntryPoint\",\"urlTemplate\":\"https:\/\/cdn.meusitejuridico.com.br\/?s={search_term_string}\"},\"query-input\":{\"@type\":\"PropertyValueSpecification\",\"valueRequired\":true,\"valueName\":\"search_term_string\"}}],\"inLanguage\":\"pt-BR\"},{\"@type\":\"Organization\",\"@id\":\"https:\/\/cdn.meusitejuridico.com.br\/#organization\",\"name\":\"Meu site jur\u00eddico\",\"url\":\"https:\/\/cdn.meusitejuridico.com.br\/\",\"logo\":{\"@type\":\"ImageObject\",\"inLanguage\":\"pt-BR\",\"@id\":\"https:\/\/cdn.meusitejuridico.com.br\/#\/schema\/logo\/image\/\",\"url\":\"https:\/\/meusitejuridico.editorajuspodivm.com.br\/s.meusitejuridico\/2022\/03\/cropped-baeec2a3-msj-02-01-01.png\",\"contentUrl\":\"https:\/\/meusitejuridico.editorajuspodivm.com.br\/s.meusitejuridico\/2022\/03\/cropped-baeec2a3-msj-02-01-01.png\",\"width\":349,\"height\":243,\"caption\":\"Meu site jur\u00eddico\"},\"image\":{\"@id\":\"https:\/\/cdn.meusitejuridico.com.br\/#\/schema\/logo\/image\/\"}},{\"@type\":\"Person\",\"@id\":\"https:\/\/cdn.meusitejuridico.com.br\/#\/schema\/person\/be868723cb4a009ecae97ea0691f0901\",\"name\":\"Gustavo Santana Nogueira\",\"image\":{\"@type\":\"ImageObject\",\"inLanguage\":\"pt-BR\",\"@id\":\"https:\/\/cdn.meusitejuridico.com.br\/#\/schema\/person\/image\/\",\"url\":\"https:\/\/meusitejuridico.editorajuspodivm.com.br\/s.meusitejuridico\/2017\/06\/7b16c86c-captura-de-tela-2017-06-12-as-110959-am-134x150.png\",\"contentUrl\":\"https:\/\/meusitejuridico.editorajuspodivm.com.br\/s.meusitejuridico\/2017\/06\/7b16c86c-captura-de-tela-2017-06-12-as-110959-am-134x150.png\",\"caption\":\"Gustavo Santana Nogueira\"},\"description\":\"Professor de Direito Processual Civil - individual e coletivo. Mestre (UNESA) e Doutor (UERJ) em Direito. Promotor de Justi\u00e7a - RJ. Membro da Rede Brasileira de Direito e Literatura - RDL.\",\"url\":\"https:\/\/meusitejuridico.editorajuspodivm.com.br\/author\/gustavogustavo-com-br\/\"}]}<\/script>\n<!-- \/ Yoast SEO plugin. -->","yoast_head_json":{"title":"Dialeticidade e fundamenta\u00e7\u00e3o s\u00e3o duas faces da mesma moeda - Meu site jur\u00eddico","robots":{"index":"index","follow":"follow","max-snippet":"max-snippet:-1","max-image-preview":"max-image-preview:large","max-video-preview":"max-video-preview:-1"},"canonical":"https:\/\/meusitejuridico.editorajuspodivm.com.br\/2017\/07\/03\/dialeticidade-e-fundamentacao-sao-duas-faces-da-mesma-moeda\/","og_locale":"pt_BR","og_type":"article","og_title":"Dialeticidade e fundamenta\u00e7\u00e3o s\u00e3o duas faces da mesma moeda - Meu site jur\u00eddico","og_description":"O NCPC exige que os recursos contenham\u00a0uma impugna\u00e7\u00e3o espec\u00edfica das decis\u00f5es que s\u00e3o atacas por essa via, ou seja, a parte ao recorrer deve questionar\u00a0especificamente os fundamentos da decis\u00e3o recorrida. N\u00e3o pode assim a parte, sob pena de ver o seu recurso ser inadmitido, limitar-se a copiar peti\u00e7\u00e3o anterior, ou mesmo a impugnar de forma [&hellip;]","og_url":"https:\/\/meusitejuridico.editorajuspodivm.com.br\/2017\/07\/03\/dialeticidade-e-fundamentacao-sao-duas-faces-da-mesma-moeda\/","og_site_name":"Meu site jur\u00eddico","article_published_time":"2017-07-03T15:00:58+00:00","og_image":[{"width":500,"height":334,"url":"https:\/\/meusitejuridico.editorajuspodivm.com.br\/s.meusitejuridico\/2017\/07\/ca20cd1e-shutterstock-378848479.jpg","type":"image\/jpeg"}],"author":"Gustavo Santana Nogueira","twitter_card":"summary_large_image","twitter_misc":{"Escrito por":"Gustavo Santana Nogueira","Est. tempo de leitura":"3 minutos"},"schema":{"@context":"https:\/\/schema.org","@graph":[{"@type":"Article","@id":"https:\/\/meusitejuridico.editorajuspodivm.com.br\/2017\/07\/03\/dialeticidade-e-fundamentacao-sao-duas-faces-da-mesma-moeda\/#article","isPartOf":{"@id":"https:\/\/meusitejuridico.editorajuspodivm.com.br\/2017\/07\/03\/dialeticidade-e-fundamentacao-sao-duas-faces-da-mesma-moeda\/"},"author":{"name":"Gustavo Santana Nogueira","@id":"https:\/\/cdn.meusitejuridico.com.br\/#\/schema\/person\/be868723cb4a009ecae97ea0691f0901"},"headline":"Dialeticidade e fundamenta\u00e7\u00e3o s\u00e3o duas faces da mesma moeda","datePublished":"2017-07-03T15:00:58+00:00","mainEntityOfPage":{"@id":"https:\/\/meusitejuridico.editorajuspodivm.com.br\/2017\/07\/03\/dialeticidade-e-fundamentacao-sao-duas-faces-da-mesma-moeda\/"},"wordCount":585,"commentCount":0,"publisher":{"@id":"https:\/\/cdn.meusitejuridico.com.br\/#organization"},"image":{"@id":"https:\/\/meusitejuridico.editorajuspodivm.com.br\/2017\/07\/03\/dialeticidade-e-fundamentacao-sao-duas-faces-da-mesma-moeda\/#primaryimage"},"thumbnailUrl":"https:\/\/meusitejuridico.editorajuspodivm.com.br\/s.meusitejuridico\/2017\/07\/ca20cd1e-shutterstock-378848479.jpg","keywords":["fundamenta\u00e7\u00e3o","princ\u00edpio da dialeticidade","Processo Civil","recursos"],"articleSection":["Artigos","Direito Processual Civil"],"inLanguage":"pt-BR","potentialAction":[{"@type":"CommentAction","name":"Comment","target":["https:\/\/meusitejuridico.editorajuspodivm.com.br\/2017\/07\/03\/dialeticidade-e-fundamentacao-sao-duas-faces-da-mesma-moeda\/#respond"]}]},{"@type":"WebPage","@id":"https:\/\/meusitejuridico.editorajuspodivm.com.br\/2017\/07\/03\/dialeticidade-e-fundamentacao-sao-duas-faces-da-mesma-moeda\/","url":"https:\/\/meusitejuridico.editorajuspodivm.com.br\/2017\/07\/03\/dialeticidade-e-fundamentacao-sao-duas-faces-da-mesma-moeda\/","name":"Dialeticidade e fundamenta\u00e7\u00e3o s\u00e3o duas faces da mesma moeda - Meu site jur\u00eddico","isPartOf":{"@id":"https:\/\/cdn.meusitejuridico.com.br\/#website"},"primaryImageOfPage":{"@id":"https:\/\/meusitejuridico.editorajuspodivm.com.br\/2017\/07\/03\/dialeticidade-e-fundamentacao-sao-duas-faces-da-mesma-moeda\/#primaryimage"},"image":{"@id":"https:\/\/meusitejuridico.editorajuspodivm.com.br\/2017\/07\/03\/dialeticidade-e-fundamentacao-sao-duas-faces-da-mesma-moeda\/#primaryimage"},"thumbnailUrl":"https:\/\/meusitejuridico.editorajuspodivm.com.br\/s.meusitejuridico\/2017\/07\/ca20cd1e-shutterstock-378848479.jpg","datePublished":"2017-07-03T15:00:58+00:00","breadcrumb":{"@id":"https:\/\/meusitejuridico.editorajuspodivm.com.br\/2017\/07\/03\/dialeticidade-e-fundamentacao-sao-duas-faces-da-mesma-moeda\/#breadcrumb"},"inLanguage":"pt-BR","potentialAction":[{"@type":"ReadAction","target":["https:\/\/meusitejuridico.editorajuspodivm.com.br\/2017\/07\/03\/dialeticidade-e-fundamentacao-sao-duas-faces-da-mesma-moeda\/"]}]},{"@type":"ImageObject","inLanguage":"pt-BR","@id":"https:\/\/meusitejuridico.editorajuspodivm.com.br\/2017\/07\/03\/dialeticidade-e-fundamentacao-sao-duas-faces-da-mesma-moeda\/#primaryimage","url":"https:\/\/meusitejuridico.editorajuspodivm.com.br\/s.meusitejuridico\/2017\/07\/ca20cd1e-shutterstock-378848479.jpg","contentUrl":"https:\/\/meusitejuridico.editorajuspodivm.com.br\/s.meusitejuridico\/2017\/07\/ca20cd1e-shutterstock-378848479.jpg","width":500,"height":334},{"@type":"BreadcrumbList","@id":"https:\/\/meusitejuridico.editorajuspodivm.com.br\/2017\/07\/03\/dialeticidade-e-fundamentacao-sao-duas-faces-da-mesma-moeda\/#breadcrumb","itemListElement":[{"@type":"ListItem","position":1,"name":"In\u00edcio","item":"https:\/\/cdn.meusitejuridico.com.br\/"},{"@type":"ListItem","position":2,"name":"Dialeticidade e fundamenta\u00e7\u00e3o s\u00e3o duas faces da mesma moeda"}]},{"@type":"WebSite","@id":"https:\/\/cdn.meusitejuridico.com.br\/#website","url":"https:\/\/cdn.meusitejuridico.com.br\/","name":"Meu site jur\u00eddico","description":"Meu site jur\u00eddico","publisher":{"@id":"https:\/\/cdn.meusitejuridico.com.br\/#organization"},"potentialAction":[{"@type":"SearchAction","target":{"@type":"EntryPoint","urlTemplate":"https:\/\/cdn.meusitejuridico.com.br\/?s={search_term_string}"},"query-input":{"@type":"PropertyValueSpecification","valueRequired":true,"valueName":"search_term_string"}}],"inLanguage":"pt-BR"},{"@type":"Organization","@id":"https:\/\/cdn.meusitejuridico.com.br\/#organization","name":"Meu site jur\u00eddico","url":"https:\/\/cdn.meusitejuridico.com.br\/","logo":{"@type":"ImageObject","inLanguage":"pt-BR","@id":"https:\/\/cdn.meusitejuridico.com.br\/#\/schema\/logo\/image\/","url":"https:\/\/meusitejuridico.editorajuspodivm.com.br\/s.meusitejuridico\/2022\/03\/cropped-baeec2a3-msj-02-01-01.png","contentUrl":"https:\/\/meusitejuridico.editorajuspodivm.com.br\/s.meusitejuridico\/2022\/03\/cropped-baeec2a3-msj-02-01-01.png","width":349,"height":243,"caption":"Meu site jur\u00eddico"},"image":{"@id":"https:\/\/cdn.meusitejuridico.com.br\/#\/schema\/logo\/image\/"}},{"@type":"Person","@id":"https:\/\/cdn.meusitejuridico.com.br\/#\/schema\/person\/be868723cb4a009ecae97ea0691f0901","name":"Gustavo Santana Nogueira","image":{"@type":"ImageObject","inLanguage":"pt-BR","@id":"https:\/\/cdn.meusitejuridico.com.br\/#\/schema\/person\/image\/","url":"https:\/\/meusitejuridico.editorajuspodivm.com.br\/s.meusitejuridico\/2017\/06\/7b16c86c-captura-de-tela-2017-06-12-as-110959-am-134x150.png","contentUrl":"https:\/\/meusitejuridico.editorajuspodivm.com.br\/s.meusitejuridico\/2017\/06\/7b16c86c-captura-de-tela-2017-06-12-as-110959-am-134x150.png","caption":"Gustavo Santana Nogueira"},"description":"Professor de Direito Processual Civil - individual e coletivo. Mestre (UNESA) e Doutor (UERJ) em Direito. Promotor de Justi\u00e7a - RJ. Membro da Rede Brasileira de Direito e Literatura - RDL.","url":"https:\/\/meusitejuridico.editorajuspodivm.com.br\/author\/gustavogustavo-com-br\/"}]}},"_links":{"self":[{"href":"https:\/\/meusitejuridico.editorajuspodivm.com.br\/api\/wp\/v2\/posts\/2893","targetHints":{"allow":["GET"]}}],"collection":[{"href":"https:\/\/meusitejuridico.editorajuspodivm.com.br\/api\/wp\/v2\/posts"}],"about":[{"href":"https:\/\/meusitejuridico.editorajuspodivm.com.br\/api\/wp\/v2\/types\/post"}],"author":[{"embeddable":true,"href":"https:\/\/meusitejuridico.editorajuspodivm.com.br\/api\/wp\/v2\/users\/25"}],"replies":[{"embeddable":true,"href":"https:\/\/meusitejuridico.editorajuspodivm.com.br\/api\/wp\/v2\/comments?post=2893"}],"version-history":[{"count":1,"href":"https:\/\/meusitejuridico.editorajuspodivm.com.br\/api\/wp\/v2\/posts\/2893\/revisions"}],"predecessor-version":[{"id":2895,"href":"https:\/\/meusitejuridico.editorajuspodivm.com.br\/api\/wp\/v2\/posts\/2893\/revisions\/2895"}],"wp:featuredmedia":[{"embeddable":true,"href":"https:\/\/meusitejuridico.editorajuspodivm.com.br\/api\/wp\/v2\/media\/2894"}],"wp:attachment":[{"href":"https:\/\/meusitejuridico.editorajuspodivm.com.br\/api\/wp\/v2\/media?parent=2893"}],"wp:term":[{"taxonomy":"category","embeddable":true,"href":"https:\/\/meusitejuridico.editorajuspodivm.com.br\/api\/wp\/v2\/categories?post=2893"},{"taxonomy":"post_tag","embeddable":true,"href":"https:\/\/meusitejuridico.editorajuspodivm.com.br\/api\/wp\/v2\/tags?post=2893"}],"curies":[{"name":"wp","href":"https:\/\/api.w.org\/{rel}","templated":true}]}}