{"id":3295,"date":"2017-08-19T07:00:42","date_gmt":"2017-08-19T10:00:42","guid":{"rendered":"https:\/\/meusitejuridico.com.br\/?p=3295"},"modified":"2017-08-18T20:51:33","modified_gmt":"2017-08-18T23:51:33","slug":"embaixada-e-extensao-territorio-estado-que-representa","status":"publish","type":"post","link":"https:\/\/meusitejuridico.editorajuspodivm.com.br\/2017\/08\/19\/embaixada-e-extensao-territorio-estado-que-representa\/","title":{"rendered":"A embaixada \u00e9 extens\u00e3o do territ\u00f3rio do Estado que representa?"},"content":{"rendered":"<p>\u00c9 importante observar que o C\u00f3digo Penal n\u00e3o trouxe qualquer regra espec\u00edfica ati\u00adnente \u00e0s embaixadas, motivo pelo qual se conclui que elas, embora sejam inviol\u00e1veis, n\u00e3o constituem extens\u00e3o do territ\u00f3rio do pa\u00eds que representam. Assim, a t\u00edtulo de exem\u00adplo, a embaixada norte-americana no Brasil \u00e9 territ\u00f3rio brasileiro e ao crime nela pratica\u00addo ser\u00e1 aplicada a lei penal brasileira \u2013 salvo a incid\u00eancia de conven\u00e7\u00e3o, tratado ou regra de direito internacional.<\/p>\n<p><strong>Material extra\u00eddo da obra\u00a0<\/strong><a href=\"https:\/\/goo.gl\/GxtIjn\">Manual de Direito Penal (parte geral)<\/a><\/p>\n","protected":false},"excerpt":{"rendered":"<p>\u00c9 importante observar que o C\u00f3digo Penal n\u00e3o trouxe qualquer regra espec\u00edfica ati\u00adnente \u00e0s embaixadas, motivo pelo qual se conclui que elas, embora sejam inviol\u00e1veis, n\u00e3o constituem extens\u00e3o do territ\u00f3rio do pa\u00eds que representam. Assim, a t\u00edtulo de exem\u00adplo, a embaixada norte-americana no Brasil \u00e9 territ\u00f3rio brasileiro e ao crime nela pratica\u00addo ser\u00e1 aplicada a [&hellip;]<\/p>\n","protected":false},"author":7,"featured_media":3296,"comment_status":"open","ping_status":"open","sticky":false,"template":"","format":"standard","meta":{"_acf_changed":false,"footnotes":""},"categories":[78,437],"tags":[107,938,439,690],"class_list":["post-3295","post","type-post","status-publish","format-standard","has-post-thumbnail","hentry","category-material-de-aula","category-perguntas-e-respostas","tag-direito-penal","tag-embaixada","tag-lei-penal","tag-territorialidade"],"acf":[],"yoast_head":"<!-- This site is optimized with the Yoast SEO plugin v24.8.1 - https:\/\/yoast.com\/wordpress\/plugins\/seo\/ -->\n<title>A embaixada \u00e9 extens\u00e3o do territ\u00f3rio do Estado que representa? - Meu site jur\u00eddico<\/title>\n<meta name=\"robots\" content=\"index, follow, max-snippet:-1, max-image-preview:large, max-video-preview:-1\" \/>\n<link rel=\"canonical\" href=\"https:\/\/meusitejuridico.editorajuspodivm.com.br\/2017\/08\/19\/embaixada-e-extensao-territorio-estado-que-representa\/\" \/>\n<meta property=\"og:locale\" content=\"pt_BR\" \/>\n<meta property=\"og:type\" content=\"article\" \/>\n<meta property=\"og:title\" content=\"A embaixada \u00e9 extens\u00e3o do territ\u00f3rio do Estado que representa? - Meu site jur\u00eddico\" \/>\n<meta property=\"og:description\" content=\"\u00c9 importante observar que o C\u00f3digo Penal n\u00e3o trouxe qualquer regra espec\u00edfica ati\u00adnente \u00e0s embaixadas, motivo pelo qual se conclui que elas, embora sejam inviol\u00e1veis, n\u00e3o constituem extens\u00e3o do territ\u00f3rio do pa\u00eds que representam. Assim, a t\u00edtulo de exem\u00adplo, a embaixada norte-americana no Brasil \u00e9 territ\u00f3rio brasileiro e ao crime nela pratica\u00addo ser\u00e1 aplicada a [&hellip;]\" \/>\n<meta property=\"og:url\" content=\"https:\/\/meusitejuridico.editorajuspodivm.com.br\/2017\/08\/19\/embaixada-e-extensao-territorio-estado-que-representa\/\" \/>\n<meta property=\"og:site_name\" content=\"Meu site jur\u00eddico\" \/>\n<meta property=\"article:published_time\" content=\"2017-08-19T10:00:42+00:00\" \/>\n<meta property=\"og:image\" content=\"https:\/\/meusitejuridico.editorajuspodivm.com.br\/s.meusitejuridico\/2017\/08\/aad3c25f-shutterstock-121018855.jpg\" \/>\n\t<meta property=\"og:image:width\" content=\"6900\" \/>\n\t<meta property=\"og:image:height\" content=\"6900\" \/>\n\t<meta property=\"og:image:type\" content=\"image\/jpeg\" \/>\n<meta name=\"author\" content=\"Equipe Meu Site Jur\u00eddico\" \/>\n<meta name=\"twitter:card\" content=\"summary_large_image\" \/>\n<meta name=\"twitter:label1\" content=\"Escrito por\" \/>\n\t<meta name=\"twitter:data1\" content=\"Equipe Meu Site Jur\u00eddico\" \/>\n<script type=\"application\/ld+json\" class=\"yoast-schema-graph\">{\"@context\":\"https:\/\/schema.org\",\"@graph\":[{\"@type\":\"Article\",\"@id\":\"https:\/\/meusitejuridico.editorajuspodivm.com.br\/2017\/08\/19\/embaixada-e-extensao-territorio-estado-que-representa\/#article\",\"isPartOf\":{\"@id\":\"https:\/\/meusitejuridico.editorajuspodivm.com.br\/2017\/08\/19\/embaixada-e-extensao-territorio-estado-que-representa\/\"},\"author\":{\"name\":\"Equipe Meu Site Jur\u00eddico\",\"@id\":\"https:\/\/cdn.meusitejuridico.com.br\/#\/schema\/person\/5c2237ac0c8ff03bcf1a09fe3e45dfce\"},\"headline\":\"A embaixada \u00e9 extens\u00e3o do territ\u00f3rio do Estado que representa?\",\"datePublished\":\"2017-08-19T10:00:42+00:00\",\"mainEntityOfPage\":{\"@id\":\"https:\/\/meusitejuridico.editorajuspodivm.com.br\/2017\/08\/19\/embaixada-e-extensao-territorio-estado-que-representa\/\"},\"wordCount\":104,\"commentCount\":0,\"publisher\":{\"@id\":\"https:\/\/cdn.meusitejuridico.com.br\/#organization\"},\"image\":{\"@id\":\"https:\/\/meusitejuridico.editorajuspodivm.com.br\/2017\/08\/19\/embaixada-e-extensao-territorio-estado-que-representa\/#primaryimage\"},\"thumbnailUrl\":\"https:\/\/meusitejuridico.editorajuspodivm.com.br\/s.meusitejuridico\/2017\/08\/aad3c25f-shutterstock-121018855.jpg\",\"keywords\":[\"Direito Penal\",\"embaixada\",\"lei penal\",\"territorialidade\"],\"articleSection\":[\"Material de aula\",\"Perguntas e Respostas\"],\"inLanguage\":\"pt-BR\",\"potentialAction\":[{\"@type\":\"CommentAction\",\"name\":\"Comment\",\"target\":[\"https:\/\/meusitejuridico.editorajuspodivm.com.br\/2017\/08\/19\/embaixada-e-extensao-territorio-estado-que-representa\/#respond\"]}]},{\"@type\":\"WebPage\",\"@id\":\"https:\/\/meusitejuridico.editorajuspodivm.com.br\/2017\/08\/19\/embaixada-e-extensao-territorio-estado-que-representa\/\",\"url\":\"https:\/\/meusitejuridico.editorajuspodivm.com.br\/2017\/08\/19\/embaixada-e-extensao-territorio-estado-que-representa\/\",\"name\":\"A embaixada \u00e9 extens\u00e3o do territ\u00f3rio do Estado que representa? - Meu site jur\u00eddico\",\"isPartOf\":{\"@id\":\"https:\/\/cdn.meusitejuridico.com.br\/#website\"},\"primaryImageOfPage\":{\"@id\":\"https:\/\/meusitejuridico.editorajuspodivm.com.br\/2017\/08\/19\/embaixada-e-extensao-territorio-estado-que-representa\/#primaryimage\"},\"image\":{\"@id\":\"https:\/\/meusitejuridico.editorajuspodivm.com.br\/2017\/08\/19\/embaixada-e-extensao-territorio-estado-que-representa\/#primaryimage\"},\"thumbnailUrl\":\"https:\/\/meusitejuridico.editorajuspodivm.com.br\/s.meusitejuridico\/2017\/08\/aad3c25f-shutterstock-121018855.jpg\",\"datePublished\":\"2017-08-19T10:00:42+00:00\",\"breadcrumb\":{\"@id\":\"https:\/\/meusitejuridico.editorajuspodivm.com.br\/2017\/08\/19\/embaixada-e-extensao-territorio-estado-que-representa\/#breadcrumb\"},\"inLanguage\":\"pt-BR\",\"potentialAction\":[{\"@type\":\"ReadAction\",\"target\":[\"https:\/\/meusitejuridico.editorajuspodivm.com.br\/2017\/08\/19\/embaixada-e-extensao-territorio-estado-que-representa\/\"]}]},{\"@type\":\"ImageObject\",\"inLanguage\":\"pt-BR\",\"@id\":\"https:\/\/meusitejuridico.editorajuspodivm.com.br\/2017\/08\/19\/embaixada-e-extensao-territorio-estado-que-representa\/#primaryimage\",\"url\":\"https:\/\/meusitejuridico.editorajuspodivm.com.br\/s.meusitejuridico\/2017\/08\/aad3c25f-shutterstock-121018855.jpg\",\"contentUrl\":\"https:\/\/meusitejuridico.editorajuspodivm.com.br\/s.meusitejuridico\/2017\/08\/aad3c25f-shutterstock-121018855.jpg\",\"width\":6900,\"height\":6900},{\"@type\":\"BreadcrumbList\",\"@id\":\"https:\/\/meusitejuridico.editorajuspodivm.com.br\/2017\/08\/19\/embaixada-e-extensao-territorio-estado-que-representa\/#breadcrumb\",\"itemListElement\":[{\"@type\":\"ListItem\",\"position\":1,\"name\":\"In\u00edcio\",\"item\":\"https:\/\/cdn.meusitejuridico.com.br\/\"},{\"@type\":\"ListItem\",\"position\":2,\"name\":\"A embaixada \u00e9 extens\u00e3o do territ\u00f3rio do Estado que representa?\"}]},{\"@type\":\"WebSite\",\"@id\":\"https:\/\/cdn.meusitejuridico.com.br\/#website\",\"url\":\"https:\/\/cdn.meusitejuridico.com.br\/\",\"name\":\"Meu site jur\u00eddico\",\"description\":\"Meu site jur\u00eddico\",\"publisher\":{\"@id\":\"https:\/\/cdn.meusitejuridico.com.br\/#organization\"},\"potentialAction\":[{\"@type\":\"SearchAction\",\"target\":{\"@type\":\"EntryPoint\",\"urlTemplate\":\"https:\/\/cdn.meusitejuridico.com.br\/?s={search_term_string}\"},\"query-input\":{\"@type\":\"PropertyValueSpecification\",\"valueRequired\":true,\"valueName\":\"search_term_string\"}}],\"inLanguage\":\"pt-BR\"},{\"@type\":\"Organization\",\"@id\":\"https:\/\/cdn.meusitejuridico.com.br\/#organization\",\"name\":\"Meu site jur\u00eddico\",\"url\":\"https:\/\/cdn.meusitejuridico.com.br\/\",\"logo\":{\"@type\":\"ImageObject\",\"inLanguage\":\"pt-BR\",\"@id\":\"https:\/\/cdn.meusitejuridico.com.br\/#\/schema\/logo\/image\/\",\"url\":\"https:\/\/meusitejuridico.editorajuspodivm.com.br\/s.meusitejuridico\/2022\/03\/cropped-baeec2a3-msj-02-01-01.png\",\"contentUrl\":\"https:\/\/meusitejuridico.editorajuspodivm.com.br\/s.meusitejuridico\/2022\/03\/cropped-baeec2a3-msj-02-01-01.png\",\"width\":349,\"height\":243,\"caption\":\"Meu site jur\u00eddico\"},\"image\":{\"@id\":\"https:\/\/cdn.meusitejuridico.com.br\/#\/schema\/logo\/image\/\"}},{\"@type\":\"Person\",\"@id\":\"https:\/\/cdn.meusitejuridico.com.br\/#\/schema\/person\/5c2237ac0c8ff03bcf1a09fe3e45dfce\",\"name\":\"Equipe Meu Site Jur\u00eddico\",\"image\":{\"@type\":\"ImageObject\",\"inLanguage\":\"pt-BR\",\"@id\":\"https:\/\/cdn.meusitejuridico.com.br\/#\/schema\/person\/image\/\",\"url\":\"https:\/\/meusitejuridico.editorajuspodivm.com.br\/s.meusitejuridico\/2020\/07\/6be289aa-logo-msj.png\",\"contentUrl\":\"https:\/\/meusitejuridico.editorajuspodivm.com.br\/s.meusitejuridico\/2020\/07\/6be289aa-logo-msj.png\",\"caption\":\"Equipe Meu Site Jur\u00eddico\"},\"description\":\"Contem conosco!\",\"url\":\"https:\/\/meusitejuridico.editorajuspodivm.com.br\/author\/equipe-meu-site-juridico\/\"}]}<\/script>\n<!-- \/ Yoast SEO plugin. -->","yoast_head_json":{"title":"A embaixada \u00e9 extens\u00e3o do territ\u00f3rio do Estado que representa? - Meu site jur\u00eddico","robots":{"index":"index","follow":"follow","max-snippet":"max-snippet:-1","max-image-preview":"max-image-preview:large","max-video-preview":"max-video-preview:-1"},"canonical":"https:\/\/meusitejuridico.editorajuspodivm.com.br\/2017\/08\/19\/embaixada-e-extensao-territorio-estado-que-representa\/","og_locale":"pt_BR","og_type":"article","og_title":"A embaixada \u00e9 extens\u00e3o do territ\u00f3rio do Estado que representa? - Meu site jur\u00eddico","og_description":"\u00c9 importante observar que o C\u00f3digo Penal n\u00e3o trouxe qualquer regra espec\u00edfica ati\u00adnente \u00e0s embaixadas, motivo pelo qual se conclui que elas, embora sejam inviol\u00e1veis, n\u00e3o constituem extens\u00e3o do territ\u00f3rio do pa\u00eds que representam. Assim, a t\u00edtulo de exem\u00adplo, a embaixada norte-americana no Brasil \u00e9 territ\u00f3rio brasileiro e ao crime nela pratica\u00addo ser\u00e1 aplicada a [&hellip;]","og_url":"https:\/\/meusitejuridico.editorajuspodivm.com.br\/2017\/08\/19\/embaixada-e-extensao-territorio-estado-que-representa\/","og_site_name":"Meu site jur\u00eddico","article_published_time":"2017-08-19T10:00:42+00:00","og_image":[{"width":6900,"height":6900,"url":"https:\/\/meusitejuridico.editorajuspodivm.com.br\/s.meusitejuridico\/2017\/08\/aad3c25f-shutterstock-121018855.jpg","type":"image\/jpeg"}],"author":"Equipe Meu Site Jur\u00eddico","twitter_card":"summary_large_image","twitter_misc":{"Escrito por":"Equipe Meu Site Jur\u00eddico"},"schema":{"@context":"https:\/\/schema.org","@graph":[{"@type":"Article","@id":"https:\/\/meusitejuridico.editorajuspodivm.com.br\/2017\/08\/19\/embaixada-e-extensao-territorio-estado-que-representa\/#article","isPartOf":{"@id":"https:\/\/meusitejuridico.editorajuspodivm.com.br\/2017\/08\/19\/embaixada-e-extensao-territorio-estado-que-representa\/"},"author":{"name":"Equipe Meu Site Jur\u00eddico","@id":"https:\/\/cdn.meusitejuridico.com.br\/#\/schema\/person\/5c2237ac0c8ff03bcf1a09fe3e45dfce"},"headline":"A embaixada \u00e9 extens\u00e3o do territ\u00f3rio do Estado que representa?","datePublished":"2017-08-19T10:00:42+00:00","mainEntityOfPage":{"@id":"https:\/\/meusitejuridico.editorajuspodivm.com.br\/2017\/08\/19\/embaixada-e-extensao-territorio-estado-que-representa\/"},"wordCount":104,"commentCount":0,"publisher":{"@id":"https:\/\/cdn.meusitejuridico.com.br\/#organization"},"image":{"@id":"https:\/\/meusitejuridico.editorajuspodivm.com.br\/2017\/08\/19\/embaixada-e-extensao-territorio-estado-que-representa\/#primaryimage"},"thumbnailUrl":"https:\/\/meusitejuridico.editorajuspodivm.com.br\/s.meusitejuridico\/2017\/08\/aad3c25f-shutterstock-121018855.jpg","keywords":["Direito Penal","embaixada","lei penal","territorialidade"],"articleSection":["Material de aula","Perguntas e Respostas"],"inLanguage":"pt-BR","potentialAction":[{"@type":"CommentAction","name":"Comment","target":["https:\/\/meusitejuridico.editorajuspodivm.com.br\/2017\/08\/19\/embaixada-e-extensao-territorio-estado-que-representa\/#respond"]}]},{"@type":"WebPage","@id":"https:\/\/meusitejuridico.editorajuspodivm.com.br\/2017\/08\/19\/embaixada-e-extensao-territorio-estado-que-representa\/","url":"https:\/\/meusitejuridico.editorajuspodivm.com.br\/2017\/08\/19\/embaixada-e-extensao-territorio-estado-que-representa\/","name":"A embaixada \u00e9 extens\u00e3o do territ\u00f3rio do Estado que representa? - Meu site jur\u00eddico","isPartOf":{"@id":"https:\/\/cdn.meusitejuridico.com.br\/#website"},"primaryImageOfPage":{"@id":"https:\/\/meusitejuridico.editorajuspodivm.com.br\/2017\/08\/19\/embaixada-e-extensao-territorio-estado-que-representa\/#primaryimage"},"image":{"@id":"https:\/\/meusitejuridico.editorajuspodivm.com.br\/2017\/08\/19\/embaixada-e-extensao-territorio-estado-que-representa\/#primaryimage"},"thumbnailUrl":"https:\/\/meusitejuridico.editorajuspodivm.com.br\/s.meusitejuridico\/2017\/08\/aad3c25f-shutterstock-121018855.jpg","datePublished":"2017-08-19T10:00:42+00:00","breadcrumb":{"@id":"https:\/\/meusitejuridico.editorajuspodivm.com.br\/2017\/08\/19\/embaixada-e-extensao-territorio-estado-que-representa\/#breadcrumb"},"inLanguage":"pt-BR","potentialAction":[{"@type":"ReadAction","target":["https:\/\/meusitejuridico.editorajuspodivm.com.br\/2017\/08\/19\/embaixada-e-extensao-territorio-estado-que-representa\/"]}]},{"@type":"ImageObject","inLanguage":"pt-BR","@id":"https:\/\/meusitejuridico.editorajuspodivm.com.br\/2017\/08\/19\/embaixada-e-extensao-territorio-estado-que-representa\/#primaryimage","url":"https:\/\/meusitejuridico.editorajuspodivm.com.br\/s.meusitejuridico\/2017\/08\/aad3c25f-shutterstock-121018855.jpg","contentUrl":"https:\/\/meusitejuridico.editorajuspodivm.com.br\/s.meusitejuridico\/2017\/08\/aad3c25f-shutterstock-121018855.jpg","width":6900,"height":6900},{"@type":"BreadcrumbList","@id":"https:\/\/meusitejuridico.editorajuspodivm.com.br\/2017\/08\/19\/embaixada-e-extensao-territorio-estado-que-representa\/#breadcrumb","itemListElement":[{"@type":"ListItem","position":1,"name":"In\u00edcio","item":"https:\/\/cdn.meusitejuridico.com.br\/"},{"@type":"ListItem","position":2,"name":"A embaixada \u00e9 extens\u00e3o do territ\u00f3rio do Estado que representa?"}]},{"@type":"WebSite","@id":"https:\/\/cdn.meusitejuridico.com.br\/#website","url":"https:\/\/cdn.meusitejuridico.com.br\/","name":"Meu site jur\u00eddico","description":"Meu site jur\u00eddico","publisher":{"@id":"https:\/\/cdn.meusitejuridico.com.br\/#organization"},"potentialAction":[{"@type":"SearchAction","target":{"@type":"EntryPoint","urlTemplate":"https:\/\/cdn.meusitejuridico.com.br\/?s={search_term_string}"},"query-input":{"@type":"PropertyValueSpecification","valueRequired":true,"valueName":"search_term_string"}}],"inLanguage":"pt-BR"},{"@type":"Organization","@id":"https:\/\/cdn.meusitejuridico.com.br\/#organization","name":"Meu site jur\u00eddico","url":"https:\/\/cdn.meusitejuridico.com.br\/","logo":{"@type":"ImageObject","inLanguage":"pt-BR","@id":"https:\/\/cdn.meusitejuridico.com.br\/#\/schema\/logo\/image\/","url":"https:\/\/meusitejuridico.editorajuspodivm.com.br\/s.meusitejuridico\/2022\/03\/cropped-baeec2a3-msj-02-01-01.png","contentUrl":"https:\/\/meusitejuridico.editorajuspodivm.com.br\/s.meusitejuridico\/2022\/03\/cropped-baeec2a3-msj-02-01-01.png","width":349,"height":243,"caption":"Meu site jur\u00eddico"},"image":{"@id":"https:\/\/cdn.meusitejuridico.com.br\/#\/schema\/logo\/image\/"}},{"@type":"Person","@id":"https:\/\/cdn.meusitejuridico.com.br\/#\/schema\/person\/5c2237ac0c8ff03bcf1a09fe3e45dfce","name":"Equipe Meu Site Jur\u00eddico","image":{"@type":"ImageObject","inLanguage":"pt-BR","@id":"https:\/\/cdn.meusitejuridico.com.br\/#\/schema\/person\/image\/","url":"https:\/\/meusitejuridico.editorajuspodivm.com.br\/s.meusitejuridico\/2020\/07\/6be289aa-logo-msj.png","contentUrl":"https:\/\/meusitejuridico.editorajuspodivm.com.br\/s.meusitejuridico\/2020\/07\/6be289aa-logo-msj.png","caption":"Equipe Meu Site Jur\u00eddico"},"description":"Contem conosco!","url":"https:\/\/meusitejuridico.editorajuspodivm.com.br\/author\/equipe-meu-site-juridico\/"}]}},"_links":{"self":[{"href":"https:\/\/meusitejuridico.editorajuspodivm.com.br\/api\/wp\/v2\/posts\/3295","targetHints":{"allow":["GET"]}}],"collection":[{"href":"https:\/\/meusitejuridico.editorajuspodivm.com.br\/api\/wp\/v2\/posts"}],"about":[{"href":"https:\/\/meusitejuridico.editorajuspodivm.com.br\/api\/wp\/v2\/types\/post"}],"author":[{"embeddable":true,"href":"https:\/\/meusitejuridico.editorajuspodivm.com.br\/api\/wp\/v2\/users\/7"}],"replies":[{"embeddable":true,"href":"https:\/\/meusitejuridico.editorajuspodivm.com.br\/api\/wp\/v2\/comments?post=3295"}],"version-history":[{"count":1,"href":"https:\/\/meusitejuridico.editorajuspodivm.com.br\/api\/wp\/v2\/posts\/3295\/revisions"}],"predecessor-version":[{"id":3297,"href":"https:\/\/meusitejuridico.editorajuspodivm.com.br\/api\/wp\/v2\/posts\/3295\/revisions\/3297"}],"wp:featuredmedia":[{"embeddable":true,"href":"https:\/\/meusitejuridico.editorajuspodivm.com.br\/api\/wp\/v2\/media\/3296"}],"wp:attachment":[{"href":"https:\/\/meusitejuridico.editorajuspodivm.com.br\/api\/wp\/v2\/media?parent=3295"}],"wp:term":[{"taxonomy":"category","embeddable":true,"href":"https:\/\/meusitejuridico.editorajuspodivm.com.br\/api\/wp\/v2\/categories?post=3295"},{"taxonomy":"post_tag","embeddable":true,"href":"https:\/\/meusitejuridico.editorajuspodivm.com.br\/api\/wp\/v2\/tags?post=3295"}],"curies":[{"name":"wp","href":"https:\/\/api.w.org\/{rel}","templated":true}]}}