{"id":3896,"date":"2017-11-08T13:47:09","date_gmt":"2017-11-08T15:47:09","guid":{"rendered":"https:\/\/meusitejuridico.com.br\/?p=3896"},"modified":"2017-11-08T13:47:09","modified_gmt":"2017-11-08T15:47:09","slug":"socorro-medico-latam-e-diferentes-perspectivas-da-vida","status":"publish","type":"post","link":"https:\/\/meusitejuridico.editorajuspodivm.com.br\/2017\/11\/08\/socorro-medico-latam-e-diferentes-perspectivas-da-vida\/","title":{"rendered":"Socorro m\u00e9dico, a Latam e as diferentes perspectivas da vida"},"content":{"rendered":"<p>H\u00e1 uma conhecida frase do fil\u00f3sofo existencialista dinamarqu\u00eas SOREN KIERKEGAARD (1813-1855) asseverando que \u201co poder m\u00e1gico das palavras n\u00e3o se encontra no que elas dizem, mas no \u2018como\u2019 s\u00e3o ditas\u201d.<\/p>\n<p>\u00c9 verdade. Muita vez, n\u00e3o basta ter raz\u00e3o, \u00e9 preciso saber externar e exercer essa raz\u00e3o. E na ambi\u00eancia do Direito n\u00e3o \u00e9 diferente.<\/p>\n<p>Durante a semana que passou, foi amplamente noticiada pela imprensa (<a href=\"https:\/\/www.revistaforum.com.br\/segundatela\/2017\/10\/30\/medico-cobra-latam-por-atendimento-em-voo-e-e-cobrado-pela-rede-por-atitude-mercenaria\/\" target=\"_blank\" rel=\"noopener\">veja aqui<\/a>) a prola\u00e7\u00e3o de uma decis\u00e3o pela Justi\u00e7a do Rio de Janeiro, julgando improcedente o pedido de pagamento feito por um m\u00e9dico contra a companhia a\u00e9rea Latam.<\/p>\n<p>Segundo os relatos jornal\u00edsticos, um m\u00e9dico que estava a bordo de um voo da aludida companhia para os EUA realizou um atendimento de emerg\u00eancia a bordo. O atendimento m\u00e9dico foi realizado e, posteriormente, o profissional da Medicina cobrou da empresa o valor dos honor\u00e1rios m\u00e9dicos. N\u00e3o tendo sido ressarcido, sob o argumento de que aquele atendimento decorreria do dever profissional, foi ajuizada a demanda, que restou improcedente. \u00c9 a s\u00edntese apertada (e, de certo modo, incerta) dos fatos.<\/p>\n<p>Li, ent\u00e3o, um volumoso n\u00famero de coment\u00e1rios desabonadores da conduta do m\u00e9dico, basicamente fundamentados no fato de que o m\u00e9dico teria a obriga\u00e7\u00e3o legal de realizar o atendimento, como decorr\u00eancia do of\u00edcio. Chegou-se a afirmar que o referido profissional estaria mostrando um lado ganancioso, por pretender remunera\u00e7\u00e3o decorrente de um atendimento de emerg\u00eancia.<\/p>\n<p>Pois bem, n\u00e3o basta ter raz\u00e3o. \u00c9 preciso saber demonstrar a raz\u00e3o.<\/p>\n<p>Pelo que se publicou (sem a convic\u00e7\u00e3o da veracidade da informa\u00e7\u00e3o), o pedido foi julgado improcedente sob o argumento de que o m\u00e9dico seria obrigado, por of\u00edcio profissional, a proceder atendimentos de emerg\u00eancia. Por isso, a empresa a\u00e9rea (que n\u00e3o possu\u00eda qualquer equipamento necess\u00e1rio ao socorro prestado pelo m\u00e9dico) estaria isenta de responsabilidade.<\/p>\n<p>Feitas essas considera\u00e7\u00f5es e, agora, analisando os fatos (ao menos aqueles que constam das not\u00edcias veiculadas), pretendo propor uma reflex\u00e3o distinta daquela que se vem realizando em maioria pelas redes sociais, com absoluto respeito.<\/p>\n<p>Para tanto, exorto (e, mais do que isso, encare\u00e7o!) o leitor a um pensamento desatrelado de seu padr\u00e3o pessoal de moralidade. N\u00e3o se trata de julgar o que se faria em lugar do m\u00e9dico. O alto grau de subjetivismo do que seria a conduta pessoal e ideal de cada um de n\u00f3s n\u00e3o permite um debate nesse n\u00edvel. Seria demasiadamente subjetivo dizer que no lugar do m\u00e9dico fariamos diferente. N\u00e3o est\u00e1vamos l\u00e1! N\u00e3o somos ele! N\u00e3o tivemos a press\u00e3o de estar privados dos primeiros momentos de f\u00e9rias. N\u00e3o ficamos submetidos \u00e0 press\u00e3o de prestar socorro a algu\u00e9m.<\/p>\n<p>Tenciono uma an\u00e1lise por outro \u00e2ngulo, atrav\u00e9s de uma perspectiva distinta, como diriam os arquitetos. Um \u00e2ngulo diferente.<\/p>\n<p>At\u00e9 porque cada pessoa, seguramente, teria um rea\u00e7\u00e3o distinta no caso, n\u00e3o sendo poss\u00edvel exigir de outro que fizesse o comportamento por n\u00f3s desejado. E, por isso, ao jurista cabe uma an\u00e1lise objetiva, sem considera\u00e7\u00f5es morais.<\/p>\n<p>N\u00e3o me parece relevante discutir se o m\u00e9dico tinha de realizar o atendimento emergencial a bordo de uma aeronave, onde se encontrava em voo internacional, a caminho do gozo de f\u00e9rias. Ali, n\u00e3o estava um m\u00e9dico apenas, mas, por igual, um consumidor. E que, atendendo a uma provoca\u00e7\u00e3o da companhia a\u00e9rea realizou um espont\u00e2neo atendimento de algu\u00e9m que passava mal. E mais: o fez eficientemente, solucionando o problema de sa\u00fade e permitindo a outro consumidor que chegasse ao seu destino com integridade f\u00edsica e ps\u00edquica.<\/p>\n<p>N\u00e3o h\u00e1 raz\u00e3o para indagar sobre o (milenar) Juramento de Hip\u00f3crates. At\u00e9 porque o atendimento foi realizado, n\u00e3o havendo motivo para alega\u00e7\u00f5es de que o profissional o teria afrontado.<\/p>\n<p>Mas, interessa (e muito!) onde se encontrava o paciente em emerg\u00eancia: ele n\u00e3o estava no meio da via p\u00fablica, em sua pr\u00f3pria casa, ou em espa\u00e7os coletivos. Estava a bordo da aeronave da maior companhia a\u00e9rea do Brasil (ali\u00e1s, do Chile!), em voo internacional, gerador de lucro. Esse fato n\u00e3o pode ser olvidado!<\/p>\n<p>O m\u00e9dico, que ali era consumidor, foi provocado a realizar um atendimento de emerg\u00eancia a bordo de uma aeronave privada da Latam. Os prepostos da empresa a\u00e9rea n\u00e3o tinham sido treinados para tanto! Tanto n\u00e3o foram treinados (mesmo sendo do conhecimento dos executivos da companhia que TODOS os voos para os EUA duram mais do que 10horas) que pediram ajuda a ALGUM PASSAGEIRO FORMADO EM MEDICINA, mesmo que n\u00e3o fosse daquela especialidade.<\/p>\n<p>UMA AJUDA!!!! UM SUPL\u00cdCIO!!!! N\u00e3o apenas para o passageiro que passava mal. Um supl\u00edcio para a empresa que teria de tomar alguma provid\u00eancia, PARA PRESTAR SOCORRO!!! N\u00e3o se olvide: a empresa teria de prestar socorro, por meio de um pouso for\u00e7ado.<\/p>\n<p>O m\u00e9dico, ent\u00e3o, supriu uma car\u00eancia da empresa.<\/p>\n<p>N\u00e3o se tratava de algu\u00e9m que passou mal na praia ou em logradouro p\u00fablico qualquer. Se assim fosse, como n\u00e3o haveria possibilidade de imputa\u00e7\u00e3o de responsabilidade civil ao Estado (pela inexist\u00eancia de nexo causal), n\u00e3o se poderia cogitar de compensa\u00e7\u00e3o financeira ao m\u00e9dico.<\/p>\n<p>Todavia, o atendimento ocorreu a bordo de uma aeronave privada, cuja venda de passagens tem finalidade lucrativa. E, por conta disso, essa empresa teria de prestar socorro ao consumidor CASO N\u00c3O TIVESSE NENHUM PASSAGEIRO A BORDO!<\/p>\n<p>Ali\u00e1s, chegando ao ponto fulcral da an\u00e1lise, a meu sentir, caso houvesse um dano ao consumidor a companhia a\u00e9rea responderia civilmente, como prev\u00ea o art. 17 da Conven\u00e7\u00e3o de Montreal, que foi incorporada ao sistema jur\u00eddico do Brasil pelo Decreto 5.910\/06. Inclusive, recentemente o STF reconheceu que o citado tratado internacional prevalece, inclusive, sobre a legisla\u00e7\u00e3o interna brasileira, garantindo o cumprimento dos compromissos jur\u00eddicos no plano internacional do Pa\u00eds (STF, ARE 766.618\/SP, rel. Min. Luis Roberto Barroso). Dessa forma, a empresa poderia, sim, ser responsabilizadas por danos sofridos pelos seus passageiros a bordo de suas aeronaves.<\/p>\n<p>De todo modo, j\u00e1 me antecipando \u00e0 contra-argumenta\u00e7\u00e3o, passo a considerar o caso fortuito\/for\u00e7a maior.<\/p>\n<p>De fato, um consumidor pode sofrer um ataque \u00e0 sa\u00fade, estando em aeronaves, por um fortuito. Nesse caso, seria poss\u00edvel sustentar a irresponsabilidade da companhia a\u00e9rea pelo rompimento do nexo causal. Verdade! Todavia, h\u00e1 um outro ponto de vista a se considerar. \u00c9 que mesmo isenta de responsabilidade pelo eventual fortuito externo, a empresa continuaria obrigada a prestar socorro \u00e0 emerg\u00eancia pela qual estava a passar seu consumidor, inclusive por argumentos \u00e9ticos bem similares \u00e0queles exigidos dos m\u00e9dicos.<\/p>\n<p>Se a empresa a\u00e9rea, por exemplo, tendo um consumidor enfartado a bordo n\u00e3o fizesse eventual pouso emergencial, responderia pela relapsia.<\/p>\n<p>Sendo assim, a empresa precisaria dedicar esfor\u00e7os e atua\u00e7\u00e3o efetiva para salv\u00e1-lo da situa\u00e7\u00e3o emergencial. Ora, considerando que n\u00e3o houvesse qualquer m\u00e9dico a bordo, se imporia \u00e0 empresa pousar a aeronave no aeroporto mais pr\u00f3ximo, para prestar socorro ao paciente\/consumidor. Por \u00f3bvio, um pouso for\u00e7ado que resultaria em preju\u00edzo (direto e indireto) \u00e0 empresa. Milhares de d\u00f3lares, certamente.<\/p>\n<p>E n\u00e3o se perca de vista a percep\u00e7\u00e3o de que estamos falando de um voo entre o Brasil e a Am\u00e9rica do Norte. N\u00e3o se trata de voo transatl\u00e2ntico, com milhares de quil\u00f4metros de \u00c1guas a separar os territ\u00f3rios, sem local de pouso. Nesse caso, n\u00e3o faltariam op\u00e7\u00f5es seguras para pousos de emerg\u00eancia &#8211; fato que reclama ser considerado.<\/p>\n<p>Pois bem, vistas as coisas dessa perspectiva, notando que o efetivo atendimento realizado pelo m\u00e9dico (independentemente de concretizar um juramento etico-profissional) produziu vantagem econ\u00f4mica direta para a empresa a\u00e9rea, n\u00e3o tenho d\u00favidas de que o ressarcimento \u00e9 necess\u00e1rio, sob pena de enriquecimento sem causa, vedado peremptoriamente pelos arts. 884 a 886 do CC\/02. Isso porque se a Latam obteve alguma vantagem patrimonial (porque n\u00e3o precisou fazer um pouso emergencial), precisa recompensar quem atuou no sentido de resolver a situa\u00e7\u00e3o que imporia o pouso.<\/p>\n<p>Ali\u00e1s, tomo o ensejo para chamar a aten\u00e7\u00e3o para um aspecto t\u00e9cnico que passa despercebido pelo olhar do jurista: o que se pro\u00edbe nas rela\u00e7\u00f5es privadas \u00e9 o enriquecimento SEM CAUSA &#8211; e n\u00e3o o enriquecimento IL\u00cdCITO. Com isso, acentua-se que o efeito jur\u00eddico pode decorrer de condutas l\u00edcitas. O que se deseja coibir \u00e9 que algu\u00e9m tenha vantagem econ\u00f4mica sem correspond\u00eancia causal. Voltando o olhar para o caso vertente, tem-se que se a companhia a\u00e9rea obteve vantagem econ\u00f4mica, ela precisa ressarcir quem atuou para produzir tal resultado, sob pena de enriquecer sem causa.<\/p>\n<p>Situa\u00e7\u00f5es bem assemelhadas podem ser lembradas com o advogado designado para atuar \u201cad hoc\u201d, que tem direito a uma remunera\u00e7\u00e3o, a ser custeada pelo Estado, em decorr\u00eancia da assist\u00eancia gratuita. Outrossim, at\u00e9 mesmo o possuidor de m\u00e1-f\u00e9 (como no exemplo do esbulhador) faz jus ao ressarcimento das benfeitorias necess\u00e1rias realizadas (CC 1.215). Em ambas as situa\u00e7\u00f5es o fundamento \u00e9 a proibi\u00e7\u00e3o de enriquecimento sem causa.<\/p>\n<p>Vistas as coisas por esse \u00e2ngulo, longe de perquiri\u00e7\u00f5es valorativas acerca de promessas profissionais (que n\u00e3o interessam ao caso, at\u00e9 porque o m\u00e9dico realizou, sim, o atendimento), parece que o resultado h\u00e1 de ser outro&#8230;<\/p>\n<p>Para al\u00e9m de tudo isso, confesso ter uma enorme dificuldade de racioc\u00ednio para entender como se ignora que essa empresa que tenta transferir ao consumidor a SUA RESPONSABILIDADE de cuidar dos seus consumidores \u00e9 a mesma que n\u00e3o se organiza para dar seus funcion\u00e1rios treinamento adequado para atender emerg\u00eancias.<\/p>\n<p>Ou seja, considerada essa perspectiva, distinta da moralidade e centrando a vis\u00e3o em an\u00e1lise jur\u00eddica, o resultado \u00e9 bem diverso. Talvez porque, como bem Refletiu o pr\u00f3prio KIERKEGAARD, \u201cn\u00e3o existe verdade verdadeira, que n\u00e3o seja subjetiva\u201d&#8230;.<\/p>\n","protected":false},"excerpt":{"rendered":"<p>H\u00e1 uma conhecida frase do fil\u00f3sofo existencialista dinamarqu\u00eas SOREN KIERKEGAARD (1813-1855) asseverando que \u201co poder m\u00e1gico das palavras n\u00e3o se encontra no que elas dizem, mas no \u2018como\u2019 s\u00e3o ditas\u201d. \u00c9 verdade. Muita vez, n\u00e3o basta ter raz\u00e3o, \u00e9 preciso saber externar e exercer essa raz\u00e3o. E na ambi\u00eancia do Direito n\u00e3o \u00e9 diferente. Durante [&hellip;]<\/p>\n","protected":false},"author":8,"featured_media":3897,"comment_status":"open","ping_status":"open","sticky":false,"template":"","format":"standard","meta":{"_acf_changed":false,"footnotes":""},"categories":[1,255],"tags":[265,1181,1180,1182],"class_list":["post-3896","post","type-post","status-publish","format-standard","has-post-thumbnail","hentry","category-artigos","category-direito-civil","tag-julgamento","tag-latam","tag-medico","tag-responsabilidade-civil"],"acf":[],"yoast_head":"<!-- This site is optimized with the Yoast SEO plugin v24.8.1 - https:\/\/yoast.com\/wordpress\/plugins\/seo\/ -->\n<title>Socorro m\u00e9dico, a Latam e as diferentes perspectivas da vida - Meu site jur\u00eddico<\/title>\n<meta name=\"robots\" content=\"index, follow, max-snippet:-1, max-image-preview:large, max-video-preview:-1\" \/>\n<link rel=\"canonical\" href=\"https:\/\/webmail.meusitejuridico.com.br\/2017\/11\/08\/socorro-medico-latam-e-diferentes-perspectivas-da-vida\/\" \/>\n<meta property=\"og:locale\" content=\"pt_BR\" \/>\n<meta property=\"og:type\" content=\"article\" \/>\n<meta property=\"og:title\" content=\"Socorro m\u00e9dico, a Latam e as diferentes perspectivas da vida - Meu site jur\u00eddico\" \/>\n<meta property=\"og:description\" content=\"H\u00e1 uma conhecida frase do fil\u00f3sofo existencialista dinamarqu\u00eas SOREN KIERKEGAARD (1813-1855) asseverando que \u201co poder m\u00e1gico das palavras n\u00e3o se encontra no que elas dizem, mas no \u2018como\u2019 s\u00e3o ditas\u201d. \u00c9 verdade. Muita vez, n\u00e3o basta ter raz\u00e3o, \u00e9 preciso saber externar e exercer essa raz\u00e3o. E na ambi\u00eancia do Direito n\u00e3o \u00e9 diferente. Durante [&hellip;]\" \/>\n<meta property=\"og:url\" content=\"https:\/\/webmail.meusitejuridico.com.br\/2017\/11\/08\/socorro-medico-latam-e-diferentes-perspectivas-da-vida\/\" \/>\n<meta property=\"og:site_name\" content=\"Meu site jur\u00eddico\" \/>\n<meta property=\"article:author\" content=\"https:\/\/www.facebook.com\/cristianochavesfarias\/?fref=ts\" \/>\n<meta property=\"article:published_time\" content=\"2017-11-08T15:47:09+00:00\" \/>\n<meta property=\"og:image\" content=\"https:\/\/webmail.meusitejuridico.com.br\/s.meusitejuridico\/2017\/11\/99b82675-cristiano.jpg\" \/>\n\t<meta property=\"og:image:width\" content=\"626\" \/>\n\t<meta property=\"og:image:height\" content=\"626\" \/>\n\t<meta property=\"og:image:type\" content=\"image\/jpeg\" \/>\n<meta name=\"author\" content=\"Cristiano Chaves de Farias\" \/>\n<meta name=\"twitter:card\" content=\"summary_large_image\" \/>\n<meta name=\"twitter:creator\" content=\"@cchavesfarias\" \/>\n<meta name=\"twitter:label1\" content=\"Escrito por\" \/>\n\t<meta name=\"twitter:data1\" content=\"Cristiano Chaves de Farias\" \/>\n\t<meta name=\"twitter:label2\" content=\"Est. tempo de leitura\" \/>\n\t<meta name=\"twitter:data2\" content=\"9 minutos\" \/>\n<script type=\"application\/ld+json\" class=\"yoast-schema-graph\">{\"@context\":\"https:\/\/schema.org\",\"@graph\":[{\"@type\":\"Article\",\"@id\":\"https:\/\/webmail.meusitejuridico.com.br\/2017\/11\/08\/socorro-medico-latam-e-diferentes-perspectivas-da-vida\/#article\",\"isPartOf\":{\"@id\":\"https:\/\/webmail.meusitejuridico.com.br\/2017\/11\/08\/socorro-medico-latam-e-diferentes-perspectivas-da-vida\/\"},\"author\":{\"name\":\"Cristiano Chaves de Farias\",\"@id\":\"https:\/\/cdn.meusitejuridico.com.br\/#\/schema\/person\/2062331670583ff80d02ceed63784363\"},\"headline\":\"Socorro m\u00e9dico, a Latam e as diferentes perspectivas da vida\",\"datePublished\":\"2017-11-08T15:47:09+00:00\",\"mainEntityOfPage\":{\"@id\":\"https:\/\/webmail.meusitejuridico.com.br\/2017\/11\/08\/socorro-medico-latam-e-diferentes-perspectivas-da-vida\/\"},\"wordCount\":1723,\"commentCount\":9,\"publisher\":{\"@id\":\"https:\/\/cdn.meusitejuridico.com.br\/#organization\"},\"image\":{\"@id\":\"https:\/\/webmail.meusitejuridico.com.br\/2017\/11\/08\/socorro-medico-latam-e-diferentes-perspectivas-da-vida\/#primaryimage\"},\"thumbnailUrl\":\"https:\/\/meusitejuridico.editorajuspodivm.com.br\/s.meusitejuridico\/2017\/11\/99b82675-cristiano.jpg\",\"keywords\":[\"julgamento\",\"Latam\",\"m\u00e9dico\",\"responsabilidade civil\"],\"articleSection\":[\"Artigos\",\"Direito Civil\"],\"inLanguage\":\"pt-BR\",\"potentialAction\":[{\"@type\":\"CommentAction\",\"name\":\"Comment\",\"target\":[\"https:\/\/webmail.meusitejuridico.com.br\/2017\/11\/08\/socorro-medico-latam-e-diferentes-perspectivas-da-vida\/#respond\"]}]},{\"@type\":\"WebPage\",\"@id\":\"https:\/\/webmail.meusitejuridico.com.br\/2017\/11\/08\/socorro-medico-latam-e-diferentes-perspectivas-da-vida\/\",\"url\":\"https:\/\/webmail.meusitejuridico.com.br\/2017\/11\/08\/socorro-medico-latam-e-diferentes-perspectivas-da-vida\/\",\"name\":\"Socorro m\u00e9dico, a Latam e as diferentes perspectivas da vida - Meu site jur\u00eddico\",\"isPartOf\":{\"@id\":\"https:\/\/cdn.meusitejuridico.com.br\/#website\"},\"primaryImageOfPage\":{\"@id\":\"https:\/\/webmail.meusitejuridico.com.br\/2017\/11\/08\/socorro-medico-latam-e-diferentes-perspectivas-da-vida\/#primaryimage\"},\"image\":{\"@id\":\"https:\/\/webmail.meusitejuridico.com.br\/2017\/11\/08\/socorro-medico-latam-e-diferentes-perspectivas-da-vida\/#primaryimage\"},\"thumbnailUrl\":\"https:\/\/meusitejuridico.editorajuspodivm.com.br\/s.meusitejuridico\/2017\/11\/99b82675-cristiano.jpg\",\"datePublished\":\"2017-11-08T15:47:09+00:00\",\"breadcrumb\":{\"@id\":\"https:\/\/webmail.meusitejuridico.com.br\/2017\/11\/08\/socorro-medico-latam-e-diferentes-perspectivas-da-vida\/#breadcrumb\"},\"inLanguage\":\"pt-BR\",\"potentialAction\":[{\"@type\":\"ReadAction\",\"target\":[\"https:\/\/webmail.meusitejuridico.com.br\/2017\/11\/08\/socorro-medico-latam-e-diferentes-perspectivas-da-vida\/\"]}]},{\"@type\":\"ImageObject\",\"inLanguage\":\"pt-BR\",\"@id\":\"https:\/\/webmail.meusitejuridico.com.br\/2017\/11\/08\/socorro-medico-latam-e-diferentes-perspectivas-da-vida\/#primaryimage\",\"url\":\"https:\/\/meusitejuridico.editorajuspodivm.com.br\/s.meusitejuridico\/2017\/11\/99b82675-cristiano.jpg\",\"contentUrl\":\"https:\/\/meusitejuridico.editorajuspodivm.com.br\/s.meusitejuridico\/2017\/11\/99b82675-cristiano.jpg\",\"width\":626,\"height\":626},{\"@type\":\"BreadcrumbList\",\"@id\":\"https:\/\/webmail.meusitejuridico.com.br\/2017\/11\/08\/socorro-medico-latam-e-diferentes-perspectivas-da-vida\/#breadcrumb\",\"itemListElement\":[{\"@type\":\"ListItem\",\"position\":1,\"name\":\"In\u00edcio\",\"item\":\"https:\/\/cdn.meusitejuridico.com.br\/\"},{\"@type\":\"ListItem\",\"position\":2,\"name\":\"Socorro m\u00e9dico, a Latam e as diferentes perspectivas da vida\"}]},{\"@type\":\"WebSite\",\"@id\":\"https:\/\/cdn.meusitejuridico.com.br\/#website\",\"url\":\"https:\/\/cdn.meusitejuridico.com.br\/\",\"name\":\"Meu site jur\u00eddico\",\"description\":\"Meu site jur\u00eddico\",\"publisher\":{\"@id\":\"https:\/\/cdn.meusitejuridico.com.br\/#organization\"},\"potentialAction\":[{\"@type\":\"SearchAction\",\"target\":{\"@type\":\"EntryPoint\",\"urlTemplate\":\"https:\/\/cdn.meusitejuridico.com.br\/?s={search_term_string}\"},\"query-input\":{\"@type\":\"PropertyValueSpecification\",\"valueRequired\":true,\"valueName\":\"search_term_string\"}}],\"inLanguage\":\"pt-BR\"},{\"@type\":\"Organization\",\"@id\":\"https:\/\/cdn.meusitejuridico.com.br\/#organization\",\"name\":\"Meu site jur\u00eddico\",\"url\":\"https:\/\/cdn.meusitejuridico.com.br\/\",\"logo\":{\"@type\":\"ImageObject\",\"inLanguage\":\"pt-BR\",\"@id\":\"https:\/\/cdn.meusitejuridico.com.br\/#\/schema\/logo\/image\/\",\"url\":\"https:\/\/meusitejuridico.editorajuspodivm.com.br\/s.meusitejuridico\/2022\/03\/cropped-baeec2a3-msj-02-01-01.png\",\"contentUrl\":\"https:\/\/meusitejuridico.editorajuspodivm.com.br\/s.meusitejuridico\/2022\/03\/cropped-baeec2a3-msj-02-01-01.png\",\"width\":349,\"height\":243,\"caption\":\"Meu site jur\u00eddico\"},\"image\":{\"@id\":\"https:\/\/cdn.meusitejuridico.com.br\/#\/schema\/logo\/image\/\"}},{\"@type\":\"Person\",\"@id\":\"https:\/\/cdn.meusitejuridico.com.br\/#\/schema\/person\/2062331670583ff80d02ceed63784363\",\"name\":\"Cristiano Chaves de Farias\",\"image\":{\"@type\":\"ImageObject\",\"inLanguage\":\"pt-BR\",\"@id\":\"https:\/\/cdn.meusitejuridico.com.br\/#\/schema\/person\/image\/\",\"url\":\"https:\/\/meusitejuridico.editorajuspodivm.com.br\/s.meusitejuridico\/2017\/04\/f0714f6b-cristiano-150x150.jpg\",\"contentUrl\":\"https:\/\/meusitejuridico.editorajuspodivm.com.br\/s.meusitejuridico\/2017\/04\/f0714f6b-cristiano-150x150.jpg\",\"caption\":\"Cristiano Chaves de Farias\"},\"description\":\"Promotor de Justi\u00e7a do Minist\u00e9rio P\u00fablico do Estado da Bahia. Mestre em Ci\u00eancias da Fam\u00edlia na Sociedade Contempor\u00e2nea pela Universidade Cat\u00f3lica do Salvador - UCSal. Professor de Direito Civil da Faculdade Baiana de Direito e do Complexo de Ensino Renato Saraiva. Membro do Instituto Brasileiro de Direito de Fam\u00edlia - IBDFAM.\",\"sameAs\":[\"https:\/\/www.editorajuspodivm.com.br\/autores?idtag=ebe04ee0-bb3c-4b7f-96b9-fcd9428789d5\/detalhe\/41\",\"https:\/\/www.facebook.com\/cristianochavesfarias\/?fref=ts\",\"https:\/\/www.instagram.com\/profcristianochaves\/\",\"https:\/\/x.com\/cchavesfarias\"],\"url\":\"https:\/\/meusitejuridico.editorajuspodivm.com.br\/author\/cristianofariasuol-com-br\/\"}]}<\/script>\n<!-- \/ Yoast SEO plugin. -->","yoast_head_json":{"title":"Socorro m\u00e9dico, a Latam e as diferentes perspectivas da vida - Meu site jur\u00eddico","robots":{"index":"index","follow":"follow","max-snippet":"max-snippet:-1","max-image-preview":"max-image-preview:large","max-video-preview":"max-video-preview:-1"},"canonical":"https:\/\/webmail.meusitejuridico.com.br\/2017\/11\/08\/socorro-medico-latam-e-diferentes-perspectivas-da-vida\/","og_locale":"pt_BR","og_type":"article","og_title":"Socorro m\u00e9dico, a Latam e as diferentes perspectivas da vida - Meu site jur\u00eddico","og_description":"H\u00e1 uma conhecida frase do fil\u00f3sofo existencialista dinamarqu\u00eas SOREN KIERKEGAARD (1813-1855) asseverando que \u201co poder m\u00e1gico das palavras n\u00e3o se encontra no que elas dizem, mas no \u2018como\u2019 s\u00e3o ditas\u201d. \u00c9 verdade. Muita vez, n\u00e3o basta ter raz\u00e3o, \u00e9 preciso saber externar e exercer essa raz\u00e3o. E na ambi\u00eancia do Direito n\u00e3o \u00e9 diferente. Durante [&hellip;]","og_url":"https:\/\/webmail.meusitejuridico.com.br\/2017\/11\/08\/socorro-medico-latam-e-diferentes-perspectivas-da-vida\/","og_site_name":"Meu site jur\u00eddico","article_author":"https:\/\/www.facebook.com\/cristianochavesfarias\/?fref=ts","article_published_time":"2017-11-08T15:47:09+00:00","og_image":[{"width":626,"height":626,"url":"https:\/\/webmail.meusitejuridico.com.br\/s.meusitejuridico\/2017\/11\/99b82675-cristiano.jpg","type":"image\/jpeg"}],"author":"Cristiano Chaves de Farias","twitter_card":"summary_large_image","twitter_creator":"@cchavesfarias","twitter_misc":{"Escrito por":"Cristiano Chaves de Farias","Est. tempo de leitura":"9 minutos"},"schema":{"@context":"https:\/\/schema.org","@graph":[{"@type":"Article","@id":"https:\/\/webmail.meusitejuridico.com.br\/2017\/11\/08\/socorro-medico-latam-e-diferentes-perspectivas-da-vida\/#article","isPartOf":{"@id":"https:\/\/webmail.meusitejuridico.com.br\/2017\/11\/08\/socorro-medico-latam-e-diferentes-perspectivas-da-vida\/"},"author":{"name":"Cristiano Chaves de Farias","@id":"https:\/\/cdn.meusitejuridico.com.br\/#\/schema\/person\/2062331670583ff80d02ceed63784363"},"headline":"Socorro m\u00e9dico, a Latam e as diferentes perspectivas da vida","datePublished":"2017-11-08T15:47:09+00:00","mainEntityOfPage":{"@id":"https:\/\/webmail.meusitejuridico.com.br\/2017\/11\/08\/socorro-medico-latam-e-diferentes-perspectivas-da-vida\/"},"wordCount":1723,"commentCount":9,"publisher":{"@id":"https:\/\/cdn.meusitejuridico.com.br\/#organization"},"image":{"@id":"https:\/\/webmail.meusitejuridico.com.br\/2017\/11\/08\/socorro-medico-latam-e-diferentes-perspectivas-da-vida\/#primaryimage"},"thumbnailUrl":"https:\/\/meusitejuridico.editorajuspodivm.com.br\/s.meusitejuridico\/2017\/11\/99b82675-cristiano.jpg","keywords":["julgamento","Latam","m\u00e9dico","responsabilidade civil"],"articleSection":["Artigos","Direito Civil"],"inLanguage":"pt-BR","potentialAction":[{"@type":"CommentAction","name":"Comment","target":["https:\/\/webmail.meusitejuridico.com.br\/2017\/11\/08\/socorro-medico-latam-e-diferentes-perspectivas-da-vida\/#respond"]}]},{"@type":"WebPage","@id":"https:\/\/webmail.meusitejuridico.com.br\/2017\/11\/08\/socorro-medico-latam-e-diferentes-perspectivas-da-vida\/","url":"https:\/\/webmail.meusitejuridico.com.br\/2017\/11\/08\/socorro-medico-latam-e-diferentes-perspectivas-da-vida\/","name":"Socorro m\u00e9dico, a Latam e as diferentes perspectivas da vida - Meu site jur\u00eddico","isPartOf":{"@id":"https:\/\/cdn.meusitejuridico.com.br\/#website"},"primaryImageOfPage":{"@id":"https:\/\/webmail.meusitejuridico.com.br\/2017\/11\/08\/socorro-medico-latam-e-diferentes-perspectivas-da-vida\/#primaryimage"},"image":{"@id":"https:\/\/webmail.meusitejuridico.com.br\/2017\/11\/08\/socorro-medico-latam-e-diferentes-perspectivas-da-vida\/#primaryimage"},"thumbnailUrl":"https:\/\/meusitejuridico.editorajuspodivm.com.br\/s.meusitejuridico\/2017\/11\/99b82675-cristiano.jpg","datePublished":"2017-11-08T15:47:09+00:00","breadcrumb":{"@id":"https:\/\/webmail.meusitejuridico.com.br\/2017\/11\/08\/socorro-medico-latam-e-diferentes-perspectivas-da-vida\/#breadcrumb"},"inLanguage":"pt-BR","potentialAction":[{"@type":"ReadAction","target":["https:\/\/webmail.meusitejuridico.com.br\/2017\/11\/08\/socorro-medico-latam-e-diferentes-perspectivas-da-vida\/"]}]},{"@type":"ImageObject","inLanguage":"pt-BR","@id":"https:\/\/webmail.meusitejuridico.com.br\/2017\/11\/08\/socorro-medico-latam-e-diferentes-perspectivas-da-vida\/#primaryimage","url":"https:\/\/meusitejuridico.editorajuspodivm.com.br\/s.meusitejuridico\/2017\/11\/99b82675-cristiano.jpg","contentUrl":"https:\/\/meusitejuridico.editorajuspodivm.com.br\/s.meusitejuridico\/2017\/11\/99b82675-cristiano.jpg","width":626,"height":626},{"@type":"BreadcrumbList","@id":"https:\/\/webmail.meusitejuridico.com.br\/2017\/11\/08\/socorro-medico-latam-e-diferentes-perspectivas-da-vida\/#breadcrumb","itemListElement":[{"@type":"ListItem","position":1,"name":"In\u00edcio","item":"https:\/\/cdn.meusitejuridico.com.br\/"},{"@type":"ListItem","position":2,"name":"Socorro m\u00e9dico, a Latam e as diferentes perspectivas da vida"}]},{"@type":"WebSite","@id":"https:\/\/cdn.meusitejuridico.com.br\/#website","url":"https:\/\/cdn.meusitejuridico.com.br\/","name":"Meu site jur\u00eddico","description":"Meu site jur\u00eddico","publisher":{"@id":"https:\/\/cdn.meusitejuridico.com.br\/#organization"},"potentialAction":[{"@type":"SearchAction","target":{"@type":"EntryPoint","urlTemplate":"https:\/\/cdn.meusitejuridico.com.br\/?s={search_term_string}"},"query-input":{"@type":"PropertyValueSpecification","valueRequired":true,"valueName":"search_term_string"}}],"inLanguage":"pt-BR"},{"@type":"Organization","@id":"https:\/\/cdn.meusitejuridico.com.br\/#organization","name":"Meu site jur\u00eddico","url":"https:\/\/cdn.meusitejuridico.com.br\/","logo":{"@type":"ImageObject","inLanguage":"pt-BR","@id":"https:\/\/cdn.meusitejuridico.com.br\/#\/schema\/logo\/image\/","url":"https:\/\/meusitejuridico.editorajuspodivm.com.br\/s.meusitejuridico\/2022\/03\/cropped-baeec2a3-msj-02-01-01.png","contentUrl":"https:\/\/meusitejuridico.editorajuspodivm.com.br\/s.meusitejuridico\/2022\/03\/cropped-baeec2a3-msj-02-01-01.png","width":349,"height":243,"caption":"Meu site jur\u00eddico"},"image":{"@id":"https:\/\/cdn.meusitejuridico.com.br\/#\/schema\/logo\/image\/"}},{"@type":"Person","@id":"https:\/\/cdn.meusitejuridico.com.br\/#\/schema\/person\/2062331670583ff80d02ceed63784363","name":"Cristiano Chaves de Farias","image":{"@type":"ImageObject","inLanguage":"pt-BR","@id":"https:\/\/cdn.meusitejuridico.com.br\/#\/schema\/person\/image\/","url":"https:\/\/meusitejuridico.editorajuspodivm.com.br\/s.meusitejuridico\/2017\/04\/f0714f6b-cristiano-150x150.jpg","contentUrl":"https:\/\/meusitejuridico.editorajuspodivm.com.br\/s.meusitejuridico\/2017\/04\/f0714f6b-cristiano-150x150.jpg","caption":"Cristiano Chaves de Farias"},"description":"Promotor de Justi\u00e7a do Minist\u00e9rio P\u00fablico do Estado da Bahia. Mestre em Ci\u00eancias da Fam\u00edlia na Sociedade Contempor\u00e2nea pela Universidade Cat\u00f3lica do Salvador - UCSal. Professor de Direito Civil da Faculdade Baiana de Direito e do Complexo de Ensino Renato Saraiva. Membro do Instituto Brasileiro de Direito de Fam\u00edlia - IBDFAM.","sameAs":["https:\/\/www.editorajuspodivm.com.br\/autores?idtag=ebe04ee0-bb3c-4b7f-96b9-fcd9428789d5\/detalhe\/41","https:\/\/www.facebook.com\/cristianochavesfarias\/?fref=ts","https:\/\/www.instagram.com\/profcristianochaves\/","https:\/\/x.com\/cchavesfarias"],"url":"https:\/\/meusitejuridico.editorajuspodivm.com.br\/author\/cristianofariasuol-com-br\/"}]}},"_links":{"self":[{"href":"https:\/\/meusitejuridico.editorajuspodivm.com.br\/api\/wp\/v2\/posts\/3896","targetHints":{"allow":["GET"]}}],"collection":[{"href":"https:\/\/meusitejuridico.editorajuspodivm.com.br\/api\/wp\/v2\/posts"}],"about":[{"href":"https:\/\/meusitejuridico.editorajuspodivm.com.br\/api\/wp\/v2\/types\/post"}],"author":[{"embeddable":true,"href":"https:\/\/meusitejuridico.editorajuspodivm.com.br\/api\/wp\/v2\/users\/8"}],"replies":[{"embeddable":true,"href":"https:\/\/meusitejuridico.editorajuspodivm.com.br\/api\/wp\/v2\/comments?post=3896"}],"version-history":[{"count":1,"href":"https:\/\/meusitejuridico.editorajuspodivm.com.br\/api\/wp\/v2\/posts\/3896\/revisions"}],"predecessor-version":[{"id":3898,"href":"https:\/\/meusitejuridico.editorajuspodivm.com.br\/api\/wp\/v2\/posts\/3896\/revisions\/3898"}],"wp:featuredmedia":[{"embeddable":true,"href":"https:\/\/meusitejuridico.editorajuspodivm.com.br\/api\/wp\/v2\/media\/3897"}],"wp:attachment":[{"href":"https:\/\/meusitejuridico.editorajuspodivm.com.br\/api\/wp\/v2\/media?parent=3896"}],"wp:term":[{"taxonomy":"category","embeddable":true,"href":"https:\/\/meusitejuridico.editorajuspodivm.com.br\/api\/wp\/v2\/categories?post=3896"},{"taxonomy":"post_tag","embeddable":true,"href":"https:\/\/meusitejuridico.editorajuspodivm.com.br\/api\/wp\/v2\/tags?post=3896"}],"curies":[{"name":"wp","href":"https:\/\/api.w.org\/{rel}","templated":true}]}}