{"id":3912,"date":"2017-11-12T22:01:07","date_gmt":"2017-11-13T00:01:07","guid":{"rendered":"https:\/\/meusitejuridico.com.br\/?p=3912"},"modified":"2017-11-12T22:09:22","modified_gmt":"2017-11-13T00:09:22","slug":"lei-13-4912017-uma-breve-analise-sobre-mudanca-da-natureza-comum-para-militar-de-certos-casos-de-crimes-dolosos-contra-vida-um-resumo-didatico-da-confusao-que-se-reinicia","status":"publish","type":"post","link":"https:\/\/meusitejuridico.editorajuspodivm.com.br\/2017\/11\/12\/lei-13-4912017-uma-breve-analise-sobre-mudanca-da-natureza-comum-para-militar-de-certos-casos-de-crimes-dolosos-contra-vida-um-resumo-didatico-da-confusao-que-se-reinicia\/","title":{"rendered":"Lei 13.491\/2017, uma breve an\u00e1lise sobre a mudan\u00e7a da natureza comum para militar de certos casos de crimes dolosos contra a vida: um resumo did\u00e1tico da confus\u00e3o que se reinicia&#8230;"},"content":{"rendered":"<ol>\n<li><strong>Introdu\u00e7\u00e3o:<\/strong><\/li>\n<\/ol>\n<p>Como dissemos em <a href=\"https:\/\/direitopenalmilitarteoriacriticaepratica.files.wordpress.com\/2017\/10\/revisado-lei-13491-artigo-bem-completo-e-detalhado.pdf\">vers\u00e3o bem detalhada<\/a> e completa deste artigo, Morfeu nos atacou, covarde e sorrateiramente, impedindo que soub\u00e9ssemos que, naquela madrugada escura, a Lei havia mudado, quase fazendo fracassar a palestra que ministraria no in\u00edcio da tarde seguinte.<\/p>\n<p>Samuel, bom amigo, remeteu-me a not\u00edcia no almo\u00e7o e s\u00f3 me restou recorrer ao humor e suposi\u00e7\u00f5es no decorrer da palestra. Mesmo em se tratando de agente civil, mudan\u00e7as consider\u00e1veis ocorreram.<\/p>\n<p>Se o Direito n\u00e3o socorre quem dorme, busco conter o sono numa manh\u00e3 de feriado para fazer esta vers\u00e3o resumida de tudo que ocorreu acerca dos crimes dolosos contra a vida, praticados por militar contra civil, desde a controvertida Lei 9.299\/96. N\u00e3o \u00e9 o \u00fanico aspecto que merece an\u00e1lise, mas prefiro come\u00e7ar por onde se fala em J\u00fari: o mais leg\u00edtimo \u00f3rg\u00e3o judici\u00e1rio de todo o Ocidente. O Tribunal do povo. Oficina dos Promotores e Procuradores que exercem a Curadoria da Vida, como j\u00e1 ouvi o meu amigo Ant\u00f4nio S\u00e9rgio, de Mato Grosso, dizer.<\/p>\n<p>Ap\u00f3s um artigo longo e complexo que acarcava todas as reflex\u00f5es que pudemos fazer sobre a nova Lei, confirmando que nada era t\u00e3o simples \u2013 sentei para escrever 10 e acabei escrevendo 37 p\u00e1ginas sem \u201cenchimentos lingui\u00e7ais\u201d &#8212; vamos tentar expor em vers\u00e3o inspirada nos Espartanos \u2013 lac\u00f4nica, mas n\u00e3o \u201clac\u00fanica, espero \u2013 um estudo em tr\u00eas tempos sobre as verdadeiras Eras que envolvem o processo e o julgamento dos crimes dolosos contra a vida praticados por militar contra civil.<\/p>\n<p>Como explicamos outrora, vamos fazer isso por partes, e, mais uma vez, agrade\u00e7o o convite do meu amigo e mestre do Direito Penal, Rog\u00e9rio Sanches. Esperamos fazer jus \u00e0 confian\u00e7a depositada.<\/p>\n<ol start=\"2\">\n<li><strong> Tr\u00eas Grandes Eras: Antes da Lei 9.299\/96, Ap\u00f3s essa Lei e iniciando a nova Era: a Lei 13.491\/2017.<\/strong><\/li>\n<\/ol>\n<p>Falar em Eras sempre me lembra a bela <a class='qlabs_tooltip_top qlabs_tooltip_style_1 cursor_pointer event_hover' style=''  aria-haspopup='true'>can\u00e7\u00e3o <em>Aquarius<\/em><span style='width: 180px; '  >Aquarius\/Let the Sunshine In\" \u00e9 uma jun\u00e7\u00e3o de duas can\u00e7\u00f5es do musical Hair (1967), compostas por James Rado, Gerome Ragni e Galt MacDermot, e lan\u00e7ada em maio de 1969 como primeiro single de The Age of Aquarius, quarto \u00e1lbum da banda estadunidense The Fifth Dimension. \"Aquarius\" foi interpretada pela cantora Ren Woods, no musical Hair, ficando bastante conhecida em todo mundo. (Wikipedia).<\/span><\/a>\u00a0consagrada pelo cl\u00e1ssico musical <em>Hair<\/em>. Havia, naquela interpreta\u00e7\u00e3o, a esperan\u00e7a de uma nova era que estaria se iniciando, com um universo melhor de paz, abund\u00e2ncia e liberta\u00e7\u00e3o da mente. Na nova era jur\u00eddica, a \u201cpaz\u201d \u00e9 imposs\u00edvel: a guerra j\u00e1 come\u00e7ou com pol\u00eamicas e confrontos mil. Abund\u00e2ncia: s\u00f3 a de interpreta\u00e7\u00f5es. E liberta\u00e7\u00e3o: s\u00f3 a das mentes que come\u00e7am a delirar com vers\u00f5es alucinadas acerca de um futuro que se pretende consensual mas ser\u00e1 sempre controvertido.<\/p>\n<p>Analisemos cada uma dessas Eras: (<a href=\"https:\/\/s3.meusitejuridico.com.br\/2017\/11\/740512c5-adriano-marreiro.pdf\" target=\"_blank\" rel=\"noopener\">clique aqui para ler o artigo completo<\/a>)<\/p>\n","protected":false},"excerpt":{"rendered":"<p>Introdu\u00e7\u00e3o: Como dissemos em vers\u00e3o bem detalhada e completa deste artigo, Morfeu nos atacou, covarde e sorrateiramente, impedindo que soub\u00e9ssemos que, naquela madrugada escura, a Lei havia mudado, quase fazendo fracassar a palestra que ministraria no in\u00edcio da tarde seguinte. Samuel, bom amigo, remeteu-me a not\u00edcia no almo\u00e7o e s\u00f3 me restou recorrer ao humor [&hellip;]<\/p>\n","protected":false},"author":41,"featured_media":3913,"comment_status":"open","ping_status":"open","sticky":false,"template":"","format":"standard","meta":{"_acf_changed":false,"footnotes":""},"categories":[72],"tags":[175,1191,1190,1189],"class_list":["post-3912","post","type-post","status-publish","format-standard","has-post-thumbnail","hentry","category-leis-comentadas","tag-competencia","tag-crime-dolosos-contra-a-vida","tag-crime-militar","tag-lei-13-4912017"],"acf":[],"yoast_head":"<!-- This site is optimized with the Yoast SEO plugin v24.8.1 - https:\/\/yoast.com\/wordpress\/plugins\/seo\/ -->\n<title>Lei 13.491\/2017, uma breve an\u00e1lise sobre a mudan\u00e7a da natureza comum para militar de certos casos de crimes dolosos contra a vida: um resumo did\u00e1tico da confus\u00e3o que se reinicia... - Meu site jur\u00eddico<\/title>\n<meta name=\"robots\" content=\"index, follow, max-snippet:-1, max-image-preview:large, max-video-preview:-1\" \/>\n<link rel=\"canonical\" href=\"https:\/\/webmail.meusitejuridico.com.br\/2017\/11\/12\/lei-13-4912017-uma-breve-analise-sobre-mudanca-da-natureza-comum-para-militar-de-certos-casos-de-crimes-dolosos-contra-vida-um-resumo-didatico-da-confusao-que-se-reinicia\/\" \/>\n<meta property=\"og:locale\" content=\"pt_BR\" \/>\n<meta property=\"og:type\" content=\"article\" \/>\n<meta property=\"og:title\" content=\"Lei 13.491\/2017, uma breve an\u00e1lise sobre a mudan\u00e7a da natureza comum para militar de certos casos de crimes dolosos contra a vida: um resumo did\u00e1tico da confus\u00e3o que se reinicia... - Meu site jur\u00eddico\" \/>\n<meta property=\"og:description\" content=\"Introdu\u00e7\u00e3o: Como dissemos em vers\u00e3o bem detalhada e completa deste artigo, Morfeu nos atacou, covarde e sorrateiramente, impedindo que soub\u00e9ssemos que, naquela madrugada escura, a Lei havia mudado, quase fazendo fracassar a palestra que ministraria no in\u00edcio da tarde seguinte. Samuel, bom amigo, remeteu-me a not\u00edcia no almo\u00e7o e s\u00f3 me restou recorrer ao humor [&hellip;]\" \/>\n<meta property=\"og:url\" content=\"https:\/\/webmail.meusitejuridico.com.br\/2017\/11\/12\/lei-13-4912017-uma-breve-analise-sobre-mudanca-da-natureza-comum-para-militar-de-certos-casos-de-crimes-dolosos-contra-vida-um-resumo-didatico-da-confusao-que-se-reinicia\/\" \/>\n<meta property=\"og:site_name\" content=\"Meu site jur\u00eddico\" \/>\n<meta property=\"article:published_time\" content=\"2017-11-13T00:01:07+00:00\" \/>\n<meta property=\"article:modified_time\" content=\"2017-11-13T00:09:22+00:00\" \/>\n<meta property=\"og:image\" content=\"https:\/\/webmail.meusitejuridico.com.br\/s.meusitejuridico\/2017\/11\/93ecf024-shutterstock-558646540.jpg\" \/>\n\t<meta property=\"og:image:width\" content=\"500\" \/>\n\t<meta property=\"og:image:height\" content=\"334\" \/>\n\t<meta property=\"og:image:type\" content=\"image\/jpeg\" \/>\n<meta name=\"author\" content=\"Adriano Alves-Marreiros\" \/>\n<meta name=\"twitter:card\" content=\"summary_large_image\" \/>\n<meta name=\"twitter:label1\" content=\"Escrito por\" \/>\n\t<meta name=\"twitter:data1\" content=\"Adriano Alves-Marreiros\" \/>\n\t<meta name=\"twitter:label2\" content=\"Est. tempo de leitura\" \/>\n\t<meta name=\"twitter:data2\" content=\"3 minutos\" \/>\n<script type=\"application\/ld+json\" class=\"yoast-schema-graph\">{\"@context\":\"https:\/\/schema.org\",\"@graph\":[{\"@type\":\"Article\",\"@id\":\"https:\/\/webmail.meusitejuridico.com.br\/2017\/11\/12\/lei-13-4912017-uma-breve-analise-sobre-mudanca-da-natureza-comum-para-militar-de-certos-casos-de-crimes-dolosos-contra-vida-um-resumo-didatico-da-confusao-que-se-reinicia\/#article\",\"isPartOf\":{\"@id\":\"https:\/\/webmail.meusitejuridico.com.br\/2017\/11\/12\/lei-13-4912017-uma-breve-analise-sobre-mudanca-da-natureza-comum-para-militar-de-certos-casos-de-crimes-dolosos-contra-vida-um-resumo-didatico-da-confusao-que-se-reinicia\/\"},\"author\":{\"name\":\"Adriano Alves-Marreiros\",\"@id\":\"https:\/\/cdn.meusitejuridico.com.br\/#\/schema\/person\/2e12f9d8687b1cf839d26440d15756ee\"},\"headline\":\"Lei 13.491\/2017, uma breve an\u00e1lise sobre a mudan\u00e7a da natureza comum para militar de certos casos de crimes dolosos contra a vida: um resumo did\u00e1tico da confus\u00e3o que se reinicia&#8230;\",\"datePublished\":\"2017-11-13T00:01:07+00:00\",\"dateModified\":\"2017-11-13T00:09:22+00:00\",\"mainEntityOfPage\":{\"@id\":\"https:\/\/webmail.meusitejuridico.com.br\/2017\/11\/12\/lei-13-4912017-uma-breve-analise-sobre-mudanca-da-natureza-comum-para-militar-de-certos-casos-de-crimes-dolosos-contra-vida-um-resumo-didatico-da-confusao-que-se-reinicia\/\"},\"wordCount\":545,\"commentCount\":0,\"publisher\":{\"@id\":\"https:\/\/cdn.meusitejuridico.com.br\/#organization\"},\"image\":{\"@id\":\"https:\/\/webmail.meusitejuridico.com.br\/2017\/11\/12\/lei-13-4912017-uma-breve-analise-sobre-mudanca-da-natureza-comum-para-militar-de-certos-casos-de-crimes-dolosos-contra-vida-um-resumo-didatico-da-confusao-que-se-reinicia\/#primaryimage\"},\"thumbnailUrl\":\"https:\/\/meusitejuridico.editorajuspodivm.com.br\/s.meusitejuridico\/2017\/11\/93ecf024-shutterstock-558646540.jpg\",\"keywords\":[\"compet\u00eancia\",\"crime dolosos contra a vida\",\"crime militar\",\"Lei 13.491\/2017\"],\"articleSection\":[\"Leis comentadas\"],\"inLanguage\":\"pt-BR\",\"potentialAction\":[{\"@type\":\"CommentAction\",\"name\":\"Comment\",\"target\":[\"https:\/\/webmail.meusitejuridico.com.br\/2017\/11\/12\/lei-13-4912017-uma-breve-analise-sobre-mudanca-da-natureza-comum-para-militar-de-certos-casos-de-crimes-dolosos-contra-vida-um-resumo-didatico-da-confusao-que-se-reinicia\/#respond\"]}]},{\"@type\":\"WebPage\",\"@id\":\"https:\/\/webmail.meusitejuridico.com.br\/2017\/11\/12\/lei-13-4912017-uma-breve-analise-sobre-mudanca-da-natureza-comum-para-militar-de-certos-casos-de-crimes-dolosos-contra-vida-um-resumo-didatico-da-confusao-que-se-reinicia\/\",\"url\":\"https:\/\/webmail.meusitejuridico.com.br\/2017\/11\/12\/lei-13-4912017-uma-breve-analise-sobre-mudanca-da-natureza-comum-para-militar-de-certos-casos-de-crimes-dolosos-contra-vida-um-resumo-didatico-da-confusao-que-se-reinicia\/\",\"name\":\"Lei 13.491\/2017, uma breve an\u00e1lise sobre a mudan\u00e7a da natureza comum para militar de certos casos de crimes dolosos contra a vida: um resumo did\u00e1tico da confus\u00e3o que se reinicia... - Meu site jur\u00eddico\",\"isPartOf\":{\"@id\":\"https:\/\/cdn.meusitejuridico.com.br\/#website\"},\"primaryImageOfPage\":{\"@id\":\"https:\/\/webmail.meusitejuridico.com.br\/2017\/11\/12\/lei-13-4912017-uma-breve-analise-sobre-mudanca-da-natureza-comum-para-militar-de-certos-casos-de-crimes-dolosos-contra-vida-um-resumo-didatico-da-confusao-que-se-reinicia\/#primaryimage\"},\"image\":{\"@id\":\"https:\/\/webmail.meusitejuridico.com.br\/2017\/11\/12\/lei-13-4912017-uma-breve-analise-sobre-mudanca-da-natureza-comum-para-militar-de-certos-casos-de-crimes-dolosos-contra-vida-um-resumo-didatico-da-confusao-que-se-reinicia\/#primaryimage\"},\"thumbnailUrl\":\"https:\/\/meusitejuridico.editorajuspodivm.com.br\/s.meusitejuridico\/2017\/11\/93ecf024-shutterstock-558646540.jpg\",\"datePublished\":\"2017-11-13T00:01:07+00:00\",\"dateModified\":\"2017-11-13T00:09:22+00:00\",\"breadcrumb\":{\"@id\":\"https:\/\/webmail.meusitejuridico.com.br\/2017\/11\/12\/lei-13-4912017-uma-breve-analise-sobre-mudanca-da-natureza-comum-para-militar-de-certos-casos-de-crimes-dolosos-contra-vida-um-resumo-didatico-da-confusao-que-se-reinicia\/#breadcrumb\"},\"inLanguage\":\"pt-BR\",\"potentialAction\":[{\"@type\":\"ReadAction\",\"target\":[\"https:\/\/webmail.meusitejuridico.com.br\/2017\/11\/12\/lei-13-4912017-uma-breve-analise-sobre-mudanca-da-natureza-comum-para-militar-de-certos-casos-de-crimes-dolosos-contra-vida-um-resumo-didatico-da-confusao-que-se-reinicia\/\"]}]},{\"@type\":\"ImageObject\",\"inLanguage\":\"pt-BR\",\"@id\":\"https:\/\/webmail.meusitejuridico.com.br\/2017\/11\/12\/lei-13-4912017-uma-breve-analise-sobre-mudanca-da-natureza-comum-para-militar-de-certos-casos-de-crimes-dolosos-contra-vida-um-resumo-didatico-da-confusao-que-se-reinicia\/#primaryimage\",\"url\":\"https:\/\/meusitejuridico.editorajuspodivm.com.br\/s.meusitejuridico\/2017\/11\/93ecf024-shutterstock-558646540.jpg\",\"contentUrl\":\"https:\/\/meusitejuridico.editorajuspodivm.com.br\/s.meusitejuridico\/2017\/11\/93ecf024-shutterstock-558646540.jpg\",\"width\":500,\"height\":334},{\"@type\":\"BreadcrumbList\",\"@id\":\"https:\/\/webmail.meusitejuridico.com.br\/2017\/11\/12\/lei-13-4912017-uma-breve-analise-sobre-mudanca-da-natureza-comum-para-militar-de-certos-casos-de-crimes-dolosos-contra-vida-um-resumo-didatico-da-confusao-que-se-reinicia\/#breadcrumb\",\"itemListElement\":[{\"@type\":\"ListItem\",\"position\":1,\"name\":\"In\u00edcio\",\"item\":\"https:\/\/cdn.meusitejuridico.com.br\/\"},{\"@type\":\"ListItem\",\"position\":2,\"name\":\"Lei 13.491\/2017, uma breve an\u00e1lise sobre a mudan\u00e7a da natureza comum para militar de certos casos de crimes dolosos contra a vida: um resumo did\u00e1tico da confus\u00e3o que se reinicia&#8230;\"}]},{\"@type\":\"WebSite\",\"@id\":\"https:\/\/cdn.meusitejuridico.com.br\/#website\",\"url\":\"https:\/\/cdn.meusitejuridico.com.br\/\",\"name\":\"Meu site jur\u00eddico\",\"description\":\"Meu site jur\u00eddico\",\"publisher\":{\"@id\":\"https:\/\/cdn.meusitejuridico.com.br\/#organization\"},\"potentialAction\":[{\"@type\":\"SearchAction\",\"target\":{\"@type\":\"EntryPoint\",\"urlTemplate\":\"https:\/\/cdn.meusitejuridico.com.br\/?s={search_term_string}\"},\"query-input\":{\"@type\":\"PropertyValueSpecification\",\"valueRequired\":true,\"valueName\":\"search_term_string\"}}],\"inLanguage\":\"pt-BR\"},{\"@type\":\"Organization\",\"@id\":\"https:\/\/cdn.meusitejuridico.com.br\/#organization\",\"name\":\"Meu site jur\u00eddico\",\"url\":\"https:\/\/cdn.meusitejuridico.com.br\/\",\"logo\":{\"@type\":\"ImageObject\",\"inLanguage\":\"pt-BR\",\"@id\":\"https:\/\/cdn.meusitejuridico.com.br\/#\/schema\/logo\/image\/\",\"url\":\"https:\/\/meusitejuridico.editorajuspodivm.com.br\/s.meusitejuridico\/2022\/03\/cropped-baeec2a3-msj-02-01-01.png\",\"contentUrl\":\"https:\/\/meusitejuridico.editorajuspodivm.com.br\/s.meusitejuridico\/2022\/03\/cropped-baeec2a3-msj-02-01-01.png\",\"width\":349,\"height\":243,\"caption\":\"Meu site jur\u00eddico\"},\"image\":{\"@id\":\"https:\/\/cdn.meusitejuridico.com.br\/#\/schema\/logo\/image\/\"}},{\"@type\":\"Person\",\"@id\":\"https:\/\/cdn.meusitejuridico.com.br\/#\/schema\/person\/2e12f9d8687b1cf839d26440d15756ee\",\"name\":\"Adriano Alves-Marreiros\",\"image\":{\"@type\":\"ImageObject\",\"inLanguage\":\"pt-BR\",\"@id\":\"https:\/\/cdn.meusitejuridico.com.br\/#\/schema\/person\/image\/\",\"url\":\"https:\/\/meusitejuridico.editorajuspodivm.com.br\/s.meusitejuridico\/2017\/11\/6b618a35-adriano.jpg\",\"contentUrl\":\"https:\/\/meusitejuridico.editorajuspodivm.com.br\/s.meusitejuridico\/2017\/11\/6b618a35-adriano.jpg\",\"caption\":\"Adriano Alves-Marreiros\"},\"description\":\"Promotor de Justi\u00e7a Militar, Especialista em Direito Penal Militar e Processo Penal Militar e um dos autores da obra Direito Penal Militar - Teoria Cr\u00edtica &amp; Pr\u00e1tica.\",\"url\":\"https:\/\/meusitejuridico.editorajuspodivm.com.br\/author\/adrianoadriano-com-br\/\"}]}<\/script>\n<!-- \/ Yoast SEO plugin. -->","yoast_head_json":{"title":"Lei 13.491\/2017, uma breve an\u00e1lise sobre a mudan\u00e7a da natureza comum para militar de certos casos de crimes dolosos contra a vida: um resumo did\u00e1tico da confus\u00e3o que se reinicia... - Meu site jur\u00eddico","robots":{"index":"index","follow":"follow","max-snippet":"max-snippet:-1","max-image-preview":"max-image-preview:large","max-video-preview":"max-video-preview:-1"},"canonical":"https:\/\/webmail.meusitejuridico.com.br\/2017\/11\/12\/lei-13-4912017-uma-breve-analise-sobre-mudanca-da-natureza-comum-para-militar-de-certos-casos-de-crimes-dolosos-contra-vida-um-resumo-didatico-da-confusao-que-se-reinicia\/","og_locale":"pt_BR","og_type":"article","og_title":"Lei 13.491\/2017, uma breve an\u00e1lise sobre a mudan\u00e7a da natureza comum para militar de certos casos de crimes dolosos contra a vida: um resumo did\u00e1tico da confus\u00e3o que se reinicia... - Meu site jur\u00eddico","og_description":"Introdu\u00e7\u00e3o: Como dissemos em vers\u00e3o bem detalhada e completa deste artigo, Morfeu nos atacou, covarde e sorrateiramente, impedindo que soub\u00e9ssemos que, naquela madrugada escura, a Lei havia mudado, quase fazendo fracassar a palestra que ministraria no in\u00edcio da tarde seguinte. Samuel, bom amigo, remeteu-me a not\u00edcia no almo\u00e7o e s\u00f3 me restou recorrer ao humor [&hellip;]","og_url":"https:\/\/webmail.meusitejuridico.com.br\/2017\/11\/12\/lei-13-4912017-uma-breve-analise-sobre-mudanca-da-natureza-comum-para-militar-de-certos-casos-de-crimes-dolosos-contra-vida-um-resumo-didatico-da-confusao-que-se-reinicia\/","og_site_name":"Meu site jur\u00eddico","article_published_time":"2017-11-13T00:01:07+00:00","article_modified_time":"2017-11-13T00:09:22+00:00","og_image":[{"width":500,"height":334,"url":"https:\/\/webmail.meusitejuridico.com.br\/s.meusitejuridico\/2017\/11\/93ecf024-shutterstock-558646540.jpg","type":"image\/jpeg"}],"author":"Adriano Alves-Marreiros","twitter_card":"summary_large_image","twitter_misc":{"Escrito por":"Adriano Alves-Marreiros","Est. tempo de leitura":"3 minutos"},"schema":{"@context":"https:\/\/schema.org","@graph":[{"@type":"Article","@id":"https:\/\/webmail.meusitejuridico.com.br\/2017\/11\/12\/lei-13-4912017-uma-breve-analise-sobre-mudanca-da-natureza-comum-para-militar-de-certos-casos-de-crimes-dolosos-contra-vida-um-resumo-didatico-da-confusao-que-se-reinicia\/#article","isPartOf":{"@id":"https:\/\/webmail.meusitejuridico.com.br\/2017\/11\/12\/lei-13-4912017-uma-breve-analise-sobre-mudanca-da-natureza-comum-para-militar-de-certos-casos-de-crimes-dolosos-contra-vida-um-resumo-didatico-da-confusao-que-se-reinicia\/"},"author":{"name":"Adriano Alves-Marreiros","@id":"https:\/\/cdn.meusitejuridico.com.br\/#\/schema\/person\/2e12f9d8687b1cf839d26440d15756ee"},"headline":"Lei 13.491\/2017, uma breve an\u00e1lise sobre a mudan\u00e7a da natureza comum para militar de certos casos de crimes dolosos contra a vida: um resumo did\u00e1tico da confus\u00e3o que se reinicia&#8230;","datePublished":"2017-11-13T00:01:07+00:00","dateModified":"2017-11-13T00:09:22+00:00","mainEntityOfPage":{"@id":"https:\/\/webmail.meusitejuridico.com.br\/2017\/11\/12\/lei-13-4912017-uma-breve-analise-sobre-mudanca-da-natureza-comum-para-militar-de-certos-casos-de-crimes-dolosos-contra-vida-um-resumo-didatico-da-confusao-que-se-reinicia\/"},"wordCount":545,"commentCount":0,"publisher":{"@id":"https:\/\/cdn.meusitejuridico.com.br\/#organization"},"image":{"@id":"https:\/\/webmail.meusitejuridico.com.br\/2017\/11\/12\/lei-13-4912017-uma-breve-analise-sobre-mudanca-da-natureza-comum-para-militar-de-certos-casos-de-crimes-dolosos-contra-vida-um-resumo-didatico-da-confusao-que-se-reinicia\/#primaryimage"},"thumbnailUrl":"https:\/\/meusitejuridico.editorajuspodivm.com.br\/s.meusitejuridico\/2017\/11\/93ecf024-shutterstock-558646540.jpg","keywords":["compet\u00eancia","crime dolosos contra a vida","crime militar","Lei 13.491\/2017"],"articleSection":["Leis comentadas"],"inLanguage":"pt-BR","potentialAction":[{"@type":"CommentAction","name":"Comment","target":["https:\/\/webmail.meusitejuridico.com.br\/2017\/11\/12\/lei-13-4912017-uma-breve-analise-sobre-mudanca-da-natureza-comum-para-militar-de-certos-casos-de-crimes-dolosos-contra-vida-um-resumo-didatico-da-confusao-que-se-reinicia\/#respond"]}]},{"@type":"WebPage","@id":"https:\/\/webmail.meusitejuridico.com.br\/2017\/11\/12\/lei-13-4912017-uma-breve-analise-sobre-mudanca-da-natureza-comum-para-militar-de-certos-casos-de-crimes-dolosos-contra-vida-um-resumo-didatico-da-confusao-que-se-reinicia\/","url":"https:\/\/webmail.meusitejuridico.com.br\/2017\/11\/12\/lei-13-4912017-uma-breve-analise-sobre-mudanca-da-natureza-comum-para-militar-de-certos-casos-de-crimes-dolosos-contra-vida-um-resumo-didatico-da-confusao-que-se-reinicia\/","name":"Lei 13.491\/2017, uma breve an\u00e1lise sobre a mudan\u00e7a da natureza comum para militar de certos casos de crimes dolosos contra a vida: um resumo did\u00e1tico da confus\u00e3o que se reinicia... - Meu site jur\u00eddico","isPartOf":{"@id":"https:\/\/cdn.meusitejuridico.com.br\/#website"},"primaryImageOfPage":{"@id":"https:\/\/webmail.meusitejuridico.com.br\/2017\/11\/12\/lei-13-4912017-uma-breve-analise-sobre-mudanca-da-natureza-comum-para-militar-de-certos-casos-de-crimes-dolosos-contra-vida-um-resumo-didatico-da-confusao-que-se-reinicia\/#primaryimage"},"image":{"@id":"https:\/\/webmail.meusitejuridico.com.br\/2017\/11\/12\/lei-13-4912017-uma-breve-analise-sobre-mudanca-da-natureza-comum-para-militar-de-certos-casos-de-crimes-dolosos-contra-vida-um-resumo-didatico-da-confusao-que-se-reinicia\/#primaryimage"},"thumbnailUrl":"https:\/\/meusitejuridico.editorajuspodivm.com.br\/s.meusitejuridico\/2017\/11\/93ecf024-shutterstock-558646540.jpg","datePublished":"2017-11-13T00:01:07+00:00","dateModified":"2017-11-13T00:09:22+00:00","breadcrumb":{"@id":"https:\/\/webmail.meusitejuridico.com.br\/2017\/11\/12\/lei-13-4912017-uma-breve-analise-sobre-mudanca-da-natureza-comum-para-militar-de-certos-casos-de-crimes-dolosos-contra-vida-um-resumo-didatico-da-confusao-que-se-reinicia\/#breadcrumb"},"inLanguage":"pt-BR","potentialAction":[{"@type":"ReadAction","target":["https:\/\/webmail.meusitejuridico.com.br\/2017\/11\/12\/lei-13-4912017-uma-breve-analise-sobre-mudanca-da-natureza-comum-para-militar-de-certos-casos-de-crimes-dolosos-contra-vida-um-resumo-didatico-da-confusao-que-se-reinicia\/"]}]},{"@type":"ImageObject","inLanguage":"pt-BR","@id":"https:\/\/webmail.meusitejuridico.com.br\/2017\/11\/12\/lei-13-4912017-uma-breve-analise-sobre-mudanca-da-natureza-comum-para-militar-de-certos-casos-de-crimes-dolosos-contra-vida-um-resumo-didatico-da-confusao-que-se-reinicia\/#primaryimage","url":"https:\/\/meusitejuridico.editorajuspodivm.com.br\/s.meusitejuridico\/2017\/11\/93ecf024-shutterstock-558646540.jpg","contentUrl":"https:\/\/meusitejuridico.editorajuspodivm.com.br\/s.meusitejuridico\/2017\/11\/93ecf024-shutterstock-558646540.jpg","width":500,"height":334},{"@type":"BreadcrumbList","@id":"https:\/\/webmail.meusitejuridico.com.br\/2017\/11\/12\/lei-13-4912017-uma-breve-analise-sobre-mudanca-da-natureza-comum-para-militar-de-certos-casos-de-crimes-dolosos-contra-vida-um-resumo-didatico-da-confusao-que-se-reinicia\/#breadcrumb","itemListElement":[{"@type":"ListItem","position":1,"name":"In\u00edcio","item":"https:\/\/cdn.meusitejuridico.com.br\/"},{"@type":"ListItem","position":2,"name":"Lei 13.491\/2017, uma breve an\u00e1lise sobre a mudan\u00e7a da natureza comum para militar de certos casos de crimes dolosos contra a vida: um resumo did\u00e1tico da confus\u00e3o que se reinicia&#8230;"}]},{"@type":"WebSite","@id":"https:\/\/cdn.meusitejuridico.com.br\/#website","url":"https:\/\/cdn.meusitejuridico.com.br\/","name":"Meu site jur\u00eddico","description":"Meu site jur\u00eddico","publisher":{"@id":"https:\/\/cdn.meusitejuridico.com.br\/#organization"},"potentialAction":[{"@type":"SearchAction","target":{"@type":"EntryPoint","urlTemplate":"https:\/\/cdn.meusitejuridico.com.br\/?s={search_term_string}"},"query-input":{"@type":"PropertyValueSpecification","valueRequired":true,"valueName":"search_term_string"}}],"inLanguage":"pt-BR"},{"@type":"Organization","@id":"https:\/\/cdn.meusitejuridico.com.br\/#organization","name":"Meu site jur\u00eddico","url":"https:\/\/cdn.meusitejuridico.com.br\/","logo":{"@type":"ImageObject","inLanguage":"pt-BR","@id":"https:\/\/cdn.meusitejuridico.com.br\/#\/schema\/logo\/image\/","url":"https:\/\/meusitejuridico.editorajuspodivm.com.br\/s.meusitejuridico\/2022\/03\/cropped-baeec2a3-msj-02-01-01.png","contentUrl":"https:\/\/meusitejuridico.editorajuspodivm.com.br\/s.meusitejuridico\/2022\/03\/cropped-baeec2a3-msj-02-01-01.png","width":349,"height":243,"caption":"Meu site jur\u00eddico"},"image":{"@id":"https:\/\/cdn.meusitejuridico.com.br\/#\/schema\/logo\/image\/"}},{"@type":"Person","@id":"https:\/\/cdn.meusitejuridico.com.br\/#\/schema\/person\/2e12f9d8687b1cf839d26440d15756ee","name":"Adriano Alves-Marreiros","image":{"@type":"ImageObject","inLanguage":"pt-BR","@id":"https:\/\/cdn.meusitejuridico.com.br\/#\/schema\/person\/image\/","url":"https:\/\/meusitejuridico.editorajuspodivm.com.br\/s.meusitejuridico\/2017\/11\/6b618a35-adriano.jpg","contentUrl":"https:\/\/meusitejuridico.editorajuspodivm.com.br\/s.meusitejuridico\/2017\/11\/6b618a35-adriano.jpg","caption":"Adriano Alves-Marreiros"},"description":"Promotor de Justi\u00e7a Militar, Especialista em Direito Penal Militar e Processo Penal Militar e um dos autores da obra Direito Penal Militar - Teoria Cr\u00edtica &amp; Pr\u00e1tica.","url":"https:\/\/meusitejuridico.editorajuspodivm.com.br\/author\/adrianoadriano-com-br\/"}]}},"_links":{"self":[{"href":"https:\/\/meusitejuridico.editorajuspodivm.com.br\/api\/wp\/v2\/posts\/3912","targetHints":{"allow":["GET"]}}],"collection":[{"href":"https:\/\/meusitejuridico.editorajuspodivm.com.br\/api\/wp\/v2\/posts"}],"about":[{"href":"https:\/\/meusitejuridico.editorajuspodivm.com.br\/api\/wp\/v2\/types\/post"}],"author":[{"embeddable":true,"href":"https:\/\/meusitejuridico.editorajuspodivm.com.br\/api\/wp\/v2\/users\/41"}],"replies":[{"embeddable":true,"href":"https:\/\/meusitejuridico.editorajuspodivm.com.br\/api\/wp\/v2\/comments?post=3912"}],"version-history":[{"count":2,"href":"https:\/\/meusitejuridico.editorajuspodivm.com.br\/api\/wp\/v2\/posts\/3912\/revisions"}],"predecessor-version":[{"id":3917,"href":"https:\/\/meusitejuridico.editorajuspodivm.com.br\/api\/wp\/v2\/posts\/3912\/revisions\/3917"}],"wp:featuredmedia":[{"embeddable":true,"href":"https:\/\/meusitejuridico.editorajuspodivm.com.br\/api\/wp\/v2\/media\/3913"}],"wp:attachment":[{"href":"https:\/\/meusitejuridico.editorajuspodivm.com.br\/api\/wp\/v2\/media?parent=3912"}],"wp:term":[{"taxonomy":"category","embeddable":true,"href":"https:\/\/meusitejuridico.editorajuspodivm.com.br\/api\/wp\/v2\/categories?post=3912"},{"taxonomy":"post_tag","embeddable":true,"href":"https:\/\/meusitejuridico.editorajuspodivm.com.br\/api\/wp\/v2\/tags?post=3912"}],"curies":[{"name":"wp","href":"https:\/\/api.w.org\/{rel}","templated":true}]}}