{"id":4799,"date":"2018-03-19T16:59:53","date_gmt":"2018-03-19T19:59:53","guid":{"rendered":"https:\/\/meusitejuridico.com.br\/?p=4799"},"modified":"2022-01-18T16:57:45","modified_gmt":"2022-01-18T19:57:45","slug":"sumula-605-stj-maioridade-penal-nao-interfere-na-apuracao-de-atos-infracionais-e-na-execucao-de-medidas-socioeducativas","status":"publish","type":"post","link":"https:\/\/meusitejuridico.editorajuspodivm.com.br\/2018\/03\/19\/sumula-605-stj-maioridade-penal-nao-interfere-na-apuracao-de-atos-infracionais-e-na-execucao-de-medidas-socioeducativas\/","title":{"rendered":"S\u00famula 605 do STJ: A maioridade penal n\u00e3o interfere na apura\u00e7\u00e3o de atos infracionais e na execu\u00e7\u00e3o de medidas socioeducativas"},"content":{"rendered":"<p><a href=\"https:\/\/play.google.com\/store\/apps\/details?id=com.app.meuappjuridico&amp;hl=pt\" target=\"_blank\" rel=\"noopener\"><img decoding=\"async\" class=\"aligncenter wp-image-4610 size-medium\" src=\"https:\/\/s3.meusitejuridico.com.br\/2018\/02\/3cdb1249-banner-app-300x166.jpeg\" alt=\"\" width=\"300\" height=\"166\" srcset=\"https:\/\/meusitejuridico.editorajuspodivm.com.br\/s.meusitejuridico\/2018\/02\/3cdb1249-banner-app-300x166.jpeg 300w, https:\/\/meusitejuridico.editorajuspodivm.com.br\/s.meusitejuridico\/2018\/02\/3cdb1249-banner-app-768x424.jpeg 768w, https:\/\/meusitejuridico.editorajuspodivm.com.br\/s.meusitejuridico\/2018\/02\/3cdb1249-banner-app-1024x566.jpeg 1024w, https:\/\/meusitejuridico.editorajuspodivm.com.br\/s.meusitejuridico\/2018\/02\/3cdb1249-banner-app-80x44.jpeg 80w, https:\/\/meusitejuridico.editorajuspodivm.com.br\/s.meusitejuridico\/2018\/02\/3cdb1249-banner-app.jpeg 1140w\" sizes=\"(max-width: 300px) 100vw, 300px\" \/><\/a><\/p>\n<p><strong>S\u00famula 605 do STJ:\u00a0<\/strong><em>\u201cA superveni\u00eancia da maioridade penal n\u00e3o interfere na apura\u00e7\u00e3o de ato infracional nem na aplicabilidade de medida socioeducativa em curso, inclusive na liberdade assistida, enquanto n\u00e3o atingida a idade de 21 anos\u201d.<\/em><\/p>\n<p><strong>Coment\u00e1rios:<\/strong><\/p>\n<p><em>Medida socioeducativa <\/em>pode ser definida como uma medida jur\u00eddica aplicada em procedimento adequado ao adolescente autor de ato infracional. Adolescente, na defini\u00e7\u00e3o do art. 2\u00ba da Lei 8.069\/90, \u00e9 a pessoa que conta entre doze e dezoito anos de idade.<\/p>\n<p>H\u00e1, no entanto, situa\u00e7\u00f5es em que o Estatuto da Crian\u00e7a e do Adolescente se aplica excepcionalmente \u00e0s pessoas entre dezoito e vinte e um anos de idade, como ocorre, por exemplo, na execu\u00e7\u00e3o de medidas socioeducativas de dura\u00e7\u00e3o continuada, ou seja, aquelas que se prolongam no tempo. S\u00e3o assim classificadas as medidas de liberdade assistida (que tem tempo m\u00ednimo de tr\u00eas meses), a presta\u00e7\u00e3o de servi\u00e7os \u00e0 comunidade (que n\u00e3o pode exceder seis meses), a semi-liberdade (que pode durar no m\u00e1ximo tr\u00eas anos) e a interna\u00e7\u00e3o (que tamb\u00e9m pode durar no m\u00e1ximo tr\u00eas anos).<\/p>\n<p>\u00c9 poss\u00edvel, com efeito, que ao adolescente autor de ato infracional seja aplicada uma dessas medidas em raz\u00e3o de um fato cometido pouco antes de completada maioridade. H\u00e1 quem sustente que a superveni\u00eancia da maioridade penal no curso da execu\u00e7\u00e3o da medida socioeducativa provoca sua extin\u00e7\u00e3o, a n\u00e3o ser quando a pr\u00f3pria lei excepciona, como no caso da interna\u00e7\u00e3o \u2013 que tem prazo m\u00e1ximo de tr\u00eas anos e o \u00a7 5\u00ba do art. 121 do ECA disp\u00f5e que a libera\u00e7\u00e3o \u00e9 compuls\u00f3ria quando o internado completa vinte e um anos \u2013 e da semi-liberdade, \u00e0 qual se aplicam, por expressa disposi\u00e7\u00e3o legal (art. 120, \u00a7 2\u00ba, do ECA), as normas relativas \u00e0 interna\u00e7\u00e3o.<\/p>\n<p>Argumenta-se, por outro lado, que n\u00e3o h\u00e1 nenhum sentido na interpreta\u00e7\u00e3o de que o ECA permite o prolongamento da execu\u00e7\u00e3o de medidas mais severas at\u00e9 os vinte e um anos, mas pro\u00edbe a execu\u00e7\u00e3o de outras medidas mais brandas, mas n\u00e3o menos importantes. A respeito:<\/p>\n<p>\u201c\u00c9 de ser salientado que elementares princ\u00edpios da l\u00f3gica sist\u00eamica s\u00e3o afrontados ao se afirmar que ao jovem adulto (aquele entre 18 e 21 anos) somente poderiam ser aplicadas medidas restritivas de liberdade, pois, ao determinar o legislador, expressamente (art. 104, par\u00e1grafo \u00fanico, do ECA), que deve ser considerada a idade do adolescente \u00e0 data do fato para os efeitos ali delineados &#8211; sem qualquer exce\u00e7\u00e3o para estes, diga-se &#8211; n\u00e3o deixou qualquer espa\u00e7o para d\u00favidas (&#8230;).<\/p>\n<p>Ficou claro que o mencionado art. 104 \u00e9 um t\u00edpico exemplo de aplica\u00e7\u00e3o excepcional do Estatuto \u00e0s pessoas entre 18 e 21 anos de idade, conforme prev\u00ea o art. 2\u00ba, par\u00e1grafo \u00fanico, daquele mesmo diploma legal.<\/p>\n<p>Levada a quest\u00e3o aos tribunais, fincou-se o posicionamento na esteira apontada acima, conforme se verifica dos seguintes julgados: (&#8230;)<\/p>\n<p>N\u00e3o faria qualquer sentido admitir que o legislador permitiria a aplica\u00e7\u00e3o de medidas mais severas ao jovem adulto e proibiria a de medidas mais brandas, ou seja, se \u00e0 autoridade judici\u00e1ria foi conferido poder para o mais, n\u00e3o h\u00e1 raz\u00e3o para lhe tolher no menos\u201d (Curso de direito da crian\u00e7a e do adolescente: aspectos te\u00f3ricos e pr\u00e1ticos. K\u00e1tia Regina Ferreira Lobo Andrade Maciel (coordena\u00e7\u00e3o) &#8211; 6\u00aa ed. S\u00e3o Paulo: Saraiva, 2013, p. 1007\/1009).<\/p>\n<p>O STJ h\u00e1 muito firmou esta \u00faltima orienta\u00e7\u00e3o e tem reiteradamente decidido que as medidas socioeducativas podem ser executadas ainda que sobrevenha a maioridade:<\/p>\n<p>\u201cAs medidas socioeducativas aplicadas ao menor infrator com base no ECA podem ser estendidas at\u00e9 que ele complete 21 (vinte e um) anos, sendo irrelevante a implementa\u00e7\u00e3o da maioridade civil ou penal no decorrer de seu cumprimento\u201d (AgRg no AREsp 1.022.549\/ES, DJe 31\/05\/2017).<\/p>\n<p>\u201c\u00c9 pac\u00edfico o entendimento do Superior Tribunal de Justi\u00e7a no sentido de que as medidas socioeducativas aplicadas ao menor infrator com base no ECA, inclu\u00edda a liberdade assistida, podem ser estendidas at\u00e9 que ele complete 21 (vinte e um) anos, sendo irrelevante a implementa\u00e7\u00e3o da maioridade civil ou penal no decorrer de seu cumprimento\u201d (AgInt no REsp 1.618.713\/RJ, DJe 06\/10\/2016).<\/p>\n<p>Para afastar definitivamente qualquer controv\u00e9rsia, a Terceira Se\u00e7\u00e3o do tribunal aprovou a s\u00famula 605, segundo a qual \u201cA superveni\u00eancia da maioridade penal n\u00e3o interfere na apura\u00e7\u00e3o de ato infracional nem na aplicabilidade de medida socioeducativa em curso, inclusive na liberdade assistida, enquanto n\u00e3o atingida a idade de 21 anos\u201d.<\/p>\n<p><strong>Confira esta e outras S\u00famulas comentadas por mim no MEUAPPJUR\u00cdDICO, dispon\u00edvel para Apple e Android.<\/strong><\/p>\n<p><strong>Para se aprofundar, recomendamos:<\/strong><\/p>\n<p>Curso:\u00a0<a href=\"https:\/\/goo.gl\/vDVTu9\" target=\"_blank\" rel=\"noopener\">Carreira Jur\u00eddica (m\u00f3d. I e II)<\/a><\/p>\n<p>Curso:\u00a0<a href=\"https:\/\/goo.gl\/HWHJAI\" target=\"_blank\" rel=\"noopener\">Intensivo para o Minist\u00e9rio P\u00fablico e Magistratura Estaduais + Legisla\u00e7\u00e3o Penal Especial<\/a><\/p>\n","protected":false},"excerpt":{"rendered":"<p>S\u00famula 605 do STJ:\u00a0\u201cA superveni\u00eancia da maioridade penal n\u00e3o interfere na apura\u00e7\u00e3o de ato infracional nem na aplicabilidade de medida socioeducativa em curso, inclusive na liberdade assistida, enquanto n\u00e3o atingida a idade de 21 anos\u201d. Coment\u00e1rios: Medida socioeducativa pode ser definida como uma medida jur\u00eddica aplicada em procedimento adequado ao adolescente autor de ato infracional. [&hellip;]<\/p>\n","protected":false},"author":3,"featured_media":4800,"comment_status":"open","ping_status":"open","sticky":false,"template":"","format":"standard","meta":{"_acf_changed":false,"footnotes":""},"categories":[80,73],"tags":[771,935,1517,1515,1287,1516],"class_list":["post-4799","post","type-post","status-publish","format-standard","has-post-thumbnail","hentry","category-informativos-stj","category-sumulas","tag-605-stj","tag-internacao","tag-liberdade-assistida","tag-maioridade","tag-medida-socioeducativa","tag-semi-liberdade"],"acf":[],"yoast_head":"<!-- This site is optimized with the Yoast SEO plugin v24.8.1 - https:\/\/yoast.com\/wordpress\/plugins\/seo\/ -->\n<title>S\u00famula 605 do STJ: A maioridade penal n\u00e3o interfere na apura\u00e7\u00e3o de atos infracionais e na execu\u00e7\u00e3o de medidas socioeducativas - Meu site jur\u00eddico<\/title>\n<meta name=\"robots\" content=\"index, follow, max-snippet:-1, max-image-preview:large, max-video-preview:-1\" \/>\n<link rel=\"canonical\" href=\"https:\/\/meusitejuridico.editorajuspodivm.com.br\/2018\/03\/19\/sumula-605-stj-maioridade-penal-nao-interfere-na-apuracao-de-atos-infracionais-e-na-execucao-de-medidas-socioeducativas\/\" \/>\n<meta property=\"og:locale\" content=\"pt_BR\" \/>\n<meta property=\"og:type\" content=\"article\" \/>\n<meta property=\"og:title\" content=\"S\u00famula 605 do STJ: A maioridade penal n\u00e3o interfere na apura\u00e7\u00e3o de atos infracionais e na execu\u00e7\u00e3o de medidas socioeducativas - Meu site jur\u00eddico\" \/>\n<meta property=\"og:description\" content=\"S\u00famula 605 do STJ:\u00a0\u201cA superveni\u00eancia da maioridade penal n\u00e3o interfere na apura\u00e7\u00e3o de ato infracional nem na aplicabilidade de medida socioeducativa em curso, inclusive na liberdade assistida, enquanto n\u00e3o atingida a idade de 21 anos\u201d. Coment\u00e1rios: Medida socioeducativa pode ser definida como uma medida jur\u00eddica aplicada em procedimento adequado ao adolescente autor de ato infracional. [&hellip;]\" \/>\n<meta property=\"og:url\" content=\"https:\/\/meusitejuridico.editorajuspodivm.com.br\/2018\/03\/19\/sumula-605-stj-maioridade-penal-nao-interfere-na-apuracao-de-atos-infracionais-e-na-execucao-de-medidas-socioeducativas\/\" \/>\n<meta property=\"og:site_name\" content=\"Meu site jur\u00eddico\" \/>\n<meta property=\"article:author\" content=\"https:\/\/www.facebook.com\/RogerioSanchesC\" \/>\n<meta property=\"article:published_time\" content=\"2018-03-19T19:59:53+00:00\" \/>\n<meta property=\"article:modified_time\" content=\"2022-01-18T19:57:45+00:00\" \/>\n<meta property=\"og:image\" content=\"https:\/\/meusitejuridico.editorajuspodivm.com.br\/s.meusitejuridico\/2018\/03\/00ebe1d5-shutterstock-665976883.jpg\" \/>\n\t<meta property=\"og:image:width\" content=\"1000\" \/>\n\t<meta property=\"og:image:height\" content=\"667\" \/>\n\t<meta property=\"og:image:type\" content=\"image\/jpeg\" \/>\n<meta name=\"author\" content=\"Rog\u00e9rio Sanches Cunha\" \/>\n<meta name=\"twitter:card\" content=\"summary_large_image\" \/>\n<meta name=\"twitter:creator\" content=\"@RogerioSanchesC\" \/>\n<meta name=\"twitter:label1\" content=\"Escrito por\" \/>\n\t<meta name=\"twitter:data1\" content=\"Rog\u00e9rio Sanches Cunha\" \/>\n\t<meta name=\"twitter:label2\" content=\"Est. tempo de leitura\" \/>\n\t<meta name=\"twitter:data2\" content=\"4 minutos\" \/>\n<script type=\"application\/ld+json\" class=\"yoast-schema-graph\">{\"@context\":\"https:\/\/schema.org\",\"@graph\":[{\"@type\":\"Article\",\"@id\":\"https:\/\/meusitejuridico.editorajuspodivm.com.br\/2018\/03\/19\/sumula-605-stj-maioridade-penal-nao-interfere-na-apuracao-de-atos-infracionais-e-na-execucao-de-medidas-socioeducativas\/#article\",\"isPartOf\":{\"@id\":\"https:\/\/meusitejuridico.editorajuspodivm.com.br\/2018\/03\/19\/sumula-605-stj-maioridade-penal-nao-interfere-na-apuracao-de-atos-infracionais-e-na-execucao-de-medidas-socioeducativas\/\"},\"author\":{\"name\":\"Rog\u00e9rio Sanches Cunha\",\"@id\":\"https:\/\/cdn.meusitejuridico.com.br\/#\/schema\/person\/a3cebf06fd267ee700aae09eb6722d16\"},\"headline\":\"S\u00famula 605 do STJ: A maioridade penal n\u00e3o interfere na apura\u00e7\u00e3o de atos infracionais e na execu\u00e7\u00e3o de medidas socioeducativas\",\"datePublished\":\"2018-03-19T19:59:53+00:00\",\"dateModified\":\"2022-01-18T19:57:45+00:00\",\"mainEntityOfPage\":{\"@id\":\"https:\/\/meusitejuridico.editorajuspodivm.com.br\/2018\/03\/19\/sumula-605-stj-maioridade-penal-nao-interfere-na-apuracao-de-atos-infracionais-e-na-execucao-de-medidas-socioeducativas\/\"},\"wordCount\":820,\"commentCount\":3,\"publisher\":{\"@id\":\"https:\/\/cdn.meusitejuridico.com.br\/#organization\"},\"image\":{\"@id\":\"https:\/\/meusitejuridico.editorajuspodivm.com.br\/2018\/03\/19\/sumula-605-stj-maioridade-penal-nao-interfere-na-apuracao-de-atos-infracionais-e-na-execucao-de-medidas-socioeducativas\/#primaryimage\"},\"thumbnailUrl\":\"https:\/\/meusitejuridico.editorajuspodivm.com.br\/s.meusitejuridico\/2018\/03\/00ebe1d5-shutterstock-665976883.jpg\",\"keywords\":[\"605 STJ\",\"interna\u00e7\u00e3o\",\"liberdade assistida\",\"maioridade\",\"Medida socioeducativa\",\"semi-liberdade\"],\"articleSection\":[\"STJ\",\"S\u00famulas\"],\"inLanguage\":\"pt-BR\",\"potentialAction\":[{\"@type\":\"CommentAction\",\"name\":\"Comment\",\"target\":[\"https:\/\/meusitejuridico.editorajuspodivm.com.br\/2018\/03\/19\/sumula-605-stj-maioridade-penal-nao-interfere-na-apuracao-de-atos-infracionais-e-na-execucao-de-medidas-socioeducativas\/#respond\"]}]},{\"@type\":\"WebPage\",\"@id\":\"https:\/\/meusitejuridico.editorajuspodivm.com.br\/2018\/03\/19\/sumula-605-stj-maioridade-penal-nao-interfere-na-apuracao-de-atos-infracionais-e-na-execucao-de-medidas-socioeducativas\/\",\"url\":\"https:\/\/meusitejuridico.editorajuspodivm.com.br\/2018\/03\/19\/sumula-605-stj-maioridade-penal-nao-interfere-na-apuracao-de-atos-infracionais-e-na-execucao-de-medidas-socioeducativas\/\",\"name\":\"S\u00famula 605 do STJ: A maioridade penal n\u00e3o interfere na apura\u00e7\u00e3o de atos infracionais e na execu\u00e7\u00e3o de medidas socioeducativas - Meu site jur\u00eddico\",\"isPartOf\":{\"@id\":\"https:\/\/cdn.meusitejuridico.com.br\/#website\"},\"primaryImageOfPage\":{\"@id\":\"https:\/\/meusitejuridico.editorajuspodivm.com.br\/2018\/03\/19\/sumula-605-stj-maioridade-penal-nao-interfere-na-apuracao-de-atos-infracionais-e-na-execucao-de-medidas-socioeducativas\/#primaryimage\"},\"image\":{\"@id\":\"https:\/\/meusitejuridico.editorajuspodivm.com.br\/2018\/03\/19\/sumula-605-stj-maioridade-penal-nao-interfere-na-apuracao-de-atos-infracionais-e-na-execucao-de-medidas-socioeducativas\/#primaryimage\"},\"thumbnailUrl\":\"https:\/\/meusitejuridico.editorajuspodivm.com.br\/s.meusitejuridico\/2018\/03\/00ebe1d5-shutterstock-665976883.jpg\",\"datePublished\":\"2018-03-19T19:59:53+00:00\",\"dateModified\":\"2022-01-18T19:57:45+00:00\",\"breadcrumb\":{\"@id\":\"https:\/\/meusitejuridico.editorajuspodivm.com.br\/2018\/03\/19\/sumula-605-stj-maioridade-penal-nao-interfere-na-apuracao-de-atos-infracionais-e-na-execucao-de-medidas-socioeducativas\/#breadcrumb\"},\"inLanguage\":\"pt-BR\",\"potentialAction\":[{\"@type\":\"ReadAction\",\"target\":[\"https:\/\/meusitejuridico.editorajuspodivm.com.br\/2018\/03\/19\/sumula-605-stj-maioridade-penal-nao-interfere-na-apuracao-de-atos-infracionais-e-na-execucao-de-medidas-socioeducativas\/\"]}]},{\"@type\":\"ImageObject\",\"inLanguage\":\"pt-BR\",\"@id\":\"https:\/\/meusitejuridico.editorajuspodivm.com.br\/2018\/03\/19\/sumula-605-stj-maioridade-penal-nao-interfere-na-apuracao-de-atos-infracionais-e-na-execucao-de-medidas-socioeducativas\/#primaryimage\",\"url\":\"https:\/\/meusitejuridico.editorajuspodivm.com.br\/s.meusitejuridico\/2018\/03\/00ebe1d5-shutterstock-665976883.jpg\",\"contentUrl\":\"https:\/\/meusitejuridico.editorajuspodivm.com.br\/s.meusitejuridico\/2018\/03\/00ebe1d5-shutterstock-665976883.jpg\",\"width\":1000,\"height\":667},{\"@type\":\"BreadcrumbList\",\"@id\":\"https:\/\/meusitejuridico.editorajuspodivm.com.br\/2018\/03\/19\/sumula-605-stj-maioridade-penal-nao-interfere-na-apuracao-de-atos-infracionais-e-na-execucao-de-medidas-socioeducativas\/#breadcrumb\",\"itemListElement\":[{\"@type\":\"ListItem\",\"position\":1,\"name\":\"In\u00edcio\",\"item\":\"https:\/\/cdn.meusitejuridico.com.br\/\"},{\"@type\":\"ListItem\",\"position\":2,\"name\":\"S\u00famula 605 do STJ: A maioridade penal n\u00e3o interfere na apura\u00e7\u00e3o de atos infracionais e na execu\u00e7\u00e3o de medidas socioeducativas\"}]},{\"@type\":\"WebSite\",\"@id\":\"https:\/\/cdn.meusitejuridico.com.br\/#website\",\"url\":\"https:\/\/cdn.meusitejuridico.com.br\/\",\"name\":\"Meu site jur\u00eddico\",\"description\":\"Meu site jur\u00eddico\",\"publisher\":{\"@id\":\"https:\/\/cdn.meusitejuridico.com.br\/#organization\"},\"potentialAction\":[{\"@type\":\"SearchAction\",\"target\":{\"@type\":\"EntryPoint\",\"urlTemplate\":\"https:\/\/cdn.meusitejuridico.com.br\/?s={search_term_string}\"},\"query-input\":{\"@type\":\"PropertyValueSpecification\",\"valueRequired\":true,\"valueName\":\"search_term_string\"}}],\"inLanguage\":\"pt-BR\"},{\"@type\":\"Organization\",\"@id\":\"https:\/\/cdn.meusitejuridico.com.br\/#organization\",\"name\":\"Meu site jur\u00eddico\",\"url\":\"https:\/\/cdn.meusitejuridico.com.br\/\",\"logo\":{\"@type\":\"ImageObject\",\"inLanguage\":\"pt-BR\",\"@id\":\"https:\/\/cdn.meusitejuridico.com.br\/#\/schema\/logo\/image\/\",\"url\":\"https:\/\/meusitejuridico.editorajuspodivm.com.br\/s.meusitejuridico\/2022\/03\/cropped-baeec2a3-msj-02-01-01.png\",\"contentUrl\":\"https:\/\/meusitejuridico.editorajuspodivm.com.br\/s.meusitejuridico\/2022\/03\/cropped-baeec2a3-msj-02-01-01.png\",\"width\":349,\"height\":243,\"caption\":\"Meu site jur\u00eddico\"},\"image\":{\"@id\":\"https:\/\/cdn.meusitejuridico.com.br\/#\/schema\/logo\/image\/\"}},{\"@type\":\"Person\",\"@id\":\"https:\/\/cdn.meusitejuridico.com.br\/#\/schema\/person\/a3cebf06fd267ee700aae09eb6722d16\",\"name\":\"Rog\u00e9rio Sanches Cunha\",\"image\":{\"@type\":\"ImageObject\",\"inLanguage\":\"pt-BR\",\"@id\":\"https:\/\/cdn.meusitejuridico.com.br\/#\/schema\/person\/image\/\",\"url\":\"https:\/\/meusitejuridico.editorajuspodivm.com.br\/s.meusitejuridico\/2023\/04\/7de31285-rsc-0054-scaled-e1681840173909-150x150.jpg\",\"contentUrl\":\"https:\/\/meusitejuridico.editorajuspodivm.com.br\/s.meusitejuridico\/2023\/04\/7de31285-rsc-0054-scaled-e1681840173909-150x150.jpg\",\"caption\":\"Rog\u00e9rio Sanches Cunha\"},\"description\":\"Membro do Ministe\u0301rio Pu\u0301blico do Estado de Sa\u0303o Paulo. Professor da Escola Superior do Ministe\u0301rio Pu\u0301blico dos estados de Sa\u0303o Paulo, Mato Grosso e Santa Catarina. Coordenador Pedag\u00f3gico e Professor de Penal e Processo Penal do Curso RSConline. Fundador do site www.meusitejuridico.com.br. Cofundador e coordenador pedago\u0301gico do JUSPLAY. Autor de obras juri\u0301dicas.\",\"sameAs\":[\"https:\/\/www.editorajuspodivm.com.br\/autores\/detalhe\/107?idtag=ebe04ee0-bb3c-4b7f-96b9-fcd9428789d5\",\"https:\/\/www.facebook.com\/RogerioSanchesC\",\"https:\/\/www.instagram.com\/rogeriosanchescunha\/\",\"https:\/\/x.com\/RogerioSanchesC\",\"https:\/\/www.youtube.com\/user\/RogerioSanchesC\"],\"url\":\"https:\/\/meusitejuridico.editorajuspodivm.com.br\/author\/redesrogeriogmail-com\/\"}]}<\/script>\n<!-- \/ Yoast SEO plugin. -->","yoast_head_json":{"title":"S\u00famula 605 do STJ: A maioridade penal n\u00e3o interfere na apura\u00e7\u00e3o de atos infracionais e na execu\u00e7\u00e3o de medidas socioeducativas - Meu site jur\u00eddico","robots":{"index":"index","follow":"follow","max-snippet":"max-snippet:-1","max-image-preview":"max-image-preview:large","max-video-preview":"max-video-preview:-1"},"canonical":"https:\/\/meusitejuridico.editorajuspodivm.com.br\/2018\/03\/19\/sumula-605-stj-maioridade-penal-nao-interfere-na-apuracao-de-atos-infracionais-e-na-execucao-de-medidas-socioeducativas\/","og_locale":"pt_BR","og_type":"article","og_title":"S\u00famula 605 do STJ: A maioridade penal n\u00e3o interfere na apura\u00e7\u00e3o de atos infracionais e na execu\u00e7\u00e3o de medidas socioeducativas - Meu site jur\u00eddico","og_description":"S\u00famula 605 do STJ:\u00a0\u201cA superveni\u00eancia da maioridade penal n\u00e3o interfere na apura\u00e7\u00e3o de ato infracional nem na aplicabilidade de medida socioeducativa em curso, inclusive na liberdade assistida, enquanto n\u00e3o atingida a idade de 21 anos\u201d. Coment\u00e1rios: Medida socioeducativa pode ser definida como uma medida jur\u00eddica aplicada em procedimento adequado ao adolescente autor de ato infracional. [&hellip;]","og_url":"https:\/\/meusitejuridico.editorajuspodivm.com.br\/2018\/03\/19\/sumula-605-stj-maioridade-penal-nao-interfere-na-apuracao-de-atos-infracionais-e-na-execucao-de-medidas-socioeducativas\/","og_site_name":"Meu site jur\u00eddico","article_author":"https:\/\/www.facebook.com\/RogerioSanchesC","article_published_time":"2018-03-19T19:59:53+00:00","article_modified_time":"2022-01-18T19:57:45+00:00","og_image":[{"width":1000,"height":667,"url":"https:\/\/meusitejuridico.editorajuspodivm.com.br\/s.meusitejuridico\/2018\/03\/00ebe1d5-shutterstock-665976883.jpg","type":"image\/jpeg"}],"author":"Rog\u00e9rio Sanches Cunha","twitter_card":"summary_large_image","twitter_creator":"@RogerioSanchesC","twitter_misc":{"Escrito por":"Rog\u00e9rio Sanches Cunha","Est. tempo de leitura":"4 minutos"},"schema":{"@context":"https:\/\/schema.org","@graph":[{"@type":"Article","@id":"https:\/\/meusitejuridico.editorajuspodivm.com.br\/2018\/03\/19\/sumula-605-stj-maioridade-penal-nao-interfere-na-apuracao-de-atos-infracionais-e-na-execucao-de-medidas-socioeducativas\/#article","isPartOf":{"@id":"https:\/\/meusitejuridico.editorajuspodivm.com.br\/2018\/03\/19\/sumula-605-stj-maioridade-penal-nao-interfere-na-apuracao-de-atos-infracionais-e-na-execucao-de-medidas-socioeducativas\/"},"author":{"name":"Rog\u00e9rio Sanches Cunha","@id":"https:\/\/cdn.meusitejuridico.com.br\/#\/schema\/person\/a3cebf06fd267ee700aae09eb6722d16"},"headline":"S\u00famula 605 do STJ: A maioridade penal n\u00e3o interfere na apura\u00e7\u00e3o de atos infracionais e na execu\u00e7\u00e3o de medidas socioeducativas","datePublished":"2018-03-19T19:59:53+00:00","dateModified":"2022-01-18T19:57:45+00:00","mainEntityOfPage":{"@id":"https:\/\/meusitejuridico.editorajuspodivm.com.br\/2018\/03\/19\/sumula-605-stj-maioridade-penal-nao-interfere-na-apuracao-de-atos-infracionais-e-na-execucao-de-medidas-socioeducativas\/"},"wordCount":820,"commentCount":3,"publisher":{"@id":"https:\/\/cdn.meusitejuridico.com.br\/#organization"},"image":{"@id":"https:\/\/meusitejuridico.editorajuspodivm.com.br\/2018\/03\/19\/sumula-605-stj-maioridade-penal-nao-interfere-na-apuracao-de-atos-infracionais-e-na-execucao-de-medidas-socioeducativas\/#primaryimage"},"thumbnailUrl":"https:\/\/meusitejuridico.editorajuspodivm.com.br\/s.meusitejuridico\/2018\/03\/00ebe1d5-shutterstock-665976883.jpg","keywords":["605 STJ","interna\u00e7\u00e3o","liberdade assistida","maioridade","Medida socioeducativa","semi-liberdade"],"articleSection":["STJ","S\u00famulas"],"inLanguage":"pt-BR","potentialAction":[{"@type":"CommentAction","name":"Comment","target":["https:\/\/meusitejuridico.editorajuspodivm.com.br\/2018\/03\/19\/sumula-605-stj-maioridade-penal-nao-interfere-na-apuracao-de-atos-infracionais-e-na-execucao-de-medidas-socioeducativas\/#respond"]}]},{"@type":"WebPage","@id":"https:\/\/meusitejuridico.editorajuspodivm.com.br\/2018\/03\/19\/sumula-605-stj-maioridade-penal-nao-interfere-na-apuracao-de-atos-infracionais-e-na-execucao-de-medidas-socioeducativas\/","url":"https:\/\/meusitejuridico.editorajuspodivm.com.br\/2018\/03\/19\/sumula-605-stj-maioridade-penal-nao-interfere-na-apuracao-de-atos-infracionais-e-na-execucao-de-medidas-socioeducativas\/","name":"S\u00famula 605 do STJ: A maioridade penal n\u00e3o interfere na apura\u00e7\u00e3o de atos infracionais e na execu\u00e7\u00e3o de medidas socioeducativas - Meu site jur\u00eddico","isPartOf":{"@id":"https:\/\/cdn.meusitejuridico.com.br\/#website"},"primaryImageOfPage":{"@id":"https:\/\/meusitejuridico.editorajuspodivm.com.br\/2018\/03\/19\/sumula-605-stj-maioridade-penal-nao-interfere-na-apuracao-de-atos-infracionais-e-na-execucao-de-medidas-socioeducativas\/#primaryimage"},"image":{"@id":"https:\/\/meusitejuridico.editorajuspodivm.com.br\/2018\/03\/19\/sumula-605-stj-maioridade-penal-nao-interfere-na-apuracao-de-atos-infracionais-e-na-execucao-de-medidas-socioeducativas\/#primaryimage"},"thumbnailUrl":"https:\/\/meusitejuridico.editorajuspodivm.com.br\/s.meusitejuridico\/2018\/03\/00ebe1d5-shutterstock-665976883.jpg","datePublished":"2018-03-19T19:59:53+00:00","dateModified":"2022-01-18T19:57:45+00:00","breadcrumb":{"@id":"https:\/\/meusitejuridico.editorajuspodivm.com.br\/2018\/03\/19\/sumula-605-stj-maioridade-penal-nao-interfere-na-apuracao-de-atos-infracionais-e-na-execucao-de-medidas-socioeducativas\/#breadcrumb"},"inLanguage":"pt-BR","potentialAction":[{"@type":"ReadAction","target":["https:\/\/meusitejuridico.editorajuspodivm.com.br\/2018\/03\/19\/sumula-605-stj-maioridade-penal-nao-interfere-na-apuracao-de-atos-infracionais-e-na-execucao-de-medidas-socioeducativas\/"]}]},{"@type":"ImageObject","inLanguage":"pt-BR","@id":"https:\/\/meusitejuridico.editorajuspodivm.com.br\/2018\/03\/19\/sumula-605-stj-maioridade-penal-nao-interfere-na-apuracao-de-atos-infracionais-e-na-execucao-de-medidas-socioeducativas\/#primaryimage","url":"https:\/\/meusitejuridico.editorajuspodivm.com.br\/s.meusitejuridico\/2018\/03\/00ebe1d5-shutterstock-665976883.jpg","contentUrl":"https:\/\/meusitejuridico.editorajuspodivm.com.br\/s.meusitejuridico\/2018\/03\/00ebe1d5-shutterstock-665976883.jpg","width":1000,"height":667},{"@type":"BreadcrumbList","@id":"https:\/\/meusitejuridico.editorajuspodivm.com.br\/2018\/03\/19\/sumula-605-stj-maioridade-penal-nao-interfere-na-apuracao-de-atos-infracionais-e-na-execucao-de-medidas-socioeducativas\/#breadcrumb","itemListElement":[{"@type":"ListItem","position":1,"name":"In\u00edcio","item":"https:\/\/cdn.meusitejuridico.com.br\/"},{"@type":"ListItem","position":2,"name":"S\u00famula 605 do STJ: A maioridade penal n\u00e3o interfere na apura\u00e7\u00e3o de atos infracionais e na execu\u00e7\u00e3o de medidas socioeducativas"}]},{"@type":"WebSite","@id":"https:\/\/cdn.meusitejuridico.com.br\/#website","url":"https:\/\/cdn.meusitejuridico.com.br\/","name":"Meu site jur\u00eddico","description":"Meu site jur\u00eddico","publisher":{"@id":"https:\/\/cdn.meusitejuridico.com.br\/#organization"},"potentialAction":[{"@type":"SearchAction","target":{"@type":"EntryPoint","urlTemplate":"https:\/\/cdn.meusitejuridico.com.br\/?s={search_term_string}"},"query-input":{"@type":"PropertyValueSpecification","valueRequired":true,"valueName":"search_term_string"}}],"inLanguage":"pt-BR"},{"@type":"Organization","@id":"https:\/\/cdn.meusitejuridico.com.br\/#organization","name":"Meu site jur\u00eddico","url":"https:\/\/cdn.meusitejuridico.com.br\/","logo":{"@type":"ImageObject","inLanguage":"pt-BR","@id":"https:\/\/cdn.meusitejuridico.com.br\/#\/schema\/logo\/image\/","url":"https:\/\/meusitejuridico.editorajuspodivm.com.br\/s.meusitejuridico\/2022\/03\/cropped-baeec2a3-msj-02-01-01.png","contentUrl":"https:\/\/meusitejuridico.editorajuspodivm.com.br\/s.meusitejuridico\/2022\/03\/cropped-baeec2a3-msj-02-01-01.png","width":349,"height":243,"caption":"Meu site jur\u00eddico"},"image":{"@id":"https:\/\/cdn.meusitejuridico.com.br\/#\/schema\/logo\/image\/"}},{"@type":"Person","@id":"https:\/\/cdn.meusitejuridico.com.br\/#\/schema\/person\/a3cebf06fd267ee700aae09eb6722d16","name":"Rog\u00e9rio Sanches Cunha","image":{"@type":"ImageObject","inLanguage":"pt-BR","@id":"https:\/\/cdn.meusitejuridico.com.br\/#\/schema\/person\/image\/","url":"https:\/\/meusitejuridico.editorajuspodivm.com.br\/s.meusitejuridico\/2023\/04\/7de31285-rsc-0054-scaled-e1681840173909-150x150.jpg","contentUrl":"https:\/\/meusitejuridico.editorajuspodivm.com.br\/s.meusitejuridico\/2023\/04\/7de31285-rsc-0054-scaled-e1681840173909-150x150.jpg","caption":"Rog\u00e9rio Sanches Cunha"},"description":"Membro do Ministe\u0301rio Pu\u0301blico do Estado de Sa\u0303o Paulo. Professor da Escola Superior do Ministe\u0301rio Pu\u0301blico dos estados de Sa\u0303o Paulo, Mato Grosso e Santa Catarina. Coordenador Pedag\u00f3gico e Professor de Penal e Processo Penal do Curso RSConline. Fundador do site www.meusitejuridico.com.br. Cofundador e coordenador pedago\u0301gico do JUSPLAY. Autor de obras juri\u0301dicas.","sameAs":["https:\/\/www.editorajuspodivm.com.br\/autores\/detalhe\/107?idtag=ebe04ee0-bb3c-4b7f-96b9-fcd9428789d5","https:\/\/www.facebook.com\/RogerioSanchesC","https:\/\/www.instagram.com\/rogeriosanchescunha\/","https:\/\/x.com\/RogerioSanchesC","https:\/\/www.youtube.com\/user\/RogerioSanchesC"],"url":"https:\/\/meusitejuridico.editorajuspodivm.com.br\/author\/redesrogeriogmail-com\/"}]}},"_links":{"self":[{"href":"https:\/\/meusitejuridico.editorajuspodivm.com.br\/api\/wp\/v2\/posts\/4799","targetHints":{"allow":["GET"]}}],"collection":[{"href":"https:\/\/meusitejuridico.editorajuspodivm.com.br\/api\/wp\/v2\/posts"}],"about":[{"href":"https:\/\/meusitejuridico.editorajuspodivm.com.br\/api\/wp\/v2\/types\/post"}],"author":[{"embeddable":true,"href":"https:\/\/meusitejuridico.editorajuspodivm.com.br\/api\/wp\/v2\/users\/3"}],"replies":[{"embeddable":true,"href":"https:\/\/meusitejuridico.editorajuspodivm.com.br\/api\/wp\/v2\/comments?post=4799"}],"version-history":[{"count":3,"href":"https:\/\/meusitejuridico.editorajuspodivm.com.br\/api\/wp\/v2\/posts\/4799\/revisions"}],"predecessor-version":[{"id":4803,"href":"https:\/\/meusitejuridico.editorajuspodivm.com.br\/api\/wp\/v2\/posts\/4799\/revisions\/4803"}],"wp:featuredmedia":[{"embeddable":true,"href":"https:\/\/meusitejuridico.editorajuspodivm.com.br\/api\/wp\/v2\/media\/4800"}],"wp:attachment":[{"href":"https:\/\/meusitejuridico.editorajuspodivm.com.br\/api\/wp\/v2\/media?parent=4799"}],"wp:term":[{"taxonomy":"category","embeddable":true,"href":"https:\/\/meusitejuridico.editorajuspodivm.com.br\/api\/wp\/v2\/categories?post=4799"},{"taxonomy":"post_tag","embeddable":true,"href":"https:\/\/meusitejuridico.editorajuspodivm.com.br\/api\/wp\/v2\/tags?post=4799"}],"curies":[{"name":"wp","href":"https:\/\/api.w.org\/{rel}","templated":true}]}}