{"id":5309,"date":"2018-05-25T15:11:06","date_gmt":"2018-05-25T18:11:06","guid":{"rendered":"https:\/\/meusitejuridico.com.br\/?p=5309"},"modified":"2018-05-26T10:21:04","modified_gmt":"2018-05-26T13:21:04","slug":"curtir-ou-nao-curtir-algo-no-facebook-ha-liberdade-de-expressao-sem-responsabilidade","status":"publish","type":"post","link":"https:\/\/meusitejuridico.editorajuspodivm.com.br\/2018\/05\/25\/curtir-ou-nao-curtir-algo-no-facebook-ha-liberdade-de-expressao-sem-responsabilidade\/","title":{"rendered":"Curtir ou n\u00e3o curtir algo no Facebook: h\u00e1 liberdade de express\u00e3o sem responsabilidade?"},"content":{"rendered":"<p><a href=\"https:\/\/play.google.com\/store\/apps\/details?id=com.app.meuappjuridico&amp;hl=pt\" target=\"_blank\" rel=\"noopener\"><img decoding=\"async\" class=\"aligncenter wp-image-4610 size-medium\" src=\"https:\/\/s3.meusitejuridico.com.br\/2018\/02\/3cdb1249-banner-app-300x166.jpeg\" alt=\"\" width=\"300\" height=\"166\" srcset=\"https:\/\/meusitejuridico.editorajuspodivm.com.br\/s.meusitejuridico\/2018\/02\/3cdb1249-banner-app-300x166.jpeg 300w, https:\/\/meusitejuridico.editorajuspodivm.com.br\/s.meusitejuridico\/2018\/02\/3cdb1249-banner-app-768x424.jpeg 768w, https:\/\/meusitejuridico.editorajuspodivm.com.br\/s.meusitejuridico\/2018\/02\/3cdb1249-banner-app-1024x566.jpeg 1024w, https:\/\/meusitejuridico.editorajuspodivm.com.br\/s.meusitejuridico\/2018\/02\/3cdb1249-banner-app-80x44.jpeg 80w, https:\/\/meusitejuridico.editorajuspodivm.com.br\/s.meusitejuridico\/2018\/02\/3cdb1249-banner-app.jpeg 1140w\" sizes=\"(max-width: 300px) 100vw, 300px\" \/><\/a><\/p>\n<p>Foi noticiado na internet o caso de um ex-funcion\u00e1rio de uma sociedade empres\u00e1ria que foi demitido por justa causa em raz\u00e3o de \u201ccurtidas\u201d dadas no Facebook. Trata-se do processo n\u00ba 0000656-55.2013.5.15.0002, cuja \u00edntegra da senten\u00e7a se encontra dispon\u00edvel no site <a href=\"http:\/\/s.conjur.com.br\/dl\/curtir-comentario-ofensivo-empresa.pdf\" target=\"_blank\" rel=\"noopener\">Consultor Jur\u00eddico<\/a>.<\/p>\n<p>Imediatamente, iniciaram-se manifesta\u00e7\u00f5es de internautas que se insurgiram contra a decis\u00e3o, tachando-a de desproporcional. Como exemplo, tome-se a reprodu\u00e7\u00e3o da not\u00edcia no site <a href=\"http:\/\/marischaun.jusbrasil.com.br\/noticias\/203442170\/e-valida-a-demissao-por-justa-causa-por-curtida-no-facebook?ref=home\" target=\"_blank\" rel=\"noopener\">JusBrasil<\/a>.<\/p>\n<p>A grande quest\u00e3o \u00e9: curtir um coment\u00e1rio em que se falou mal de um dos s\u00f3cios da sociedade e da pr\u00f3pria sociedade empres\u00e1ria configura ou n\u00e3o justa causa para a demiss\u00e3o?<\/p>\n<p>Como \u00e9 poss\u00edvel perceber, o atual momento cultural se caracteriza pela crescente utiliza\u00e7\u00e3o da internet. Hoje, no ambiente virtual \u00e9 poss\u00edvel pagar contas, pedir o jantar, contratar viagens, participar de jogos, e se relacionar com outras pessoas, inclusive explorando-se a pr\u00f3pria sexualidade.<\/p>\n<p>H\u00e1 quem proponha que o ambiente virtual seja separado da vida real. Mas, \u00e9 fato que grande parcela (sen\u00e3o a maior) da vida das pessoas est\u00e1 hoje reproduzida no ambiente virtual. Ent\u00e3o, pode-se dizer que a virtualidade \u00e9 a realidade de hoje.<\/p>\n<p>Nesse sentido, se a pessoa reproduz sua vida nas redes sociais, n\u00e3o h\u00e1 como se distanciar da ideia de que, igualmente, transporta (ou pelo menos deve transportar) as responsabilidades que sobre ela recaem na vida real.<\/p>\n<p>No que diz respeito especificamente ao Facebook, uma de suas ferramentas de intera\u00e7\u00e3o \u00e9 o bot\u00e3o \u201ccurtir\u201d, atrav\u00e9s do qual o usu\u00e1rio manifesta sua impress\u00e3o sobre o conte\u00fado publicado.<\/p>\n<p>Com a devida licen\u00e7a dos que entendem ao contr\u00e1rio, est\u00e1 coberta de raz\u00e3o a magistrada que manteve a justa causa para a demiss\u00e3o do ex-funcion\u00e1rio que \u201ccurtiu\u201d os coment\u00e1rios ofensivos desferidos contra sua ex-empregadora e contra a sociedade empres\u00e1ria, de um modo geral.<\/p>\n<p>Em primeiro lugar porque o trabalho \u00e9 uma das formas de dignifica\u00e7\u00e3o do homem. Atrav\u00e9s do trabalho a pessoa prov\u00ea suas pr\u00f3prias necessidades enquanto ser humano (alimenta\u00e7\u00e3o, vestu\u00e1rio, lazer, moradia etc.). Para al\u00e9m das pr\u00f3prias necessidades, o indiv\u00edduo que trabalha contribui para a economia da comunidade onde vive e, afinal, para a economia em sua globalidade. Assim, a pessoa que ca\u00e7oa do pr\u00f3prio trabalho, o amaldi\u00e7oa ou maldiz sobre o seu empregador n\u00e3o \u00e9 digno da fun\u00e7\u00e3o. Deve-se, antes de tudo, agradecer pelo trabalho, na medida em que, al\u00e9m de tomar, na maioria das vezes, 1\/3 da vida da pessoa, \u00e9 de onde ela tira o pr\u00f3prio sustento e de sua fam\u00edlia.<\/p>\n<p>Em segundo lugar porque o diploma celetista \u00e9 claro ao elencar o ato lesivo contra a honra e a boa fama do empregador como justa causa para a demiss\u00e3o (<a class='qlabs_tooltip_top qlabs_tooltip_style_1 cursor_pointer event_hover' style=''  aria-haspopup='true'>art. 482, al\u00ednea k<span style='width: 180px; '  >Art. 482 - Constituem justa causa para rescis\u00e3o do contrato de trabalho pelo empregador: (...) k) ato lesivo da honra ou da boa fama ou ofensas f\u00edsicas praticadas contra o empregador e superiores hier\u00e1rquicos, salvo em caso de leg\u00edtima defesa, pr\u00f3pria ou de outrem;<\/span><\/a>).<\/p>\n<p>Ora, se algu\u00e9m vai \u00e0s redes sociais, isto \u00e9, a p\u00fablico, e profere ofensas contra outrem, clara est\u00e1 a inten\u00e7\u00e3o de lesar, de causar um mal estar na pessoa ofendida. Uma das li\u00e7\u00f5es milenares deixadas por Ulpiano \u00e9 exatamente: <em>neminem laedere<\/em> (n\u00e3o ofender ningu\u00e9m). Ainda que n\u00e3o haja ofensa \u00e0 honra do empregador, veja-se que a CLT protege sua boa fama, ou seja, a forma positiva com que a pessoa \u00e9 vista publicamente. Se fulano ofende beltrano, quer com isso exatamente destruir a boa imagem do ofendido perante a sociedade.<\/p>\n<p>No caso em comento, se um ex-empregado posta em uma rede social informa\u00e7\u00f5es negativas contra seu ex-empregador (tenta desconstruir sua boa fama), e um colega \u201ccurte\u201d essa informa\u00e7\u00e3o, salvo melhor ju\u00edzo est\u00e1 compactuando com o conte\u00fado, isto \u00e9, aderindo \u00e0 ideia propagada pela postagem. Ou seja, est\u00e1 se colocando do lado do ofensor.<\/p>\n<p>J\u00e1 discuti esse assunto &#8211; se uma curtida no Facebook \u00e9 algo capaz de gerar responsabilidade para quem curte &#8211; com amigos (reais e virtuais), sendo que sempre afirmei que o ato de \u201ccurtir\u201d pode comprometer o \u201ccurtidor\u201d, se a postagem a que est\u00e1 relacionado contiver ofensas. Alguns j\u00e1 me disseram que quando \u201ccurtem\u201d algum conte\u00fado que compartilho no \u201cface\u201d \u00e9 apenas para dizer: \u201cAmigo, estou por aqui te acompanhando\u201d.<\/p>\n<p>Todavia, apesar de aceitar de bom grado essa forma carinhosa de manifesta\u00e7\u00e3o por parte dos amigos e conhecidos do mundo virtual, creio que o bot\u00e3o \u2018curtir\u201d do Facebook n\u00e3o tenha um significado assim t\u00e3o amplo como querem fazer crer alguns internautas que comentaram a not\u00edcia sobre a despedida por justa causa. O \u00edcone que acompanha o bot\u00e3o do Facebook \u00e9 exatamente um dedo polegar em riste (sinal de positivo), revelando a quem postou o conte\u00fado que o \u201ccurtidor\u201d achou aquilo legal, bacana, enfim, que gostou com enlevo, desfrutou, fruiu a informa\u00e7\u00e3o (em conson\u00e2ncia com uma das acep\u00e7\u00f5es do voc\u00e1bulo contida no dicion\u00e1rio Houaiss da L\u00edngua Portuguesa). Assim, se a pessoa \u201ccurte\u201d o conte\u00fado, est\u00e1, verdadeiramente, dizendo que ele \u00e9 positivo. No caso em exame, \u201ccurtiu-se\u201d algo negativo, ou seja, foi dito, atrav\u00e9s de um bot\u00e3o, cujo \u00edcone \u00e9 um gesto de atitude positiva, que a negatividade dita sobre o ofendido foi positiva, enfim, que procedia.<\/p>\n<p>Sendo assim, fica o alerta para os usu\u00e1rios das redes sociais, no sentido de que o simples clicar do mouse pode desencadear para a pessoa a responsabilidade pela manifesta\u00e7\u00e3o tornada p\u00fablica.<\/p>\n<p>Se o leitor achou o texto pertinente, fique \u00e0 vontade para curtir e compartilhar.<\/p>\n","protected":false},"excerpt":{"rendered":"<p>Foi noticiado na internet o caso de um ex-funcion\u00e1rio de uma sociedade empres\u00e1ria que foi demitido por justa causa em raz\u00e3o de \u201ccurtidas\u201d dadas no Facebook. Trata-se do processo n\u00ba 0000656-55.2013.5.15.0002, cuja \u00edntegra da senten\u00e7a se encontra dispon\u00edvel no site Consultor Jur\u00eddico. Imediatamente, iniciaram-se manifesta\u00e7\u00f5es de internautas que se insurgiram contra a decis\u00e3o, tachando-a de [&hellip;]<\/p>\n","protected":false},"author":57,"featured_media":3163,"comment_status":"open","ping_status":"open","sticky":false,"template":"","format":"standard","meta":{"_acf_changed":false,"footnotes":""},"categories":[1,255],"tags":[1722,1586,1721,222],"class_list":["post-5309","post","type-post","status-publish","format-standard","has-post-thumbnail","hentry","category-artigos","category-direito-civil","tag-demissao","tag-facebook","tag-liberdade-de-expressao","tag-responsabilidade"],"acf":[],"yoast_head":"<!-- This site is optimized with the Yoast SEO plugin v24.8.1 - https:\/\/yoast.com\/wordpress\/plugins\/seo\/ -->\n<title>Curtir ou n\u00e3o curtir algo no Facebook: h\u00e1 liberdade de express\u00e3o sem responsabilidade? - Meu site jur\u00eddico<\/title>\n<meta name=\"robots\" content=\"index, follow, max-snippet:-1, max-image-preview:large, max-video-preview:-1\" \/>\n<link rel=\"canonical\" href=\"https:\/\/meusitejuridico.com.br\/2018\/05\/25\/curtir-ou-nao-curtir-algo-no-facebook-ha-liberdade-de-expressao-sem-responsabilidade\/\" \/>\n<meta property=\"og:locale\" content=\"pt_BR\" \/>\n<meta property=\"og:type\" content=\"article\" \/>\n<meta property=\"og:title\" content=\"Curtir ou n\u00e3o curtir algo no Facebook: h\u00e1 liberdade de express\u00e3o sem responsabilidade? - Meu site jur\u00eddico\" \/>\n<meta property=\"og:description\" content=\"Foi noticiado na internet o caso de um ex-funcion\u00e1rio de uma sociedade empres\u00e1ria que foi demitido por justa causa em raz\u00e3o de \u201ccurtidas\u201d dadas no Facebook. Trata-se do processo n\u00ba 0000656-55.2013.5.15.0002, cuja \u00edntegra da senten\u00e7a se encontra dispon\u00edvel no site Consultor Jur\u00eddico. Imediatamente, iniciaram-se manifesta\u00e7\u00f5es de internautas que se insurgiram contra a decis\u00e3o, tachando-a de [&hellip;]\" \/>\n<meta property=\"og:url\" content=\"https:\/\/meusitejuridico.com.br\/2018\/05\/25\/curtir-ou-nao-curtir-algo-no-facebook-ha-liberdade-de-expressao-sem-responsabilidade\/\" \/>\n<meta property=\"og:site_name\" content=\"Meu site jur\u00eddico\" \/>\n<meta property=\"article:published_time\" content=\"2018-05-25T18:11:06+00:00\" \/>\n<meta property=\"article:modified_time\" content=\"2018-05-26T13:21:04+00:00\" \/>\n<meta property=\"og:image\" content=\"https:\/\/meusitejuridico.com.br\/s.meusitejuridico\/2017\/08\/1abe032b-shutterstock-404318812.jpg\" \/>\n\t<meta property=\"og:image:width\" content=\"3917\" \/>\n\t<meta property=\"og:image:height\" content=\"2611\" \/>\n\t<meta property=\"og:image:type\" content=\"image\/jpeg\" \/>\n<meta name=\"author\" content=\"Vitor Guglinski\" \/>\n<meta name=\"twitter:card\" content=\"summary_large_image\" \/>\n<meta name=\"twitter:label1\" content=\"Escrito por\" \/>\n\t<meta name=\"twitter:data1\" content=\"Vitor Guglinski\" \/>\n\t<meta name=\"twitter:label2\" content=\"Est. tempo de leitura\" \/>\n\t<meta name=\"twitter:data2\" content=\"5 minutos\" \/>\n<script type=\"application\/ld+json\" class=\"yoast-schema-graph\">{\"@context\":\"https:\/\/schema.org\",\"@graph\":[{\"@type\":\"Article\",\"@id\":\"https:\/\/meusitejuridico.com.br\/2018\/05\/25\/curtir-ou-nao-curtir-algo-no-facebook-ha-liberdade-de-expressao-sem-responsabilidade\/#article\",\"isPartOf\":{\"@id\":\"https:\/\/meusitejuridico.com.br\/2018\/05\/25\/curtir-ou-nao-curtir-algo-no-facebook-ha-liberdade-de-expressao-sem-responsabilidade\/\"},\"author\":{\"name\":\"Vitor Guglinski\",\"@id\":\"https:\/\/meusitejuridico.editorajuspodivm.com.br\/#\/schema\/person\/9510493393c1fdb85ea6b66dbd9ed0ef\"},\"headline\":\"Curtir ou n\u00e3o curtir algo no Facebook: h\u00e1 liberdade de express\u00e3o sem responsabilidade?\",\"datePublished\":\"2018-05-25T18:11:06+00:00\",\"dateModified\":\"2018-05-26T13:21:04+00:00\",\"mainEntityOfPage\":{\"@id\":\"https:\/\/meusitejuridico.com.br\/2018\/05\/25\/curtir-ou-nao-curtir-algo-no-facebook-ha-liberdade-de-expressao-sem-responsabilidade\/\"},\"wordCount\":989,\"commentCount\":1,\"publisher\":{\"@id\":\"https:\/\/meusitejuridico.editorajuspodivm.com.br\/#organization\"},\"image\":{\"@id\":\"https:\/\/meusitejuridico.com.br\/2018\/05\/25\/curtir-ou-nao-curtir-algo-no-facebook-ha-liberdade-de-expressao-sem-responsabilidade\/#primaryimage\"},\"thumbnailUrl\":\"https:\/\/meusitejuridico.editorajuspodivm.com.br\/s.meusitejuridico\/2017\/08\/1abe032b-shutterstock-404318812.jpg\",\"keywords\":[\"demiss\u00e3o\",\"Facebook\",\"liberdade de express\u00e3o\",\"responsabilidade\"],\"articleSection\":[\"Artigos\",\"Direito Civil\"],\"inLanguage\":\"pt-BR\",\"potentialAction\":[{\"@type\":\"CommentAction\",\"name\":\"Comment\",\"target\":[\"https:\/\/meusitejuridico.com.br\/2018\/05\/25\/curtir-ou-nao-curtir-algo-no-facebook-ha-liberdade-de-expressao-sem-responsabilidade\/#respond\"]}]},{\"@type\":\"WebPage\",\"@id\":\"https:\/\/meusitejuridico.com.br\/2018\/05\/25\/curtir-ou-nao-curtir-algo-no-facebook-ha-liberdade-de-expressao-sem-responsabilidade\/\",\"url\":\"https:\/\/meusitejuridico.com.br\/2018\/05\/25\/curtir-ou-nao-curtir-algo-no-facebook-ha-liberdade-de-expressao-sem-responsabilidade\/\",\"name\":\"Curtir ou n\u00e3o curtir algo no Facebook: h\u00e1 liberdade de express\u00e3o sem responsabilidade? - Meu site jur\u00eddico\",\"isPartOf\":{\"@id\":\"https:\/\/meusitejuridico.editorajuspodivm.com.br\/#website\"},\"primaryImageOfPage\":{\"@id\":\"https:\/\/meusitejuridico.com.br\/2018\/05\/25\/curtir-ou-nao-curtir-algo-no-facebook-ha-liberdade-de-expressao-sem-responsabilidade\/#primaryimage\"},\"image\":{\"@id\":\"https:\/\/meusitejuridico.com.br\/2018\/05\/25\/curtir-ou-nao-curtir-algo-no-facebook-ha-liberdade-de-expressao-sem-responsabilidade\/#primaryimage\"},\"thumbnailUrl\":\"https:\/\/meusitejuridico.editorajuspodivm.com.br\/s.meusitejuridico\/2017\/08\/1abe032b-shutterstock-404318812.jpg\",\"datePublished\":\"2018-05-25T18:11:06+00:00\",\"dateModified\":\"2018-05-26T13:21:04+00:00\",\"breadcrumb\":{\"@id\":\"https:\/\/meusitejuridico.com.br\/2018\/05\/25\/curtir-ou-nao-curtir-algo-no-facebook-ha-liberdade-de-expressao-sem-responsabilidade\/#breadcrumb\"},\"inLanguage\":\"pt-BR\",\"potentialAction\":[{\"@type\":\"ReadAction\",\"target\":[\"https:\/\/meusitejuridico.com.br\/2018\/05\/25\/curtir-ou-nao-curtir-algo-no-facebook-ha-liberdade-de-expressao-sem-responsabilidade\/\"]}]},{\"@type\":\"ImageObject\",\"inLanguage\":\"pt-BR\",\"@id\":\"https:\/\/meusitejuridico.com.br\/2018\/05\/25\/curtir-ou-nao-curtir-algo-no-facebook-ha-liberdade-de-expressao-sem-responsabilidade\/#primaryimage\",\"url\":\"https:\/\/meusitejuridico.editorajuspodivm.com.br\/s.meusitejuridico\/2017\/08\/1abe032b-shutterstock-404318812.jpg\",\"contentUrl\":\"https:\/\/meusitejuridico.editorajuspodivm.com.br\/s.meusitejuridico\/2017\/08\/1abe032b-shutterstock-404318812.jpg\",\"width\":3917,\"height\":2611},{\"@type\":\"BreadcrumbList\",\"@id\":\"https:\/\/meusitejuridico.com.br\/2018\/05\/25\/curtir-ou-nao-curtir-algo-no-facebook-ha-liberdade-de-expressao-sem-responsabilidade\/#breadcrumb\",\"itemListElement\":[{\"@type\":\"ListItem\",\"position\":1,\"name\":\"In\u00edcio\",\"item\":\"https:\/\/meusitejuridico.editorajuspodivm.com.br\/\"},{\"@type\":\"ListItem\",\"position\":2,\"name\":\"Curtir ou n\u00e3o curtir algo no Facebook: h\u00e1 liberdade de express\u00e3o sem responsabilidade?\"}]},{\"@type\":\"WebSite\",\"@id\":\"https:\/\/meusitejuridico.editorajuspodivm.com.br\/#website\",\"url\":\"https:\/\/meusitejuridico.editorajuspodivm.com.br\/\",\"name\":\"Meu site jur\u00eddico\",\"description\":\"Meu site jur\u00eddico\",\"publisher\":{\"@id\":\"https:\/\/meusitejuridico.editorajuspodivm.com.br\/#organization\"},\"potentialAction\":[{\"@type\":\"SearchAction\",\"target\":{\"@type\":\"EntryPoint\",\"urlTemplate\":\"https:\/\/meusitejuridico.editorajuspodivm.com.br\/?s={search_term_string}\"},\"query-input\":{\"@type\":\"PropertyValueSpecification\",\"valueRequired\":true,\"valueName\":\"search_term_string\"}}],\"inLanguage\":\"pt-BR\"},{\"@type\":\"Organization\",\"@id\":\"https:\/\/meusitejuridico.editorajuspodivm.com.br\/#organization\",\"name\":\"Meu site jur\u00eddico\",\"url\":\"https:\/\/meusitejuridico.editorajuspodivm.com.br\/\",\"logo\":{\"@type\":\"ImageObject\",\"inLanguage\":\"pt-BR\",\"@id\":\"https:\/\/meusitejuridico.editorajuspodivm.com.br\/#\/schema\/logo\/image\/\",\"url\":\"https:\/\/meusitejuridico.editorajuspodivm.com.br\/s.meusitejuridico\/2022\/03\/cropped-baeec2a3-msj-02-01-01.png\",\"contentUrl\":\"https:\/\/meusitejuridico.editorajuspodivm.com.br\/s.meusitejuridico\/2022\/03\/cropped-baeec2a3-msj-02-01-01.png\",\"width\":349,\"height\":243,\"caption\":\"Meu site jur\u00eddico\"},\"image\":{\"@id\":\"https:\/\/meusitejuridico.editorajuspodivm.com.br\/#\/schema\/logo\/image\/\"}},{\"@type\":\"Person\",\"@id\":\"https:\/\/meusitejuridico.editorajuspodivm.com.br\/#\/schema\/person\/9510493393c1fdb85ea6b66dbd9ed0ef\",\"name\":\"Vitor Guglinski\",\"image\":{\"@type\":\"ImageObject\",\"inLanguage\":\"pt-BR\",\"@id\":\"https:\/\/meusitejuridico.editorajuspodivm.com.br\/#\/schema\/person\/image\/\",\"url\":\"https:\/\/meusitejuridico.editorajuspodivm.com.br\/s.meusitejuridico\/2018\/05\/cb832695-vitor-150x150.jpg\",\"contentUrl\":\"https:\/\/meusitejuridico.editorajuspodivm.com.br\/s.meusitejuridico\/2018\/05\/cb832695-vitor-150x150.jpg\",\"caption\":\"Vitor Guglinski\"},\"description\":\"Advogado. Especialista em Direito do Consumidor. Membro do Instituto Brasileiro de Pol\u00edtica e Direito do Consumidor (Brasilcon). Ex-assessor jur\u00eddico da 2\u00aa Vara C\u00edvel de Juiz de Fora (MG). Autor colaborador da obra C\u00f3digo de Defesa do Consumidor - Doutrina e Jurisprud\u00eancia para Utiliza\u00e7\u00e3o Profissional (editora Juspodivn). Coautor da obra Temas Actuales de Derecho del Consumidor (editora Normas Jur\u00eddicas - Peru). Coautor da obra Dano Temporal: O Tempo como Valor Jur\u00eddico (editora Emp\u00f3rio do Direito).\",\"url\":\"https:\/\/meusitejuridico.editorajuspodivm.com.br\/author\/vitorvitor\/\"}]}<\/script>\n<!-- \/ Yoast SEO plugin. -->","yoast_head_json":{"title":"Curtir ou n\u00e3o curtir algo no Facebook: h\u00e1 liberdade de express\u00e3o sem responsabilidade? - Meu site jur\u00eddico","robots":{"index":"index","follow":"follow","max-snippet":"max-snippet:-1","max-image-preview":"max-image-preview:large","max-video-preview":"max-video-preview:-1"},"canonical":"https:\/\/meusitejuridico.com.br\/2018\/05\/25\/curtir-ou-nao-curtir-algo-no-facebook-ha-liberdade-de-expressao-sem-responsabilidade\/","og_locale":"pt_BR","og_type":"article","og_title":"Curtir ou n\u00e3o curtir algo no Facebook: h\u00e1 liberdade de express\u00e3o sem responsabilidade? - Meu site jur\u00eddico","og_description":"Foi noticiado na internet o caso de um ex-funcion\u00e1rio de uma sociedade empres\u00e1ria que foi demitido por justa causa em raz\u00e3o de \u201ccurtidas\u201d dadas no Facebook. Trata-se do processo n\u00ba 0000656-55.2013.5.15.0002, cuja \u00edntegra da senten\u00e7a se encontra dispon\u00edvel no site Consultor Jur\u00eddico. Imediatamente, iniciaram-se manifesta\u00e7\u00f5es de internautas que se insurgiram contra a decis\u00e3o, tachando-a de [&hellip;]","og_url":"https:\/\/meusitejuridico.com.br\/2018\/05\/25\/curtir-ou-nao-curtir-algo-no-facebook-ha-liberdade-de-expressao-sem-responsabilidade\/","og_site_name":"Meu site jur\u00eddico","article_published_time":"2018-05-25T18:11:06+00:00","article_modified_time":"2018-05-26T13:21:04+00:00","og_image":[{"width":3917,"height":2611,"url":"https:\/\/meusitejuridico.com.br\/s.meusitejuridico\/2017\/08\/1abe032b-shutterstock-404318812.jpg","type":"image\/jpeg"}],"author":"Vitor Guglinski","twitter_card":"summary_large_image","twitter_misc":{"Escrito por":"Vitor Guglinski","Est. tempo de leitura":"5 minutos"},"schema":{"@context":"https:\/\/schema.org","@graph":[{"@type":"Article","@id":"https:\/\/meusitejuridico.com.br\/2018\/05\/25\/curtir-ou-nao-curtir-algo-no-facebook-ha-liberdade-de-expressao-sem-responsabilidade\/#article","isPartOf":{"@id":"https:\/\/meusitejuridico.com.br\/2018\/05\/25\/curtir-ou-nao-curtir-algo-no-facebook-ha-liberdade-de-expressao-sem-responsabilidade\/"},"author":{"name":"Vitor Guglinski","@id":"https:\/\/meusitejuridico.editorajuspodivm.com.br\/#\/schema\/person\/9510493393c1fdb85ea6b66dbd9ed0ef"},"headline":"Curtir ou n\u00e3o curtir algo no Facebook: h\u00e1 liberdade de express\u00e3o sem responsabilidade?","datePublished":"2018-05-25T18:11:06+00:00","dateModified":"2018-05-26T13:21:04+00:00","mainEntityOfPage":{"@id":"https:\/\/meusitejuridico.com.br\/2018\/05\/25\/curtir-ou-nao-curtir-algo-no-facebook-ha-liberdade-de-expressao-sem-responsabilidade\/"},"wordCount":989,"commentCount":1,"publisher":{"@id":"https:\/\/meusitejuridico.editorajuspodivm.com.br\/#organization"},"image":{"@id":"https:\/\/meusitejuridico.com.br\/2018\/05\/25\/curtir-ou-nao-curtir-algo-no-facebook-ha-liberdade-de-expressao-sem-responsabilidade\/#primaryimage"},"thumbnailUrl":"https:\/\/meusitejuridico.editorajuspodivm.com.br\/s.meusitejuridico\/2017\/08\/1abe032b-shutterstock-404318812.jpg","keywords":["demiss\u00e3o","Facebook","liberdade de express\u00e3o","responsabilidade"],"articleSection":["Artigos","Direito Civil"],"inLanguage":"pt-BR","potentialAction":[{"@type":"CommentAction","name":"Comment","target":["https:\/\/meusitejuridico.com.br\/2018\/05\/25\/curtir-ou-nao-curtir-algo-no-facebook-ha-liberdade-de-expressao-sem-responsabilidade\/#respond"]}]},{"@type":"WebPage","@id":"https:\/\/meusitejuridico.com.br\/2018\/05\/25\/curtir-ou-nao-curtir-algo-no-facebook-ha-liberdade-de-expressao-sem-responsabilidade\/","url":"https:\/\/meusitejuridico.com.br\/2018\/05\/25\/curtir-ou-nao-curtir-algo-no-facebook-ha-liberdade-de-expressao-sem-responsabilidade\/","name":"Curtir ou n\u00e3o curtir algo no Facebook: h\u00e1 liberdade de express\u00e3o sem responsabilidade? - Meu site jur\u00eddico","isPartOf":{"@id":"https:\/\/meusitejuridico.editorajuspodivm.com.br\/#website"},"primaryImageOfPage":{"@id":"https:\/\/meusitejuridico.com.br\/2018\/05\/25\/curtir-ou-nao-curtir-algo-no-facebook-ha-liberdade-de-expressao-sem-responsabilidade\/#primaryimage"},"image":{"@id":"https:\/\/meusitejuridico.com.br\/2018\/05\/25\/curtir-ou-nao-curtir-algo-no-facebook-ha-liberdade-de-expressao-sem-responsabilidade\/#primaryimage"},"thumbnailUrl":"https:\/\/meusitejuridico.editorajuspodivm.com.br\/s.meusitejuridico\/2017\/08\/1abe032b-shutterstock-404318812.jpg","datePublished":"2018-05-25T18:11:06+00:00","dateModified":"2018-05-26T13:21:04+00:00","breadcrumb":{"@id":"https:\/\/meusitejuridico.com.br\/2018\/05\/25\/curtir-ou-nao-curtir-algo-no-facebook-ha-liberdade-de-expressao-sem-responsabilidade\/#breadcrumb"},"inLanguage":"pt-BR","potentialAction":[{"@type":"ReadAction","target":["https:\/\/meusitejuridico.com.br\/2018\/05\/25\/curtir-ou-nao-curtir-algo-no-facebook-ha-liberdade-de-expressao-sem-responsabilidade\/"]}]},{"@type":"ImageObject","inLanguage":"pt-BR","@id":"https:\/\/meusitejuridico.com.br\/2018\/05\/25\/curtir-ou-nao-curtir-algo-no-facebook-ha-liberdade-de-expressao-sem-responsabilidade\/#primaryimage","url":"https:\/\/meusitejuridico.editorajuspodivm.com.br\/s.meusitejuridico\/2017\/08\/1abe032b-shutterstock-404318812.jpg","contentUrl":"https:\/\/meusitejuridico.editorajuspodivm.com.br\/s.meusitejuridico\/2017\/08\/1abe032b-shutterstock-404318812.jpg","width":3917,"height":2611},{"@type":"BreadcrumbList","@id":"https:\/\/meusitejuridico.com.br\/2018\/05\/25\/curtir-ou-nao-curtir-algo-no-facebook-ha-liberdade-de-expressao-sem-responsabilidade\/#breadcrumb","itemListElement":[{"@type":"ListItem","position":1,"name":"In\u00edcio","item":"https:\/\/meusitejuridico.editorajuspodivm.com.br\/"},{"@type":"ListItem","position":2,"name":"Curtir ou n\u00e3o curtir algo no Facebook: h\u00e1 liberdade de express\u00e3o sem responsabilidade?"}]},{"@type":"WebSite","@id":"https:\/\/meusitejuridico.editorajuspodivm.com.br\/#website","url":"https:\/\/meusitejuridico.editorajuspodivm.com.br\/","name":"Meu site jur\u00eddico","description":"Meu site jur\u00eddico","publisher":{"@id":"https:\/\/meusitejuridico.editorajuspodivm.com.br\/#organization"},"potentialAction":[{"@type":"SearchAction","target":{"@type":"EntryPoint","urlTemplate":"https:\/\/meusitejuridico.editorajuspodivm.com.br\/?s={search_term_string}"},"query-input":{"@type":"PropertyValueSpecification","valueRequired":true,"valueName":"search_term_string"}}],"inLanguage":"pt-BR"},{"@type":"Organization","@id":"https:\/\/meusitejuridico.editorajuspodivm.com.br\/#organization","name":"Meu site jur\u00eddico","url":"https:\/\/meusitejuridico.editorajuspodivm.com.br\/","logo":{"@type":"ImageObject","inLanguage":"pt-BR","@id":"https:\/\/meusitejuridico.editorajuspodivm.com.br\/#\/schema\/logo\/image\/","url":"https:\/\/meusitejuridico.editorajuspodivm.com.br\/s.meusitejuridico\/2022\/03\/cropped-baeec2a3-msj-02-01-01.png","contentUrl":"https:\/\/meusitejuridico.editorajuspodivm.com.br\/s.meusitejuridico\/2022\/03\/cropped-baeec2a3-msj-02-01-01.png","width":349,"height":243,"caption":"Meu site jur\u00eddico"},"image":{"@id":"https:\/\/meusitejuridico.editorajuspodivm.com.br\/#\/schema\/logo\/image\/"}},{"@type":"Person","@id":"https:\/\/meusitejuridico.editorajuspodivm.com.br\/#\/schema\/person\/9510493393c1fdb85ea6b66dbd9ed0ef","name":"Vitor Guglinski","image":{"@type":"ImageObject","inLanguage":"pt-BR","@id":"https:\/\/meusitejuridico.editorajuspodivm.com.br\/#\/schema\/person\/image\/","url":"https:\/\/meusitejuridico.editorajuspodivm.com.br\/s.meusitejuridico\/2018\/05\/cb832695-vitor-150x150.jpg","contentUrl":"https:\/\/meusitejuridico.editorajuspodivm.com.br\/s.meusitejuridico\/2018\/05\/cb832695-vitor-150x150.jpg","caption":"Vitor Guglinski"},"description":"Advogado. Especialista em Direito do Consumidor. Membro do Instituto Brasileiro de Pol\u00edtica e Direito do Consumidor (Brasilcon). Ex-assessor jur\u00eddico da 2\u00aa Vara C\u00edvel de Juiz de Fora (MG). Autor colaborador da obra C\u00f3digo de Defesa do Consumidor - Doutrina e Jurisprud\u00eancia para Utiliza\u00e7\u00e3o Profissional (editora Juspodivn). Coautor da obra Temas Actuales de Derecho del Consumidor (editora Normas Jur\u00eddicas - Peru). Coautor da obra Dano Temporal: O Tempo como Valor Jur\u00eddico (editora Emp\u00f3rio do Direito).","url":"https:\/\/meusitejuridico.editorajuspodivm.com.br\/author\/vitorvitor\/"}]}},"_links":{"self":[{"href":"https:\/\/meusitejuridico.editorajuspodivm.com.br\/api\/wp\/v2\/posts\/5309","targetHints":{"allow":["GET"]}}],"collection":[{"href":"https:\/\/meusitejuridico.editorajuspodivm.com.br\/api\/wp\/v2\/posts"}],"about":[{"href":"https:\/\/meusitejuridico.editorajuspodivm.com.br\/api\/wp\/v2\/types\/post"}],"author":[{"embeddable":true,"href":"https:\/\/meusitejuridico.editorajuspodivm.com.br\/api\/wp\/v2\/users\/57"}],"replies":[{"embeddable":true,"href":"https:\/\/meusitejuridico.editorajuspodivm.com.br\/api\/wp\/v2\/comments?post=5309"}],"version-history":[{"count":2,"href":"https:\/\/meusitejuridico.editorajuspodivm.com.br\/api\/wp\/v2\/posts\/5309\/revisions"}],"predecessor-version":[{"id":5319,"href":"https:\/\/meusitejuridico.editorajuspodivm.com.br\/api\/wp\/v2\/posts\/5309\/revisions\/5319"}],"wp:featuredmedia":[{"embeddable":true,"href":"https:\/\/meusitejuridico.editorajuspodivm.com.br\/api\/wp\/v2\/media\/3163"}],"wp:attachment":[{"href":"https:\/\/meusitejuridico.editorajuspodivm.com.br\/api\/wp\/v2\/media?parent=5309"}],"wp:term":[{"taxonomy":"category","embeddable":true,"href":"https:\/\/meusitejuridico.editorajuspodivm.com.br\/api\/wp\/v2\/categories?post=5309"},{"taxonomy":"post_tag","embeddable":true,"href":"https:\/\/meusitejuridico.editorajuspodivm.com.br\/api\/wp\/v2\/tags?post=5309"}],"curies":[{"name":"wp","href":"https:\/\/api.w.org\/{rel}","templated":true}]}}