{"id":5541,"date":"2018-06-15T13:33:09","date_gmt":"2018-06-15T16:33:09","guid":{"rendered":"https:\/\/meusitejuridico.com.br\/?p=5541"},"modified":"2018-06-15T13:33:09","modified_gmt":"2018-06-15T16:33:09","slug":"art-21-da-lindb-exigencias-de-motivacao-das-decisoes","status":"publish","type":"post","link":"https:\/\/meusitejuridico.editorajuspodivm.com.br\/2018\/06\/15\/art-21-da-lindb-exigencias-de-motivacao-das-decisoes\/","title":{"rendered":"Art. 21 da LINDB: exig\u00eancias de motiva\u00e7\u00e3o das decis\u00f5es"},"content":{"rendered":"<p>Art. 21. \u00a0A decis\u00e3o que, nas esferas administrativa, controladora ou judicial, decretar a invalida\u00e7\u00e3o de ato, contrato, ajuste, processo ou norma administrativa dever\u00e1 indicar de modo expresso suas consequ\u00eancias jur\u00eddicas e administrativas.<\/p>\n<p>Par\u00e1grafo \u00fanico. \u00a0A decis\u00e3o a que se refere o\u00a0<strong>caput<\/strong>\u00a0deste artigo dever\u00e1, quando for o caso, indicar as condi\u00e7\u00f5es para que a regulariza\u00e7\u00e3o ocorra de modo proporcional e equ\u00e2nime e sem preju\u00edzo aos interesses gerais, n\u00e3o se podendo impor aos sujeitos atingidos \u00f4nus ou perdas que, em fun\u00e7\u00e3o das peculiaridades do caso, sejam anormais ou excessivos.\u201d<\/p>\n<p><strong>Coment\u00e1rios:<\/strong><\/p>\n<p><strong>\u00a0<\/strong>O objetivo \u00e9 trazer mais responsabilidade e racionalidade no momento de invalidar atos, contratos, ajustes, processos ou normas administrativas.<\/p>\n<p>\u201cO dispositivo em quest\u00e3o apenas exige o exerc\u00edcio respons\u00e1vel da fun\u00e7\u00e3o judicante do agente estatal. Invalidar atos, contratos, processos configura atividade altamente relevante, que importa em consequ\u00eancias imediatas a bens e direitos alheios. Decis\u00f5es irrespons\u00e1veis que desconsidere em situa\u00e7\u00f5es juridicamente constitu\u00eddas e poss\u00edveis consequ\u00eancias aos envolvidos s\u00e3o incompat\u00edveis com o Direito\u201d, assim justificaram os Professores <a class='qlabs_tooltip_top qlabs_tooltip_style_1 cursor_pointer event_hover' style=''  aria-haspopup='true'>Carlos Ari Sundfeld e Floriano de Azevedo Marques Neto<span style='width: 180px; '  >https:\/\/www.conjur.com.br\/dl\/parecer-juristas-rebatem-criticas.pdf<\/span><\/a>, respons\u00e1veis pela elabora\u00e7\u00e3o do anteprojeto.<\/p>\n<p>Da leitura do art. 21 e do j\u00e1 comentado art. 20 (<a href=\"http:\/\/meusitejuridico.com.br\/2018\/06\/14\/art-20-da-lindb-faca-o-que-eu-digo-mas-nao-o-que-eu-faco-ou-atencao-ao-ovo-da-serpente\/\" target=\"_blank\" rel=\"noopener\">leia aqui<\/a>) podemos perceber a preocupa\u00e7\u00e3o com a motiva\u00e7\u00e3o e as consequ\u00eancias das decis\u00f5es.<\/p>\n<p>Todavia, para a <a class='qlabs_tooltip_top qlabs_tooltip_style_1 cursor_pointer event_hover' style=''  aria-haspopup='true'>consultoria jur\u00eddica do TCU<span style='width: 180px; '  >https:\/\/www.conjur.com.br\/dl\/parecer-juristas-rebatem-criticas.pdf<\/span><\/a>, o que o dispositivo faz \u00e9 exigir um exerc\u00edcio de futurologia descabido do julgador, &#8220;que passa a ter \u00f4nus que n\u00e3o \u00e9 dele, mas sim da parte, qual seja, o de levar para os autos as informa\u00e7\u00f5es relevantes quanto a eventuais consequ\u00eancias indesej\u00e1veis de eventual decis\u00e3o desfavor\u00e1vel&#8221;.<\/p>\n<p>Fato \u00e9, n\u00e3o podemos deixar de mencionar, que o Judici\u00e1rio tem adquirido um protagonismo que h\u00e1 muito vem sendo criticado, sobretudo pela interfer\u00eancia em outros poderes.<\/p>\n<p>Diante disso, \u00e9 inevit\u00e1vel concluir que a novel lei busca dificultar esse tipo de interfer\u00eancia, exigindo, para tanto, alguns requisitos m\u00ednimos a justificar tal medida. A ideia, como dito, \u00e9 evitar que os julgadores\u00a0tomem decis\u00f5es sem antes refletir a respeito de suas consequ\u00eancias.<\/p>\n<p>Da conjuga\u00e7\u00e3o dos arts. 20 e 21 podemos concluir, portanto, que para uma decis\u00e3o (tomada por um administrador, conselheiro ou magistrado) que invalida atos, contratos, ajustes, processos ou normas administrativas seja satisfatoriamente motivada, ela dever\u00e1: a) demonstrar a necessidade e adequa\u00e7\u00e3o da invalida\u00e7\u00e3o; b) os motivos pelos quais n\u00e3o foi aplicada uma medida alternativa eventualmente cab\u00edvel; c) indicar de modo expresso suas consequ\u00eancias jur\u00eddicas e administrativas.<\/p>\n<p>Por fim, a respeito do par\u00e1grafo \u00fanico do artigo em comento, <a class='qlabs_tooltip_top qlabs_tooltip_style_1 cursor_pointer event_hover' style=''  aria-haspopup='true'>M\u00e1rcio Cavalcante<span style='width: 180px; '  >http:\/\/www.dizerodireito.com.br\/2018\/04\/comentarios-lei-136552018-que-alterou.html<\/span><\/a> traz elucidativo exemplo da aplica\u00e7\u00e3o do dispositivo: \u201cno caso de invalida\u00e7\u00e3o de contrato administrativo, a autoridade p\u00fablica julgadora que determinar a invalida\u00e7\u00e3o dever\u00e1 definir se ser\u00e3o ou n\u00e3o preservados os efeitos do contrato, como, por exemplo, se os terceiros de boa-f\u00e9 ter\u00e3o seus direitos garantidos. Dever\u00e1, ainda, decidir se \u00e9 ou n\u00e3o o caso de pagamento de indeniza\u00e7\u00e3o ao particular que j\u00e1 executou as presta\u00e7\u00f5es, conforme disciplinado pelo art. 59 da Lei n\u00ba 8.666\/93.<a href=\"#_ftnref1\" name=\"_ftn1\"><\/a><\/p>\n","protected":false},"excerpt":{"rendered":"<p>Art. 21. \u00a0A decis\u00e3o que, nas esferas administrativa, controladora ou judicial, decretar a invalida\u00e7\u00e3o de ato, contrato, ajuste, processo ou norma administrativa dever\u00e1 indicar de modo expresso suas consequ\u00eancias jur\u00eddicas e administrativas. Par\u00e1grafo \u00fanico. \u00a0A decis\u00e3o a que se refere o\u00a0caput\u00a0deste artigo dever\u00e1, quando for o caso, indicar as condi\u00e7\u00f5es para que a regulariza\u00e7\u00e3o ocorra [&hellip;]<\/p>\n","protected":false},"author":45,"featured_media":5542,"comment_status":"open","ping_status":"open","sticky":false,"template":"","format":"standard","meta":{"_acf_changed":false,"footnotes":""},"categories":[1,255,72],"tags":[1790,1630,1628],"class_list":["post-5541","post","type-post","status-publish","format-standard","has-post-thumbnail","hentry","category-artigos","category-direito-civil","category-leis-comentadas","tag-lei-13-65518","tag-lei-de-introducao-as-normas-do-direito-brasileiro","tag-lindb"],"acf":[],"yoast_head":"<!-- This site is optimized with the Yoast SEO plugin v24.8.1 - https:\/\/yoast.com\/wordpress\/plugins\/seo\/ -->\n<title>Art. 21 da LINDB: exig\u00eancias de motiva\u00e7\u00e3o das decis\u00f5es - Meu site jur\u00eddico<\/title>\n<meta name=\"robots\" content=\"index, follow, max-snippet:-1, max-image-preview:large, max-video-preview:-1\" \/>\n<link rel=\"canonical\" href=\"https:\/\/meusitejuridico.editorajuspodivm.com.br\/2018\/06\/15\/art-21-da-lindb-exigencias-de-motivacao-das-decisoes\/\" \/>\n<meta property=\"og:locale\" content=\"pt_BR\" \/>\n<meta property=\"og:type\" content=\"article\" \/>\n<meta property=\"og:title\" content=\"Art. 21 da LINDB: exig\u00eancias de motiva\u00e7\u00e3o das decis\u00f5es - Meu site jur\u00eddico\" \/>\n<meta property=\"og:description\" content=\"Art. 21. \u00a0A decis\u00e3o que, nas esferas administrativa, controladora ou judicial, decretar a invalida\u00e7\u00e3o de ato, contrato, ajuste, processo ou norma administrativa dever\u00e1 indicar de modo expresso suas consequ\u00eancias jur\u00eddicas e administrativas. Par\u00e1grafo \u00fanico. \u00a0A decis\u00e3o a que se refere o\u00a0caput\u00a0deste artigo dever\u00e1, quando for o caso, indicar as condi\u00e7\u00f5es para que a regulariza\u00e7\u00e3o ocorra [&hellip;]\" \/>\n<meta property=\"og:url\" content=\"https:\/\/meusitejuridico.editorajuspodivm.com.br\/2018\/06\/15\/art-21-da-lindb-exigencias-de-motivacao-das-decisoes\/\" \/>\n<meta property=\"og:site_name\" content=\"Meu site jur\u00eddico\" \/>\n<meta property=\"article:author\" content=\"https:\/\/www.facebook.com\/DaniloFernandesChristofaro\" \/>\n<meta property=\"article:published_time\" content=\"2018-06-15T16:33:09+00:00\" \/>\n<meta property=\"og:image\" content=\"https:\/\/meusitejuridico.editorajuspodivm.com.br\/s.meusitejuridico\/2018\/06\/102cff1d-shutterstock-716809633.jpg\" \/>\n\t<meta property=\"og:image:width\" content=\"1000\" \/>\n\t<meta property=\"og:image:height\" content=\"667\" \/>\n\t<meta property=\"og:image:type\" content=\"image\/jpeg\" \/>\n<meta name=\"author\" content=\"Danilo Fernandes Christ\u00f3faro\" \/>\n<meta name=\"twitter:card\" content=\"summary_large_image\" \/>\n<meta name=\"twitter:creator\" content=\"@DanFernandes\" \/>\n<meta name=\"twitter:label1\" content=\"Escrito por\" \/>\n\t<meta name=\"twitter:data1\" content=\"Danilo Fernandes Christ\u00f3faro\" \/>\n\t<meta name=\"twitter:label2\" content=\"Est. tempo de leitura\" \/>\n\t<meta name=\"twitter:data2\" content=\"3 minutos\" \/>\n<script type=\"application\/ld+json\" class=\"yoast-schema-graph\">{\"@context\":\"https:\/\/schema.org\",\"@graph\":[{\"@type\":\"Article\",\"@id\":\"https:\/\/meusitejuridico.editorajuspodivm.com.br\/2018\/06\/15\/art-21-da-lindb-exigencias-de-motivacao-das-decisoes\/#article\",\"isPartOf\":{\"@id\":\"https:\/\/meusitejuridico.editorajuspodivm.com.br\/2018\/06\/15\/art-21-da-lindb-exigencias-de-motivacao-das-decisoes\/\"},\"author\":{\"name\":\"Danilo Fernandes Christ\u00f3faro\",\"@id\":\"https:\/\/cdn.meusitejuridico.com.br\/#\/schema\/person\/583eb3a57778fd7a29c7b1b401edf54b\"},\"headline\":\"Art. 21 da LINDB: exig\u00eancias de motiva\u00e7\u00e3o das decis\u00f5es\",\"datePublished\":\"2018-06-15T16:33:09+00:00\",\"mainEntityOfPage\":{\"@id\":\"https:\/\/meusitejuridico.editorajuspodivm.com.br\/2018\/06\/15\/art-21-da-lindb-exigencias-de-motivacao-das-decisoes\/\"},\"wordCount\":623,\"commentCount\":0,\"publisher\":{\"@id\":\"https:\/\/cdn.meusitejuridico.com.br\/#organization\"},\"image\":{\"@id\":\"https:\/\/meusitejuridico.editorajuspodivm.com.br\/2018\/06\/15\/art-21-da-lindb-exigencias-de-motivacao-das-decisoes\/#primaryimage\"},\"thumbnailUrl\":\"https:\/\/meusitejuridico.editorajuspodivm.com.br\/s.meusitejuridico\/2018\/06\/102cff1d-shutterstock-716809633.jpg\",\"keywords\":[\"Lei 13.655\/18\",\"Lei de Introdu\u00e7\u00e3o \u00e0s Normas do Direito Brasileiro\",\"LINDB\"],\"articleSection\":[\"Artigos\",\"Direito Civil\",\"Leis comentadas\"],\"inLanguage\":\"pt-BR\",\"potentialAction\":[{\"@type\":\"CommentAction\",\"name\":\"Comment\",\"target\":[\"https:\/\/meusitejuridico.editorajuspodivm.com.br\/2018\/06\/15\/art-21-da-lindb-exigencias-de-motivacao-das-decisoes\/#respond\"]}]},{\"@type\":\"WebPage\",\"@id\":\"https:\/\/meusitejuridico.editorajuspodivm.com.br\/2018\/06\/15\/art-21-da-lindb-exigencias-de-motivacao-das-decisoes\/\",\"url\":\"https:\/\/meusitejuridico.editorajuspodivm.com.br\/2018\/06\/15\/art-21-da-lindb-exigencias-de-motivacao-das-decisoes\/\",\"name\":\"Art. 21 da LINDB: exig\u00eancias de motiva\u00e7\u00e3o das decis\u00f5es - Meu site jur\u00eddico\",\"isPartOf\":{\"@id\":\"https:\/\/cdn.meusitejuridico.com.br\/#website\"},\"primaryImageOfPage\":{\"@id\":\"https:\/\/meusitejuridico.editorajuspodivm.com.br\/2018\/06\/15\/art-21-da-lindb-exigencias-de-motivacao-das-decisoes\/#primaryimage\"},\"image\":{\"@id\":\"https:\/\/meusitejuridico.editorajuspodivm.com.br\/2018\/06\/15\/art-21-da-lindb-exigencias-de-motivacao-das-decisoes\/#primaryimage\"},\"thumbnailUrl\":\"https:\/\/meusitejuridico.editorajuspodivm.com.br\/s.meusitejuridico\/2018\/06\/102cff1d-shutterstock-716809633.jpg\",\"datePublished\":\"2018-06-15T16:33:09+00:00\",\"breadcrumb\":{\"@id\":\"https:\/\/meusitejuridico.editorajuspodivm.com.br\/2018\/06\/15\/art-21-da-lindb-exigencias-de-motivacao-das-decisoes\/#breadcrumb\"},\"inLanguage\":\"pt-BR\",\"potentialAction\":[{\"@type\":\"ReadAction\",\"target\":[\"https:\/\/meusitejuridico.editorajuspodivm.com.br\/2018\/06\/15\/art-21-da-lindb-exigencias-de-motivacao-das-decisoes\/\"]}]},{\"@type\":\"ImageObject\",\"inLanguage\":\"pt-BR\",\"@id\":\"https:\/\/meusitejuridico.editorajuspodivm.com.br\/2018\/06\/15\/art-21-da-lindb-exigencias-de-motivacao-das-decisoes\/#primaryimage\",\"url\":\"https:\/\/meusitejuridico.editorajuspodivm.com.br\/s.meusitejuridico\/2018\/06\/102cff1d-shutterstock-716809633.jpg\",\"contentUrl\":\"https:\/\/meusitejuridico.editorajuspodivm.com.br\/s.meusitejuridico\/2018\/06\/102cff1d-shutterstock-716809633.jpg\",\"width\":1000,\"height\":667},{\"@type\":\"BreadcrumbList\",\"@id\":\"https:\/\/meusitejuridico.editorajuspodivm.com.br\/2018\/06\/15\/art-21-da-lindb-exigencias-de-motivacao-das-decisoes\/#breadcrumb\",\"itemListElement\":[{\"@type\":\"ListItem\",\"position\":1,\"name\":\"In\u00edcio\",\"item\":\"https:\/\/cdn.meusitejuridico.com.br\/\"},{\"@type\":\"ListItem\",\"position\":2,\"name\":\"Art. 21 da LINDB: exig\u00eancias de motiva\u00e7\u00e3o das decis\u00f5es\"}]},{\"@type\":\"WebSite\",\"@id\":\"https:\/\/cdn.meusitejuridico.com.br\/#website\",\"url\":\"https:\/\/cdn.meusitejuridico.com.br\/\",\"name\":\"Meu site jur\u00eddico\",\"description\":\"Meu site jur\u00eddico\",\"publisher\":{\"@id\":\"https:\/\/cdn.meusitejuridico.com.br\/#organization\"},\"potentialAction\":[{\"@type\":\"SearchAction\",\"target\":{\"@type\":\"EntryPoint\",\"urlTemplate\":\"https:\/\/cdn.meusitejuridico.com.br\/?s={search_term_string}\"},\"query-input\":{\"@type\":\"PropertyValueSpecification\",\"valueRequired\":true,\"valueName\":\"search_term_string\"}}],\"inLanguage\":\"pt-BR\"},{\"@type\":\"Organization\",\"@id\":\"https:\/\/cdn.meusitejuridico.com.br\/#organization\",\"name\":\"Meu site jur\u00eddico\",\"url\":\"https:\/\/cdn.meusitejuridico.com.br\/\",\"logo\":{\"@type\":\"ImageObject\",\"inLanguage\":\"pt-BR\",\"@id\":\"https:\/\/cdn.meusitejuridico.com.br\/#\/schema\/logo\/image\/\",\"url\":\"https:\/\/meusitejuridico.editorajuspodivm.com.br\/s.meusitejuridico\/2022\/03\/cropped-baeec2a3-msj-02-01-01.png\",\"contentUrl\":\"https:\/\/meusitejuridico.editorajuspodivm.com.br\/s.meusitejuridico\/2022\/03\/cropped-baeec2a3-msj-02-01-01.png\",\"width\":349,\"height\":243,\"caption\":\"Meu site jur\u00eddico\"},\"image\":{\"@id\":\"https:\/\/cdn.meusitejuridico.com.br\/#\/schema\/logo\/image\/\"}},{\"@type\":\"Person\",\"@id\":\"https:\/\/cdn.meusitejuridico.com.br\/#\/schema\/person\/583eb3a57778fd7a29c7b1b401edf54b\",\"name\":\"Danilo Fernandes Christ\u00f3faro\",\"image\":{\"@type\":\"ImageObject\",\"inLanguage\":\"pt-BR\",\"@id\":\"https:\/\/cdn.meusitejuridico.com.br\/#\/schema\/person\/image\/\",\"url\":\"https:\/\/meusitejuridico.editorajuspodivm.com.br\/s.meusitejuridico\/2018\/01\/7f37bda4-23031271-1497501320333025-5053156492846234187-n-150x150.jpg\",\"contentUrl\":\"https:\/\/meusitejuridico.editorajuspodivm.com.br\/s.meusitejuridico\/2018\/01\/7f37bda4-23031271-1497501320333025-5053156492846234187-n-150x150.jpg\",\"caption\":\"Danilo Fernandes Christ\u00f3faro\"},\"description\":\"Advogado. Professor de Direito. Mestre em Direito da Sociedade da Informa\u00e7\u00e3o pela FMU; Especialista em Direito Constitucional pela PUC\/SP; Especialista em Direito Civil pela Est\u00e1cio; Possui cursos espec\u00edficos na \u00e1rea de Direito Digital pela FGV\/SP; Fundador do MeuSiteJur\u00eddico.com e do MeuAppJur\u00eddico\",\"sameAs\":[\"http:\/\/www.meusitejuridico.com\",\"https:\/\/www.facebook.com\/DaniloFernandesChristofaro\",\"https:\/\/x.com\/DanFernandes\"],\"url\":\"https:\/\/meusitejuridico.editorajuspodivm.com.br\/author\/danilodanilo-com-br\/\"}]}<\/script>\n<!-- \/ Yoast SEO plugin. -->","yoast_head_json":{"title":"Art. 21 da LINDB: exig\u00eancias de motiva\u00e7\u00e3o das decis\u00f5es - Meu site jur\u00eddico","robots":{"index":"index","follow":"follow","max-snippet":"max-snippet:-1","max-image-preview":"max-image-preview:large","max-video-preview":"max-video-preview:-1"},"canonical":"https:\/\/meusitejuridico.editorajuspodivm.com.br\/2018\/06\/15\/art-21-da-lindb-exigencias-de-motivacao-das-decisoes\/","og_locale":"pt_BR","og_type":"article","og_title":"Art. 21 da LINDB: exig\u00eancias de motiva\u00e7\u00e3o das decis\u00f5es - Meu site jur\u00eddico","og_description":"Art. 21. \u00a0A decis\u00e3o que, nas esferas administrativa, controladora ou judicial, decretar a invalida\u00e7\u00e3o de ato, contrato, ajuste, processo ou norma administrativa dever\u00e1 indicar de modo expresso suas consequ\u00eancias jur\u00eddicas e administrativas. Par\u00e1grafo \u00fanico. \u00a0A decis\u00e3o a que se refere o\u00a0caput\u00a0deste artigo dever\u00e1, quando for o caso, indicar as condi\u00e7\u00f5es para que a regulariza\u00e7\u00e3o ocorra [&hellip;]","og_url":"https:\/\/meusitejuridico.editorajuspodivm.com.br\/2018\/06\/15\/art-21-da-lindb-exigencias-de-motivacao-das-decisoes\/","og_site_name":"Meu site jur\u00eddico","article_author":"https:\/\/www.facebook.com\/DaniloFernandesChristofaro","article_published_time":"2018-06-15T16:33:09+00:00","og_image":[{"width":1000,"height":667,"url":"https:\/\/meusitejuridico.editorajuspodivm.com.br\/s.meusitejuridico\/2018\/06\/102cff1d-shutterstock-716809633.jpg","type":"image\/jpeg"}],"author":"Danilo Fernandes Christ\u00f3faro","twitter_card":"summary_large_image","twitter_creator":"@DanFernandes","twitter_misc":{"Escrito por":"Danilo Fernandes Christ\u00f3faro","Est. tempo de leitura":"3 minutos"},"schema":{"@context":"https:\/\/schema.org","@graph":[{"@type":"Article","@id":"https:\/\/meusitejuridico.editorajuspodivm.com.br\/2018\/06\/15\/art-21-da-lindb-exigencias-de-motivacao-das-decisoes\/#article","isPartOf":{"@id":"https:\/\/meusitejuridico.editorajuspodivm.com.br\/2018\/06\/15\/art-21-da-lindb-exigencias-de-motivacao-das-decisoes\/"},"author":{"name":"Danilo Fernandes Christ\u00f3faro","@id":"https:\/\/cdn.meusitejuridico.com.br\/#\/schema\/person\/583eb3a57778fd7a29c7b1b401edf54b"},"headline":"Art. 21 da LINDB: exig\u00eancias de motiva\u00e7\u00e3o das decis\u00f5es","datePublished":"2018-06-15T16:33:09+00:00","mainEntityOfPage":{"@id":"https:\/\/meusitejuridico.editorajuspodivm.com.br\/2018\/06\/15\/art-21-da-lindb-exigencias-de-motivacao-das-decisoes\/"},"wordCount":623,"commentCount":0,"publisher":{"@id":"https:\/\/cdn.meusitejuridico.com.br\/#organization"},"image":{"@id":"https:\/\/meusitejuridico.editorajuspodivm.com.br\/2018\/06\/15\/art-21-da-lindb-exigencias-de-motivacao-das-decisoes\/#primaryimage"},"thumbnailUrl":"https:\/\/meusitejuridico.editorajuspodivm.com.br\/s.meusitejuridico\/2018\/06\/102cff1d-shutterstock-716809633.jpg","keywords":["Lei 13.655\/18","Lei de Introdu\u00e7\u00e3o \u00e0s Normas do Direito Brasileiro","LINDB"],"articleSection":["Artigos","Direito Civil","Leis comentadas"],"inLanguage":"pt-BR","potentialAction":[{"@type":"CommentAction","name":"Comment","target":["https:\/\/meusitejuridico.editorajuspodivm.com.br\/2018\/06\/15\/art-21-da-lindb-exigencias-de-motivacao-das-decisoes\/#respond"]}]},{"@type":"WebPage","@id":"https:\/\/meusitejuridico.editorajuspodivm.com.br\/2018\/06\/15\/art-21-da-lindb-exigencias-de-motivacao-das-decisoes\/","url":"https:\/\/meusitejuridico.editorajuspodivm.com.br\/2018\/06\/15\/art-21-da-lindb-exigencias-de-motivacao-das-decisoes\/","name":"Art. 21 da LINDB: exig\u00eancias de motiva\u00e7\u00e3o das decis\u00f5es - Meu site jur\u00eddico","isPartOf":{"@id":"https:\/\/cdn.meusitejuridico.com.br\/#website"},"primaryImageOfPage":{"@id":"https:\/\/meusitejuridico.editorajuspodivm.com.br\/2018\/06\/15\/art-21-da-lindb-exigencias-de-motivacao-das-decisoes\/#primaryimage"},"image":{"@id":"https:\/\/meusitejuridico.editorajuspodivm.com.br\/2018\/06\/15\/art-21-da-lindb-exigencias-de-motivacao-das-decisoes\/#primaryimage"},"thumbnailUrl":"https:\/\/meusitejuridico.editorajuspodivm.com.br\/s.meusitejuridico\/2018\/06\/102cff1d-shutterstock-716809633.jpg","datePublished":"2018-06-15T16:33:09+00:00","breadcrumb":{"@id":"https:\/\/meusitejuridico.editorajuspodivm.com.br\/2018\/06\/15\/art-21-da-lindb-exigencias-de-motivacao-das-decisoes\/#breadcrumb"},"inLanguage":"pt-BR","potentialAction":[{"@type":"ReadAction","target":["https:\/\/meusitejuridico.editorajuspodivm.com.br\/2018\/06\/15\/art-21-da-lindb-exigencias-de-motivacao-das-decisoes\/"]}]},{"@type":"ImageObject","inLanguage":"pt-BR","@id":"https:\/\/meusitejuridico.editorajuspodivm.com.br\/2018\/06\/15\/art-21-da-lindb-exigencias-de-motivacao-das-decisoes\/#primaryimage","url":"https:\/\/meusitejuridico.editorajuspodivm.com.br\/s.meusitejuridico\/2018\/06\/102cff1d-shutterstock-716809633.jpg","contentUrl":"https:\/\/meusitejuridico.editorajuspodivm.com.br\/s.meusitejuridico\/2018\/06\/102cff1d-shutterstock-716809633.jpg","width":1000,"height":667},{"@type":"BreadcrumbList","@id":"https:\/\/meusitejuridico.editorajuspodivm.com.br\/2018\/06\/15\/art-21-da-lindb-exigencias-de-motivacao-das-decisoes\/#breadcrumb","itemListElement":[{"@type":"ListItem","position":1,"name":"In\u00edcio","item":"https:\/\/cdn.meusitejuridico.com.br\/"},{"@type":"ListItem","position":2,"name":"Art. 21 da LINDB: exig\u00eancias de motiva\u00e7\u00e3o das decis\u00f5es"}]},{"@type":"WebSite","@id":"https:\/\/cdn.meusitejuridico.com.br\/#website","url":"https:\/\/cdn.meusitejuridico.com.br\/","name":"Meu site jur\u00eddico","description":"Meu site jur\u00eddico","publisher":{"@id":"https:\/\/cdn.meusitejuridico.com.br\/#organization"},"potentialAction":[{"@type":"SearchAction","target":{"@type":"EntryPoint","urlTemplate":"https:\/\/cdn.meusitejuridico.com.br\/?s={search_term_string}"},"query-input":{"@type":"PropertyValueSpecification","valueRequired":true,"valueName":"search_term_string"}}],"inLanguage":"pt-BR"},{"@type":"Organization","@id":"https:\/\/cdn.meusitejuridico.com.br\/#organization","name":"Meu site jur\u00eddico","url":"https:\/\/cdn.meusitejuridico.com.br\/","logo":{"@type":"ImageObject","inLanguage":"pt-BR","@id":"https:\/\/cdn.meusitejuridico.com.br\/#\/schema\/logo\/image\/","url":"https:\/\/meusitejuridico.editorajuspodivm.com.br\/s.meusitejuridico\/2022\/03\/cropped-baeec2a3-msj-02-01-01.png","contentUrl":"https:\/\/meusitejuridico.editorajuspodivm.com.br\/s.meusitejuridico\/2022\/03\/cropped-baeec2a3-msj-02-01-01.png","width":349,"height":243,"caption":"Meu site jur\u00eddico"},"image":{"@id":"https:\/\/cdn.meusitejuridico.com.br\/#\/schema\/logo\/image\/"}},{"@type":"Person","@id":"https:\/\/cdn.meusitejuridico.com.br\/#\/schema\/person\/583eb3a57778fd7a29c7b1b401edf54b","name":"Danilo Fernandes Christ\u00f3faro","image":{"@type":"ImageObject","inLanguage":"pt-BR","@id":"https:\/\/cdn.meusitejuridico.com.br\/#\/schema\/person\/image\/","url":"https:\/\/meusitejuridico.editorajuspodivm.com.br\/s.meusitejuridico\/2018\/01\/7f37bda4-23031271-1497501320333025-5053156492846234187-n-150x150.jpg","contentUrl":"https:\/\/meusitejuridico.editorajuspodivm.com.br\/s.meusitejuridico\/2018\/01\/7f37bda4-23031271-1497501320333025-5053156492846234187-n-150x150.jpg","caption":"Danilo Fernandes Christ\u00f3faro"},"description":"Advogado. Professor de Direito. Mestre em Direito da Sociedade da Informa\u00e7\u00e3o pela FMU; Especialista em Direito Constitucional pela PUC\/SP; Especialista em Direito Civil pela Est\u00e1cio; Possui cursos espec\u00edficos na \u00e1rea de Direito Digital pela FGV\/SP; Fundador do MeuSiteJur\u00eddico.com e do MeuAppJur\u00eddico","sameAs":["http:\/\/www.meusitejuridico.com","https:\/\/www.facebook.com\/DaniloFernandesChristofaro","https:\/\/x.com\/DanFernandes"],"url":"https:\/\/meusitejuridico.editorajuspodivm.com.br\/author\/danilodanilo-com-br\/"}]}},"_links":{"self":[{"href":"https:\/\/meusitejuridico.editorajuspodivm.com.br\/api\/wp\/v2\/posts\/5541","targetHints":{"allow":["GET"]}}],"collection":[{"href":"https:\/\/meusitejuridico.editorajuspodivm.com.br\/api\/wp\/v2\/posts"}],"about":[{"href":"https:\/\/meusitejuridico.editorajuspodivm.com.br\/api\/wp\/v2\/types\/post"}],"author":[{"embeddable":true,"href":"https:\/\/meusitejuridico.editorajuspodivm.com.br\/api\/wp\/v2\/users\/45"}],"replies":[{"embeddable":true,"href":"https:\/\/meusitejuridico.editorajuspodivm.com.br\/api\/wp\/v2\/comments?post=5541"}],"version-history":[{"count":3,"href":"https:\/\/meusitejuridico.editorajuspodivm.com.br\/api\/wp\/v2\/posts\/5541\/revisions"}],"predecessor-version":[{"id":5545,"href":"https:\/\/meusitejuridico.editorajuspodivm.com.br\/api\/wp\/v2\/posts\/5541\/revisions\/5545"}],"wp:featuredmedia":[{"embeddable":true,"href":"https:\/\/meusitejuridico.editorajuspodivm.com.br\/api\/wp\/v2\/media\/5542"}],"wp:attachment":[{"href":"https:\/\/meusitejuridico.editorajuspodivm.com.br\/api\/wp\/v2\/media?parent=5541"}],"wp:term":[{"taxonomy":"category","embeddable":true,"href":"https:\/\/meusitejuridico.editorajuspodivm.com.br\/api\/wp\/v2\/categories?post=5541"},{"taxonomy":"post_tag","embeddable":true,"href":"https:\/\/meusitejuridico.editorajuspodivm.com.br\/api\/wp\/v2\/tags?post=5541"}],"curies":[{"name":"wp","href":"https:\/\/api.w.org\/{rel}","templated":true}]}}