{"id":5574,"date":"2018-06-18T13:23:55","date_gmt":"2018-06-18T16:23:55","guid":{"rendered":"https:\/\/meusitejuridico.com.br\/?p=5574"},"modified":"2018-06-18T13:23:55","modified_gmt":"2018-06-18T16:23:55","slug":"da-possibilidade-de-formalizacao-de-compromisso-de-ajustamento-de-conduta-pelo-ministerio-publico-em-investigacoes-de-atos-de-improbidade-administrativa","status":"publish","type":"post","link":"https:\/\/meusitejuridico.editorajuspodivm.com.br\/2018\/06\/18\/da-possibilidade-de-formalizacao-de-compromisso-de-ajustamento-de-conduta-pelo-ministerio-publico-em-investigacoes-de-atos-de-improbidade-administrativa\/","title":{"rendered":"Da possibilidade de formaliza\u00e7\u00e3o de compromisso de ajustamento de conduta pelo Minist\u00e9rio P\u00fablico em investiga\u00e7\u00f5es de atos de improbidade administrativa"},"content":{"rendered":"<p><a href=\"https:\/\/play.google.com\/store\/apps\/details?id=com.app.meuappjuridico&amp;hl=pt\" target=\"_blank\" rel=\"noopener\"><img decoding=\"async\" class=\"aligncenter wp-image-4610 size-medium\" src=\"https:\/\/s3.meusitejuridico.com.br\/2018\/02\/3cdb1249-banner-app-300x166.jpeg\" alt=\"\" width=\"300\" height=\"166\" srcset=\"https:\/\/meusitejuridico.editorajuspodivm.com.br\/s.meusitejuridico\/2018\/02\/3cdb1249-banner-app-300x166.jpeg 300w, https:\/\/meusitejuridico.editorajuspodivm.com.br\/s.meusitejuridico\/2018\/02\/3cdb1249-banner-app-768x424.jpeg 768w, https:\/\/meusitejuridico.editorajuspodivm.com.br\/s.meusitejuridico\/2018\/02\/3cdb1249-banner-app-1024x566.jpeg 1024w, https:\/\/meusitejuridico.editorajuspodivm.com.br\/s.meusitejuridico\/2018\/02\/3cdb1249-banner-app-80x44.jpeg 80w, https:\/\/meusitejuridico.editorajuspodivm.com.br\/s.meusitejuridico\/2018\/02\/3cdb1249-banner-app.jpeg 1140w\" sizes=\"(max-width: 300px) 100vw, 300px\" \/><\/a><\/p>\n<p><u>1. Introdu\u00e7\u00e3o<\/u><\/p>\n<p>Tema que tem sido objeto de debate na \u00e1rea de tutela coletiva \u2013 mais precisamente na \u00e1rea de probidade administrativa \u2013 tem sido a possibilidade ou n\u00e3o de formaliza\u00e7\u00e3o de compromissos de ajustamento de conduta (tamb\u00e9m conhecidos como Termos de Ajustamento de Conduta &#8211; TAC) pelo Minist\u00e9rio P\u00fablico em investiga\u00e7\u00f5es relativas a atos de improbidade administrativa. T\u00e3o importante o ponto que diversos concursos do Minist\u00e9rio P\u00fablico t\u00eam formulado quest\u00f5es a esse respeito, desde as provas preambulares at\u00e9 a fase oral, o que motivou esta breve an\u00e1lise.<\/p>\n<p>Clique <a href=\"https:\/\/s3.meusitejuridico.com.br\/2018\/06\/89247675-artigo-tacimprobidade.pdf\" target=\"_blank\" rel=\"noopener\">aqui<\/a> para ler o artigo completo.<\/p>\n","protected":false},"excerpt":{"rendered":"<p>1. Introdu\u00e7\u00e3o Tema que tem sido objeto de debate na \u00e1rea de tutela coletiva \u2013 mais precisamente na \u00e1rea de probidade administrativa \u2013 tem sido a possibilidade ou n\u00e3o de formaliza\u00e7\u00e3o de compromissos de ajustamento de conduta (tamb\u00e9m conhecidos como Termos de Ajustamento de Conduta &#8211; TAC) pelo Minist\u00e9rio P\u00fablico em investiga\u00e7\u00f5es relativas a atos [&hellip;]<\/p>\n","protected":false},"author":53,"featured_media":5576,"comment_status":"open","ping_status":"open","sticky":false,"template":"","format":"standard","meta":{"_acf_changed":false,"footnotes":""},"categories":[1,1381],"tags":[1384,1585,1383,1304,1772],"class_list":["post-5574","post","type-post","status-publish","format-standard","has-post-thumbnail","hentry","category-artigos","category-interesses-difusos-e-coletivos","tag-8-42992","tag-difusos","tag-improbidade","tag-tac","tag-termo-de-ajustamento-de-conduta"],"acf":[],"yoast_head":"<!-- This site is optimized with the Yoast SEO plugin v24.8.1 - https:\/\/yoast.com\/wordpress\/plugins\/seo\/ -->\n<title>Da possibilidade de formaliza\u00e7\u00e3o de compromisso de ajustamento de conduta pelo Minist\u00e9rio P\u00fablico em investiga\u00e7\u00f5es de atos de improbidade administrativa - Meu site jur\u00eddico<\/title>\n<meta name=\"robots\" content=\"index, follow, max-snippet:-1, max-image-preview:large, max-video-preview:-1\" \/>\n<link rel=\"canonical\" href=\"https:\/\/meusitejuridico.editorajuspodivm.com.br\/2018\/06\/18\/da-possibilidade-de-formalizacao-de-compromisso-de-ajustamento-de-conduta-pelo-ministerio-publico-em-investigacoes-de-atos-de-improbidade-administrativa\/\" \/>\n<meta property=\"og:locale\" content=\"pt_BR\" \/>\n<meta property=\"og:type\" content=\"article\" \/>\n<meta property=\"og:title\" content=\"Da possibilidade de formaliza\u00e7\u00e3o de compromisso de ajustamento de conduta pelo Minist\u00e9rio P\u00fablico em investiga\u00e7\u00f5es de atos de improbidade administrativa - Meu site jur\u00eddico\" \/>\n<meta property=\"og:description\" content=\"1. Introdu\u00e7\u00e3o Tema que tem sido objeto de debate na \u00e1rea de tutela coletiva \u2013 mais precisamente na \u00e1rea de probidade administrativa \u2013 tem sido a possibilidade ou n\u00e3o de formaliza\u00e7\u00e3o de compromissos de ajustamento de conduta (tamb\u00e9m conhecidos como Termos de Ajustamento de Conduta &#8211; TAC) pelo Minist\u00e9rio P\u00fablico em investiga\u00e7\u00f5es relativas a atos [&hellip;]\" \/>\n<meta property=\"og:url\" content=\"https:\/\/meusitejuridico.editorajuspodivm.com.br\/2018\/06\/18\/da-possibilidade-de-formalizacao-de-compromisso-de-ajustamento-de-conduta-pelo-ministerio-publico-em-investigacoes-de-atos-de-improbidade-administrativa\/\" \/>\n<meta property=\"og:site_name\" content=\"Meu site jur\u00eddico\" \/>\n<meta property=\"article:author\" content=\"https:\/\/www.facebook.com\/profile.php?id=100008837146694\" \/>\n<meta property=\"article:published_time\" content=\"2018-06-18T16:23:55+00:00\" \/>\n<meta property=\"og:image\" content=\"https:\/\/meusitejuridico.editorajuspodivm.com.br\/s.meusitejuridico\/2018\/06\/1228a491-shutterstock-1043656987.jpg\" \/>\n\t<meta property=\"og:image:width\" content=\"1000\" \/>\n\t<meta property=\"og:image:height\" content=\"667\" \/>\n\t<meta property=\"og:image:type\" content=\"image\/jpeg\" \/>\n<meta name=\"author\" content=\"Fernando Henrique de Moraes Ara\u00fajo\" \/>\n<meta name=\"twitter:card\" content=\"summary_large_image\" \/>\n<meta name=\"twitter:creator\" content=\"@fhdireito\" \/>\n<meta name=\"twitter:label1\" content=\"Escrito por\" \/>\n\t<meta name=\"twitter:data1\" content=\"Fernando Henrique de Moraes Ara\u00fajo\" \/>\n\t<meta name=\"twitter:label2\" content=\"Est. tempo de leitura\" \/>\n\t<meta name=\"twitter:data2\" content=\"1 minuto\" \/>\n<script type=\"application\/ld+json\" class=\"yoast-schema-graph\">{\"@context\":\"https:\/\/schema.org\",\"@graph\":[{\"@type\":\"Article\",\"@id\":\"https:\/\/meusitejuridico.editorajuspodivm.com.br\/2018\/06\/18\/da-possibilidade-de-formalizacao-de-compromisso-de-ajustamento-de-conduta-pelo-ministerio-publico-em-investigacoes-de-atos-de-improbidade-administrativa\/#article\",\"isPartOf\":{\"@id\":\"https:\/\/meusitejuridico.editorajuspodivm.com.br\/2018\/06\/18\/da-possibilidade-de-formalizacao-de-compromisso-de-ajustamento-de-conduta-pelo-ministerio-publico-em-investigacoes-de-atos-de-improbidade-administrativa\/\"},\"author\":{\"name\":\"Fernando Henrique de Moraes Ara\u00fajo\",\"@id\":\"https:\/\/cdn.meusitejuridico.com.br\/#\/schema\/person\/a24de43b01f624047e5048c20ad847b8\"},\"headline\":\"Da possibilidade de formaliza\u00e7\u00e3o de compromisso de ajustamento de conduta pelo Minist\u00e9rio P\u00fablico em investiga\u00e7\u00f5es de atos de improbidade administrativa\",\"datePublished\":\"2018-06-18T16:23:55+00:00\",\"mainEntityOfPage\":{\"@id\":\"https:\/\/meusitejuridico.editorajuspodivm.com.br\/2018\/06\/18\/da-possibilidade-de-formalizacao-de-compromisso-de-ajustamento-de-conduta-pelo-ministerio-publico-em-investigacoes-de-atos-de-improbidade-administrativa\/\"},\"wordCount\":129,\"commentCount\":1,\"publisher\":{\"@id\":\"https:\/\/cdn.meusitejuridico.com.br\/#organization\"},\"image\":{\"@id\":\"https:\/\/meusitejuridico.editorajuspodivm.com.br\/2018\/06\/18\/da-possibilidade-de-formalizacao-de-compromisso-de-ajustamento-de-conduta-pelo-ministerio-publico-em-investigacoes-de-atos-de-improbidade-administrativa\/#primaryimage\"},\"thumbnailUrl\":\"https:\/\/meusitejuridico.editorajuspodivm.com.br\/s.meusitejuridico\/2018\/06\/1228a491-shutterstock-1043656987.jpg\",\"keywords\":[\"8.429\/92\",\"difusos\",\"improbidade\",\"TAC\",\"termo de ajustamento de conduta\"],\"articleSection\":[\"Artigos\",\"Interesses Difusos e Coletivos\"],\"inLanguage\":\"pt-BR\",\"potentialAction\":[{\"@type\":\"CommentAction\",\"name\":\"Comment\",\"target\":[\"https:\/\/meusitejuridico.editorajuspodivm.com.br\/2018\/06\/18\/da-possibilidade-de-formalizacao-de-compromisso-de-ajustamento-de-conduta-pelo-ministerio-publico-em-investigacoes-de-atos-de-improbidade-administrativa\/#respond\"]}]},{\"@type\":\"WebPage\",\"@id\":\"https:\/\/meusitejuridico.editorajuspodivm.com.br\/2018\/06\/18\/da-possibilidade-de-formalizacao-de-compromisso-de-ajustamento-de-conduta-pelo-ministerio-publico-em-investigacoes-de-atos-de-improbidade-administrativa\/\",\"url\":\"https:\/\/meusitejuridico.editorajuspodivm.com.br\/2018\/06\/18\/da-possibilidade-de-formalizacao-de-compromisso-de-ajustamento-de-conduta-pelo-ministerio-publico-em-investigacoes-de-atos-de-improbidade-administrativa\/\",\"name\":\"Da possibilidade de formaliza\u00e7\u00e3o de compromisso de ajustamento de conduta pelo Minist\u00e9rio P\u00fablico em investiga\u00e7\u00f5es de atos de improbidade administrativa - Meu site jur\u00eddico\",\"isPartOf\":{\"@id\":\"https:\/\/cdn.meusitejuridico.com.br\/#website\"},\"primaryImageOfPage\":{\"@id\":\"https:\/\/meusitejuridico.editorajuspodivm.com.br\/2018\/06\/18\/da-possibilidade-de-formalizacao-de-compromisso-de-ajustamento-de-conduta-pelo-ministerio-publico-em-investigacoes-de-atos-de-improbidade-administrativa\/#primaryimage\"},\"image\":{\"@id\":\"https:\/\/meusitejuridico.editorajuspodivm.com.br\/2018\/06\/18\/da-possibilidade-de-formalizacao-de-compromisso-de-ajustamento-de-conduta-pelo-ministerio-publico-em-investigacoes-de-atos-de-improbidade-administrativa\/#primaryimage\"},\"thumbnailUrl\":\"https:\/\/meusitejuridico.editorajuspodivm.com.br\/s.meusitejuridico\/2018\/06\/1228a491-shutterstock-1043656987.jpg\",\"datePublished\":\"2018-06-18T16:23:55+00:00\",\"breadcrumb\":{\"@id\":\"https:\/\/meusitejuridico.editorajuspodivm.com.br\/2018\/06\/18\/da-possibilidade-de-formalizacao-de-compromisso-de-ajustamento-de-conduta-pelo-ministerio-publico-em-investigacoes-de-atos-de-improbidade-administrativa\/#breadcrumb\"},\"inLanguage\":\"pt-BR\",\"potentialAction\":[{\"@type\":\"ReadAction\",\"target\":[\"https:\/\/meusitejuridico.editorajuspodivm.com.br\/2018\/06\/18\/da-possibilidade-de-formalizacao-de-compromisso-de-ajustamento-de-conduta-pelo-ministerio-publico-em-investigacoes-de-atos-de-improbidade-administrativa\/\"]}]},{\"@type\":\"ImageObject\",\"inLanguage\":\"pt-BR\",\"@id\":\"https:\/\/meusitejuridico.editorajuspodivm.com.br\/2018\/06\/18\/da-possibilidade-de-formalizacao-de-compromisso-de-ajustamento-de-conduta-pelo-ministerio-publico-em-investigacoes-de-atos-de-improbidade-administrativa\/#primaryimage\",\"url\":\"https:\/\/meusitejuridico.editorajuspodivm.com.br\/s.meusitejuridico\/2018\/06\/1228a491-shutterstock-1043656987.jpg\",\"contentUrl\":\"https:\/\/meusitejuridico.editorajuspodivm.com.br\/s.meusitejuridico\/2018\/06\/1228a491-shutterstock-1043656987.jpg\",\"width\":1000,\"height\":667},{\"@type\":\"BreadcrumbList\",\"@id\":\"https:\/\/meusitejuridico.editorajuspodivm.com.br\/2018\/06\/18\/da-possibilidade-de-formalizacao-de-compromisso-de-ajustamento-de-conduta-pelo-ministerio-publico-em-investigacoes-de-atos-de-improbidade-administrativa\/#breadcrumb\",\"itemListElement\":[{\"@type\":\"ListItem\",\"position\":1,\"name\":\"In\u00edcio\",\"item\":\"https:\/\/cdn.meusitejuridico.com.br\/\"},{\"@type\":\"ListItem\",\"position\":2,\"name\":\"Da possibilidade de formaliza\u00e7\u00e3o de compromisso de ajustamento de conduta pelo Minist\u00e9rio P\u00fablico em investiga\u00e7\u00f5es de atos de improbidade administrativa\"}]},{\"@type\":\"WebSite\",\"@id\":\"https:\/\/cdn.meusitejuridico.com.br\/#website\",\"url\":\"https:\/\/cdn.meusitejuridico.com.br\/\",\"name\":\"Meu site jur\u00eddico\",\"description\":\"Meu site jur\u00eddico\",\"publisher\":{\"@id\":\"https:\/\/cdn.meusitejuridico.com.br\/#organization\"},\"potentialAction\":[{\"@type\":\"SearchAction\",\"target\":{\"@type\":\"EntryPoint\",\"urlTemplate\":\"https:\/\/cdn.meusitejuridico.com.br\/?s={search_term_string}\"},\"query-input\":{\"@type\":\"PropertyValueSpecification\",\"valueRequired\":true,\"valueName\":\"search_term_string\"}}],\"inLanguage\":\"pt-BR\"},{\"@type\":\"Organization\",\"@id\":\"https:\/\/cdn.meusitejuridico.com.br\/#organization\",\"name\":\"Meu site jur\u00eddico\",\"url\":\"https:\/\/cdn.meusitejuridico.com.br\/\",\"logo\":{\"@type\":\"ImageObject\",\"inLanguage\":\"pt-BR\",\"@id\":\"https:\/\/cdn.meusitejuridico.com.br\/#\/schema\/logo\/image\/\",\"url\":\"https:\/\/meusitejuridico.editorajuspodivm.com.br\/s.meusitejuridico\/2022\/03\/cropped-baeec2a3-msj-02-01-01.png\",\"contentUrl\":\"https:\/\/meusitejuridico.editorajuspodivm.com.br\/s.meusitejuridico\/2022\/03\/cropped-baeec2a3-msj-02-01-01.png\",\"width\":349,\"height\":243,\"caption\":\"Meu site jur\u00eddico\"},\"image\":{\"@id\":\"https:\/\/cdn.meusitejuridico.com.br\/#\/schema\/logo\/image\/\"}},{\"@type\":\"Person\",\"@id\":\"https:\/\/cdn.meusitejuridico.com.br\/#\/schema\/person\/a24de43b01f624047e5048c20ad847b8\",\"name\":\"Fernando Henrique de Moraes Ara\u00fajo\",\"image\":{\"@type\":\"ImageObject\",\"inLanguage\":\"pt-BR\",\"@id\":\"https:\/\/cdn.meusitejuridico.com.br\/#\/schema\/person\/image\/\",\"url\":\"https:\/\/meusitejuridico.editorajuspodivm.com.br\/s.meusitejuridico\/2018\/04\/a6f1a2d7-image-123986672-150x150.jpg\",\"contentUrl\":\"https:\/\/meusitejuridico.editorajuspodivm.com.br\/s.meusitejuridico\/2018\/04\/a6f1a2d7-image-123986672-150x150.jpg\",\"caption\":\"Fernando Henrique de Moraes Ara\u00fajo\"},\"description\":\"Promotor de Justi\u00e7a\/SP; Mestre em Direito pela PUC-SP \u2013 2007. Professor Universit\u00e1rio da FIEO \u2013 Faculdade de Direito de Osasco. Professor de Cursos preparat\u00f3rios para carreiras jur\u00eddicas. Especialista nas \u00e1reas de Direito penal, processo penal, direito p\u00fablico, direito ambiental, consumidor, inf\u00e2ncia e juventude e interesses difusos. Assessorou a Procuradoria Geral de Justi\u00e7a (PGJ), ocupando o cargo de Coordenador da \u00e1rea da inf\u00e2ncia e juventude do Centro de Apoio C\u00edvel e de Tutela Coletiva do Minist\u00e9rio P\u00fablico do Estado de S\u00e3o Paulo de junho de 2010 a julho de 2012.\",\"sameAs\":[\"https:\/\/www.editorajuspodivm.com.br\/autores\/detalhe\/1138?idtag=ebe04ee0-bb3c-4b7f-96b9-fcd9428789d5\",\"https:\/\/www.facebook.com\/profile.php?id=100008837146694\",\"https:\/\/www.instagram.com\/fhdireito\/\",\"https:\/\/x.com\/fhdireito\"],\"url\":\"https:\/\/meusitejuridico.editorajuspodivm.com.br\/author\/fernandofernando\/\"}]}<\/script>\n<!-- \/ Yoast SEO plugin. -->","yoast_head_json":{"title":"Da possibilidade de formaliza\u00e7\u00e3o de compromisso de ajustamento de conduta pelo Minist\u00e9rio P\u00fablico em investiga\u00e7\u00f5es de atos de improbidade administrativa - Meu site jur\u00eddico","robots":{"index":"index","follow":"follow","max-snippet":"max-snippet:-1","max-image-preview":"max-image-preview:large","max-video-preview":"max-video-preview:-1"},"canonical":"https:\/\/meusitejuridico.editorajuspodivm.com.br\/2018\/06\/18\/da-possibilidade-de-formalizacao-de-compromisso-de-ajustamento-de-conduta-pelo-ministerio-publico-em-investigacoes-de-atos-de-improbidade-administrativa\/","og_locale":"pt_BR","og_type":"article","og_title":"Da possibilidade de formaliza\u00e7\u00e3o de compromisso de ajustamento de conduta pelo Minist\u00e9rio P\u00fablico em investiga\u00e7\u00f5es de atos de improbidade administrativa - Meu site jur\u00eddico","og_description":"1. Introdu\u00e7\u00e3o Tema que tem sido objeto de debate na \u00e1rea de tutela coletiva \u2013 mais precisamente na \u00e1rea de probidade administrativa \u2013 tem sido a possibilidade ou n\u00e3o de formaliza\u00e7\u00e3o de compromissos de ajustamento de conduta (tamb\u00e9m conhecidos como Termos de Ajustamento de Conduta &#8211; TAC) pelo Minist\u00e9rio P\u00fablico em investiga\u00e7\u00f5es relativas a atos [&hellip;]","og_url":"https:\/\/meusitejuridico.editorajuspodivm.com.br\/2018\/06\/18\/da-possibilidade-de-formalizacao-de-compromisso-de-ajustamento-de-conduta-pelo-ministerio-publico-em-investigacoes-de-atos-de-improbidade-administrativa\/","og_site_name":"Meu site jur\u00eddico","article_author":"https:\/\/www.facebook.com\/profile.php?id=100008837146694","article_published_time":"2018-06-18T16:23:55+00:00","og_image":[{"width":1000,"height":667,"url":"https:\/\/meusitejuridico.editorajuspodivm.com.br\/s.meusitejuridico\/2018\/06\/1228a491-shutterstock-1043656987.jpg","type":"image\/jpeg"}],"author":"Fernando Henrique de Moraes Ara\u00fajo","twitter_card":"summary_large_image","twitter_creator":"@fhdireito","twitter_misc":{"Escrito por":"Fernando Henrique de Moraes Ara\u00fajo","Est. tempo de leitura":"1 minuto"},"schema":{"@context":"https:\/\/schema.org","@graph":[{"@type":"Article","@id":"https:\/\/meusitejuridico.editorajuspodivm.com.br\/2018\/06\/18\/da-possibilidade-de-formalizacao-de-compromisso-de-ajustamento-de-conduta-pelo-ministerio-publico-em-investigacoes-de-atos-de-improbidade-administrativa\/#article","isPartOf":{"@id":"https:\/\/meusitejuridico.editorajuspodivm.com.br\/2018\/06\/18\/da-possibilidade-de-formalizacao-de-compromisso-de-ajustamento-de-conduta-pelo-ministerio-publico-em-investigacoes-de-atos-de-improbidade-administrativa\/"},"author":{"name":"Fernando Henrique de Moraes Ara\u00fajo","@id":"https:\/\/cdn.meusitejuridico.com.br\/#\/schema\/person\/a24de43b01f624047e5048c20ad847b8"},"headline":"Da possibilidade de formaliza\u00e7\u00e3o de compromisso de ajustamento de conduta pelo Minist\u00e9rio P\u00fablico em investiga\u00e7\u00f5es de atos de improbidade administrativa","datePublished":"2018-06-18T16:23:55+00:00","mainEntityOfPage":{"@id":"https:\/\/meusitejuridico.editorajuspodivm.com.br\/2018\/06\/18\/da-possibilidade-de-formalizacao-de-compromisso-de-ajustamento-de-conduta-pelo-ministerio-publico-em-investigacoes-de-atos-de-improbidade-administrativa\/"},"wordCount":129,"commentCount":1,"publisher":{"@id":"https:\/\/cdn.meusitejuridico.com.br\/#organization"},"image":{"@id":"https:\/\/meusitejuridico.editorajuspodivm.com.br\/2018\/06\/18\/da-possibilidade-de-formalizacao-de-compromisso-de-ajustamento-de-conduta-pelo-ministerio-publico-em-investigacoes-de-atos-de-improbidade-administrativa\/#primaryimage"},"thumbnailUrl":"https:\/\/meusitejuridico.editorajuspodivm.com.br\/s.meusitejuridico\/2018\/06\/1228a491-shutterstock-1043656987.jpg","keywords":["8.429\/92","difusos","improbidade","TAC","termo de ajustamento de conduta"],"articleSection":["Artigos","Interesses Difusos e Coletivos"],"inLanguage":"pt-BR","potentialAction":[{"@type":"CommentAction","name":"Comment","target":["https:\/\/meusitejuridico.editorajuspodivm.com.br\/2018\/06\/18\/da-possibilidade-de-formalizacao-de-compromisso-de-ajustamento-de-conduta-pelo-ministerio-publico-em-investigacoes-de-atos-de-improbidade-administrativa\/#respond"]}]},{"@type":"WebPage","@id":"https:\/\/meusitejuridico.editorajuspodivm.com.br\/2018\/06\/18\/da-possibilidade-de-formalizacao-de-compromisso-de-ajustamento-de-conduta-pelo-ministerio-publico-em-investigacoes-de-atos-de-improbidade-administrativa\/","url":"https:\/\/meusitejuridico.editorajuspodivm.com.br\/2018\/06\/18\/da-possibilidade-de-formalizacao-de-compromisso-de-ajustamento-de-conduta-pelo-ministerio-publico-em-investigacoes-de-atos-de-improbidade-administrativa\/","name":"Da possibilidade de formaliza\u00e7\u00e3o de compromisso de ajustamento de conduta pelo Minist\u00e9rio P\u00fablico em investiga\u00e7\u00f5es de atos de improbidade administrativa - Meu site jur\u00eddico","isPartOf":{"@id":"https:\/\/cdn.meusitejuridico.com.br\/#website"},"primaryImageOfPage":{"@id":"https:\/\/meusitejuridico.editorajuspodivm.com.br\/2018\/06\/18\/da-possibilidade-de-formalizacao-de-compromisso-de-ajustamento-de-conduta-pelo-ministerio-publico-em-investigacoes-de-atos-de-improbidade-administrativa\/#primaryimage"},"image":{"@id":"https:\/\/meusitejuridico.editorajuspodivm.com.br\/2018\/06\/18\/da-possibilidade-de-formalizacao-de-compromisso-de-ajustamento-de-conduta-pelo-ministerio-publico-em-investigacoes-de-atos-de-improbidade-administrativa\/#primaryimage"},"thumbnailUrl":"https:\/\/meusitejuridico.editorajuspodivm.com.br\/s.meusitejuridico\/2018\/06\/1228a491-shutterstock-1043656987.jpg","datePublished":"2018-06-18T16:23:55+00:00","breadcrumb":{"@id":"https:\/\/meusitejuridico.editorajuspodivm.com.br\/2018\/06\/18\/da-possibilidade-de-formalizacao-de-compromisso-de-ajustamento-de-conduta-pelo-ministerio-publico-em-investigacoes-de-atos-de-improbidade-administrativa\/#breadcrumb"},"inLanguage":"pt-BR","potentialAction":[{"@type":"ReadAction","target":["https:\/\/meusitejuridico.editorajuspodivm.com.br\/2018\/06\/18\/da-possibilidade-de-formalizacao-de-compromisso-de-ajustamento-de-conduta-pelo-ministerio-publico-em-investigacoes-de-atos-de-improbidade-administrativa\/"]}]},{"@type":"ImageObject","inLanguage":"pt-BR","@id":"https:\/\/meusitejuridico.editorajuspodivm.com.br\/2018\/06\/18\/da-possibilidade-de-formalizacao-de-compromisso-de-ajustamento-de-conduta-pelo-ministerio-publico-em-investigacoes-de-atos-de-improbidade-administrativa\/#primaryimage","url":"https:\/\/meusitejuridico.editorajuspodivm.com.br\/s.meusitejuridico\/2018\/06\/1228a491-shutterstock-1043656987.jpg","contentUrl":"https:\/\/meusitejuridico.editorajuspodivm.com.br\/s.meusitejuridico\/2018\/06\/1228a491-shutterstock-1043656987.jpg","width":1000,"height":667},{"@type":"BreadcrumbList","@id":"https:\/\/meusitejuridico.editorajuspodivm.com.br\/2018\/06\/18\/da-possibilidade-de-formalizacao-de-compromisso-de-ajustamento-de-conduta-pelo-ministerio-publico-em-investigacoes-de-atos-de-improbidade-administrativa\/#breadcrumb","itemListElement":[{"@type":"ListItem","position":1,"name":"In\u00edcio","item":"https:\/\/cdn.meusitejuridico.com.br\/"},{"@type":"ListItem","position":2,"name":"Da possibilidade de formaliza\u00e7\u00e3o de compromisso de ajustamento de conduta pelo Minist\u00e9rio P\u00fablico em investiga\u00e7\u00f5es de atos de improbidade administrativa"}]},{"@type":"WebSite","@id":"https:\/\/cdn.meusitejuridico.com.br\/#website","url":"https:\/\/cdn.meusitejuridico.com.br\/","name":"Meu site jur\u00eddico","description":"Meu site jur\u00eddico","publisher":{"@id":"https:\/\/cdn.meusitejuridico.com.br\/#organization"},"potentialAction":[{"@type":"SearchAction","target":{"@type":"EntryPoint","urlTemplate":"https:\/\/cdn.meusitejuridico.com.br\/?s={search_term_string}"},"query-input":{"@type":"PropertyValueSpecification","valueRequired":true,"valueName":"search_term_string"}}],"inLanguage":"pt-BR"},{"@type":"Organization","@id":"https:\/\/cdn.meusitejuridico.com.br\/#organization","name":"Meu site jur\u00eddico","url":"https:\/\/cdn.meusitejuridico.com.br\/","logo":{"@type":"ImageObject","inLanguage":"pt-BR","@id":"https:\/\/cdn.meusitejuridico.com.br\/#\/schema\/logo\/image\/","url":"https:\/\/meusitejuridico.editorajuspodivm.com.br\/s.meusitejuridico\/2022\/03\/cropped-baeec2a3-msj-02-01-01.png","contentUrl":"https:\/\/meusitejuridico.editorajuspodivm.com.br\/s.meusitejuridico\/2022\/03\/cropped-baeec2a3-msj-02-01-01.png","width":349,"height":243,"caption":"Meu site jur\u00eddico"},"image":{"@id":"https:\/\/cdn.meusitejuridico.com.br\/#\/schema\/logo\/image\/"}},{"@type":"Person","@id":"https:\/\/cdn.meusitejuridico.com.br\/#\/schema\/person\/a24de43b01f624047e5048c20ad847b8","name":"Fernando Henrique de Moraes Ara\u00fajo","image":{"@type":"ImageObject","inLanguage":"pt-BR","@id":"https:\/\/cdn.meusitejuridico.com.br\/#\/schema\/person\/image\/","url":"https:\/\/meusitejuridico.editorajuspodivm.com.br\/s.meusitejuridico\/2018\/04\/a6f1a2d7-image-123986672-150x150.jpg","contentUrl":"https:\/\/meusitejuridico.editorajuspodivm.com.br\/s.meusitejuridico\/2018\/04\/a6f1a2d7-image-123986672-150x150.jpg","caption":"Fernando Henrique de Moraes Ara\u00fajo"},"description":"Promotor de Justi\u00e7a\/SP; Mestre em Direito pela PUC-SP \u2013 2007. Professor Universit\u00e1rio da FIEO \u2013 Faculdade de Direito de Osasco. Professor de Cursos preparat\u00f3rios para carreiras jur\u00eddicas. Especialista nas \u00e1reas de Direito penal, processo penal, direito p\u00fablico, direito ambiental, consumidor, inf\u00e2ncia e juventude e interesses difusos. Assessorou a Procuradoria Geral de Justi\u00e7a (PGJ), ocupando o cargo de Coordenador da \u00e1rea da inf\u00e2ncia e juventude do Centro de Apoio C\u00edvel e de Tutela Coletiva do Minist\u00e9rio P\u00fablico do Estado de S\u00e3o Paulo de junho de 2010 a julho de 2012.","sameAs":["https:\/\/www.editorajuspodivm.com.br\/autores\/detalhe\/1138?idtag=ebe04ee0-bb3c-4b7f-96b9-fcd9428789d5","https:\/\/www.facebook.com\/profile.php?id=100008837146694","https:\/\/www.instagram.com\/fhdireito\/","https:\/\/x.com\/fhdireito"],"url":"https:\/\/meusitejuridico.editorajuspodivm.com.br\/author\/fernandofernando\/"}]}},"_links":{"self":[{"href":"https:\/\/meusitejuridico.editorajuspodivm.com.br\/api\/wp\/v2\/posts\/5574","targetHints":{"allow":["GET"]}}],"collection":[{"href":"https:\/\/meusitejuridico.editorajuspodivm.com.br\/api\/wp\/v2\/posts"}],"about":[{"href":"https:\/\/meusitejuridico.editorajuspodivm.com.br\/api\/wp\/v2\/types\/post"}],"author":[{"embeddable":true,"href":"https:\/\/meusitejuridico.editorajuspodivm.com.br\/api\/wp\/v2\/users\/53"}],"replies":[{"embeddable":true,"href":"https:\/\/meusitejuridico.editorajuspodivm.com.br\/api\/wp\/v2\/comments?post=5574"}],"version-history":[{"count":2,"href":"https:\/\/meusitejuridico.editorajuspodivm.com.br\/api\/wp\/v2\/posts\/5574\/revisions"}],"predecessor-version":[{"id":5578,"href":"https:\/\/meusitejuridico.editorajuspodivm.com.br\/api\/wp\/v2\/posts\/5574\/revisions\/5578"}],"wp:featuredmedia":[{"embeddable":true,"href":"https:\/\/meusitejuridico.editorajuspodivm.com.br\/api\/wp\/v2\/media\/5576"}],"wp:attachment":[{"href":"https:\/\/meusitejuridico.editorajuspodivm.com.br\/api\/wp\/v2\/media?parent=5574"}],"wp:term":[{"taxonomy":"category","embeddable":true,"href":"https:\/\/meusitejuridico.editorajuspodivm.com.br\/api\/wp\/v2\/categories?post=5574"},{"taxonomy":"post_tag","embeddable":true,"href":"https:\/\/meusitejuridico.editorajuspodivm.com.br\/api\/wp\/v2\/tags?post=5574"}],"curies":[{"name":"wp","href":"https:\/\/api.w.org\/{rel}","templated":true}]}}