{"id":5581,"date":"2018-06-19T14:29:05","date_gmt":"2018-06-19T17:29:05","guid":{"rendered":"https:\/\/meusitejuridico.com.br\/?p=5581"},"modified":"2018-06-19T14:29:05","modified_gmt":"2018-06-19T17:29:05","slug":"breves-consideracoes-sobre-hipervulnerabilidade-consumidor-turista","status":"publish","type":"post","link":"https:\/\/meusitejuridico.editorajuspodivm.com.br\/2018\/06\/19\/breves-consideracoes-sobre-hipervulnerabilidade-consumidor-turista\/","title":{"rendered":"Breves considera\u00e7\u00f5es sobre a hipervulnerabilidade do consumidor-turista"},"content":{"rendered":"<p><a href=\"https:\/\/play.google.com\/store\/apps\/details?id=com.app.meuappjuridico&amp;hl=pt\" target=\"_blank\" rel=\"noopener\"><img decoding=\"async\" class=\"aligncenter wp-image-4610 size-medium\" src=\"https:\/\/s3.meusitejuridico.com.br\/2018\/02\/3cdb1249-banner-app-300x166.jpeg\" alt=\"\" width=\"300\" height=\"166\" srcset=\"https:\/\/meusitejuridico.editorajuspodivm.com.br\/s.meusitejuridico\/2018\/02\/3cdb1249-banner-app-300x166.jpeg 300w, https:\/\/meusitejuridico.editorajuspodivm.com.br\/s.meusitejuridico\/2018\/02\/3cdb1249-banner-app-768x424.jpeg 768w, https:\/\/meusitejuridico.editorajuspodivm.com.br\/s.meusitejuridico\/2018\/02\/3cdb1249-banner-app-1024x566.jpeg 1024w, https:\/\/meusitejuridico.editorajuspodivm.com.br\/s.meusitejuridico\/2018\/02\/3cdb1249-banner-app-80x44.jpeg 80w, https:\/\/meusitejuridico.editorajuspodivm.com.br\/s.meusitejuridico\/2018\/02\/3cdb1249-banner-app.jpeg 1140w\" sizes=\"(max-width: 300px) 100vw, 300px\" \/><\/a><\/p>\n<p>Com frequ\u00eancia dizemos em nossos trabalhos que nunca se pode perder de vista que a raz\u00e3o de ser (<em>ratio essendi<\/em>) do microssistema de prote\u00e7\u00e3o do consumidor, em especial do C\u00f3digo de Defesa do Consumidor \u00e9 a <u>vulnerabilidade<\/u> desse sujeito da rela\u00e7\u00e3o jur\u00eddica de consumo perante o fornecedor de produtos e servi\u00e7os.<\/p>\n<p>No ano de 1985, a 106\u00aa Sess\u00e3o Plen\u00e1ria da ONU estabeleceu, atrav\u00e9s da Resolu\u00e7\u00e3o n\u00ba 39\/248, <em>o Princ\u00edpio da Vulnerabilidade do Consumidor<\/em>, reconhecendo-o como a parte mais fraca na rela\u00e7\u00e3o de consumo, e por isso tornando-o merecedor de tutela jur\u00eddica especial, exemplo esse que foi seguido pelas principais legisla\u00e7\u00f5es consumeristas do mundo, inclusive pela brasileira.<\/p>\n<p>Nada obstante o reconhecimento da vulnerabilidade de todos os consumidores, h\u00e1 grupos que demonstram uma fragilidade ainda maior nas rela\u00e7\u00f5es de consumo, isto \u00e9, pessoas ainda mais vulner\u00e1veis \u00e0 atua\u00e7\u00e3o do fornecedor. S\u00e3o os chamados consumidores <strong><em>hipervulner\u00e1veis<\/em><\/strong>, isto \u00e9, aqueles que, em raz\u00e3o de sua especial condi\u00e7\u00e3o, ficam ainda mais expostos \u00e0s pr\u00e1ticas comerciais, \u00e0 periculosidade e nocividade de certos produtos, a abusos, enfim, \u00e0 toda atividade desempenhada pelos fornecedores no mercado de consumo. Esse grupo de consumidores hipervulner\u00e1veis \u00e9 composto, <em>v.g.<\/em>, por idosos, crian\u00e7as, pessoas portadoras de necessidades especiais, deficientes mentais, analfabetos e semi-analfabetos, enfermos, pessoas sens\u00edveis ao consumo de certos produtos, enfim, quais quer pessoas que se revelem mais fracas em raz\u00e3o de sua especial condi\u00e7\u00e3o f\u00edsica ou ps\u00edquica.<\/p>\n<p>Sobre a mat\u00e9ria, Ant\u00f4nio Herman de Vasconcellos e Benjamin, um dos maiores consumeristas do Brasil, e hoje ministro do STJ, teve a oportunidade de se manifestar, ao proferir voto no REsp 586.316\/MG. Destacam-se alguns trechos, conforme transcri\u00e7\u00e3o abaixo:<\/p>\n<p>\u201cAo Estado Social importam n\u00e3o apenas os vulner\u00e1veis, mas sobretudo os hipervulner\u00e1veis, pois s\u00e3o esses que, exatamente por serem minorit\u00e1rios e ami\u00fade discriminados ou ignorados, mais sofrem com a massifica\u00e7\u00e3o do consumo e a \u2018pasteuriza\u00e7\u00e3o\u2019 das diferen\u00e7as que caracterizam e enriquecem a sociedade moderna.<\/p>\n<p>(&#8230;)<\/p>\n<p>O C\u00f3digo de Defesa do Consumidor, \u00e9 desnecess\u00e1rio explicar, protege todos os consumidores, mas n\u00e3o \u00e9 insens\u00edvel \u00e0 realidade da vida e do mercado, vale dizer, n\u00e3o desconhece que h\u00e1 consumidores e consumidores, que existem aqueles que, no vocabul\u00e1rio da disciplina, s\u00e3o denominados hipervulner\u00e1veis, como as crian\u00e7as, os idosos, os portadores de defici\u00eancia, os analfabetos e, como n\u00e3o poderia deixar de ser, aqueles que, por raz\u00e3o gen\u00e9tica ou n\u00e3o, apresentam\u00a0 enfermidades que possam\u00a0 ser manifestadas ou agravadas pelo consumo de produtos ou servi\u00e7os livremente comercializados e inofensivos \u00e0 maioria das pessoas.<\/p>\n<p>O que se espera dos agentes econ\u00f4micos \u00e9 que, da mesma maneira\u00a0 que produzem sand\u00e1lias e roupas de tamanhos diferentes, produtos eletrodom\u00e9sticos das mais variadas cores e formas, servi\u00e7os multifacet\u00e1rios, tudo em aten\u00e7\u00e3o \u00e0 diversidade das necessidades e gosto dos consumidores, tamb\u00e9m atentem para as peculiaridades de sa\u00fade e seguran\u00e7a\u00a0 desses mesmos consumidores, como manifesta\u00e7\u00e3o concreta da fun\u00e7\u00e3o social da propriedade e da ordem econ\u00f4mica ou, se quiserem, uma express\u00e3o mais em voga, de responsabilidade social.\u201d<\/p>\n<p>No \u00e2mbito da prote\u00e7\u00e3o civil do consumidor, o CDC prev\u00ea no art. 39, IV, como abusiva a pr\u00e1tica do fornecedor que\u00a0\u201c<em>prevalecer-se da fraqueza ou ignor\u00e2ncia do consumidor, tendo em vista sua <strong>idade<\/strong>, <strong>sa\u00fade<\/strong>, <strong>conhecimento<\/strong> ou <strong>condi\u00e7\u00e3o social<\/strong>, para impingir-lhe seus produtos ou servi\u00e7os<\/em>\u201d (art. 39, IV).<\/p>\n<p>Dentro desse universo de consumidores hipervulner\u00e1veis, outro exemplo cl\u00e1ssico \u00e9 exatamente o do consumidor-turista, que, por se encontrar fora das cercanias onde normalmente vive, fica ainda mais exposto \u00e0s pr\u00e1ticas comercias que lhe s\u00e3o estranhas, isto \u00e9, que n\u00e3o fazem parte do seu dia a dia, inclusive \u00e0s pr\u00e1ticas abusivas de fornecedores de produtos e servi\u00e7os. Diz-se, por isso, que o consumidor turista tamb\u00e9m \u00e9 <u>hipervulner\u00e1vel<\/u>.<\/p>\n<p>Quando viaja, o turista fica exposto a um ambiente completamente diferente do que est\u00e1 acostumado, exposto a pr\u00e1ticas que lhe s\u00e3o, na maioria dos casos, estranhas, que nem de longe se parecem com o que vivenciam no pa\u00eds de origem. N\u00e3o raro, esse universo diferente envolve, principalmente, quest\u00f5es de ordem comunicacional, em que o turista, a todo o momento, se v\u00ea \u00e0s voltas com uma l\u00edngua muitas vezes desconhecida ou, na melhor das hip\u00f3teses, pouco praticada.<\/p>\n<p>Sobre o tema, a professora e defensora p\u00fablica <a class='qlabs_tooltip_top qlabs_tooltip_style_1 cursor_pointer event_hover' style=''  aria-haspopup='true'>Am\u00e9lia Rocha<span style='width: 180px; '  >In http:\/\/www.opovo.com.br\/app\/colunas\/ameliarocha\/2012\/10\/20\/noticiasameliarocha,2939933\/consumidor-turista.shtml<\/span><\/a> tem a seguinte li\u00e7\u00e3o:<\/p>\n<p>\u201cO consumidor-turista \u00e9 um exemplo de consumidor com uma vulnerabilidade diferenciada, j\u00e1 que o produto adquirido tem um \u2018prazo de validade\u2019, precisa ser consumido naquele determinado per\u00edodo de f\u00e9rias ou feriado; e, por consequ\u00eancia, tal consumidor acaba se submetendo com mais facilidade a eventuais abusos.<\/p>\n<p>(&#8230;)<\/p>\n<p>Lazer n\u00e3o combina com lit\u00edgios ou problemas, de modo que o respeito aos direitos do consumidor turista acaba sendo um diferencial positivo do destino tur\u00edstico&#8221;.<\/p>\n<p>Acres\u00e7a-se a isso o fato de que, frequentemente, o turismo visa exatamente o consumo (turismo de consumo), em que muitos consumidores viajam atra\u00eddos pelas facilidades de aquisi\u00e7\u00e3o de bens de consumo por pre\u00e7os mais atraentes do que os praticados no seu pa\u00eds de origem. Da\u00ed se v\u00ea que, em muitos casos, o turismo tem apelo consumista, fato capaz de exp\u00f4-lo ainda mais a situa\u00e7\u00f5es de abusividade por parte do fornecedor.<\/p>\n<p>Destarte, n\u00e3o h\u00e1 d\u00favidas de que a vulnerabilidade do consumidor-turista \u00e9 agravada no ambiente estrangeiro, por isso dizendo-se que se torna um sujeito hipervulner\u00e1vel.<\/p>\n<p>Por fim, esclare\u00e7a-se que o presente texto apresenta apenas breves linhas sobre o tema, o qual aprofundaremos oportunamente.<\/p>\n<h2><\/h2>\n","protected":false},"excerpt":{"rendered":"<p>Com frequ\u00eancia dizemos em nossos trabalhos que nunca se pode perder de vista que a raz\u00e3o de ser (ratio essendi) do microssistema de prote\u00e7\u00e3o do consumidor, em especial do C\u00f3digo de Defesa do Consumidor \u00e9 a vulnerabilidade desse sujeito da rela\u00e7\u00e3o jur\u00eddica de consumo perante o fornecedor de produtos e servi\u00e7os. No ano de 1985, [&hellip;]<\/p>\n","protected":false},"author":57,"featured_media":5582,"comment_status":"open","ping_status":"open","sticky":false,"template":"","format":"standard","meta":{"_acf_changed":false,"footnotes":""},"categories":[1,578],"tags":[1809,1687,1808],"class_list":["post-5581","post","type-post","status-publish","format-standard","has-post-thumbnail","hentry","category-artigos","category-direito-do-consumidor","tag-cdc","tag-consumidor","tag-hipervulnerabilidade"],"acf":[],"yoast_head":"<!-- This site is optimized with the Yoast SEO plugin v24.8.1 - https:\/\/yoast.com\/wordpress\/plugins\/seo\/ -->\n<title>Breves considera\u00e7\u00f5es sobre a hipervulnerabilidade do consumidor-turista - Meu site jur\u00eddico<\/title>\n<meta name=\"robots\" content=\"index, follow, max-snippet:-1, max-image-preview:large, max-video-preview:-1\" \/>\n<link rel=\"canonical\" href=\"https:\/\/meusitejuridico.editorajuspodivm.com.br\/2018\/06\/19\/breves-consideracoes-sobre-hipervulnerabilidade-consumidor-turista\/\" \/>\n<meta property=\"og:locale\" content=\"pt_BR\" \/>\n<meta property=\"og:type\" content=\"article\" \/>\n<meta property=\"og:title\" content=\"Breves considera\u00e7\u00f5es sobre a hipervulnerabilidade do consumidor-turista - Meu site jur\u00eddico\" \/>\n<meta property=\"og:description\" content=\"Com frequ\u00eancia dizemos em nossos trabalhos que nunca se pode perder de vista que a raz\u00e3o de ser (ratio essendi) do microssistema de prote\u00e7\u00e3o do consumidor, em especial do C\u00f3digo de Defesa do Consumidor \u00e9 a vulnerabilidade desse sujeito da rela\u00e7\u00e3o jur\u00eddica de consumo perante o fornecedor de produtos e servi\u00e7os. No ano de 1985, [&hellip;]\" \/>\n<meta property=\"og:url\" content=\"https:\/\/meusitejuridico.editorajuspodivm.com.br\/2018\/06\/19\/breves-consideracoes-sobre-hipervulnerabilidade-consumidor-turista\/\" \/>\n<meta property=\"og:site_name\" content=\"Meu site jur\u00eddico\" \/>\n<meta property=\"article:published_time\" content=\"2018-06-19T17:29:05+00:00\" \/>\n<meta property=\"og:image\" content=\"https:\/\/meusitejuridico.editorajuspodivm.com.br\/s.meusitejuridico\/2018\/06\/6dc29490-shutterstock-574613491.jpg\" \/>\n\t<meta property=\"og:image:width\" content=\"1000\" \/>\n\t<meta property=\"og:image:height\" content=\"667\" \/>\n\t<meta property=\"og:image:type\" content=\"image\/jpeg\" \/>\n<meta name=\"author\" content=\"Vitor Guglinski\" \/>\n<meta name=\"twitter:card\" content=\"summary_large_image\" \/>\n<meta name=\"twitter:label1\" content=\"Escrito por\" \/>\n\t<meta name=\"twitter:data1\" content=\"Vitor Guglinski\" \/>\n\t<meta name=\"twitter:label2\" content=\"Est. tempo de leitura\" \/>\n\t<meta name=\"twitter:data2\" content=\"5 minutos\" \/>\n<script type=\"application\/ld+json\" class=\"yoast-schema-graph\">{\"@context\":\"https:\/\/schema.org\",\"@graph\":[{\"@type\":\"Article\",\"@id\":\"https:\/\/meusitejuridico.editorajuspodivm.com.br\/2018\/06\/19\/breves-consideracoes-sobre-hipervulnerabilidade-consumidor-turista\/#article\",\"isPartOf\":{\"@id\":\"https:\/\/meusitejuridico.editorajuspodivm.com.br\/2018\/06\/19\/breves-consideracoes-sobre-hipervulnerabilidade-consumidor-turista\/\"},\"author\":{\"name\":\"Vitor Guglinski\",\"@id\":\"https:\/\/cdn.meusitejuridico.com.br\/#\/schema\/person\/9510493393c1fdb85ea6b66dbd9ed0ef\"},\"headline\":\"Breves considera\u00e7\u00f5es sobre a hipervulnerabilidade do consumidor-turista\",\"datePublished\":\"2018-06-19T17:29:05+00:00\",\"mainEntityOfPage\":{\"@id\":\"https:\/\/meusitejuridico.editorajuspodivm.com.br\/2018\/06\/19\/breves-consideracoes-sobre-hipervulnerabilidade-consumidor-turista\/\"},\"wordCount\":989,\"commentCount\":0,\"publisher\":{\"@id\":\"https:\/\/cdn.meusitejuridico.com.br\/#organization\"},\"image\":{\"@id\":\"https:\/\/meusitejuridico.editorajuspodivm.com.br\/2018\/06\/19\/breves-consideracoes-sobre-hipervulnerabilidade-consumidor-turista\/#primaryimage\"},\"thumbnailUrl\":\"https:\/\/meusitejuridico.editorajuspodivm.com.br\/s.meusitejuridico\/2018\/06\/6dc29490-shutterstock-574613491.jpg\",\"keywords\":[\"CDC\",\"consumidor\",\"hipervulnerabilidade\"],\"articleSection\":[\"Artigos\",\"Direito do Consumidor\"],\"inLanguage\":\"pt-BR\",\"potentialAction\":[{\"@type\":\"CommentAction\",\"name\":\"Comment\",\"target\":[\"https:\/\/meusitejuridico.editorajuspodivm.com.br\/2018\/06\/19\/breves-consideracoes-sobre-hipervulnerabilidade-consumidor-turista\/#respond\"]}]},{\"@type\":\"WebPage\",\"@id\":\"https:\/\/meusitejuridico.editorajuspodivm.com.br\/2018\/06\/19\/breves-consideracoes-sobre-hipervulnerabilidade-consumidor-turista\/\",\"url\":\"https:\/\/meusitejuridico.editorajuspodivm.com.br\/2018\/06\/19\/breves-consideracoes-sobre-hipervulnerabilidade-consumidor-turista\/\",\"name\":\"Breves considera\u00e7\u00f5es sobre a hipervulnerabilidade do consumidor-turista - Meu site jur\u00eddico\",\"isPartOf\":{\"@id\":\"https:\/\/cdn.meusitejuridico.com.br\/#website\"},\"primaryImageOfPage\":{\"@id\":\"https:\/\/meusitejuridico.editorajuspodivm.com.br\/2018\/06\/19\/breves-consideracoes-sobre-hipervulnerabilidade-consumidor-turista\/#primaryimage\"},\"image\":{\"@id\":\"https:\/\/meusitejuridico.editorajuspodivm.com.br\/2018\/06\/19\/breves-consideracoes-sobre-hipervulnerabilidade-consumidor-turista\/#primaryimage\"},\"thumbnailUrl\":\"https:\/\/meusitejuridico.editorajuspodivm.com.br\/s.meusitejuridico\/2018\/06\/6dc29490-shutterstock-574613491.jpg\",\"datePublished\":\"2018-06-19T17:29:05+00:00\",\"breadcrumb\":{\"@id\":\"https:\/\/meusitejuridico.editorajuspodivm.com.br\/2018\/06\/19\/breves-consideracoes-sobre-hipervulnerabilidade-consumidor-turista\/#breadcrumb\"},\"inLanguage\":\"pt-BR\",\"potentialAction\":[{\"@type\":\"ReadAction\",\"target\":[\"https:\/\/meusitejuridico.editorajuspodivm.com.br\/2018\/06\/19\/breves-consideracoes-sobre-hipervulnerabilidade-consumidor-turista\/\"]}]},{\"@type\":\"ImageObject\",\"inLanguage\":\"pt-BR\",\"@id\":\"https:\/\/meusitejuridico.editorajuspodivm.com.br\/2018\/06\/19\/breves-consideracoes-sobre-hipervulnerabilidade-consumidor-turista\/#primaryimage\",\"url\":\"https:\/\/meusitejuridico.editorajuspodivm.com.br\/s.meusitejuridico\/2018\/06\/6dc29490-shutterstock-574613491.jpg\",\"contentUrl\":\"https:\/\/meusitejuridico.editorajuspodivm.com.br\/s.meusitejuridico\/2018\/06\/6dc29490-shutterstock-574613491.jpg\",\"width\":1000,\"height\":667},{\"@type\":\"BreadcrumbList\",\"@id\":\"https:\/\/meusitejuridico.editorajuspodivm.com.br\/2018\/06\/19\/breves-consideracoes-sobre-hipervulnerabilidade-consumidor-turista\/#breadcrumb\",\"itemListElement\":[{\"@type\":\"ListItem\",\"position\":1,\"name\":\"In\u00edcio\",\"item\":\"https:\/\/cdn.meusitejuridico.com.br\/\"},{\"@type\":\"ListItem\",\"position\":2,\"name\":\"Breves considera\u00e7\u00f5es sobre a hipervulnerabilidade do consumidor-turista\"}]},{\"@type\":\"WebSite\",\"@id\":\"https:\/\/cdn.meusitejuridico.com.br\/#website\",\"url\":\"https:\/\/cdn.meusitejuridico.com.br\/\",\"name\":\"Meu site jur\u00eddico\",\"description\":\"Meu site jur\u00eddico\",\"publisher\":{\"@id\":\"https:\/\/cdn.meusitejuridico.com.br\/#organization\"},\"potentialAction\":[{\"@type\":\"SearchAction\",\"target\":{\"@type\":\"EntryPoint\",\"urlTemplate\":\"https:\/\/cdn.meusitejuridico.com.br\/?s={search_term_string}\"},\"query-input\":{\"@type\":\"PropertyValueSpecification\",\"valueRequired\":true,\"valueName\":\"search_term_string\"}}],\"inLanguage\":\"pt-BR\"},{\"@type\":\"Organization\",\"@id\":\"https:\/\/cdn.meusitejuridico.com.br\/#organization\",\"name\":\"Meu site jur\u00eddico\",\"url\":\"https:\/\/cdn.meusitejuridico.com.br\/\",\"logo\":{\"@type\":\"ImageObject\",\"inLanguage\":\"pt-BR\",\"@id\":\"https:\/\/cdn.meusitejuridico.com.br\/#\/schema\/logo\/image\/\",\"url\":\"https:\/\/meusitejuridico.editorajuspodivm.com.br\/s.meusitejuridico\/2022\/03\/cropped-baeec2a3-msj-02-01-01.png\",\"contentUrl\":\"https:\/\/meusitejuridico.editorajuspodivm.com.br\/s.meusitejuridico\/2022\/03\/cropped-baeec2a3-msj-02-01-01.png\",\"width\":349,\"height\":243,\"caption\":\"Meu site jur\u00eddico\"},\"image\":{\"@id\":\"https:\/\/cdn.meusitejuridico.com.br\/#\/schema\/logo\/image\/\"}},{\"@type\":\"Person\",\"@id\":\"https:\/\/cdn.meusitejuridico.com.br\/#\/schema\/person\/9510493393c1fdb85ea6b66dbd9ed0ef\",\"name\":\"Vitor Guglinski\",\"image\":{\"@type\":\"ImageObject\",\"inLanguage\":\"pt-BR\",\"@id\":\"https:\/\/cdn.meusitejuridico.com.br\/#\/schema\/person\/image\/\",\"url\":\"https:\/\/meusitejuridico.editorajuspodivm.com.br\/s.meusitejuridico\/2018\/05\/cb832695-vitor-150x150.jpg\",\"contentUrl\":\"https:\/\/meusitejuridico.editorajuspodivm.com.br\/s.meusitejuridico\/2018\/05\/cb832695-vitor-150x150.jpg\",\"caption\":\"Vitor Guglinski\"},\"description\":\"Advogado. Especialista em Direito do Consumidor. Membro do Instituto Brasileiro de Pol\u00edtica e Direito do Consumidor (Brasilcon). Ex-assessor jur\u00eddico da 2\u00aa Vara C\u00edvel de Juiz de Fora (MG). Autor colaborador da obra C\u00f3digo de Defesa do Consumidor - Doutrina e Jurisprud\u00eancia para Utiliza\u00e7\u00e3o Profissional (editora Juspodivn). Coautor da obra Temas Actuales de Derecho del Consumidor (editora Normas Jur\u00eddicas - Peru). Coautor da obra Dano Temporal: O Tempo como Valor Jur\u00eddico (editora Emp\u00f3rio do Direito).\",\"url\":\"https:\/\/meusitejuridico.editorajuspodivm.com.br\/author\/vitorvitor\/\"}]}<\/script>\n<!-- \/ Yoast SEO plugin. -->","yoast_head_json":{"title":"Breves considera\u00e7\u00f5es sobre a hipervulnerabilidade do consumidor-turista - Meu site jur\u00eddico","robots":{"index":"index","follow":"follow","max-snippet":"max-snippet:-1","max-image-preview":"max-image-preview:large","max-video-preview":"max-video-preview:-1"},"canonical":"https:\/\/meusitejuridico.editorajuspodivm.com.br\/2018\/06\/19\/breves-consideracoes-sobre-hipervulnerabilidade-consumidor-turista\/","og_locale":"pt_BR","og_type":"article","og_title":"Breves considera\u00e7\u00f5es sobre a hipervulnerabilidade do consumidor-turista - Meu site jur\u00eddico","og_description":"Com frequ\u00eancia dizemos em nossos trabalhos que nunca se pode perder de vista que a raz\u00e3o de ser (ratio essendi) do microssistema de prote\u00e7\u00e3o do consumidor, em especial do C\u00f3digo de Defesa do Consumidor \u00e9 a vulnerabilidade desse sujeito da rela\u00e7\u00e3o jur\u00eddica de consumo perante o fornecedor de produtos e servi\u00e7os. No ano de 1985, [&hellip;]","og_url":"https:\/\/meusitejuridico.editorajuspodivm.com.br\/2018\/06\/19\/breves-consideracoes-sobre-hipervulnerabilidade-consumidor-turista\/","og_site_name":"Meu site jur\u00eddico","article_published_time":"2018-06-19T17:29:05+00:00","og_image":[{"width":1000,"height":667,"url":"https:\/\/meusitejuridico.editorajuspodivm.com.br\/s.meusitejuridico\/2018\/06\/6dc29490-shutterstock-574613491.jpg","type":"image\/jpeg"}],"author":"Vitor Guglinski","twitter_card":"summary_large_image","twitter_misc":{"Escrito por":"Vitor Guglinski","Est. tempo de leitura":"5 minutos"},"schema":{"@context":"https:\/\/schema.org","@graph":[{"@type":"Article","@id":"https:\/\/meusitejuridico.editorajuspodivm.com.br\/2018\/06\/19\/breves-consideracoes-sobre-hipervulnerabilidade-consumidor-turista\/#article","isPartOf":{"@id":"https:\/\/meusitejuridico.editorajuspodivm.com.br\/2018\/06\/19\/breves-consideracoes-sobre-hipervulnerabilidade-consumidor-turista\/"},"author":{"name":"Vitor Guglinski","@id":"https:\/\/cdn.meusitejuridico.com.br\/#\/schema\/person\/9510493393c1fdb85ea6b66dbd9ed0ef"},"headline":"Breves considera\u00e7\u00f5es sobre a hipervulnerabilidade do consumidor-turista","datePublished":"2018-06-19T17:29:05+00:00","mainEntityOfPage":{"@id":"https:\/\/meusitejuridico.editorajuspodivm.com.br\/2018\/06\/19\/breves-consideracoes-sobre-hipervulnerabilidade-consumidor-turista\/"},"wordCount":989,"commentCount":0,"publisher":{"@id":"https:\/\/cdn.meusitejuridico.com.br\/#organization"},"image":{"@id":"https:\/\/meusitejuridico.editorajuspodivm.com.br\/2018\/06\/19\/breves-consideracoes-sobre-hipervulnerabilidade-consumidor-turista\/#primaryimage"},"thumbnailUrl":"https:\/\/meusitejuridico.editorajuspodivm.com.br\/s.meusitejuridico\/2018\/06\/6dc29490-shutterstock-574613491.jpg","keywords":["CDC","consumidor","hipervulnerabilidade"],"articleSection":["Artigos","Direito do Consumidor"],"inLanguage":"pt-BR","potentialAction":[{"@type":"CommentAction","name":"Comment","target":["https:\/\/meusitejuridico.editorajuspodivm.com.br\/2018\/06\/19\/breves-consideracoes-sobre-hipervulnerabilidade-consumidor-turista\/#respond"]}]},{"@type":"WebPage","@id":"https:\/\/meusitejuridico.editorajuspodivm.com.br\/2018\/06\/19\/breves-consideracoes-sobre-hipervulnerabilidade-consumidor-turista\/","url":"https:\/\/meusitejuridico.editorajuspodivm.com.br\/2018\/06\/19\/breves-consideracoes-sobre-hipervulnerabilidade-consumidor-turista\/","name":"Breves considera\u00e7\u00f5es sobre a hipervulnerabilidade do consumidor-turista - Meu site jur\u00eddico","isPartOf":{"@id":"https:\/\/cdn.meusitejuridico.com.br\/#website"},"primaryImageOfPage":{"@id":"https:\/\/meusitejuridico.editorajuspodivm.com.br\/2018\/06\/19\/breves-consideracoes-sobre-hipervulnerabilidade-consumidor-turista\/#primaryimage"},"image":{"@id":"https:\/\/meusitejuridico.editorajuspodivm.com.br\/2018\/06\/19\/breves-consideracoes-sobre-hipervulnerabilidade-consumidor-turista\/#primaryimage"},"thumbnailUrl":"https:\/\/meusitejuridico.editorajuspodivm.com.br\/s.meusitejuridico\/2018\/06\/6dc29490-shutterstock-574613491.jpg","datePublished":"2018-06-19T17:29:05+00:00","breadcrumb":{"@id":"https:\/\/meusitejuridico.editorajuspodivm.com.br\/2018\/06\/19\/breves-consideracoes-sobre-hipervulnerabilidade-consumidor-turista\/#breadcrumb"},"inLanguage":"pt-BR","potentialAction":[{"@type":"ReadAction","target":["https:\/\/meusitejuridico.editorajuspodivm.com.br\/2018\/06\/19\/breves-consideracoes-sobre-hipervulnerabilidade-consumidor-turista\/"]}]},{"@type":"ImageObject","inLanguage":"pt-BR","@id":"https:\/\/meusitejuridico.editorajuspodivm.com.br\/2018\/06\/19\/breves-consideracoes-sobre-hipervulnerabilidade-consumidor-turista\/#primaryimage","url":"https:\/\/meusitejuridico.editorajuspodivm.com.br\/s.meusitejuridico\/2018\/06\/6dc29490-shutterstock-574613491.jpg","contentUrl":"https:\/\/meusitejuridico.editorajuspodivm.com.br\/s.meusitejuridico\/2018\/06\/6dc29490-shutterstock-574613491.jpg","width":1000,"height":667},{"@type":"BreadcrumbList","@id":"https:\/\/meusitejuridico.editorajuspodivm.com.br\/2018\/06\/19\/breves-consideracoes-sobre-hipervulnerabilidade-consumidor-turista\/#breadcrumb","itemListElement":[{"@type":"ListItem","position":1,"name":"In\u00edcio","item":"https:\/\/cdn.meusitejuridico.com.br\/"},{"@type":"ListItem","position":2,"name":"Breves considera\u00e7\u00f5es sobre a hipervulnerabilidade do consumidor-turista"}]},{"@type":"WebSite","@id":"https:\/\/cdn.meusitejuridico.com.br\/#website","url":"https:\/\/cdn.meusitejuridico.com.br\/","name":"Meu site jur\u00eddico","description":"Meu site jur\u00eddico","publisher":{"@id":"https:\/\/cdn.meusitejuridico.com.br\/#organization"},"potentialAction":[{"@type":"SearchAction","target":{"@type":"EntryPoint","urlTemplate":"https:\/\/cdn.meusitejuridico.com.br\/?s={search_term_string}"},"query-input":{"@type":"PropertyValueSpecification","valueRequired":true,"valueName":"search_term_string"}}],"inLanguage":"pt-BR"},{"@type":"Organization","@id":"https:\/\/cdn.meusitejuridico.com.br\/#organization","name":"Meu site jur\u00eddico","url":"https:\/\/cdn.meusitejuridico.com.br\/","logo":{"@type":"ImageObject","inLanguage":"pt-BR","@id":"https:\/\/cdn.meusitejuridico.com.br\/#\/schema\/logo\/image\/","url":"https:\/\/meusitejuridico.editorajuspodivm.com.br\/s.meusitejuridico\/2022\/03\/cropped-baeec2a3-msj-02-01-01.png","contentUrl":"https:\/\/meusitejuridico.editorajuspodivm.com.br\/s.meusitejuridico\/2022\/03\/cropped-baeec2a3-msj-02-01-01.png","width":349,"height":243,"caption":"Meu site jur\u00eddico"},"image":{"@id":"https:\/\/cdn.meusitejuridico.com.br\/#\/schema\/logo\/image\/"}},{"@type":"Person","@id":"https:\/\/cdn.meusitejuridico.com.br\/#\/schema\/person\/9510493393c1fdb85ea6b66dbd9ed0ef","name":"Vitor Guglinski","image":{"@type":"ImageObject","inLanguage":"pt-BR","@id":"https:\/\/cdn.meusitejuridico.com.br\/#\/schema\/person\/image\/","url":"https:\/\/meusitejuridico.editorajuspodivm.com.br\/s.meusitejuridico\/2018\/05\/cb832695-vitor-150x150.jpg","contentUrl":"https:\/\/meusitejuridico.editorajuspodivm.com.br\/s.meusitejuridico\/2018\/05\/cb832695-vitor-150x150.jpg","caption":"Vitor Guglinski"},"description":"Advogado. Especialista em Direito do Consumidor. Membro do Instituto Brasileiro de Pol\u00edtica e Direito do Consumidor (Brasilcon). Ex-assessor jur\u00eddico da 2\u00aa Vara C\u00edvel de Juiz de Fora (MG). Autor colaborador da obra C\u00f3digo de Defesa do Consumidor - Doutrina e Jurisprud\u00eancia para Utiliza\u00e7\u00e3o Profissional (editora Juspodivn). Coautor da obra Temas Actuales de Derecho del Consumidor (editora Normas Jur\u00eddicas - Peru). Coautor da obra Dano Temporal: O Tempo como Valor Jur\u00eddico (editora Emp\u00f3rio do Direito).","url":"https:\/\/meusitejuridico.editorajuspodivm.com.br\/author\/vitorvitor\/"}]}},"_links":{"self":[{"href":"https:\/\/meusitejuridico.editorajuspodivm.com.br\/api\/wp\/v2\/posts\/5581","targetHints":{"allow":["GET"]}}],"collection":[{"href":"https:\/\/meusitejuridico.editorajuspodivm.com.br\/api\/wp\/v2\/posts"}],"about":[{"href":"https:\/\/meusitejuridico.editorajuspodivm.com.br\/api\/wp\/v2\/types\/post"}],"author":[{"embeddable":true,"href":"https:\/\/meusitejuridico.editorajuspodivm.com.br\/api\/wp\/v2\/users\/57"}],"replies":[{"embeddable":true,"href":"https:\/\/meusitejuridico.editorajuspodivm.com.br\/api\/wp\/v2\/comments?post=5581"}],"version-history":[{"count":3,"href":"https:\/\/meusitejuridico.editorajuspodivm.com.br\/api\/wp\/v2\/posts\/5581\/revisions"}],"predecessor-version":[{"id":5585,"href":"https:\/\/meusitejuridico.editorajuspodivm.com.br\/api\/wp\/v2\/posts\/5581\/revisions\/5585"}],"wp:featuredmedia":[{"embeddable":true,"href":"https:\/\/meusitejuridico.editorajuspodivm.com.br\/api\/wp\/v2\/media\/5582"}],"wp:attachment":[{"href":"https:\/\/meusitejuridico.editorajuspodivm.com.br\/api\/wp\/v2\/media?parent=5581"}],"wp:term":[{"taxonomy":"category","embeddable":true,"href":"https:\/\/meusitejuridico.editorajuspodivm.com.br\/api\/wp\/v2\/categories?post=5581"},{"taxonomy":"post_tag","embeddable":true,"href":"https:\/\/meusitejuridico.editorajuspodivm.com.br\/api\/wp\/v2\/tags?post=5581"}],"curies":[{"name":"wp","href":"https:\/\/api.w.org\/{rel}","templated":true}]}}