{"id":6096,"date":"2018-08-17T08:59:38","date_gmt":"2018-08-17T11:59:38","guid":{"rendered":"https:\/\/meusitejuridico.com.br\/?p=6096"},"modified":"2018-08-17T08:59:38","modified_gmt":"2018-08-17T11:59:38","slug":"certo-ou-errado-no-crime-de-trafico-majora-se-pena-pelo-simples-fato-de-levar-consigo-droga-em-transporte-publico","status":"publish","type":"post","link":"https:\/\/meusitejuridico.editorajuspodivm.com.br\/2018\/08\/17\/certo-ou-errado-no-crime-de-trafico-majora-se-pena-pelo-simples-fato-de-levar-consigo-droga-em-transporte-publico\/","title":{"rendered":"Certo ou errado? No crime de tr\u00e1fico, majora-se a pena pelo simples fato de levar consigo a droga em transporte p\u00fablico"},"content":{"rendered":"<p><strong>ERRADO<\/strong><\/p>\n<p>No que concerne ao tr\u00e1fico cometido em transportes p\u00fablicos, o STJ se orienta no sentido de que a majorante s\u00f3 pode ser aplicada se o transporte p\u00fablico for utilizado (ou se o agente pretender utiliz\u00e1-lo) para o efetivo com\u00e9rcio da droga. Caso sua inten\u00e7\u00e3o seja simplesmente se deslocar com droga a utilizando o sistema de transporte, n\u00e3o h\u00e1 o aumento:<\/p>\n<p>\u201cO entendimento deste Superior Tribunal \u00e9 no sentido de que, para a\u00a0caracteriza\u00e7\u00e3o da majorante do tr\u00e1fico de subst\u00e2ncia entorpecente, valendo-se\u00a0de transporte p\u00fablico, \u00e9 necess\u00e1ria a efetiva oferta ou a comercializa\u00e7\u00e3o da\u00a0referida subst\u00e2ncia, n\u00e3o bastando, para a sua incid\u00eancia, o s\u00f3 fato de se utilizar\u00a0o citado meio de locomo\u00e7\u00e3o\u201d (AgRg no REsp 1.485.946\/RJ, DJe 08\/05\/2017).<\/p>\n<p><a href=\"https:\/\/play.google.com\/store\/apps\/details?id=com.app.meuappjuridico&amp;hl=pt\" target=\"_blank\" rel=\"noopener\"><img decoding=\"async\" class=\"alignnone wp-image-4610 size-medium\" src=\"https:\/\/s3.meusitejuridico.com.br\/2018\/02\/3cdb1249-banner-app-300x166.jpeg\" alt=\"\" width=\"300\" height=\"166\" srcset=\"https:\/\/meusitejuridico.editorajuspodivm.com.br\/s.meusitejuridico\/2018\/02\/3cdb1249-banner-app-300x166.jpeg 300w, https:\/\/meusitejuridico.editorajuspodivm.com.br\/s.meusitejuridico\/2018\/02\/3cdb1249-banner-app-768x424.jpeg 768w, https:\/\/meusitejuridico.editorajuspodivm.com.br\/s.meusitejuridico\/2018\/02\/3cdb1249-banner-app-1024x566.jpeg 1024w, https:\/\/meusitejuridico.editorajuspodivm.com.br\/s.meusitejuridico\/2018\/02\/3cdb1249-banner-app-80x44.jpeg 80w, https:\/\/meusitejuridico.editorajuspodivm.com.br\/s.meusitejuridico\/2018\/02\/3cdb1249-banner-app.jpeg 1140w\" sizes=\"(max-width: 300px) 100vw, 300px\" \/><\/a><\/p>\n","protected":false},"excerpt":{"rendered":"<p>ERRADO No que concerne ao tr\u00e1fico cometido em transportes p\u00fablicos, o STJ se orienta no sentido de que a majorante s\u00f3 pode ser aplicada se o transporte p\u00fablico for utilizado (ou se o agente pretender utiliz\u00e1-lo) para o efetivo com\u00e9rcio da droga. Caso sua inten\u00e7\u00e3o seja simplesmente se deslocar com droga a utilizando o sistema [&hellip;]<\/p>\n","protected":false},"author":7,"featured_media":4325,"comment_status":"open","ping_status":"open","sticky":false,"template":"","format":"standard","meta":{"_acf_changed":false,"footnotes":""},"categories":[78,437],"tags":[107,1958,153,145,1959],"class_list":["post-6096","post","type-post","status-publish","format-standard","has-post-thumbnail","hentry","category-material-de-aula","category-perguntas-e-respostas","tag-direito-penal","tag-lei-11-34306","tag-majorante","tag-trafico-de-drogas","tag-transporte-publico"],"acf":[],"yoast_head":"<!-- This site is optimized with the Yoast SEO plugin v24.8.1 - https:\/\/yoast.com\/wordpress\/plugins\/seo\/ -->\n<title>Certo ou errado? No crime de tr\u00e1fico, majora-se a pena pelo simples fato de levar consigo a droga em transporte p\u00fablico - Meu site jur\u00eddico<\/title>\n<meta name=\"robots\" content=\"index, follow, max-snippet:-1, max-image-preview:large, max-video-preview:-1\" \/>\n<link rel=\"canonical\" href=\"https:\/\/webmail.meusitejuridico.com.br\/2018\/08\/17\/certo-ou-errado-no-crime-de-trafico-majora-se-pena-pelo-simples-fato-de-levar-consigo-droga-em-transporte-publico\/\" \/>\n<meta property=\"og:locale\" content=\"pt_BR\" \/>\n<meta property=\"og:type\" content=\"article\" \/>\n<meta property=\"og:title\" content=\"Certo ou errado? No crime de tr\u00e1fico, majora-se a pena pelo simples fato de levar consigo a droga em transporte p\u00fablico - Meu site jur\u00eddico\" \/>\n<meta property=\"og:description\" content=\"ERRADO No que concerne ao tr\u00e1fico cometido em transportes p\u00fablicos, o STJ se orienta no sentido de que a majorante s\u00f3 pode ser aplicada se o transporte p\u00fablico for utilizado (ou se o agente pretender utiliz\u00e1-lo) para o efetivo com\u00e9rcio da droga. Caso sua inten\u00e7\u00e3o seja simplesmente se deslocar com droga a utilizando o sistema [&hellip;]\" \/>\n<meta property=\"og:url\" content=\"https:\/\/webmail.meusitejuridico.com.br\/2018\/08\/17\/certo-ou-errado-no-crime-de-trafico-majora-se-pena-pelo-simples-fato-de-levar-consigo-droga-em-transporte-publico\/\" \/>\n<meta property=\"og:site_name\" content=\"Meu site jur\u00eddico\" \/>\n<meta property=\"article:published_time\" content=\"2018-08-17T11:59:38+00:00\" \/>\n<meta property=\"og:image\" content=\"https:\/\/webmail.meusitejuridico.com.br\/s.meusitejuridico\/2018\/01\/4ccb5f79-shutterstock-78547903.jpg\" \/>\n\t<meta property=\"og:image:width\" content=\"1000\" \/>\n\t<meta property=\"og:image:height\" content=\"750\" \/>\n\t<meta property=\"og:image:type\" content=\"image\/jpeg\" \/>\n<meta name=\"author\" content=\"Equipe Meu Site Jur\u00eddico\" \/>\n<meta name=\"twitter:card\" content=\"summary_large_image\" \/>\n<meta name=\"twitter:label1\" content=\"Escrito por\" \/>\n\t<meta name=\"twitter:data1\" content=\"Equipe Meu Site Jur\u00eddico\" \/>\n\t<meta name=\"twitter:label2\" content=\"Est. tempo de leitura\" \/>\n\t<meta name=\"twitter:data2\" content=\"1 minuto\" \/>\n<script type=\"application\/ld+json\" class=\"yoast-schema-graph\">{\"@context\":\"https:\/\/schema.org\",\"@graph\":[{\"@type\":\"Article\",\"@id\":\"https:\/\/webmail.meusitejuridico.com.br\/2018\/08\/17\/certo-ou-errado-no-crime-de-trafico-majora-se-pena-pelo-simples-fato-de-levar-consigo-droga-em-transporte-publico\/#article\",\"isPartOf\":{\"@id\":\"https:\/\/webmail.meusitejuridico.com.br\/2018\/08\/17\/certo-ou-errado-no-crime-de-trafico-majora-se-pena-pelo-simples-fato-de-levar-consigo-droga-em-transporte-publico\/\"},\"author\":{\"name\":\"Equipe Meu Site Jur\u00eddico\",\"@id\":\"https:\/\/meusitejuridico.editorajuspodivm.com.br\/#\/schema\/person\/5c2237ac0c8ff03bcf1a09fe3e45dfce\"},\"headline\":\"Certo ou errado? No crime de tr\u00e1fico, majora-se a pena pelo simples fato de levar consigo a droga em transporte p\u00fablico\",\"datePublished\":\"2018-08-17T11:59:38+00:00\",\"mainEntityOfPage\":{\"@id\":\"https:\/\/webmail.meusitejuridico.com.br\/2018\/08\/17\/certo-ou-errado-no-crime-de-trafico-majora-se-pena-pelo-simples-fato-de-levar-consigo-droga-em-transporte-publico\/\"},\"wordCount\":156,\"commentCount\":0,\"publisher\":{\"@id\":\"https:\/\/meusitejuridico.editorajuspodivm.com.br\/#organization\"},\"image\":{\"@id\":\"https:\/\/webmail.meusitejuridico.com.br\/2018\/08\/17\/certo-ou-errado-no-crime-de-trafico-majora-se-pena-pelo-simples-fato-de-levar-consigo-droga-em-transporte-publico\/#primaryimage\"},\"thumbnailUrl\":\"https:\/\/meusitejuridico.editorajuspodivm.com.br\/s.meusitejuridico\/2018\/01\/4ccb5f79-shutterstock-78547903.jpg\",\"keywords\":[\"Direito Penal\",\"Lei 11.343\/06\",\"majorante\",\"tr\u00e1fico de drogas\",\"transporte p\u00fablico\"],\"articleSection\":[\"Material de aula\",\"Perguntas e Respostas\"],\"inLanguage\":\"pt-BR\",\"potentialAction\":[{\"@type\":\"CommentAction\",\"name\":\"Comment\",\"target\":[\"https:\/\/webmail.meusitejuridico.com.br\/2018\/08\/17\/certo-ou-errado-no-crime-de-trafico-majora-se-pena-pelo-simples-fato-de-levar-consigo-droga-em-transporte-publico\/#respond\"]}]},{\"@type\":\"WebPage\",\"@id\":\"https:\/\/webmail.meusitejuridico.com.br\/2018\/08\/17\/certo-ou-errado-no-crime-de-trafico-majora-se-pena-pelo-simples-fato-de-levar-consigo-droga-em-transporte-publico\/\",\"url\":\"https:\/\/webmail.meusitejuridico.com.br\/2018\/08\/17\/certo-ou-errado-no-crime-de-trafico-majora-se-pena-pelo-simples-fato-de-levar-consigo-droga-em-transporte-publico\/\",\"name\":\"Certo ou errado? No crime de tr\u00e1fico, majora-se a pena pelo simples fato de levar consigo a droga em transporte p\u00fablico - Meu site jur\u00eddico\",\"isPartOf\":{\"@id\":\"https:\/\/meusitejuridico.editorajuspodivm.com.br\/#website\"},\"primaryImageOfPage\":{\"@id\":\"https:\/\/webmail.meusitejuridico.com.br\/2018\/08\/17\/certo-ou-errado-no-crime-de-trafico-majora-se-pena-pelo-simples-fato-de-levar-consigo-droga-em-transporte-publico\/#primaryimage\"},\"image\":{\"@id\":\"https:\/\/webmail.meusitejuridico.com.br\/2018\/08\/17\/certo-ou-errado-no-crime-de-trafico-majora-se-pena-pelo-simples-fato-de-levar-consigo-droga-em-transporte-publico\/#primaryimage\"},\"thumbnailUrl\":\"https:\/\/meusitejuridico.editorajuspodivm.com.br\/s.meusitejuridico\/2018\/01\/4ccb5f79-shutterstock-78547903.jpg\",\"datePublished\":\"2018-08-17T11:59:38+00:00\",\"breadcrumb\":{\"@id\":\"https:\/\/webmail.meusitejuridico.com.br\/2018\/08\/17\/certo-ou-errado-no-crime-de-trafico-majora-se-pena-pelo-simples-fato-de-levar-consigo-droga-em-transporte-publico\/#breadcrumb\"},\"inLanguage\":\"pt-BR\",\"potentialAction\":[{\"@type\":\"ReadAction\",\"target\":[\"https:\/\/webmail.meusitejuridico.com.br\/2018\/08\/17\/certo-ou-errado-no-crime-de-trafico-majora-se-pena-pelo-simples-fato-de-levar-consigo-droga-em-transporte-publico\/\"]}]},{\"@type\":\"ImageObject\",\"inLanguage\":\"pt-BR\",\"@id\":\"https:\/\/webmail.meusitejuridico.com.br\/2018\/08\/17\/certo-ou-errado-no-crime-de-trafico-majora-se-pena-pelo-simples-fato-de-levar-consigo-droga-em-transporte-publico\/#primaryimage\",\"url\":\"https:\/\/meusitejuridico.editorajuspodivm.com.br\/s.meusitejuridico\/2018\/01\/4ccb5f79-shutterstock-78547903.jpg\",\"contentUrl\":\"https:\/\/meusitejuridico.editorajuspodivm.com.br\/s.meusitejuridico\/2018\/01\/4ccb5f79-shutterstock-78547903.jpg\",\"width\":1000,\"height\":750},{\"@type\":\"BreadcrumbList\",\"@id\":\"https:\/\/webmail.meusitejuridico.com.br\/2018\/08\/17\/certo-ou-errado-no-crime-de-trafico-majora-se-pena-pelo-simples-fato-de-levar-consigo-droga-em-transporte-publico\/#breadcrumb\",\"itemListElement\":[{\"@type\":\"ListItem\",\"position\":1,\"name\":\"In\u00edcio\",\"item\":\"https:\/\/meusitejuridico.editorajuspodivm.com.br\/\"},{\"@type\":\"ListItem\",\"position\":2,\"name\":\"Certo ou errado? No crime de tr\u00e1fico, majora-se a pena pelo simples fato de levar consigo a droga em transporte p\u00fablico\"}]},{\"@type\":\"WebSite\",\"@id\":\"https:\/\/meusitejuridico.editorajuspodivm.com.br\/#website\",\"url\":\"https:\/\/meusitejuridico.editorajuspodivm.com.br\/\",\"name\":\"Meu site jur\u00eddico\",\"description\":\"Meu site jur\u00eddico\",\"publisher\":{\"@id\":\"https:\/\/meusitejuridico.editorajuspodivm.com.br\/#organization\"},\"potentialAction\":[{\"@type\":\"SearchAction\",\"target\":{\"@type\":\"EntryPoint\",\"urlTemplate\":\"https:\/\/meusitejuridico.editorajuspodivm.com.br\/?s={search_term_string}\"},\"query-input\":{\"@type\":\"PropertyValueSpecification\",\"valueRequired\":true,\"valueName\":\"search_term_string\"}}],\"inLanguage\":\"pt-BR\"},{\"@type\":\"Organization\",\"@id\":\"https:\/\/meusitejuridico.editorajuspodivm.com.br\/#organization\",\"name\":\"Meu site jur\u00eddico\",\"url\":\"https:\/\/meusitejuridico.editorajuspodivm.com.br\/\",\"logo\":{\"@type\":\"ImageObject\",\"inLanguage\":\"pt-BR\",\"@id\":\"https:\/\/meusitejuridico.editorajuspodivm.com.br\/#\/schema\/logo\/image\/\",\"url\":\"https:\/\/meusitejuridico.editorajuspodivm.com.br\/s.meusitejuridico\/2022\/03\/cropped-baeec2a3-msj-02-01-01.png\",\"contentUrl\":\"https:\/\/meusitejuridico.editorajuspodivm.com.br\/s.meusitejuridico\/2022\/03\/cropped-baeec2a3-msj-02-01-01.png\",\"width\":349,\"height\":243,\"caption\":\"Meu site jur\u00eddico\"},\"image\":{\"@id\":\"https:\/\/meusitejuridico.editorajuspodivm.com.br\/#\/schema\/logo\/image\/\"}},{\"@type\":\"Person\",\"@id\":\"https:\/\/meusitejuridico.editorajuspodivm.com.br\/#\/schema\/person\/5c2237ac0c8ff03bcf1a09fe3e45dfce\",\"name\":\"Equipe Meu Site Jur\u00eddico\",\"image\":{\"@type\":\"ImageObject\",\"inLanguage\":\"pt-BR\",\"@id\":\"https:\/\/meusitejuridico.editorajuspodivm.com.br\/#\/schema\/person\/image\/\",\"url\":\"https:\/\/meusitejuridico.editorajuspodivm.com.br\/s.meusitejuridico\/2020\/07\/6be289aa-logo-msj.png\",\"contentUrl\":\"https:\/\/meusitejuridico.editorajuspodivm.com.br\/s.meusitejuridico\/2020\/07\/6be289aa-logo-msj.png\",\"caption\":\"Equipe Meu Site Jur\u00eddico\"},\"description\":\"Contem conosco!\",\"url\":\"https:\/\/meusitejuridico.editorajuspodivm.com.br\/author\/equipe-meu-site-juridico\/\"}]}<\/script>\n<!-- \/ Yoast SEO plugin. -->","yoast_head_json":{"title":"Certo ou errado? No crime de tr\u00e1fico, majora-se a pena pelo simples fato de levar consigo a droga em transporte p\u00fablico - Meu site jur\u00eddico","robots":{"index":"index","follow":"follow","max-snippet":"max-snippet:-1","max-image-preview":"max-image-preview:large","max-video-preview":"max-video-preview:-1"},"canonical":"https:\/\/webmail.meusitejuridico.com.br\/2018\/08\/17\/certo-ou-errado-no-crime-de-trafico-majora-se-pena-pelo-simples-fato-de-levar-consigo-droga-em-transporte-publico\/","og_locale":"pt_BR","og_type":"article","og_title":"Certo ou errado? No crime de tr\u00e1fico, majora-se a pena pelo simples fato de levar consigo a droga em transporte p\u00fablico - Meu site jur\u00eddico","og_description":"ERRADO No que concerne ao tr\u00e1fico cometido em transportes p\u00fablicos, o STJ se orienta no sentido de que a majorante s\u00f3 pode ser aplicada se o transporte p\u00fablico for utilizado (ou se o agente pretender utiliz\u00e1-lo) para o efetivo com\u00e9rcio da droga. Caso sua inten\u00e7\u00e3o seja simplesmente se deslocar com droga a utilizando o sistema [&hellip;]","og_url":"https:\/\/webmail.meusitejuridico.com.br\/2018\/08\/17\/certo-ou-errado-no-crime-de-trafico-majora-se-pena-pelo-simples-fato-de-levar-consigo-droga-em-transporte-publico\/","og_site_name":"Meu site jur\u00eddico","article_published_time":"2018-08-17T11:59:38+00:00","og_image":[{"width":1000,"height":750,"url":"https:\/\/webmail.meusitejuridico.com.br\/s.meusitejuridico\/2018\/01\/4ccb5f79-shutterstock-78547903.jpg","type":"image\/jpeg"}],"author":"Equipe Meu Site Jur\u00eddico","twitter_card":"summary_large_image","twitter_misc":{"Escrito por":"Equipe Meu Site Jur\u00eddico","Est. tempo de leitura":"1 minuto"},"schema":{"@context":"https:\/\/schema.org","@graph":[{"@type":"Article","@id":"https:\/\/webmail.meusitejuridico.com.br\/2018\/08\/17\/certo-ou-errado-no-crime-de-trafico-majora-se-pena-pelo-simples-fato-de-levar-consigo-droga-em-transporte-publico\/#article","isPartOf":{"@id":"https:\/\/webmail.meusitejuridico.com.br\/2018\/08\/17\/certo-ou-errado-no-crime-de-trafico-majora-se-pena-pelo-simples-fato-de-levar-consigo-droga-em-transporte-publico\/"},"author":{"name":"Equipe Meu Site Jur\u00eddico","@id":"https:\/\/meusitejuridico.editorajuspodivm.com.br\/#\/schema\/person\/5c2237ac0c8ff03bcf1a09fe3e45dfce"},"headline":"Certo ou errado? No crime de tr\u00e1fico, majora-se a pena pelo simples fato de levar consigo a droga em transporte p\u00fablico","datePublished":"2018-08-17T11:59:38+00:00","mainEntityOfPage":{"@id":"https:\/\/webmail.meusitejuridico.com.br\/2018\/08\/17\/certo-ou-errado-no-crime-de-trafico-majora-se-pena-pelo-simples-fato-de-levar-consigo-droga-em-transporte-publico\/"},"wordCount":156,"commentCount":0,"publisher":{"@id":"https:\/\/meusitejuridico.editorajuspodivm.com.br\/#organization"},"image":{"@id":"https:\/\/webmail.meusitejuridico.com.br\/2018\/08\/17\/certo-ou-errado-no-crime-de-trafico-majora-se-pena-pelo-simples-fato-de-levar-consigo-droga-em-transporte-publico\/#primaryimage"},"thumbnailUrl":"https:\/\/meusitejuridico.editorajuspodivm.com.br\/s.meusitejuridico\/2018\/01\/4ccb5f79-shutterstock-78547903.jpg","keywords":["Direito Penal","Lei 11.343\/06","majorante","tr\u00e1fico de drogas","transporte p\u00fablico"],"articleSection":["Material de aula","Perguntas e Respostas"],"inLanguage":"pt-BR","potentialAction":[{"@type":"CommentAction","name":"Comment","target":["https:\/\/webmail.meusitejuridico.com.br\/2018\/08\/17\/certo-ou-errado-no-crime-de-trafico-majora-se-pena-pelo-simples-fato-de-levar-consigo-droga-em-transporte-publico\/#respond"]}]},{"@type":"WebPage","@id":"https:\/\/webmail.meusitejuridico.com.br\/2018\/08\/17\/certo-ou-errado-no-crime-de-trafico-majora-se-pena-pelo-simples-fato-de-levar-consigo-droga-em-transporte-publico\/","url":"https:\/\/webmail.meusitejuridico.com.br\/2018\/08\/17\/certo-ou-errado-no-crime-de-trafico-majora-se-pena-pelo-simples-fato-de-levar-consigo-droga-em-transporte-publico\/","name":"Certo ou errado? No crime de tr\u00e1fico, majora-se a pena pelo simples fato de levar consigo a droga em transporte p\u00fablico - Meu site jur\u00eddico","isPartOf":{"@id":"https:\/\/meusitejuridico.editorajuspodivm.com.br\/#website"},"primaryImageOfPage":{"@id":"https:\/\/webmail.meusitejuridico.com.br\/2018\/08\/17\/certo-ou-errado-no-crime-de-trafico-majora-se-pena-pelo-simples-fato-de-levar-consigo-droga-em-transporte-publico\/#primaryimage"},"image":{"@id":"https:\/\/webmail.meusitejuridico.com.br\/2018\/08\/17\/certo-ou-errado-no-crime-de-trafico-majora-se-pena-pelo-simples-fato-de-levar-consigo-droga-em-transporte-publico\/#primaryimage"},"thumbnailUrl":"https:\/\/meusitejuridico.editorajuspodivm.com.br\/s.meusitejuridico\/2018\/01\/4ccb5f79-shutterstock-78547903.jpg","datePublished":"2018-08-17T11:59:38+00:00","breadcrumb":{"@id":"https:\/\/webmail.meusitejuridico.com.br\/2018\/08\/17\/certo-ou-errado-no-crime-de-trafico-majora-se-pena-pelo-simples-fato-de-levar-consigo-droga-em-transporte-publico\/#breadcrumb"},"inLanguage":"pt-BR","potentialAction":[{"@type":"ReadAction","target":["https:\/\/webmail.meusitejuridico.com.br\/2018\/08\/17\/certo-ou-errado-no-crime-de-trafico-majora-se-pena-pelo-simples-fato-de-levar-consigo-droga-em-transporte-publico\/"]}]},{"@type":"ImageObject","inLanguage":"pt-BR","@id":"https:\/\/webmail.meusitejuridico.com.br\/2018\/08\/17\/certo-ou-errado-no-crime-de-trafico-majora-se-pena-pelo-simples-fato-de-levar-consigo-droga-em-transporte-publico\/#primaryimage","url":"https:\/\/meusitejuridico.editorajuspodivm.com.br\/s.meusitejuridico\/2018\/01\/4ccb5f79-shutterstock-78547903.jpg","contentUrl":"https:\/\/meusitejuridico.editorajuspodivm.com.br\/s.meusitejuridico\/2018\/01\/4ccb5f79-shutterstock-78547903.jpg","width":1000,"height":750},{"@type":"BreadcrumbList","@id":"https:\/\/webmail.meusitejuridico.com.br\/2018\/08\/17\/certo-ou-errado-no-crime-de-trafico-majora-se-pena-pelo-simples-fato-de-levar-consigo-droga-em-transporte-publico\/#breadcrumb","itemListElement":[{"@type":"ListItem","position":1,"name":"In\u00edcio","item":"https:\/\/meusitejuridico.editorajuspodivm.com.br\/"},{"@type":"ListItem","position":2,"name":"Certo ou errado? No crime de tr\u00e1fico, majora-se a pena pelo simples fato de levar consigo a droga em transporte p\u00fablico"}]},{"@type":"WebSite","@id":"https:\/\/meusitejuridico.editorajuspodivm.com.br\/#website","url":"https:\/\/meusitejuridico.editorajuspodivm.com.br\/","name":"Meu site jur\u00eddico","description":"Meu site jur\u00eddico","publisher":{"@id":"https:\/\/meusitejuridico.editorajuspodivm.com.br\/#organization"},"potentialAction":[{"@type":"SearchAction","target":{"@type":"EntryPoint","urlTemplate":"https:\/\/meusitejuridico.editorajuspodivm.com.br\/?s={search_term_string}"},"query-input":{"@type":"PropertyValueSpecification","valueRequired":true,"valueName":"search_term_string"}}],"inLanguage":"pt-BR"},{"@type":"Organization","@id":"https:\/\/meusitejuridico.editorajuspodivm.com.br\/#organization","name":"Meu site jur\u00eddico","url":"https:\/\/meusitejuridico.editorajuspodivm.com.br\/","logo":{"@type":"ImageObject","inLanguage":"pt-BR","@id":"https:\/\/meusitejuridico.editorajuspodivm.com.br\/#\/schema\/logo\/image\/","url":"https:\/\/meusitejuridico.editorajuspodivm.com.br\/s.meusitejuridico\/2022\/03\/cropped-baeec2a3-msj-02-01-01.png","contentUrl":"https:\/\/meusitejuridico.editorajuspodivm.com.br\/s.meusitejuridico\/2022\/03\/cropped-baeec2a3-msj-02-01-01.png","width":349,"height":243,"caption":"Meu site jur\u00eddico"},"image":{"@id":"https:\/\/meusitejuridico.editorajuspodivm.com.br\/#\/schema\/logo\/image\/"}},{"@type":"Person","@id":"https:\/\/meusitejuridico.editorajuspodivm.com.br\/#\/schema\/person\/5c2237ac0c8ff03bcf1a09fe3e45dfce","name":"Equipe Meu Site Jur\u00eddico","image":{"@type":"ImageObject","inLanguage":"pt-BR","@id":"https:\/\/meusitejuridico.editorajuspodivm.com.br\/#\/schema\/person\/image\/","url":"https:\/\/meusitejuridico.editorajuspodivm.com.br\/s.meusitejuridico\/2020\/07\/6be289aa-logo-msj.png","contentUrl":"https:\/\/meusitejuridico.editorajuspodivm.com.br\/s.meusitejuridico\/2020\/07\/6be289aa-logo-msj.png","caption":"Equipe Meu Site Jur\u00eddico"},"description":"Contem conosco!","url":"https:\/\/meusitejuridico.editorajuspodivm.com.br\/author\/equipe-meu-site-juridico\/"}]}},"_links":{"self":[{"href":"https:\/\/meusitejuridico.editorajuspodivm.com.br\/api\/wp\/v2\/posts\/6096","targetHints":{"allow":["GET"]}}],"collection":[{"href":"https:\/\/meusitejuridico.editorajuspodivm.com.br\/api\/wp\/v2\/posts"}],"about":[{"href":"https:\/\/meusitejuridico.editorajuspodivm.com.br\/api\/wp\/v2\/types\/post"}],"author":[{"embeddable":true,"href":"https:\/\/meusitejuridico.editorajuspodivm.com.br\/api\/wp\/v2\/users\/7"}],"replies":[{"embeddable":true,"href":"https:\/\/meusitejuridico.editorajuspodivm.com.br\/api\/wp\/v2\/comments?post=6096"}],"version-history":[{"count":3,"href":"https:\/\/meusitejuridico.editorajuspodivm.com.br\/api\/wp\/v2\/posts\/6096\/revisions"}],"predecessor-version":[{"id":6099,"href":"https:\/\/meusitejuridico.editorajuspodivm.com.br\/api\/wp\/v2\/posts\/6096\/revisions\/6099"}],"wp:featuredmedia":[{"embeddable":true,"href":"https:\/\/meusitejuridico.editorajuspodivm.com.br\/api\/wp\/v2\/media\/4325"}],"wp:attachment":[{"href":"https:\/\/meusitejuridico.editorajuspodivm.com.br\/api\/wp\/v2\/media?parent=6096"}],"wp:term":[{"taxonomy":"category","embeddable":true,"href":"https:\/\/meusitejuridico.editorajuspodivm.com.br\/api\/wp\/v2\/categories?post=6096"},{"taxonomy":"post_tag","embeddable":true,"href":"https:\/\/meusitejuridico.editorajuspodivm.com.br\/api\/wp\/v2\/tags?post=6096"}],"curies":[{"name":"wp","href":"https:\/\/api.w.org\/{rel}","templated":true}]}}