{"id":6266,"date":"2018-09-03T14:27:52","date_gmt":"2018-09-03T17:27:52","guid":{"rendered":"https:\/\/meusitejuridico.com.br\/?p=6266"},"modified":"2018-09-03T14:27:52","modified_gmt":"2018-09-03T17:27:52","slug":"franca-legalizou-pedofilia-na-pratica-isso-nao-e-fake-news","status":"publish","type":"post","link":"https:\/\/meusitejuridico.editorajuspodivm.com.br\/2018\/09\/03\/franca-legalizou-pedofilia-na-pratica-isso-nao-e-fake-news\/","title":{"rendered":"A Fran\u00e7a legalizou a pedofilia na pr\u00e1tica: isso n\u00e3o \u00e9 \u201cfake news\u201d"},"content":{"rendered":"<p><a href=\"https:\/\/play.google.com\/store\/apps\/details?id=com.app.meuappjuridico&amp;hl=pt\" target=\"_blank\" rel=\"noopener\"><img decoding=\"async\" class=\"aligncenter wp-image-4610 size-medium\" src=\"https:\/\/s3.meusitejuridico.com.br\/2018\/02\/3cdb1249-banner-app-300x166.jpeg\" alt=\"\" width=\"300\" height=\"166\" srcset=\"https:\/\/meusitejuridico.editorajuspodivm.com.br\/s.meusitejuridico\/2018\/02\/3cdb1249-banner-app-300x166.jpeg 300w, https:\/\/meusitejuridico.editorajuspodivm.com.br\/s.meusitejuridico\/2018\/02\/3cdb1249-banner-app-768x424.jpeg 768w, https:\/\/meusitejuridico.editorajuspodivm.com.br\/s.meusitejuridico\/2018\/02\/3cdb1249-banner-app-1024x566.jpeg 1024w, https:\/\/meusitejuridico.editorajuspodivm.com.br\/s.meusitejuridico\/2018\/02\/3cdb1249-banner-app-80x44.jpeg 80w, https:\/\/meusitejuridico.editorajuspodivm.com.br\/s.meusitejuridico\/2018\/02\/3cdb1249-banner-app.jpeg 1140w\" sizes=\"(max-width: 300px) 100vw, 300px\" \/><\/a><\/p>\n<p>Recentemente foi divulgada na internet a not\u00edcia de que a legisla\u00e7\u00e3o francesa, na pr\u00e1tica, teria legalizado ou liberado a pedofilia, ao n\u00e3o permitir o estabelecimento de idade m\u00ednima para que algu\u00e9m possa manter rela\u00e7\u00e3o sexual com uma crian\u00e7a ou adolescente.<\/p>\n<p>Um dos v\u00eddeos sobre o tema foi elaborado e exposto por Bernardo P. K\u00fcster, onde o autor informa sobre o estabelecimento expresso na nova legisla\u00e7\u00e3o francesa de que n\u00e3o pode haver uma idade m\u00ednima para que uma pessoa possa praticar atos libidinosos de qualquer esp\u00e9cie com um (a) jovem.<\/p>\n<p>Logo em seguida, not\u00edcias como essa acima foram tachadas como \u201cfakenews\u201d ou not\u00edcias falsas por ve\u00edculos de aferi\u00e7\u00e3o.<\/p>\n<p><strong>Clique <a href=\"https:\/\/s3.meusitejuridico.com.br\/2018\/09\/19980e0c-a-franca-legalizou-a-pedofilia-na-pratica.pdf\" target=\"_blank\" rel=\"noopener\">aqui<\/a> para ler o artigo completo.<\/strong><\/p>\n","protected":false},"excerpt":{"rendered":"<p>Recentemente foi divulgada na internet a not\u00edcia de que a legisla\u00e7\u00e3o francesa, na pr\u00e1tica, teria legalizado ou liberado a pedofilia, ao n\u00e3o permitir o estabelecimento de idade m\u00ednima para que algu\u00e9m possa manter rela\u00e7\u00e3o sexual com uma crian\u00e7a ou adolescente. Um dos v\u00eddeos sobre o tema foi elaborado e exposto por Bernardo P. K\u00fcster, onde [&hellip;]<\/p>\n","protected":false},"author":14,"featured_media":6268,"comment_status":"open","ping_status":"open","sticky":false,"template":"","format":"standard","meta":{"_acf_changed":false,"footnotes":""},"categories":[1,106],"tags":[107,399,2005,2006,2004],"class_list":["post-6266","post","type-post","status-publish","format-standard","has-post-thumbnail","hentry","category-artigos","category-direito-penal-disciplinas","tag-direito-penal","tag-estupro","tag-franca","tag-pedofilia","tag-vulneraveis"],"acf":[],"yoast_head":"<!-- This site is optimized with the Yoast SEO plugin v24.8.1 - https:\/\/yoast.com\/wordpress\/plugins\/seo\/ -->\n<title>A Fran\u00e7a legalizou a pedofilia na pr\u00e1tica: isso n\u00e3o \u00e9 \u201cfake news\u201d - Meu site jur\u00eddico<\/title>\n<meta name=\"robots\" content=\"index, follow, max-snippet:-1, max-image-preview:large, max-video-preview:-1\" \/>\n<link rel=\"canonical\" href=\"https:\/\/meusitejuridico.editorajuspodivm.com.br\/2018\/09\/03\/franca-legalizou-pedofilia-na-pratica-isso-nao-e-fake-news\/\" \/>\n<meta property=\"og:locale\" content=\"pt_BR\" \/>\n<meta property=\"og:type\" content=\"article\" \/>\n<meta property=\"og:title\" content=\"A Fran\u00e7a legalizou a pedofilia na pr\u00e1tica: isso n\u00e3o \u00e9 \u201cfake news\u201d - Meu site jur\u00eddico\" \/>\n<meta property=\"og:description\" content=\"Recentemente foi divulgada na internet a not\u00edcia de que a legisla\u00e7\u00e3o francesa, na pr\u00e1tica, teria legalizado ou liberado a pedofilia, ao n\u00e3o permitir o estabelecimento de idade m\u00ednima para que algu\u00e9m possa manter rela\u00e7\u00e3o sexual com uma crian\u00e7a ou adolescente. Um dos v\u00eddeos sobre o tema foi elaborado e exposto por Bernardo P. K\u00fcster, onde [&hellip;]\" \/>\n<meta property=\"og:url\" content=\"https:\/\/meusitejuridico.editorajuspodivm.com.br\/2018\/09\/03\/franca-legalizou-pedofilia-na-pratica-isso-nao-e-fake-news\/\" \/>\n<meta property=\"og:site_name\" content=\"Meu site jur\u00eddico\" \/>\n<meta property=\"article:published_time\" content=\"2018-09-03T17:27:52+00:00\" \/>\n<meta property=\"og:image\" content=\"https:\/\/meusitejuridico.editorajuspodivm.com.br\/s.meusitejuridico\/2018\/09\/66fafeef-shutterstock-676425724.jpg\" \/>\n\t<meta property=\"og:image:width\" content=\"1000\" \/>\n\t<meta property=\"og:image:height\" content=\"667\" \/>\n\t<meta property=\"og:image:type\" content=\"image\/jpeg\" \/>\n<meta name=\"author\" content=\"Eduardo Luiz Santos Cabette\" \/>\n<meta name=\"twitter:card\" content=\"summary_large_image\" \/>\n<meta name=\"twitter:label1\" content=\"Escrito por\" \/>\n\t<meta name=\"twitter:data1\" content=\"Eduardo Luiz Santos Cabette\" \/>\n\t<meta name=\"twitter:label2\" content=\"Est. tempo de leitura\" \/>\n\t<meta name=\"twitter:data2\" content=\"1 minuto\" \/>\n<script type=\"application\/ld+json\" class=\"yoast-schema-graph\">{\"@context\":\"https:\/\/schema.org\",\"@graph\":[{\"@type\":\"Article\",\"@id\":\"https:\/\/meusitejuridico.editorajuspodivm.com.br\/2018\/09\/03\/franca-legalizou-pedofilia-na-pratica-isso-nao-e-fake-news\/#article\",\"isPartOf\":{\"@id\":\"https:\/\/meusitejuridico.editorajuspodivm.com.br\/2018\/09\/03\/franca-legalizou-pedofilia-na-pratica-isso-nao-e-fake-news\/\"},\"author\":{\"name\":\"Eduardo Luiz Santos Cabette\",\"@id\":\"https:\/\/cdn.meusitejuridico.com.br\/#\/schema\/person\/8b773c6b3452b86fbd88dbfe07bc42db\"},\"headline\":\"A Fran\u00e7a legalizou a pedofilia na pr\u00e1tica: isso n\u00e3o \u00e9 \u201cfake news\u201d\",\"datePublished\":\"2018-09-03T17:27:52+00:00\",\"mainEntityOfPage\":{\"@id\":\"https:\/\/meusitejuridico.editorajuspodivm.com.br\/2018\/09\/03\/franca-legalizou-pedofilia-na-pratica-isso-nao-e-fake-news\/\"},\"wordCount\":146,\"commentCount\":2,\"publisher\":{\"@id\":\"https:\/\/cdn.meusitejuridico.com.br\/#organization\"},\"image\":{\"@id\":\"https:\/\/meusitejuridico.editorajuspodivm.com.br\/2018\/09\/03\/franca-legalizou-pedofilia-na-pratica-isso-nao-e-fake-news\/#primaryimage\"},\"thumbnailUrl\":\"https:\/\/meusitejuridico.editorajuspodivm.com.br\/s.meusitejuridico\/2018\/09\/66fafeef-shutterstock-676425724.jpg\",\"keywords\":[\"Direito Penal\",\"estupro\",\"Fran\u00e7a\",\"pedofilia\",\"vulner\u00e1veis\"],\"articleSection\":[\"Artigos\",\"Direito Penal\"],\"inLanguage\":\"pt-BR\",\"potentialAction\":[{\"@type\":\"CommentAction\",\"name\":\"Comment\",\"target\":[\"https:\/\/meusitejuridico.editorajuspodivm.com.br\/2018\/09\/03\/franca-legalizou-pedofilia-na-pratica-isso-nao-e-fake-news\/#respond\"]}]},{\"@type\":\"WebPage\",\"@id\":\"https:\/\/meusitejuridico.editorajuspodivm.com.br\/2018\/09\/03\/franca-legalizou-pedofilia-na-pratica-isso-nao-e-fake-news\/\",\"url\":\"https:\/\/meusitejuridico.editorajuspodivm.com.br\/2018\/09\/03\/franca-legalizou-pedofilia-na-pratica-isso-nao-e-fake-news\/\",\"name\":\"A Fran\u00e7a legalizou a pedofilia na pr\u00e1tica: isso n\u00e3o \u00e9 \u201cfake news\u201d - Meu site jur\u00eddico\",\"isPartOf\":{\"@id\":\"https:\/\/cdn.meusitejuridico.com.br\/#website\"},\"primaryImageOfPage\":{\"@id\":\"https:\/\/meusitejuridico.editorajuspodivm.com.br\/2018\/09\/03\/franca-legalizou-pedofilia-na-pratica-isso-nao-e-fake-news\/#primaryimage\"},\"image\":{\"@id\":\"https:\/\/meusitejuridico.editorajuspodivm.com.br\/2018\/09\/03\/franca-legalizou-pedofilia-na-pratica-isso-nao-e-fake-news\/#primaryimage\"},\"thumbnailUrl\":\"https:\/\/meusitejuridico.editorajuspodivm.com.br\/s.meusitejuridico\/2018\/09\/66fafeef-shutterstock-676425724.jpg\",\"datePublished\":\"2018-09-03T17:27:52+00:00\",\"breadcrumb\":{\"@id\":\"https:\/\/meusitejuridico.editorajuspodivm.com.br\/2018\/09\/03\/franca-legalizou-pedofilia-na-pratica-isso-nao-e-fake-news\/#breadcrumb\"},\"inLanguage\":\"pt-BR\",\"potentialAction\":[{\"@type\":\"ReadAction\",\"target\":[\"https:\/\/meusitejuridico.editorajuspodivm.com.br\/2018\/09\/03\/franca-legalizou-pedofilia-na-pratica-isso-nao-e-fake-news\/\"]}]},{\"@type\":\"ImageObject\",\"inLanguage\":\"pt-BR\",\"@id\":\"https:\/\/meusitejuridico.editorajuspodivm.com.br\/2018\/09\/03\/franca-legalizou-pedofilia-na-pratica-isso-nao-e-fake-news\/#primaryimage\",\"url\":\"https:\/\/meusitejuridico.editorajuspodivm.com.br\/s.meusitejuridico\/2018\/09\/66fafeef-shutterstock-676425724.jpg\",\"contentUrl\":\"https:\/\/meusitejuridico.editorajuspodivm.com.br\/s.meusitejuridico\/2018\/09\/66fafeef-shutterstock-676425724.jpg\",\"width\":1000,\"height\":667},{\"@type\":\"BreadcrumbList\",\"@id\":\"https:\/\/meusitejuridico.editorajuspodivm.com.br\/2018\/09\/03\/franca-legalizou-pedofilia-na-pratica-isso-nao-e-fake-news\/#breadcrumb\",\"itemListElement\":[{\"@type\":\"ListItem\",\"position\":1,\"name\":\"In\u00edcio\",\"item\":\"https:\/\/cdn.meusitejuridico.com.br\/\"},{\"@type\":\"ListItem\",\"position\":2,\"name\":\"A Fran\u00e7a legalizou a pedofilia na pr\u00e1tica: isso n\u00e3o \u00e9 \u201cfake news\u201d\"}]},{\"@type\":\"WebSite\",\"@id\":\"https:\/\/cdn.meusitejuridico.com.br\/#website\",\"url\":\"https:\/\/cdn.meusitejuridico.com.br\/\",\"name\":\"Meu site jur\u00eddico\",\"description\":\"Meu site jur\u00eddico\",\"publisher\":{\"@id\":\"https:\/\/cdn.meusitejuridico.com.br\/#organization\"},\"potentialAction\":[{\"@type\":\"SearchAction\",\"target\":{\"@type\":\"EntryPoint\",\"urlTemplate\":\"https:\/\/cdn.meusitejuridico.com.br\/?s={search_term_string}\"},\"query-input\":{\"@type\":\"PropertyValueSpecification\",\"valueRequired\":true,\"valueName\":\"search_term_string\"}}],\"inLanguage\":\"pt-BR\"},{\"@type\":\"Organization\",\"@id\":\"https:\/\/cdn.meusitejuridico.com.br\/#organization\",\"name\":\"Meu site jur\u00eddico\",\"url\":\"https:\/\/cdn.meusitejuridico.com.br\/\",\"logo\":{\"@type\":\"ImageObject\",\"inLanguage\":\"pt-BR\",\"@id\":\"https:\/\/cdn.meusitejuridico.com.br\/#\/schema\/logo\/image\/\",\"url\":\"https:\/\/meusitejuridico.editorajuspodivm.com.br\/s.meusitejuridico\/2022\/03\/cropped-baeec2a3-msj-02-01-01.png\",\"contentUrl\":\"https:\/\/meusitejuridico.editorajuspodivm.com.br\/s.meusitejuridico\/2022\/03\/cropped-baeec2a3-msj-02-01-01.png\",\"width\":349,\"height\":243,\"caption\":\"Meu site jur\u00eddico\"},\"image\":{\"@id\":\"https:\/\/cdn.meusitejuridico.com.br\/#\/schema\/logo\/image\/\"}},{\"@type\":\"Person\",\"@id\":\"https:\/\/cdn.meusitejuridico.com.br\/#\/schema\/person\/8b773c6b3452b86fbd88dbfe07bc42db\",\"name\":\"Eduardo Luiz Santos Cabette\",\"image\":{\"@type\":\"ImageObject\",\"inLanguage\":\"pt-BR\",\"@id\":\"https:\/\/cdn.meusitejuridico.com.br\/#\/schema\/person\/image\/\",\"url\":\"https:\/\/meusitejuridico.editorajuspodivm.com.br\/s.meusitejuridico\/2017\/04\/9ddea50d-cabette-150x150.jpg\",\"contentUrl\":\"https:\/\/meusitejuridico.editorajuspodivm.com.br\/s.meusitejuridico\/2017\/04\/9ddea50d-cabette-150x150.jpg\",\"caption\":\"Eduardo Luiz Santos Cabette\"},\"description\":\"Delegado de Pol\u00edcia Aposentado, Mestre em Direito Social, P\u00f3s \u2013 graduado em Direito Penal e Criminologia e Professor de Direito Penal, Processo Penal, Medicina Legal, Criminologia e Legisla\u00e7\u00e3o Penal e Processual Penal Especial em gradua\u00e7\u00e3o, p\u00f3s \u2013 gradua\u00e7\u00e3o e cursos preparat\u00f3rios\",\"url\":\"https:\/\/meusitejuridico.editorajuspodivm.com.br\/author\/503679806421\/\"}]}<\/script>\n<!-- \/ Yoast SEO plugin. -->","yoast_head_json":{"title":"A Fran\u00e7a legalizou a pedofilia na pr\u00e1tica: isso n\u00e3o \u00e9 \u201cfake news\u201d - Meu site jur\u00eddico","robots":{"index":"index","follow":"follow","max-snippet":"max-snippet:-1","max-image-preview":"max-image-preview:large","max-video-preview":"max-video-preview:-1"},"canonical":"https:\/\/meusitejuridico.editorajuspodivm.com.br\/2018\/09\/03\/franca-legalizou-pedofilia-na-pratica-isso-nao-e-fake-news\/","og_locale":"pt_BR","og_type":"article","og_title":"A Fran\u00e7a legalizou a pedofilia na pr\u00e1tica: isso n\u00e3o \u00e9 \u201cfake news\u201d - Meu site jur\u00eddico","og_description":"Recentemente foi divulgada na internet a not\u00edcia de que a legisla\u00e7\u00e3o francesa, na pr\u00e1tica, teria legalizado ou liberado a pedofilia, ao n\u00e3o permitir o estabelecimento de idade m\u00ednima para que algu\u00e9m possa manter rela\u00e7\u00e3o sexual com uma crian\u00e7a ou adolescente. Um dos v\u00eddeos sobre o tema foi elaborado e exposto por Bernardo P. K\u00fcster, onde [&hellip;]","og_url":"https:\/\/meusitejuridico.editorajuspodivm.com.br\/2018\/09\/03\/franca-legalizou-pedofilia-na-pratica-isso-nao-e-fake-news\/","og_site_name":"Meu site jur\u00eddico","article_published_time":"2018-09-03T17:27:52+00:00","og_image":[{"width":1000,"height":667,"url":"https:\/\/meusitejuridico.editorajuspodivm.com.br\/s.meusitejuridico\/2018\/09\/66fafeef-shutterstock-676425724.jpg","type":"image\/jpeg"}],"author":"Eduardo Luiz Santos Cabette","twitter_card":"summary_large_image","twitter_misc":{"Escrito por":"Eduardo Luiz Santos Cabette","Est. tempo de leitura":"1 minuto"},"schema":{"@context":"https:\/\/schema.org","@graph":[{"@type":"Article","@id":"https:\/\/meusitejuridico.editorajuspodivm.com.br\/2018\/09\/03\/franca-legalizou-pedofilia-na-pratica-isso-nao-e-fake-news\/#article","isPartOf":{"@id":"https:\/\/meusitejuridico.editorajuspodivm.com.br\/2018\/09\/03\/franca-legalizou-pedofilia-na-pratica-isso-nao-e-fake-news\/"},"author":{"name":"Eduardo Luiz Santos Cabette","@id":"https:\/\/cdn.meusitejuridico.com.br\/#\/schema\/person\/8b773c6b3452b86fbd88dbfe07bc42db"},"headline":"A Fran\u00e7a legalizou a pedofilia na pr\u00e1tica: isso n\u00e3o \u00e9 \u201cfake news\u201d","datePublished":"2018-09-03T17:27:52+00:00","mainEntityOfPage":{"@id":"https:\/\/meusitejuridico.editorajuspodivm.com.br\/2018\/09\/03\/franca-legalizou-pedofilia-na-pratica-isso-nao-e-fake-news\/"},"wordCount":146,"commentCount":2,"publisher":{"@id":"https:\/\/cdn.meusitejuridico.com.br\/#organization"},"image":{"@id":"https:\/\/meusitejuridico.editorajuspodivm.com.br\/2018\/09\/03\/franca-legalizou-pedofilia-na-pratica-isso-nao-e-fake-news\/#primaryimage"},"thumbnailUrl":"https:\/\/meusitejuridico.editorajuspodivm.com.br\/s.meusitejuridico\/2018\/09\/66fafeef-shutterstock-676425724.jpg","keywords":["Direito Penal","estupro","Fran\u00e7a","pedofilia","vulner\u00e1veis"],"articleSection":["Artigos","Direito Penal"],"inLanguage":"pt-BR","potentialAction":[{"@type":"CommentAction","name":"Comment","target":["https:\/\/meusitejuridico.editorajuspodivm.com.br\/2018\/09\/03\/franca-legalizou-pedofilia-na-pratica-isso-nao-e-fake-news\/#respond"]}]},{"@type":"WebPage","@id":"https:\/\/meusitejuridico.editorajuspodivm.com.br\/2018\/09\/03\/franca-legalizou-pedofilia-na-pratica-isso-nao-e-fake-news\/","url":"https:\/\/meusitejuridico.editorajuspodivm.com.br\/2018\/09\/03\/franca-legalizou-pedofilia-na-pratica-isso-nao-e-fake-news\/","name":"A Fran\u00e7a legalizou a pedofilia na pr\u00e1tica: isso n\u00e3o \u00e9 \u201cfake news\u201d - Meu site jur\u00eddico","isPartOf":{"@id":"https:\/\/cdn.meusitejuridico.com.br\/#website"},"primaryImageOfPage":{"@id":"https:\/\/meusitejuridico.editorajuspodivm.com.br\/2018\/09\/03\/franca-legalizou-pedofilia-na-pratica-isso-nao-e-fake-news\/#primaryimage"},"image":{"@id":"https:\/\/meusitejuridico.editorajuspodivm.com.br\/2018\/09\/03\/franca-legalizou-pedofilia-na-pratica-isso-nao-e-fake-news\/#primaryimage"},"thumbnailUrl":"https:\/\/meusitejuridico.editorajuspodivm.com.br\/s.meusitejuridico\/2018\/09\/66fafeef-shutterstock-676425724.jpg","datePublished":"2018-09-03T17:27:52+00:00","breadcrumb":{"@id":"https:\/\/meusitejuridico.editorajuspodivm.com.br\/2018\/09\/03\/franca-legalizou-pedofilia-na-pratica-isso-nao-e-fake-news\/#breadcrumb"},"inLanguage":"pt-BR","potentialAction":[{"@type":"ReadAction","target":["https:\/\/meusitejuridico.editorajuspodivm.com.br\/2018\/09\/03\/franca-legalizou-pedofilia-na-pratica-isso-nao-e-fake-news\/"]}]},{"@type":"ImageObject","inLanguage":"pt-BR","@id":"https:\/\/meusitejuridico.editorajuspodivm.com.br\/2018\/09\/03\/franca-legalizou-pedofilia-na-pratica-isso-nao-e-fake-news\/#primaryimage","url":"https:\/\/meusitejuridico.editorajuspodivm.com.br\/s.meusitejuridico\/2018\/09\/66fafeef-shutterstock-676425724.jpg","contentUrl":"https:\/\/meusitejuridico.editorajuspodivm.com.br\/s.meusitejuridico\/2018\/09\/66fafeef-shutterstock-676425724.jpg","width":1000,"height":667},{"@type":"BreadcrumbList","@id":"https:\/\/meusitejuridico.editorajuspodivm.com.br\/2018\/09\/03\/franca-legalizou-pedofilia-na-pratica-isso-nao-e-fake-news\/#breadcrumb","itemListElement":[{"@type":"ListItem","position":1,"name":"In\u00edcio","item":"https:\/\/cdn.meusitejuridico.com.br\/"},{"@type":"ListItem","position":2,"name":"A Fran\u00e7a legalizou a pedofilia na pr\u00e1tica: isso n\u00e3o \u00e9 \u201cfake news\u201d"}]},{"@type":"WebSite","@id":"https:\/\/cdn.meusitejuridico.com.br\/#website","url":"https:\/\/cdn.meusitejuridico.com.br\/","name":"Meu site jur\u00eddico","description":"Meu site jur\u00eddico","publisher":{"@id":"https:\/\/cdn.meusitejuridico.com.br\/#organization"},"potentialAction":[{"@type":"SearchAction","target":{"@type":"EntryPoint","urlTemplate":"https:\/\/cdn.meusitejuridico.com.br\/?s={search_term_string}"},"query-input":{"@type":"PropertyValueSpecification","valueRequired":true,"valueName":"search_term_string"}}],"inLanguage":"pt-BR"},{"@type":"Organization","@id":"https:\/\/cdn.meusitejuridico.com.br\/#organization","name":"Meu site jur\u00eddico","url":"https:\/\/cdn.meusitejuridico.com.br\/","logo":{"@type":"ImageObject","inLanguage":"pt-BR","@id":"https:\/\/cdn.meusitejuridico.com.br\/#\/schema\/logo\/image\/","url":"https:\/\/meusitejuridico.editorajuspodivm.com.br\/s.meusitejuridico\/2022\/03\/cropped-baeec2a3-msj-02-01-01.png","contentUrl":"https:\/\/meusitejuridico.editorajuspodivm.com.br\/s.meusitejuridico\/2022\/03\/cropped-baeec2a3-msj-02-01-01.png","width":349,"height":243,"caption":"Meu site jur\u00eddico"},"image":{"@id":"https:\/\/cdn.meusitejuridico.com.br\/#\/schema\/logo\/image\/"}},{"@type":"Person","@id":"https:\/\/cdn.meusitejuridico.com.br\/#\/schema\/person\/8b773c6b3452b86fbd88dbfe07bc42db","name":"Eduardo Luiz Santos Cabette","image":{"@type":"ImageObject","inLanguage":"pt-BR","@id":"https:\/\/cdn.meusitejuridico.com.br\/#\/schema\/person\/image\/","url":"https:\/\/meusitejuridico.editorajuspodivm.com.br\/s.meusitejuridico\/2017\/04\/9ddea50d-cabette-150x150.jpg","contentUrl":"https:\/\/meusitejuridico.editorajuspodivm.com.br\/s.meusitejuridico\/2017\/04\/9ddea50d-cabette-150x150.jpg","caption":"Eduardo Luiz Santos Cabette"},"description":"Delegado de Pol\u00edcia Aposentado, Mestre em Direito Social, P\u00f3s \u2013 graduado em Direito Penal e Criminologia e Professor de Direito Penal, Processo Penal, Medicina Legal, Criminologia e Legisla\u00e7\u00e3o Penal e Processual Penal Especial em gradua\u00e7\u00e3o, p\u00f3s \u2013 gradua\u00e7\u00e3o e cursos preparat\u00f3rios","url":"https:\/\/meusitejuridico.editorajuspodivm.com.br\/author\/503679806421\/"}]}},"_links":{"self":[{"href":"https:\/\/meusitejuridico.editorajuspodivm.com.br\/api\/wp\/v2\/posts\/6266","targetHints":{"allow":["GET"]}}],"collection":[{"href":"https:\/\/meusitejuridico.editorajuspodivm.com.br\/api\/wp\/v2\/posts"}],"about":[{"href":"https:\/\/meusitejuridico.editorajuspodivm.com.br\/api\/wp\/v2\/types\/post"}],"author":[{"embeddable":true,"href":"https:\/\/meusitejuridico.editorajuspodivm.com.br\/api\/wp\/v2\/users\/14"}],"replies":[{"embeddable":true,"href":"https:\/\/meusitejuridico.editorajuspodivm.com.br\/api\/wp\/v2\/comments?post=6266"}],"version-history":[{"count":1,"href":"https:\/\/meusitejuridico.editorajuspodivm.com.br\/api\/wp\/v2\/posts\/6266\/revisions"}],"predecessor-version":[{"id":6269,"href":"https:\/\/meusitejuridico.editorajuspodivm.com.br\/api\/wp\/v2\/posts\/6266\/revisions\/6269"}],"wp:featuredmedia":[{"embeddable":true,"href":"https:\/\/meusitejuridico.editorajuspodivm.com.br\/api\/wp\/v2\/media\/6268"}],"wp:attachment":[{"href":"https:\/\/meusitejuridico.editorajuspodivm.com.br\/api\/wp\/v2\/media?parent=6266"}],"wp:term":[{"taxonomy":"category","embeddable":true,"href":"https:\/\/meusitejuridico.editorajuspodivm.com.br\/api\/wp\/v2\/categories?post=6266"},{"taxonomy":"post_tag","embeddable":true,"href":"https:\/\/meusitejuridico.editorajuspodivm.com.br\/api\/wp\/v2\/tags?post=6266"}],"curies":[{"name":"wp","href":"https:\/\/api.w.org\/{rel}","templated":true}]}}