{"id":6339,"date":"2018-09-13T14:02:54","date_gmt":"2018-09-13T17:02:54","guid":{"rendered":"https:\/\/meusitejuridico.com.br\/?p=6339"},"modified":"2018-09-13T14:02:54","modified_gmt":"2018-09-13T17:02:54","slug":"conexoes-entre-instancias-penal-administrativa-civil-e-de-improbidade-prescricao-e-efeito-vinculante","status":"publish","type":"post","link":"https:\/\/meusitejuridico.editorajuspodivm.com.br\/2018\/09\/13\/conexoes-entre-instancias-penal-administrativa-civil-e-de-improbidade-prescricao-e-efeito-vinculante\/","title":{"rendered":"Conex\u00f5es entre as inst\u00e2ncias penal, administrativa, civil e de improbidade: prescri\u00e7\u00e3o e efeito vinculante"},"content":{"rendered":"<p><a href=\"https:\/\/play.google.com\/store\/apps\/details?id=com.app.meuappjuridico&amp;hl=pt\" target=\"_blank\" rel=\"noopener\"><img decoding=\"async\" class=\"aligncenter wp-image-4610 size-medium\" src=\"https:\/\/s3.meusitejuridico.com.br\/2018\/02\/3cdb1249-banner-app-300x166.jpeg\" alt=\"\" width=\"300\" height=\"166\" srcset=\"https:\/\/meusitejuridico.editorajuspodivm.com.br\/s.meusitejuridico\/2018\/02\/3cdb1249-banner-app-300x166.jpeg 300w, https:\/\/meusitejuridico.editorajuspodivm.com.br\/s.meusitejuridico\/2018\/02\/3cdb1249-banner-app-768x424.jpeg 768w, https:\/\/meusitejuridico.editorajuspodivm.com.br\/s.meusitejuridico\/2018\/02\/3cdb1249-banner-app-1024x566.jpeg 1024w, https:\/\/meusitejuridico.editorajuspodivm.com.br\/s.meusitejuridico\/2018\/02\/3cdb1249-banner-app-80x44.jpeg 80w, https:\/\/meusitejuridico.editorajuspodivm.com.br\/s.meusitejuridico\/2018\/02\/3cdb1249-banner-app.jpeg 1140w\" sizes=\"(max-width: 300px) 100vw, 300px\" \/><\/a><\/p>\n<p><strong>I<\/strong><strong>NTRODU\u00c7\u00c3O<\/strong><\/p>\n<p>Objetivamos, de modo direto, tratar dos efeitos vinculantes que o ju\u00edzo penal tem sobre os ju\u00edzos civil, administrativo e de improbidade administrativa, expondo n\u00e3o apenas quest\u00f5es j\u00e1 enfrentadas pela jurisprud\u00eancia, mas tamb\u00e9m apontando reflex\u00f5es para outras com as quais os Tribunais t\u00eam pouca familiaridade.<\/p>\n<p>A falta de clareza no texto legal sobre o tema deixa pontos cinzentos a serem enfrentados pelo int\u00e9rprete. Este texto, al\u00e9m de apontar solu\u00e7\u00f5es interpretativas, prop\u00f5e ajustes legislativos que desanuviem o ambiente jur\u00eddico nesse tema.<\/p>\n<p>&nbsp;<\/p>\n<p><strong>Clique <a href=\"https:\/\/s3.meusitejuridico.com.br\/2018\/09\/b34ce5bf-2018-9-12-td251-conexoes-instancias-civil-penal-etc.pdf\" target=\"_blank\" rel=\"noopener\">aqui<\/a> para ler o artigo completo.<\/strong><\/p>\n<p>&nbsp;<\/p>\n<p>O autor escreveu\u00a0<span class='qlabs_tooltip_top qlabs_tooltip_style_1 cursor_pointer' style=''  aria-haspopup='true'>Direito Civil em Exerc\u00edcios<span style='width: 180px; '  ><img decoding=\"async\" class=\"alignnone size-full wp-image-4744\" src=\"https:\/\/s3.meusitejuridico.com.br\/2018\/03\/fd514d94-whatsapp-image-2018-03-06-at-1722281.jpeg\" alt=\"\" width=\"128\" height=\"186\" srcset=\"https:\/\/meusitejuridico.editorajuspodivm.com.br\/s.meusitejuridico\/2018\/03\/fd514d94-whatsapp-image-2018-03-06-at-1722281.jpeg 128w, https:\/\/meusitejuridico.editorajuspodivm.com.br\/s.meusitejuridico\/2018\/03\/fd514d94-whatsapp-image-2018-03-06-at-1722281-80x116.jpeg 80w\" sizes=\"(max-width: 128px) 100vw, 128px\" \/><\/span><\/span>.<\/p>\n","protected":false},"excerpt":{"rendered":"<p>INTRODU\u00c7\u00c3O Objetivamos, de modo direto, tratar dos efeitos vinculantes que o ju\u00edzo penal tem sobre os ju\u00edzos civil, administrativo e de improbidade administrativa, expondo n\u00e3o apenas quest\u00f5es j\u00e1 enfrentadas pela jurisprud\u00eancia, mas tamb\u00e9m apontando reflex\u00f5es para outras com as quais os Tribunais t\u00eam pouca familiaridade. A falta de clareza no texto legal sobre o tema [&hellip;]<\/p>\n","protected":false},"author":50,"featured_media":6341,"comment_status":"open","ping_status":"open","sticky":false,"template":"","format":"standard","meta":{"_acf_changed":false,"footnotes":""},"categories":[1],"tags":[2032,2030,2031,111],"class_list":["post-6339","post","type-post","status-publish","format-standard","has-post-thumbnail","hentry","category-artigos","tag-conexao-entre-instancias","tag-efeito-vinculante","tag-independencia-de-instancias","tag-prescricao"],"acf":[],"yoast_head":"<!-- This site is optimized with the Yoast SEO plugin v24.8.1 - https:\/\/yoast.com\/wordpress\/plugins\/seo\/ -->\n<title>Conex\u00f5es entre as inst\u00e2ncias penal, administrativa, civil e de improbidade: prescri\u00e7\u00e3o e efeito vinculante - Meu site jur\u00eddico<\/title>\n<meta name=\"robots\" content=\"index, follow, max-snippet:-1, max-image-preview:large, max-video-preview:-1\" \/>\n<link rel=\"canonical\" href=\"https:\/\/meusitejuridico.editorajuspodivm.com.br\/2018\/09\/13\/conexoes-entre-instancias-penal-administrativa-civil-e-de-improbidade-prescricao-e-efeito-vinculante\/\" \/>\n<meta property=\"og:locale\" content=\"pt_BR\" \/>\n<meta property=\"og:type\" content=\"article\" \/>\n<meta property=\"og:title\" content=\"Conex\u00f5es entre as inst\u00e2ncias penal, administrativa, civil e de improbidade: prescri\u00e7\u00e3o e efeito vinculante - Meu site jur\u00eddico\" \/>\n<meta property=\"og:description\" content=\"INTRODU\u00c7\u00c3O Objetivamos, de modo direto, tratar dos efeitos vinculantes que o ju\u00edzo penal tem sobre os ju\u00edzos civil, administrativo e de improbidade administrativa, expondo n\u00e3o apenas quest\u00f5es j\u00e1 enfrentadas pela jurisprud\u00eancia, mas tamb\u00e9m apontando reflex\u00f5es para outras com as quais os Tribunais t\u00eam pouca familiaridade. A falta de clareza no texto legal sobre o tema [&hellip;]\" \/>\n<meta property=\"og:url\" content=\"https:\/\/meusitejuridico.editorajuspodivm.com.br\/2018\/09\/13\/conexoes-entre-instancias-penal-administrativa-civil-e-de-improbidade-prescricao-e-efeito-vinculante\/\" \/>\n<meta property=\"og:site_name\" content=\"Meu site jur\u00eddico\" \/>\n<meta property=\"article:published_time\" content=\"2018-09-13T17:02:54+00:00\" \/>\n<meta property=\"og:image\" content=\"https:\/\/meusitejuridico.editorajuspodivm.com.br\/s.meusitejuridico\/2018\/09\/45db79a4-shutterstock-124267174.jpg\" \/>\n\t<meta property=\"og:image:width\" content=\"1000\" \/>\n\t<meta property=\"og:image:height\" content=\"667\" \/>\n\t<meta property=\"og:image:type\" content=\"image\/jpeg\" \/>\n<meta name=\"author\" content=\"Carlos Eduardo Elias de Oliveira\" \/>\n<meta name=\"twitter:card\" content=\"summary_large_image\" \/>\n<meta name=\"twitter:label1\" content=\"Escrito por\" \/>\n\t<meta name=\"twitter:data1\" content=\"Carlos Eduardo Elias de Oliveira\" \/>\n\t<meta name=\"twitter:label2\" content=\"Est. tempo de leitura\" \/>\n\t<meta name=\"twitter:data2\" content=\"1 minuto\" \/>\n<script type=\"application\/ld+json\" class=\"yoast-schema-graph\">{\"@context\":\"https:\/\/schema.org\",\"@graph\":[{\"@type\":\"Article\",\"@id\":\"https:\/\/meusitejuridico.editorajuspodivm.com.br\/2018\/09\/13\/conexoes-entre-instancias-penal-administrativa-civil-e-de-improbidade-prescricao-e-efeito-vinculante\/#article\",\"isPartOf\":{\"@id\":\"https:\/\/meusitejuridico.editorajuspodivm.com.br\/2018\/09\/13\/conexoes-entre-instancias-penal-administrativa-civil-e-de-improbidade-prescricao-e-efeito-vinculante\/\"},\"author\":{\"name\":\"Carlos Eduardo Elias de Oliveira\",\"@id\":\"https:\/\/meusitejuridico.com.br\/#\/schema\/person\/08ce2e3d6078512038b4a567c1b3782a\"},\"headline\":\"Conex\u00f5es entre as inst\u00e2ncias penal, administrativa, civil e de improbidade: prescri\u00e7\u00e3o e efeito vinculante\",\"datePublished\":\"2018-09-13T17:02:54+00:00\",\"mainEntityOfPage\":{\"@id\":\"https:\/\/meusitejuridico.editorajuspodivm.com.br\/2018\/09\/13\/conexoes-entre-instancias-penal-administrativa-civil-e-de-improbidade-prescricao-e-efeito-vinculante\/\"},\"wordCount\":147,\"commentCount\":0,\"publisher\":{\"@id\":\"https:\/\/meusitejuridico.com.br\/#organization\"},\"image\":{\"@id\":\"https:\/\/meusitejuridico.editorajuspodivm.com.br\/2018\/09\/13\/conexoes-entre-instancias-penal-administrativa-civil-e-de-improbidade-prescricao-e-efeito-vinculante\/#primaryimage\"},\"thumbnailUrl\":\"https:\/\/meusitejuridico.editorajuspodivm.com.br\/s.meusitejuridico\/2018\/09\/45db79a4-shutterstock-124267174.jpg\",\"keywords\":[\"conex\u00e3o entre inst\u00e2ncias\",\"efeito vinculante\",\"independ\u00eancia de inst\u00e2ncias\",\"Prescri\u00e7\u00e3o\"],\"articleSection\":[\"Artigos\"],\"inLanguage\":\"pt-BR\",\"potentialAction\":[{\"@type\":\"CommentAction\",\"name\":\"Comment\",\"target\":[\"https:\/\/meusitejuridico.editorajuspodivm.com.br\/2018\/09\/13\/conexoes-entre-instancias-penal-administrativa-civil-e-de-improbidade-prescricao-e-efeito-vinculante\/#respond\"]}]},{\"@type\":\"WebPage\",\"@id\":\"https:\/\/meusitejuridico.editorajuspodivm.com.br\/2018\/09\/13\/conexoes-entre-instancias-penal-administrativa-civil-e-de-improbidade-prescricao-e-efeito-vinculante\/\",\"url\":\"https:\/\/meusitejuridico.editorajuspodivm.com.br\/2018\/09\/13\/conexoes-entre-instancias-penal-administrativa-civil-e-de-improbidade-prescricao-e-efeito-vinculante\/\",\"name\":\"Conex\u00f5es entre as inst\u00e2ncias penal, administrativa, civil e de improbidade: prescri\u00e7\u00e3o e efeito vinculante - Meu site jur\u00eddico\",\"isPartOf\":{\"@id\":\"https:\/\/meusitejuridico.com.br\/#website\"},\"primaryImageOfPage\":{\"@id\":\"https:\/\/meusitejuridico.editorajuspodivm.com.br\/2018\/09\/13\/conexoes-entre-instancias-penal-administrativa-civil-e-de-improbidade-prescricao-e-efeito-vinculante\/#primaryimage\"},\"image\":{\"@id\":\"https:\/\/meusitejuridico.editorajuspodivm.com.br\/2018\/09\/13\/conexoes-entre-instancias-penal-administrativa-civil-e-de-improbidade-prescricao-e-efeito-vinculante\/#primaryimage\"},\"thumbnailUrl\":\"https:\/\/meusitejuridico.editorajuspodivm.com.br\/s.meusitejuridico\/2018\/09\/45db79a4-shutterstock-124267174.jpg\",\"datePublished\":\"2018-09-13T17:02:54+00:00\",\"breadcrumb\":{\"@id\":\"https:\/\/meusitejuridico.editorajuspodivm.com.br\/2018\/09\/13\/conexoes-entre-instancias-penal-administrativa-civil-e-de-improbidade-prescricao-e-efeito-vinculante\/#breadcrumb\"},\"inLanguage\":\"pt-BR\",\"potentialAction\":[{\"@type\":\"ReadAction\",\"target\":[\"https:\/\/meusitejuridico.editorajuspodivm.com.br\/2018\/09\/13\/conexoes-entre-instancias-penal-administrativa-civil-e-de-improbidade-prescricao-e-efeito-vinculante\/\"]}]},{\"@type\":\"ImageObject\",\"inLanguage\":\"pt-BR\",\"@id\":\"https:\/\/meusitejuridico.editorajuspodivm.com.br\/2018\/09\/13\/conexoes-entre-instancias-penal-administrativa-civil-e-de-improbidade-prescricao-e-efeito-vinculante\/#primaryimage\",\"url\":\"https:\/\/meusitejuridico.editorajuspodivm.com.br\/s.meusitejuridico\/2018\/09\/45db79a4-shutterstock-124267174.jpg\",\"contentUrl\":\"https:\/\/meusitejuridico.editorajuspodivm.com.br\/s.meusitejuridico\/2018\/09\/45db79a4-shutterstock-124267174.jpg\",\"width\":1000,\"height\":667},{\"@type\":\"BreadcrumbList\",\"@id\":\"https:\/\/meusitejuridico.editorajuspodivm.com.br\/2018\/09\/13\/conexoes-entre-instancias-penal-administrativa-civil-e-de-improbidade-prescricao-e-efeito-vinculante\/#breadcrumb\",\"itemListElement\":[{\"@type\":\"ListItem\",\"position\":1,\"name\":\"In\u00edcio\",\"item\":\"https:\/\/meusitejuridico.com.br\/\"},{\"@type\":\"ListItem\",\"position\":2,\"name\":\"Conex\u00f5es entre as inst\u00e2ncias penal, administrativa, civil e de improbidade: prescri\u00e7\u00e3o e efeito vinculante\"}]},{\"@type\":\"WebSite\",\"@id\":\"https:\/\/meusitejuridico.com.br\/#website\",\"url\":\"https:\/\/meusitejuridico.com.br\/\",\"name\":\"Meu site jur\u00eddico\",\"description\":\"Meu site jur\u00eddico\",\"publisher\":{\"@id\":\"https:\/\/meusitejuridico.com.br\/#organization\"},\"potentialAction\":[{\"@type\":\"SearchAction\",\"target\":{\"@type\":\"EntryPoint\",\"urlTemplate\":\"https:\/\/meusitejuridico.com.br\/?s={search_term_string}\"},\"query-input\":{\"@type\":\"PropertyValueSpecification\",\"valueRequired\":true,\"valueName\":\"search_term_string\"}}],\"inLanguage\":\"pt-BR\"},{\"@type\":\"Organization\",\"@id\":\"https:\/\/meusitejuridico.com.br\/#organization\",\"name\":\"Meu site jur\u00eddico\",\"url\":\"https:\/\/meusitejuridico.com.br\/\",\"logo\":{\"@type\":\"ImageObject\",\"inLanguage\":\"pt-BR\",\"@id\":\"https:\/\/meusitejuridico.com.br\/#\/schema\/logo\/image\/\",\"url\":\"https:\/\/meusitejuridico.editorajuspodivm.com.br\/s.meusitejuridico\/2022\/03\/cropped-baeec2a3-msj-02-01-01.png\",\"contentUrl\":\"https:\/\/meusitejuridico.editorajuspodivm.com.br\/s.meusitejuridico\/2022\/03\/cropped-baeec2a3-msj-02-01-01.png\",\"width\":349,\"height\":243,\"caption\":\"Meu site jur\u00eddico\"},\"image\":{\"@id\":\"https:\/\/meusitejuridico.com.br\/#\/schema\/logo\/image\/\"}},{\"@type\":\"Person\",\"@id\":\"https:\/\/meusitejuridico.com.br\/#\/schema\/person\/08ce2e3d6078512038b4a567c1b3782a\",\"name\":\"Carlos Eduardo Elias de Oliveira\",\"image\":{\"@type\":\"ImageObject\",\"inLanguage\":\"pt-BR\",\"@id\":\"https:\/\/meusitejuridico.com.br\/#\/schema\/person\/image\/\",\"url\":\"https:\/\/meusitejuridico.editorajuspodivm.com.br\/s.meusitejuridico\/2018\/03\/55480d8a-whatsapp-image-2018-03-06-at-172228-150x150.jpeg\",\"contentUrl\":\"https:\/\/meusitejuridico.editorajuspodivm.com.br\/s.meusitejuridico\/2018\/03\/55480d8a-whatsapp-image-2018-03-06-at-172228-150x150.jpeg\",\"caption\":\"Carlos Eduardo Elias de Oliveira\"},\"description\":\"Membro da Comiss\u00e3o de Reforma do C\u00f3digo Civil (Senado Federal, 2023\/2024). Advogado, parecerista e \u00e1rbitro. P\u00f3s-Doutorando em Direito Civil (USP). Doutor, mestre e bacharel em Direito (UnB). Professor de Direito Civil e de Direito Notarial e Registral. Consultor Legislativo do Senado Federal em Direito Civil, Processo Civil e Direito Agr\u00e1rio (\u00fanico aprovado no concurso de 2012). Ex-Advogado da Uni\u00e3o. Ex-Assessor de Ministro do STJ. P\u00f3s-graduado em Direito Notarial e Registral. Membro do Instituto Brasileiro de Direito de Fam\u00edlia (IBDFAM). Membro da Academia Brasileira de Direito Civil (ABDC). Membro fundador do Instituto Brasileiro de Direito Contratual (IBDCONT). Instagram: @profcarloselias. E-mail: carloseliasdeoliveira@yaho.com.br\",\"url\":\"https:\/\/meusitejuridico.editorajuspodivm.com.br\/author\/677846371520\/\"}]}<\/script>\n<!-- \/ Yoast SEO plugin. -->","yoast_head_json":{"title":"Conex\u00f5es entre as inst\u00e2ncias penal, administrativa, civil e de improbidade: prescri\u00e7\u00e3o e efeito vinculante - Meu site jur\u00eddico","robots":{"index":"index","follow":"follow","max-snippet":"max-snippet:-1","max-image-preview":"max-image-preview:large","max-video-preview":"max-video-preview:-1"},"canonical":"https:\/\/meusitejuridico.editorajuspodivm.com.br\/2018\/09\/13\/conexoes-entre-instancias-penal-administrativa-civil-e-de-improbidade-prescricao-e-efeito-vinculante\/","og_locale":"pt_BR","og_type":"article","og_title":"Conex\u00f5es entre as inst\u00e2ncias penal, administrativa, civil e de improbidade: prescri\u00e7\u00e3o e efeito vinculante - Meu site jur\u00eddico","og_description":"INTRODU\u00c7\u00c3O Objetivamos, de modo direto, tratar dos efeitos vinculantes que o ju\u00edzo penal tem sobre os ju\u00edzos civil, administrativo e de improbidade administrativa, expondo n\u00e3o apenas quest\u00f5es j\u00e1 enfrentadas pela jurisprud\u00eancia, mas tamb\u00e9m apontando reflex\u00f5es para outras com as quais os Tribunais t\u00eam pouca familiaridade. A falta de clareza no texto legal sobre o tema [&hellip;]","og_url":"https:\/\/meusitejuridico.editorajuspodivm.com.br\/2018\/09\/13\/conexoes-entre-instancias-penal-administrativa-civil-e-de-improbidade-prescricao-e-efeito-vinculante\/","og_site_name":"Meu site jur\u00eddico","article_published_time":"2018-09-13T17:02:54+00:00","og_image":[{"width":1000,"height":667,"url":"https:\/\/meusitejuridico.editorajuspodivm.com.br\/s.meusitejuridico\/2018\/09\/45db79a4-shutterstock-124267174.jpg","type":"image\/jpeg"}],"author":"Carlos Eduardo Elias de Oliveira","twitter_card":"summary_large_image","twitter_misc":{"Escrito por":"Carlos Eduardo Elias de Oliveira","Est. tempo de leitura":"1 minuto"},"schema":{"@context":"https:\/\/schema.org","@graph":[{"@type":"Article","@id":"https:\/\/meusitejuridico.editorajuspodivm.com.br\/2018\/09\/13\/conexoes-entre-instancias-penal-administrativa-civil-e-de-improbidade-prescricao-e-efeito-vinculante\/#article","isPartOf":{"@id":"https:\/\/meusitejuridico.editorajuspodivm.com.br\/2018\/09\/13\/conexoes-entre-instancias-penal-administrativa-civil-e-de-improbidade-prescricao-e-efeito-vinculante\/"},"author":{"name":"Carlos Eduardo Elias de Oliveira","@id":"https:\/\/meusitejuridico.com.br\/#\/schema\/person\/08ce2e3d6078512038b4a567c1b3782a"},"headline":"Conex\u00f5es entre as inst\u00e2ncias penal, administrativa, civil e de improbidade: prescri\u00e7\u00e3o e efeito vinculante","datePublished":"2018-09-13T17:02:54+00:00","mainEntityOfPage":{"@id":"https:\/\/meusitejuridico.editorajuspodivm.com.br\/2018\/09\/13\/conexoes-entre-instancias-penal-administrativa-civil-e-de-improbidade-prescricao-e-efeito-vinculante\/"},"wordCount":147,"commentCount":0,"publisher":{"@id":"https:\/\/meusitejuridico.com.br\/#organization"},"image":{"@id":"https:\/\/meusitejuridico.editorajuspodivm.com.br\/2018\/09\/13\/conexoes-entre-instancias-penal-administrativa-civil-e-de-improbidade-prescricao-e-efeito-vinculante\/#primaryimage"},"thumbnailUrl":"https:\/\/meusitejuridico.editorajuspodivm.com.br\/s.meusitejuridico\/2018\/09\/45db79a4-shutterstock-124267174.jpg","keywords":["conex\u00e3o entre inst\u00e2ncias","efeito vinculante","independ\u00eancia de inst\u00e2ncias","Prescri\u00e7\u00e3o"],"articleSection":["Artigos"],"inLanguage":"pt-BR","potentialAction":[{"@type":"CommentAction","name":"Comment","target":["https:\/\/meusitejuridico.editorajuspodivm.com.br\/2018\/09\/13\/conexoes-entre-instancias-penal-administrativa-civil-e-de-improbidade-prescricao-e-efeito-vinculante\/#respond"]}]},{"@type":"WebPage","@id":"https:\/\/meusitejuridico.editorajuspodivm.com.br\/2018\/09\/13\/conexoes-entre-instancias-penal-administrativa-civil-e-de-improbidade-prescricao-e-efeito-vinculante\/","url":"https:\/\/meusitejuridico.editorajuspodivm.com.br\/2018\/09\/13\/conexoes-entre-instancias-penal-administrativa-civil-e-de-improbidade-prescricao-e-efeito-vinculante\/","name":"Conex\u00f5es entre as inst\u00e2ncias penal, administrativa, civil e de improbidade: prescri\u00e7\u00e3o e efeito vinculante - Meu site jur\u00eddico","isPartOf":{"@id":"https:\/\/meusitejuridico.com.br\/#website"},"primaryImageOfPage":{"@id":"https:\/\/meusitejuridico.editorajuspodivm.com.br\/2018\/09\/13\/conexoes-entre-instancias-penal-administrativa-civil-e-de-improbidade-prescricao-e-efeito-vinculante\/#primaryimage"},"image":{"@id":"https:\/\/meusitejuridico.editorajuspodivm.com.br\/2018\/09\/13\/conexoes-entre-instancias-penal-administrativa-civil-e-de-improbidade-prescricao-e-efeito-vinculante\/#primaryimage"},"thumbnailUrl":"https:\/\/meusitejuridico.editorajuspodivm.com.br\/s.meusitejuridico\/2018\/09\/45db79a4-shutterstock-124267174.jpg","datePublished":"2018-09-13T17:02:54+00:00","breadcrumb":{"@id":"https:\/\/meusitejuridico.editorajuspodivm.com.br\/2018\/09\/13\/conexoes-entre-instancias-penal-administrativa-civil-e-de-improbidade-prescricao-e-efeito-vinculante\/#breadcrumb"},"inLanguage":"pt-BR","potentialAction":[{"@type":"ReadAction","target":["https:\/\/meusitejuridico.editorajuspodivm.com.br\/2018\/09\/13\/conexoes-entre-instancias-penal-administrativa-civil-e-de-improbidade-prescricao-e-efeito-vinculante\/"]}]},{"@type":"ImageObject","inLanguage":"pt-BR","@id":"https:\/\/meusitejuridico.editorajuspodivm.com.br\/2018\/09\/13\/conexoes-entre-instancias-penal-administrativa-civil-e-de-improbidade-prescricao-e-efeito-vinculante\/#primaryimage","url":"https:\/\/meusitejuridico.editorajuspodivm.com.br\/s.meusitejuridico\/2018\/09\/45db79a4-shutterstock-124267174.jpg","contentUrl":"https:\/\/meusitejuridico.editorajuspodivm.com.br\/s.meusitejuridico\/2018\/09\/45db79a4-shutterstock-124267174.jpg","width":1000,"height":667},{"@type":"BreadcrumbList","@id":"https:\/\/meusitejuridico.editorajuspodivm.com.br\/2018\/09\/13\/conexoes-entre-instancias-penal-administrativa-civil-e-de-improbidade-prescricao-e-efeito-vinculante\/#breadcrumb","itemListElement":[{"@type":"ListItem","position":1,"name":"In\u00edcio","item":"https:\/\/meusitejuridico.com.br\/"},{"@type":"ListItem","position":2,"name":"Conex\u00f5es entre as inst\u00e2ncias penal, administrativa, civil e de improbidade: prescri\u00e7\u00e3o e efeito vinculante"}]},{"@type":"WebSite","@id":"https:\/\/meusitejuridico.com.br\/#website","url":"https:\/\/meusitejuridico.com.br\/","name":"Meu site jur\u00eddico","description":"Meu site jur\u00eddico","publisher":{"@id":"https:\/\/meusitejuridico.com.br\/#organization"},"potentialAction":[{"@type":"SearchAction","target":{"@type":"EntryPoint","urlTemplate":"https:\/\/meusitejuridico.com.br\/?s={search_term_string}"},"query-input":{"@type":"PropertyValueSpecification","valueRequired":true,"valueName":"search_term_string"}}],"inLanguage":"pt-BR"},{"@type":"Organization","@id":"https:\/\/meusitejuridico.com.br\/#organization","name":"Meu site jur\u00eddico","url":"https:\/\/meusitejuridico.com.br\/","logo":{"@type":"ImageObject","inLanguage":"pt-BR","@id":"https:\/\/meusitejuridico.com.br\/#\/schema\/logo\/image\/","url":"https:\/\/meusitejuridico.editorajuspodivm.com.br\/s.meusitejuridico\/2022\/03\/cropped-baeec2a3-msj-02-01-01.png","contentUrl":"https:\/\/meusitejuridico.editorajuspodivm.com.br\/s.meusitejuridico\/2022\/03\/cropped-baeec2a3-msj-02-01-01.png","width":349,"height":243,"caption":"Meu site jur\u00eddico"},"image":{"@id":"https:\/\/meusitejuridico.com.br\/#\/schema\/logo\/image\/"}},{"@type":"Person","@id":"https:\/\/meusitejuridico.com.br\/#\/schema\/person\/08ce2e3d6078512038b4a567c1b3782a","name":"Carlos Eduardo Elias de Oliveira","image":{"@type":"ImageObject","inLanguage":"pt-BR","@id":"https:\/\/meusitejuridico.com.br\/#\/schema\/person\/image\/","url":"https:\/\/meusitejuridico.editorajuspodivm.com.br\/s.meusitejuridico\/2018\/03\/55480d8a-whatsapp-image-2018-03-06-at-172228-150x150.jpeg","contentUrl":"https:\/\/meusitejuridico.editorajuspodivm.com.br\/s.meusitejuridico\/2018\/03\/55480d8a-whatsapp-image-2018-03-06-at-172228-150x150.jpeg","caption":"Carlos Eduardo Elias de Oliveira"},"description":"Membro da Comiss\u00e3o de Reforma do C\u00f3digo Civil (Senado Federal, 2023\/2024). Advogado, parecerista e \u00e1rbitro. P\u00f3s-Doutorando em Direito Civil (USP). Doutor, mestre e bacharel em Direito (UnB). Professor de Direito Civil e de Direito Notarial e Registral. Consultor Legislativo do Senado Federal em Direito Civil, Processo Civil e Direito Agr\u00e1rio (\u00fanico aprovado no concurso de 2012). Ex-Advogado da Uni\u00e3o. Ex-Assessor de Ministro do STJ. P\u00f3s-graduado em Direito Notarial e Registral. Membro do Instituto Brasileiro de Direito de Fam\u00edlia (IBDFAM). Membro da Academia Brasileira de Direito Civil (ABDC). Membro fundador do Instituto Brasileiro de Direito Contratual (IBDCONT). Instagram: @profcarloselias. E-mail: carloseliasdeoliveira@yaho.com.br","url":"https:\/\/meusitejuridico.editorajuspodivm.com.br\/author\/677846371520\/"}]}},"_links":{"self":[{"href":"https:\/\/meusitejuridico.editorajuspodivm.com.br\/api\/wp\/v2\/posts\/6339","targetHints":{"allow":["GET"]}}],"collection":[{"href":"https:\/\/meusitejuridico.editorajuspodivm.com.br\/api\/wp\/v2\/posts"}],"about":[{"href":"https:\/\/meusitejuridico.editorajuspodivm.com.br\/api\/wp\/v2\/types\/post"}],"author":[{"embeddable":true,"href":"https:\/\/meusitejuridico.editorajuspodivm.com.br\/api\/wp\/v2\/users\/50"}],"replies":[{"embeddable":true,"href":"https:\/\/meusitejuridico.editorajuspodivm.com.br\/api\/wp\/v2\/comments?post=6339"}],"version-history":[{"count":3,"href":"https:\/\/meusitejuridico.editorajuspodivm.com.br\/api\/wp\/v2\/posts\/6339\/revisions"}],"predecessor-version":[{"id":6344,"href":"https:\/\/meusitejuridico.editorajuspodivm.com.br\/api\/wp\/v2\/posts\/6339\/revisions\/6344"}],"wp:featuredmedia":[{"embeddable":true,"href":"https:\/\/meusitejuridico.editorajuspodivm.com.br\/api\/wp\/v2\/media\/6341"}],"wp:attachment":[{"href":"https:\/\/meusitejuridico.editorajuspodivm.com.br\/api\/wp\/v2\/media?parent=6339"}],"wp:term":[{"taxonomy":"category","embeddable":true,"href":"https:\/\/meusitejuridico.editorajuspodivm.com.br\/api\/wp\/v2\/categories?post=6339"},{"taxonomy":"post_tag","embeddable":true,"href":"https:\/\/meusitejuridico.editorajuspodivm.com.br\/api\/wp\/v2\/tags?post=6339"}],"curies":[{"name":"wp","href":"https:\/\/api.w.org\/{rel}","templated":true}]}}