{"id":6981,"date":"2018-12-08T08:13:31","date_gmt":"2018-12-08T10:13:31","guid":{"rendered":"https:\/\/meusitejuridico.editorajuspodivm.com.br\/?p=6981"},"modified":"2018-12-08T08:13:31","modified_gmt":"2018-12-08T10:13:31","slug":"certo-ou-errado-pode-alegar-estado-de-necessidade-inclusive-quem-tinha-o-dever-legal-de-enfrentar-o-perigo","status":"publish","type":"post","link":"https:\/\/meusitejuridico.editorajuspodivm.com.br\/2018\/12\/08\/certo-ou-errado-pode-alegar-estado-de-necessidade-inclusive-quem-tinha-o-dever-legal-de-enfrentar-o-perigo\/","title":{"rendered":"Certo ou errado? Pode alegar estado de necessidade inclusive quem tinha o dever legal de enfrentar o perigo"},"content":{"rendered":"<p><strong>ERRADO<\/strong><\/p>\n<p>Conforme a letra expressa do art. 24, \u00a7 1\u00ba, do C\u00f3digo Penal, n\u00e3o pode alegar estado de necessidade quem tinha o dever legal de enfrentar o perigo. Quer o dispositivo se referir a pessoas que, em raz\u00e3o da fun\u00e7\u00e3o ou of\u00edcio, t\u00eam o dever legal de enfrentar a situa\u00e7\u00e3o de perigo (desde que poss\u00edvel de ser enfrentado), n\u00e3o lhes sendo l\u00edcito sacrificar bens alheios para a defesa do seu pr\u00f3prio direito. Quais os personagens com esse dever? Parcela da doutrina entende por \u201cdever legal\u201d apenas aquele derivado de mandamento legal (art. 13, \u00a7 2\u00ba, \u201ca\u201d, do CP). A maioria, contudo, atenta \u00e0 Exposi\u00e7\u00e3o de Motivos do C\u00f3digo Penal, discorda, tomando a express\u00e3o (dever legal) no seu sentido amplo, abarcando, assim, o conceito de dever jur\u00eddico (art. 13, \u00a7 2\u00ba, \u201ca\u201d, \u201cb\u201d e \u201cc\u201d, do CP).<\/p>\n<p><a href=\"https:\/\/play.google.com\/store\/apps\/details?id=com.app.meuappjuridico&amp;hl=pt\" target=\"_blank\" rel=\"noopener\"><img decoding=\"async\" class=\"alignnone wp-image-4610 size-medium\" src=\"https:\/\/s3.meusitejuridico.com.br\/2018\/02\/3cdb1249-banner-app-300x166.jpeg\" alt=\"\" width=\"300\" height=\"166\" srcset=\"https:\/\/meusitejuridico.editorajuspodivm.com.br\/s.meusitejuridico\/2018\/02\/3cdb1249-banner-app-300x166.jpeg 300w, https:\/\/meusitejuridico.editorajuspodivm.com.br\/s.meusitejuridico\/2018\/02\/3cdb1249-banner-app-768x424.jpeg 768w, https:\/\/meusitejuridico.editorajuspodivm.com.br\/s.meusitejuridico\/2018\/02\/3cdb1249-banner-app-1024x566.jpeg 1024w, https:\/\/meusitejuridico.editorajuspodivm.com.br\/s.meusitejuridico\/2018\/02\/3cdb1249-banner-app-80x44.jpeg 80w, https:\/\/meusitejuridico.editorajuspodivm.com.br\/s.meusitejuridico\/2018\/02\/3cdb1249-banner-app.jpeg 1140w\" sizes=\"(max-width: 300px) 100vw, 300px\" \/><\/a><\/p>\n<p>Material extra\u00eddo da obra <a href=\"https:\/\/www.editorajuspodivm.com.br\/revisaco-direito-penal-2209-questoes-comentadas-alternativa-por-alternativa-2018\" target=\"_blank\" rel=\"noopener\">Revisa\u00e7o Direito Penal<\/a><\/p>\n","protected":false},"excerpt":{"rendered":"<p>ERRADO Conforme a letra expressa do art. 24, \u00a7 1\u00ba, do C\u00f3digo Penal, n\u00e3o pode alegar estado de necessidade quem tinha o dever legal de enfrentar o perigo. Quer o dispositivo se referir a pessoas que, em raz\u00e3o da fun\u00e7\u00e3o ou of\u00edcio, t\u00eam o dever legal de enfrentar a situa\u00e7\u00e3o de perigo (desde que poss\u00edvel [&hellip;]<\/p>\n","protected":false},"author":7,"featured_media":2821,"comment_status":"open","ping_status":"open","sticky":false,"template":"","format":"standard","meta":{"_acf_changed":false,"footnotes":""},"categories":[78,437],"tags":[1942,107,494,1663],"class_list":["post-6981","post","type-post","status-publish","format-standard","has-post-thumbnail","hentry","category-material-de-aula","category-perguntas-e-respostas","tag-art-13-cp","tag-direito-penal","tag-estado-de-necessidade","tag-perigo"],"acf":[],"yoast_head":"<!-- This site is optimized with the Yoast SEO plugin v24.8.1 - https:\/\/yoast.com\/wordpress\/plugins\/seo\/ -->\n<title>Certo ou errado? Pode alegar estado de necessidade inclusive quem tinha o dever legal de enfrentar o perigo - Meu site jur\u00eddico<\/title>\n<meta name=\"robots\" content=\"index, follow, max-snippet:-1, max-image-preview:large, max-video-preview:-1\" \/>\n<link rel=\"canonical\" href=\"https:\/\/meusitejuridico.editorajuspodivm.com.br\/2018\/12\/08\/certo-ou-errado-pode-alegar-estado-de-necessidade-inclusive-quem-tinha-o-dever-legal-de-enfrentar-o-perigo\/\" \/>\n<meta property=\"og:locale\" content=\"pt_BR\" \/>\n<meta property=\"og:type\" content=\"article\" \/>\n<meta property=\"og:title\" content=\"Certo ou errado? Pode alegar estado de necessidade inclusive quem tinha o dever legal de enfrentar o perigo - Meu site jur\u00eddico\" \/>\n<meta property=\"og:description\" content=\"ERRADO Conforme a letra expressa do art. 24, \u00a7 1\u00ba, do C\u00f3digo Penal, n\u00e3o pode alegar estado de necessidade quem tinha o dever legal de enfrentar o perigo. Quer o dispositivo se referir a pessoas que, em raz\u00e3o da fun\u00e7\u00e3o ou of\u00edcio, t\u00eam o dever legal de enfrentar a situa\u00e7\u00e3o de perigo (desde que poss\u00edvel [&hellip;]\" \/>\n<meta property=\"og:url\" content=\"https:\/\/meusitejuridico.editorajuspodivm.com.br\/2018\/12\/08\/certo-ou-errado-pode-alegar-estado-de-necessidade-inclusive-quem-tinha-o-dever-legal-de-enfrentar-o-perigo\/\" \/>\n<meta property=\"og:site_name\" content=\"Meu site jur\u00eddico\" \/>\n<meta property=\"article:published_time\" content=\"2018-12-08T10:13:31+00:00\" \/>\n<meta property=\"og:image\" content=\"https:\/\/meusitejuridico.editorajuspodivm.com.br\/s.meusitejuridico\/2017\/06\/e979bce6-shutterstock-586511408-1024x683.jpg\" \/>\n\t<meta property=\"og:image:width\" content=\"1024\" \/>\n\t<meta property=\"og:image:height\" content=\"683\" \/>\n\t<meta property=\"og:image:type\" content=\"image\/jpeg\" \/>\n<meta name=\"author\" content=\"Equipe Meu Site Jur\u00eddico\" \/>\n<meta name=\"twitter:card\" content=\"summary_large_image\" \/>\n<meta name=\"twitter:label1\" content=\"Escrito por\" \/>\n\t<meta name=\"twitter:data1\" content=\"Equipe Meu Site Jur\u00eddico\" \/>\n\t<meta name=\"twitter:label2\" content=\"Est. tempo de leitura\" \/>\n\t<meta name=\"twitter:data2\" content=\"1 minuto\" \/>\n<script type=\"application\/ld+json\" class=\"yoast-schema-graph\">{\"@context\":\"https:\/\/schema.org\",\"@graph\":[{\"@type\":\"Article\",\"@id\":\"https:\/\/meusitejuridico.editorajuspodivm.com.br\/2018\/12\/08\/certo-ou-errado-pode-alegar-estado-de-necessidade-inclusive-quem-tinha-o-dever-legal-de-enfrentar-o-perigo\/#article\",\"isPartOf\":{\"@id\":\"https:\/\/meusitejuridico.editorajuspodivm.com.br\/2018\/12\/08\/certo-ou-errado-pode-alegar-estado-de-necessidade-inclusive-quem-tinha-o-dever-legal-de-enfrentar-o-perigo\/\"},\"author\":{\"name\":\"Equipe Meu Site Jur\u00eddico\",\"@id\":\"https:\/\/meusitejuridico.com.br\/#\/schema\/person\/5c2237ac0c8ff03bcf1a09fe3e45dfce\"},\"headline\":\"Certo ou errado? Pode alegar estado de necessidade inclusive quem tinha o dever legal de enfrentar o perigo\",\"datePublished\":\"2018-12-08T10:13:31+00:00\",\"mainEntityOfPage\":{\"@id\":\"https:\/\/meusitejuridico.editorajuspodivm.com.br\/2018\/12\/08\/certo-ou-errado-pode-alegar-estado-de-necessidade-inclusive-quem-tinha-o-dever-legal-de-enfrentar-o-perigo\/\"},\"wordCount\":168,\"commentCount\":1,\"publisher\":{\"@id\":\"https:\/\/meusitejuridico.com.br\/#organization\"},\"image\":{\"@id\":\"https:\/\/meusitejuridico.editorajuspodivm.com.br\/2018\/12\/08\/certo-ou-errado-pode-alegar-estado-de-necessidade-inclusive-quem-tinha-o-dever-legal-de-enfrentar-o-perigo\/#primaryimage\"},\"thumbnailUrl\":\"https:\/\/meusitejuridico.editorajuspodivm.com.br\/s.meusitejuridico\/2017\/06\/e979bce6-shutterstock-586511408.jpg\",\"keywords\":[\"art. 13 CP\",\"Direito Penal\",\"estado de necessidade\",\"perigo\"],\"articleSection\":[\"Material de aula\",\"Perguntas e Respostas\"],\"inLanguage\":\"pt-BR\",\"potentialAction\":[{\"@type\":\"CommentAction\",\"name\":\"Comment\",\"target\":[\"https:\/\/meusitejuridico.editorajuspodivm.com.br\/2018\/12\/08\/certo-ou-errado-pode-alegar-estado-de-necessidade-inclusive-quem-tinha-o-dever-legal-de-enfrentar-o-perigo\/#respond\"]}]},{\"@type\":\"WebPage\",\"@id\":\"https:\/\/meusitejuridico.editorajuspodivm.com.br\/2018\/12\/08\/certo-ou-errado-pode-alegar-estado-de-necessidade-inclusive-quem-tinha-o-dever-legal-de-enfrentar-o-perigo\/\",\"url\":\"https:\/\/meusitejuridico.editorajuspodivm.com.br\/2018\/12\/08\/certo-ou-errado-pode-alegar-estado-de-necessidade-inclusive-quem-tinha-o-dever-legal-de-enfrentar-o-perigo\/\",\"name\":\"Certo ou errado? Pode alegar estado de necessidade inclusive quem tinha o dever legal de enfrentar o perigo - Meu site jur\u00eddico\",\"isPartOf\":{\"@id\":\"https:\/\/meusitejuridico.com.br\/#website\"},\"primaryImageOfPage\":{\"@id\":\"https:\/\/meusitejuridico.editorajuspodivm.com.br\/2018\/12\/08\/certo-ou-errado-pode-alegar-estado-de-necessidade-inclusive-quem-tinha-o-dever-legal-de-enfrentar-o-perigo\/#primaryimage\"},\"image\":{\"@id\":\"https:\/\/meusitejuridico.editorajuspodivm.com.br\/2018\/12\/08\/certo-ou-errado-pode-alegar-estado-de-necessidade-inclusive-quem-tinha-o-dever-legal-de-enfrentar-o-perigo\/#primaryimage\"},\"thumbnailUrl\":\"https:\/\/meusitejuridico.editorajuspodivm.com.br\/s.meusitejuridico\/2017\/06\/e979bce6-shutterstock-586511408.jpg\",\"datePublished\":\"2018-12-08T10:13:31+00:00\",\"breadcrumb\":{\"@id\":\"https:\/\/meusitejuridico.editorajuspodivm.com.br\/2018\/12\/08\/certo-ou-errado-pode-alegar-estado-de-necessidade-inclusive-quem-tinha-o-dever-legal-de-enfrentar-o-perigo\/#breadcrumb\"},\"inLanguage\":\"pt-BR\",\"potentialAction\":[{\"@type\":\"ReadAction\",\"target\":[\"https:\/\/meusitejuridico.editorajuspodivm.com.br\/2018\/12\/08\/certo-ou-errado-pode-alegar-estado-de-necessidade-inclusive-quem-tinha-o-dever-legal-de-enfrentar-o-perigo\/\"]}]},{\"@type\":\"ImageObject\",\"inLanguage\":\"pt-BR\",\"@id\":\"https:\/\/meusitejuridico.editorajuspodivm.com.br\/2018\/12\/08\/certo-ou-errado-pode-alegar-estado-de-necessidade-inclusive-quem-tinha-o-dever-legal-de-enfrentar-o-perigo\/#primaryimage\",\"url\":\"https:\/\/meusitejuridico.editorajuspodivm.com.br\/s.meusitejuridico\/2017\/06\/e979bce6-shutterstock-586511408.jpg\",\"contentUrl\":\"https:\/\/meusitejuridico.editorajuspodivm.com.br\/s.meusitejuridico\/2017\/06\/e979bce6-shutterstock-586511408.jpg\",\"width\":4704,\"height\":3136},{\"@type\":\"BreadcrumbList\",\"@id\":\"https:\/\/meusitejuridico.editorajuspodivm.com.br\/2018\/12\/08\/certo-ou-errado-pode-alegar-estado-de-necessidade-inclusive-quem-tinha-o-dever-legal-de-enfrentar-o-perigo\/#breadcrumb\",\"itemListElement\":[{\"@type\":\"ListItem\",\"position\":1,\"name\":\"In\u00edcio\",\"item\":\"https:\/\/meusitejuridico.com.br\/\"},{\"@type\":\"ListItem\",\"position\":2,\"name\":\"Certo ou errado? Pode alegar estado de necessidade inclusive quem tinha o dever legal de enfrentar o perigo\"}]},{\"@type\":\"WebSite\",\"@id\":\"https:\/\/meusitejuridico.com.br\/#website\",\"url\":\"https:\/\/meusitejuridico.com.br\/\",\"name\":\"Meu site jur\u00eddico\",\"description\":\"Meu site jur\u00eddico\",\"publisher\":{\"@id\":\"https:\/\/meusitejuridico.com.br\/#organization\"},\"potentialAction\":[{\"@type\":\"SearchAction\",\"target\":{\"@type\":\"EntryPoint\",\"urlTemplate\":\"https:\/\/meusitejuridico.com.br\/?s={search_term_string}\"},\"query-input\":{\"@type\":\"PropertyValueSpecification\",\"valueRequired\":true,\"valueName\":\"search_term_string\"}}],\"inLanguage\":\"pt-BR\"},{\"@type\":\"Organization\",\"@id\":\"https:\/\/meusitejuridico.com.br\/#organization\",\"name\":\"Meu site jur\u00eddico\",\"url\":\"https:\/\/meusitejuridico.com.br\/\",\"logo\":{\"@type\":\"ImageObject\",\"inLanguage\":\"pt-BR\",\"@id\":\"https:\/\/meusitejuridico.com.br\/#\/schema\/logo\/image\/\",\"url\":\"https:\/\/meusitejuridico.editorajuspodivm.com.br\/s.meusitejuridico\/2022\/03\/cropped-baeec2a3-msj-02-01-01.png\",\"contentUrl\":\"https:\/\/meusitejuridico.editorajuspodivm.com.br\/s.meusitejuridico\/2022\/03\/cropped-baeec2a3-msj-02-01-01.png\",\"width\":349,\"height\":243,\"caption\":\"Meu site jur\u00eddico\"},\"image\":{\"@id\":\"https:\/\/meusitejuridico.com.br\/#\/schema\/logo\/image\/\"}},{\"@type\":\"Person\",\"@id\":\"https:\/\/meusitejuridico.com.br\/#\/schema\/person\/5c2237ac0c8ff03bcf1a09fe3e45dfce\",\"name\":\"Equipe Meu Site Jur\u00eddico\",\"image\":{\"@type\":\"ImageObject\",\"inLanguage\":\"pt-BR\",\"@id\":\"https:\/\/meusitejuridico.com.br\/#\/schema\/person\/image\/\",\"url\":\"https:\/\/meusitejuridico.editorajuspodivm.com.br\/s.meusitejuridico\/2020\/07\/6be289aa-logo-msj.png\",\"contentUrl\":\"https:\/\/meusitejuridico.editorajuspodivm.com.br\/s.meusitejuridico\/2020\/07\/6be289aa-logo-msj.png\",\"caption\":\"Equipe Meu Site Jur\u00eddico\"},\"description\":\"Contem conosco!\",\"url\":\"https:\/\/meusitejuridico.editorajuspodivm.com.br\/author\/equipe-meu-site-juridico\/\"}]}<\/script>\n<!-- \/ Yoast SEO plugin. -->","yoast_head_json":{"title":"Certo ou errado? Pode alegar estado de necessidade inclusive quem tinha o dever legal de enfrentar o perigo - Meu site jur\u00eddico","robots":{"index":"index","follow":"follow","max-snippet":"max-snippet:-1","max-image-preview":"max-image-preview:large","max-video-preview":"max-video-preview:-1"},"canonical":"https:\/\/meusitejuridico.editorajuspodivm.com.br\/2018\/12\/08\/certo-ou-errado-pode-alegar-estado-de-necessidade-inclusive-quem-tinha-o-dever-legal-de-enfrentar-o-perigo\/","og_locale":"pt_BR","og_type":"article","og_title":"Certo ou errado? Pode alegar estado de necessidade inclusive quem tinha o dever legal de enfrentar o perigo - Meu site jur\u00eddico","og_description":"ERRADO Conforme a letra expressa do art. 24, \u00a7 1\u00ba, do C\u00f3digo Penal, n\u00e3o pode alegar estado de necessidade quem tinha o dever legal de enfrentar o perigo. Quer o dispositivo se referir a pessoas que, em raz\u00e3o da fun\u00e7\u00e3o ou of\u00edcio, t\u00eam o dever legal de enfrentar a situa\u00e7\u00e3o de perigo (desde que poss\u00edvel [&hellip;]","og_url":"https:\/\/meusitejuridico.editorajuspodivm.com.br\/2018\/12\/08\/certo-ou-errado-pode-alegar-estado-de-necessidade-inclusive-quem-tinha-o-dever-legal-de-enfrentar-o-perigo\/","og_site_name":"Meu site jur\u00eddico","article_published_time":"2018-12-08T10:13:31+00:00","og_image":[{"width":1024,"height":683,"url":"https:\/\/meusitejuridico.editorajuspodivm.com.br\/s.meusitejuridico\/2017\/06\/e979bce6-shutterstock-586511408-1024x683.jpg","type":"image\/jpeg"}],"author":"Equipe Meu Site Jur\u00eddico","twitter_card":"summary_large_image","twitter_misc":{"Escrito por":"Equipe Meu Site Jur\u00eddico","Est. tempo de leitura":"1 minuto"},"schema":{"@context":"https:\/\/schema.org","@graph":[{"@type":"Article","@id":"https:\/\/meusitejuridico.editorajuspodivm.com.br\/2018\/12\/08\/certo-ou-errado-pode-alegar-estado-de-necessidade-inclusive-quem-tinha-o-dever-legal-de-enfrentar-o-perigo\/#article","isPartOf":{"@id":"https:\/\/meusitejuridico.editorajuspodivm.com.br\/2018\/12\/08\/certo-ou-errado-pode-alegar-estado-de-necessidade-inclusive-quem-tinha-o-dever-legal-de-enfrentar-o-perigo\/"},"author":{"name":"Equipe Meu Site Jur\u00eddico","@id":"https:\/\/meusitejuridico.com.br\/#\/schema\/person\/5c2237ac0c8ff03bcf1a09fe3e45dfce"},"headline":"Certo ou errado? Pode alegar estado de necessidade inclusive quem tinha o dever legal de enfrentar o perigo","datePublished":"2018-12-08T10:13:31+00:00","mainEntityOfPage":{"@id":"https:\/\/meusitejuridico.editorajuspodivm.com.br\/2018\/12\/08\/certo-ou-errado-pode-alegar-estado-de-necessidade-inclusive-quem-tinha-o-dever-legal-de-enfrentar-o-perigo\/"},"wordCount":168,"commentCount":1,"publisher":{"@id":"https:\/\/meusitejuridico.com.br\/#organization"},"image":{"@id":"https:\/\/meusitejuridico.editorajuspodivm.com.br\/2018\/12\/08\/certo-ou-errado-pode-alegar-estado-de-necessidade-inclusive-quem-tinha-o-dever-legal-de-enfrentar-o-perigo\/#primaryimage"},"thumbnailUrl":"https:\/\/meusitejuridico.editorajuspodivm.com.br\/s.meusitejuridico\/2017\/06\/e979bce6-shutterstock-586511408.jpg","keywords":["art. 13 CP","Direito Penal","estado de necessidade","perigo"],"articleSection":["Material de aula","Perguntas e Respostas"],"inLanguage":"pt-BR","potentialAction":[{"@type":"CommentAction","name":"Comment","target":["https:\/\/meusitejuridico.editorajuspodivm.com.br\/2018\/12\/08\/certo-ou-errado-pode-alegar-estado-de-necessidade-inclusive-quem-tinha-o-dever-legal-de-enfrentar-o-perigo\/#respond"]}]},{"@type":"WebPage","@id":"https:\/\/meusitejuridico.editorajuspodivm.com.br\/2018\/12\/08\/certo-ou-errado-pode-alegar-estado-de-necessidade-inclusive-quem-tinha-o-dever-legal-de-enfrentar-o-perigo\/","url":"https:\/\/meusitejuridico.editorajuspodivm.com.br\/2018\/12\/08\/certo-ou-errado-pode-alegar-estado-de-necessidade-inclusive-quem-tinha-o-dever-legal-de-enfrentar-o-perigo\/","name":"Certo ou errado? Pode alegar estado de necessidade inclusive quem tinha o dever legal de enfrentar o perigo - Meu site jur\u00eddico","isPartOf":{"@id":"https:\/\/meusitejuridico.com.br\/#website"},"primaryImageOfPage":{"@id":"https:\/\/meusitejuridico.editorajuspodivm.com.br\/2018\/12\/08\/certo-ou-errado-pode-alegar-estado-de-necessidade-inclusive-quem-tinha-o-dever-legal-de-enfrentar-o-perigo\/#primaryimage"},"image":{"@id":"https:\/\/meusitejuridico.editorajuspodivm.com.br\/2018\/12\/08\/certo-ou-errado-pode-alegar-estado-de-necessidade-inclusive-quem-tinha-o-dever-legal-de-enfrentar-o-perigo\/#primaryimage"},"thumbnailUrl":"https:\/\/meusitejuridico.editorajuspodivm.com.br\/s.meusitejuridico\/2017\/06\/e979bce6-shutterstock-586511408.jpg","datePublished":"2018-12-08T10:13:31+00:00","breadcrumb":{"@id":"https:\/\/meusitejuridico.editorajuspodivm.com.br\/2018\/12\/08\/certo-ou-errado-pode-alegar-estado-de-necessidade-inclusive-quem-tinha-o-dever-legal-de-enfrentar-o-perigo\/#breadcrumb"},"inLanguage":"pt-BR","potentialAction":[{"@type":"ReadAction","target":["https:\/\/meusitejuridico.editorajuspodivm.com.br\/2018\/12\/08\/certo-ou-errado-pode-alegar-estado-de-necessidade-inclusive-quem-tinha-o-dever-legal-de-enfrentar-o-perigo\/"]}]},{"@type":"ImageObject","inLanguage":"pt-BR","@id":"https:\/\/meusitejuridico.editorajuspodivm.com.br\/2018\/12\/08\/certo-ou-errado-pode-alegar-estado-de-necessidade-inclusive-quem-tinha-o-dever-legal-de-enfrentar-o-perigo\/#primaryimage","url":"https:\/\/meusitejuridico.editorajuspodivm.com.br\/s.meusitejuridico\/2017\/06\/e979bce6-shutterstock-586511408.jpg","contentUrl":"https:\/\/meusitejuridico.editorajuspodivm.com.br\/s.meusitejuridico\/2017\/06\/e979bce6-shutterstock-586511408.jpg","width":4704,"height":3136},{"@type":"BreadcrumbList","@id":"https:\/\/meusitejuridico.editorajuspodivm.com.br\/2018\/12\/08\/certo-ou-errado-pode-alegar-estado-de-necessidade-inclusive-quem-tinha-o-dever-legal-de-enfrentar-o-perigo\/#breadcrumb","itemListElement":[{"@type":"ListItem","position":1,"name":"In\u00edcio","item":"https:\/\/meusitejuridico.com.br\/"},{"@type":"ListItem","position":2,"name":"Certo ou errado? Pode alegar estado de necessidade inclusive quem tinha o dever legal de enfrentar o perigo"}]},{"@type":"WebSite","@id":"https:\/\/meusitejuridico.com.br\/#website","url":"https:\/\/meusitejuridico.com.br\/","name":"Meu site jur\u00eddico","description":"Meu site jur\u00eddico","publisher":{"@id":"https:\/\/meusitejuridico.com.br\/#organization"},"potentialAction":[{"@type":"SearchAction","target":{"@type":"EntryPoint","urlTemplate":"https:\/\/meusitejuridico.com.br\/?s={search_term_string}"},"query-input":{"@type":"PropertyValueSpecification","valueRequired":true,"valueName":"search_term_string"}}],"inLanguage":"pt-BR"},{"@type":"Organization","@id":"https:\/\/meusitejuridico.com.br\/#organization","name":"Meu site jur\u00eddico","url":"https:\/\/meusitejuridico.com.br\/","logo":{"@type":"ImageObject","inLanguage":"pt-BR","@id":"https:\/\/meusitejuridico.com.br\/#\/schema\/logo\/image\/","url":"https:\/\/meusitejuridico.editorajuspodivm.com.br\/s.meusitejuridico\/2022\/03\/cropped-baeec2a3-msj-02-01-01.png","contentUrl":"https:\/\/meusitejuridico.editorajuspodivm.com.br\/s.meusitejuridico\/2022\/03\/cropped-baeec2a3-msj-02-01-01.png","width":349,"height":243,"caption":"Meu site jur\u00eddico"},"image":{"@id":"https:\/\/meusitejuridico.com.br\/#\/schema\/logo\/image\/"}},{"@type":"Person","@id":"https:\/\/meusitejuridico.com.br\/#\/schema\/person\/5c2237ac0c8ff03bcf1a09fe3e45dfce","name":"Equipe Meu Site Jur\u00eddico","image":{"@type":"ImageObject","inLanguage":"pt-BR","@id":"https:\/\/meusitejuridico.com.br\/#\/schema\/person\/image\/","url":"https:\/\/meusitejuridico.editorajuspodivm.com.br\/s.meusitejuridico\/2020\/07\/6be289aa-logo-msj.png","contentUrl":"https:\/\/meusitejuridico.editorajuspodivm.com.br\/s.meusitejuridico\/2020\/07\/6be289aa-logo-msj.png","caption":"Equipe Meu Site Jur\u00eddico"},"description":"Contem conosco!","url":"https:\/\/meusitejuridico.editorajuspodivm.com.br\/author\/equipe-meu-site-juridico\/"}]}},"_links":{"self":[{"href":"https:\/\/meusitejuridico.editorajuspodivm.com.br\/api\/wp\/v2\/posts\/6981","targetHints":{"allow":["GET"]}}],"collection":[{"href":"https:\/\/meusitejuridico.editorajuspodivm.com.br\/api\/wp\/v2\/posts"}],"about":[{"href":"https:\/\/meusitejuridico.editorajuspodivm.com.br\/api\/wp\/v2\/types\/post"}],"author":[{"embeddable":true,"href":"https:\/\/meusitejuridico.editorajuspodivm.com.br\/api\/wp\/v2\/users\/7"}],"replies":[{"embeddable":true,"href":"https:\/\/meusitejuridico.editorajuspodivm.com.br\/api\/wp\/v2\/comments?post=6981"}],"version-history":[{"count":3,"href":"https:\/\/meusitejuridico.editorajuspodivm.com.br\/api\/wp\/v2\/posts\/6981\/revisions"}],"predecessor-version":[{"id":6984,"href":"https:\/\/meusitejuridico.editorajuspodivm.com.br\/api\/wp\/v2\/posts\/6981\/revisions\/6984"}],"wp:featuredmedia":[{"embeddable":true,"href":"https:\/\/meusitejuridico.editorajuspodivm.com.br\/api\/wp\/v2\/media\/2821"}],"wp:attachment":[{"href":"https:\/\/meusitejuridico.editorajuspodivm.com.br\/api\/wp\/v2\/media?parent=6981"}],"wp:term":[{"taxonomy":"category","embeddable":true,"href":"https:\/\/meusitejuridico.editorajuspodivm.com.br\/api\/wp\/v2\/categories?post=6981"},{"taxonomy":"post_tag","embeddable":true,"href":"https:\/\/meusitejuridico.editorajuspodivm.com.br\/api\/wp\/v2\/tags?post=6981"}],"curies":[{"name":"wp","href":"https:\/\/api.w.org\/{rel}","templated":true}]}}