{"id":7618,"date":"2019-02-08T19:17:44","date_gmt":"2019-02-08T21:17:44","guid":{"rendered":"https:\/\/meusitejuridico.editorajuspodivm.com.br\/?p=7618"},"modified":"2019-02-08T19:17:44","modified_gmt":"2019-02-08T21:17:44","slug":"exame-da-oab-raio-x-da-1a-fase-iii","status":"publish","type":"post","link":"https:\/\/meusitejuridico.editorajuspodivm.com.br\/2019\/02\/08\/exame-da-oab-raio-x-da-1a-fase-iii\/","title":{"rendered":"Exame da OAB: Raio-X da 1\u00aa Fase (III)"},"content":{"rendered":"<p>Ol\u00e1, leitor!<\/p>\n<p>No post de hoje, o nosso alvo ser\u00e1 o Direito Empresarial. N\u00e3o sei quanto a voc\u00ea,\u00a0mas, at\u00e9 pouco tempo, a mat\u00e9ria me dava sono s\u00f3 de ouvir a respeito.<\/p>\n<p>Ser convidado a estudar Direito Empresarial equivalia a ser chamado para ir ao cinema assistir a um filme neozeland\u00eas, de 1950, sem som, sobre a reprodu\u00e7\u00e3o do Kiwi, o p\u00e1ssaro tradicional daquele belo arquip\u00e9lago. Era realmente muito chato!<\/p>\n<p>No entanto, isso mudou a partir da aquisi\u00e7\u00e3o de um livro: a sinopse de Direito Empresarial do professor Andr\u00e9 Santa Cruz, da JusPodivm. N\u00e3o sei como, mas o autor consegue tornar interessante, at\u00e9 mesmo, o estudo do endosso. Por isso, se for indicar algum livro, certamente ser\u00e1 o dele.<\/p>\n<p>Quanto \u00e0 an\u00e1lise do Exame de Ordem, adotei uma metodologia diferente de pesquisa nessa semana. Como j\u00e1 havia comentado em outro momento, nas primeiras provas, a FGV procurou copiar o formato de prova do CESPE, a banca anterior. No entanto, a partir do XVII Exame de Ordem, a FGV passou a ter um perfil pr\u00f3prio, mantido at\u00e9 a \u00faltima prova.<\/p>\n<p><strong>Clique <a href=\"https:\/\/s3.meusitejuridico.com.br\/2019\/02\/a4e853b9-empresarial-msj-pdf.pdf\" target=\"_blank\" rel=\"noopener\">aqui<\/a> para acessar o material completo.<\/strong><\/p>\n","protected":false},"excerpt":{"rendered":"<p>Ol\u00e1, leitor! No post de hoje, o nosso alvo ser\u00e1 o Direito Empresarial. N\u00e3o sei quanto a voc\u00ea,\u00a0mas, at\u00e9 pouco tempo, a mat\u00e9ria me dava sono s\u00f3 de ouvir a respeito. Ser convidado a estudar Direito Empresarial equivalia a ser chamado para ir ao cinema assistir a um filme neozeland\u00eas, de 1950, sem som, sobre [&hellip;]<\/p>\n","protected":false},"author":31,"featured_media":7619,"comment_status":"open","ping_status":"open","sticky":false,"template":"","format":"standard","meta":{"_acf_changed":false,"footnotes":""},"categories":[1,2221],"tags":[2222,193,2365,2364],"class_list":["post-7618","post","type-post","status-publish","format-standard","has-post-thumbnail","hentry","category-artigos","category-direito-empresarial","tag-direito-empresarial","tag-oab","tag-primeira-fase","tag-raio-x"],"acf":[],"yoast_head":"<!-- This site is optimized with the Yoast SEO plugin v24.8.1 - https:\/\/yoast.com\/wordpress\/plugins\/seo\/ -->\n<title>Exame da OAB: Raio-X da 1\u00aa Fase (III) - Meu site jur\u00eddico<\/title>\n<meta name=\"robots\" content=\"index, follow, max-snippet:-1, max-image-preview:large, max-video-preview:-1\" \/>\n<link rel=\"canonical\" href=\"https:\/\/meusitejuridico.com.br\/2019\/02\/08\/exame-da-oab-raio-x-da-1a-fase-iii\/\" \/>\n<meta property=\"og:locale\" content=\"pt_BR\" \/>\n<meta property=\"og:type\" content=\"article\" \/>\n<meta property=\"og:title\" content=\"Exame da OAB: Raio-X da 1\u00aa Fase (III) - Meu site jur\u00eddico\" \/>\n<meta property=\"og:description\" content=\"Ol\u00e1, leitor! No post de hoje, o nosso alvo ser\u00e1 o Direito Empresarial. N\u00e3o sei quanto a voc\u00ea,\u00a0mas, at\u00e9 pouco tempo, a mat\u00e9ria me dava sono s\u00f3 de ouvir a respeito. Ser convidado a estudar Direito Empresarial equivalia a ser chamado para ir ao cinema assistir a um filme neozeland\u00eas, de 1950, sem som, sobre [&hellip;]\" \/>\n<meta property=\"og:url\" content=\"https:\/\/meusitejuridico.com.br\/2019\/02\/08\/exame-da-oab-raio-x-da-1a-fase-iii\/\" \/>\n<meta property=\"og:site_name\" content=\"Meu site jur\u00eddico\" \/>\n<meta property=\"article:author\" content=\"https:\/\/facebook.com\/forumcriminal\" \/>\n<meta property=\"article:published_time\" content=\"2019-02-08T21:17:44+00:00\" \/>\n<meta property=\"og:image\" content=\"https:\/\/meusitejuridico.com.br\/s.meusitejuridico\/2019\/02\/f40bd8c9-shutterstock-245571625.jpg\" \/>\n\t<meta property=\"og:image:width\" content=\"1000\" \/>\n\t<meta property=\"og:image:height\" content=\"667\" \/>\n\t<meta property=\"og:image:type\" content=\"image\/jpeg\" \/>\n<meta name=\"author\" content=\"Leonardo Castro\" \/>\n<meta name=\"twitter:card\" content=\"summary_large_image\" \/>\n<meta name=\"twitter:label1\" content=\"Escrito por\" \/>\n\t<meta name=\"twitter:data1\" content=\"Leonardo Castro\" \/>\n\t<meta name=\"twitter:label2\" content=\"Est. tempo de leitura\" \/>\n\t<meta name=\"twitter:data2\" content=\"1 minuto\" \/>\n<script type=\"application\/ld+json\" class=\"yoast-schema-graph\">{\"@context\":\"https:\/\/schema.org\",\"@graph\":[{\"@type\":\"Article\",\"@id\":\"https:\/\/meusitejuridico.com.br\/2019\/02\/08\/exame-da-oab-raio-x-da-1a-fase-iii\/#article\",\"isPartOf\":{\"@id\":\"https:\/\/meusitejuridico.com.br\/2019\/02\/08\/exame-da-oab-raio-x-da-1a-fase-iii\/\"},\"author\":{\"name\":\"Leonardo Castro\",\"@id\":\"https:\/\/cdn.meusitejuridico.com.br\/#\/schema\/person\/7fb7d3eebc91c10f77ac3c56326af1c9\"},\"headline\":\"Exame da OAB: Raio-X da 1\u00aa Fase (III)\",\"datePublished\":\"2019-02-08T21:17:44+00:00\",\"mainEntityOfPage\":{\"@id\":\"https:\/\/meusitejuridico.com.br\/2019\/02\/08\/exame-da-oab-raio-x-da-1a-fase-iii\/\"},\"wordCount\":201,\"commentCount\":0,\"publisher\":{\"@id\":\"https:\/\/cdn.meusitejuridico.com.br\/#organization\"},\"image\":{\"@id\":\"https:\/\/meusitejuridico.com.br\/2019\/02\/08\/exame-da-oab-raio-x-da-1a-fase-iii\/#primaryimage\"},\"thumbnailUrl\":\"https:\/\/meusitejuridico.editorajuspodivm.com.br\/s.meusitejuridico\/2019\/02\/f40bd8c9-shutterstock-245571625.jpg\",\"keywords\":[\"Direito Empresarial\",\"OAB\",\"primeira fase\",\"raio-x\"],\"articleSection\":[\"Artigos\",\"Direito Empresarial\"],\"inLanguage\":\"pt-BR\",\"potentialAction\":[{\"@type\":\"CommentAction\",\"name\":\"Comment\",\"target\":[\"https:\/\/meusitejuridico.com.br\/2019\/02\/08\/exame-da-oab-raio-x-da-1a-fase-iii\/#respond\"]}]},{\"@type\":\"WebPage\",\"@id\":\"https:\/\/meusitejuridico.com.br\/2019\/02\/08\/exame-da-oab-raio-x-da-1a-fase-iii\/\",\"url\":\"https:\/\/meusitejuridico.com.br\/2019\/02\/08\/exame-da-oab-raio-x-da-1a-fase-iii\/\",\"name\":\"Exame da OAB: Raio-X da 1\u00aa Fase (III) - Meu site jur\u00eddico\",\"isPartOf\":{\"@id\":\"https:\/\/cdn.meusitejuridico.com.br\/#website\"},\"primaryImageOfPage\":{\"@id\":\"https:\/\/meusitejuridico.com.br\/2019\/02\/08\/exame-da-oab-raio-x-da-1a-fase-iii\/#primaryimage\"},\"image\":{\"@id\":\"https:\/\/meusitejuridico.com.br\/2019\/02\/08\/exame-da-oab-raio-x-da-1a-fase-iii\/#primaryimage\"},\"thumbnailUrl\":\"https:\/\/meusitejuridico.editorajuspodivm.com.br\/s.meusitejuridico\/2019\/02\/f40bd8c9-shutterstock-245571625.jpg\",\"datePublished\":\"2019-02-08T21:17:44+00:00\",\"breadcrumb\":{\"@id\":\"https:\/\/meusitejuridico.com.br\/2019\/02\/08\/exame-da-oab-raio-x-da-1a-fase-iii\/#breadcrumb\"},\"inLanguage\":\"pt-BR\",\"potentialAction\":[{\"@type\":\"ReadAction\",\"target\":[\"https:\/\/meusitejuridico.com.br\/2019\/02\/08\/exame-da-oab-raio-x-da-1a-fase-iii\/\"]}]},{\"@type\":\"ImageObject\",\"inLanguage\":\"pt-BR\",\"@id\":\"https:\/\/meusitejuridico.com.br\/2019\/02\/08\/exame-da-oab-raio-x-da-1a-fase-iii\/#primaryimage\",\"url\":\"https:\/\/meusitejuridico.editorajuspodivm.com.br\/s.meusitejuridico\/2019\/02\/f40bd8c9-shutterstock-245571625.jpg\",\"contentUrl\":\"https:\/\/meusitejuridico.editorajuspodivm.com.br\/s.meusitejuridico\/2019\/02\/f40bd8c9-shutterstock-245571625.jpg\",\"width\":1000,\"height\":667},{\"@type\":\"BreadcrumbList\",\"@id\":\"https:\/\/meusitejuridico.com.br\/2019\/02\/08\/exame-da-oab-raio-x-da-1a-fase-iii\/#breadcrumb\",\"itemListElement\":[{\"@type\":\"ListItem\",\"position\":1,\"name\":\"In\u00edcio\",\"item\":\"https:\/\/cdn.meusitejuridico.com.br\/\"},{\"@type\":\"ListItem\",\"position\":2,\"name\":\"Exame da OAB: Raio-X da 1\u00aa Fase (III)\"}]},{\"@type\":\"WebSite\",\"@id\":\"https:\/\/cdn.meusitejuridico.com.br\/#website\",\"url\":\"https:\/\/cdn.meusitejuridico.com.br\/\",\"name\":\"Meu site jur\u00eddico\",\"description\":\"Meu site jur\u00eddico\",\"publisher\":{\"@id\":\"https:\/\/cdn.meusitejuridico.com.br\/#organization\"},\"potentialAction\":[{\"@type\":\"SearchAction\",\"target\":{\"@type\":\"EntryPoint\",\"urlTemplate\":\"https:\/\/cdn.meusitejuridico.com.br\/?s={search_term_string}\"},\"query-input\":{\"@type\":\"PropertyValueSpecification\",\"valueRequired\":true,\"valueName\":\"search_term_string\"}}],\"inLanguage\":\"pt-BR\"},{\"@type\":\"Organization\",\"@id\":\"https:\/\/cdn.meusitejuridico.com.br\/#organization\",\"name\":\"Meu site jur\u00eddico\",\"url\":\"https:\/\/cdn.meusitejuridico.com.br\/\",\"logo\":{\"@type\":\"ImageObject\",\"inLanguage\":\"pt-BR\",\"@id\":\"https:\/\/cdn.meusitejuridico.com.br\/#\/schema\/logo\/image\/\",\"url\":\"https:\/\/meusitejuridico.editorajuspodivm.com.br\/s.meusitejuridico\/2022\/03\/cropped-baeec2a3-msj-02-01-01.png\",\"contentUrl\":\"https:\/\/meusitejuridico.editorajuspodivm.com.br\/s.meusitejuridico\/2022\/03\/cropped-baeec2a3-msj-02-01-01.png\",\"width\":349,\"height\":243,\"caption\":\"Meu site jur\u00eddico\"},\"image\":{\"@id\":\"https:\/\/cdn.meusitejuridico.com.br\/#\/schema\/logo\/image\/\"}},{\"@type\":\"Person\",\"@id\":\"https:\/\/cdn.meusitejuridico.com.br\/#\/schema\/person\/7fb7d3eebc91c10f77ac3c56326af1c9\",\"name\":\"Leonardo Castro\",\"image\":{\"@type\":\"ImageObject\",\"inLanguage\":\"pt-BR\",\"@id\":\"https:\/\/cdn.meusitejuridico.com.br\/#\/schema\/person\/image\/\",\"url\":\"https:\/\/meusitejuridico.editorajuspodivm.com.br\/s.meusitejuridico\/2017\/08\/2cdb7a9d-img-0893-150x150.jpg\",\"contentUrl\":\"https:\/\/meusitejuridico.editorajuspodivm.com.br\/s.meusitejuridico\/2017\/08\/2cdb7a9d-img-0893-150x150.jpg\",\"caption\":\"Leonardo Castro\"},\"description\":\"Professor de Direito Penal. Coautor de obras jur\u00eddicas.\",\"sameAs\":[\"https:\/\/facebook.com\/forumcriminal\"],\"url\":\"https:\/\/meusitejuridico.editorajuspodivm.com.br\/author\/leonardocastro-com-br\/\"}]}<\/script>\n<!-- \/ Yoast SEO plugin. -->","yoast_head_json":{"title":"Exame da OAB: Raio-X da 1\u00aa Fase (III) - Meu site jur\u00eddico","robots":{"index":"index","follow":"follow","max-snippet":"max-snippet:-1","max-image-preview":"max-image-preview:large","max-video-preview":"max-video-preview:-1"},"canonical":"https:\/\/meusitejuridico.com.br\/2019\/02\/08\/exame-da-oab-raio-x-da-1a-fase-iii\/","og_locale":"pt_BR","og_type":"article","og_title":"Exame da OAB: Raio-X da 1\u00aa Fase (III) - Meu site jur\u00eddico","og_description":"Ol\u00e1, leitor! No post de hoje, o nosso alvo ser\u00e1 o Direito Empresarial. N\u00e3o sei quanto a voc\u00ea,\u00a0mas, at\u00e9 pouco tempo, a mat\u00e9ria me dava sono s\u00f3 de ouvir a respeito. Ser convidado a estudar Direito Empresarial equivalia a ser chamado para ir ao cinema assistir a um filme neozeland\u00eas, de 1950, sem som, sobre [&hellip;]","og_url":"https:\/\/meusitejuridico.com.br\/2019\/02\/08\/exame-da-oab-raio-x-da-1a-fase-iii\/","og_site_name":"Meu site jur\u00eddico","article_author":"https:\/\/facebook.com\/forumcriminal","article_published_time":"2019-02-08T21:17:44+00:00","og_image":[{"width":1000,"height":667,"url":"https:\/\/meusitejuridico.com.br\/s.meusitejuridico\/2019\/02\/f40bd8c9-shutterstock-245571625.jpg","type":"image\/jpeg"}],"author":"Leonardo Castro","twitter_card":"summary_large_image","twitter_misc":{"Escrito por":"Leonardo Castro","Est. tempo de leitura":"1 minuto"},"schema":{"@context":"https:\/\/schema.org","@graph":[{"@type":"Article","@id":"https:\/\/meusitejuridico.com.br\/2019\/02\/08\/exame-da-oab-raio-x-da-1a-fase-iii\/#article","isPartOf":{"@id":"https:\/\/meusitejuridico.com.br\/2019\/02\/08\/exame-da-oab-raio-x-da-1a-fase-iii\/"},"author":{"name":"Leonardo Castro","@id":"https:\/\/cdn.meusitejuridico.com.br\/#\/schema\/person\/7fb7d3eebc91c10f77ac3c56326af1c9"},"headline":"Exame da OAB: Raio-X da 1\u00aa Fase (III)","datePublished":"2019-02-08T21:17:44+00:00","mainEntityOfPage":{"@id":"https:\/\/meusitejuridico.com.br\/2019\/02\/08\/exame-da-oab-raio-x-da-1a-fase-iii\/"},"wordCount":201,"commentCount":0,"publisher":{"@id":"https:\/\/cdn.meusitejuridico.com.br\/#organization"},"image":{"@id":"https:\/\/meusitejuridico.com.br\/2019\/02\/08\/exame-da-oab-raio-x-da-1a-fase-iii\/#primaryimage"},"thumbnailUrl":"https:\/\/meusitejuridico.editorajuspodivm.com.br\/s.meusitejuridico\/2019\/02\/f40bd8c9-shutterstock-245571625.jpg","keywords":["Direito Empresarial","OAB","primeira fase","raio-x"],"articleSection":["Artigos","Direito Empresarial"],"inLanguage":"pt-BR","potentialAction":[{"@type":"CommentAction","name":"Comment","target":["https:\/\/meusitejuridico.com.br\/2019\/02\/08\/exame-da-oab-raio-x-da-1a-fase-iii\/#respond"]}]},{"@type":"WebPage","@id":"https:\/\/meusitejuridico.com.br\/2019\/02\/08\/exame-da-oab-raio-x-da-1a-fase-iii\/","url":"https:\/\/meusitejuridico.com.br\/2019\/02\/08\/exame-da-oab-raio-x-da-1a-fase-iii\/","name":"Exame da OAB: Raio-X da 1\u00aa Fase (III) - Meu site jur\u00eddico","isPartOf":{"@id":"https:\/\/cdn.meusitejuridico.com.br\/#website"},"primaryImageOfPage":{"@id":"https:\/\/meusitejuridico.com.br\/2019\/02\/08\/exame-da-oab-raio-x-da-1a-fase-iii\/#primaryimage"},"image":{"@id":"https:\/\/meusitejuridico.com.br\/2019\/02\/08\/exame-da-oab-raio-x-da-1a-fase-iii\/#primaryimage"},"thumbnailUrl":"https:\/\/meusitejuridico.editorajuspodivm.com.br\/s.meusitejuridico\/2019\/02\/f40bd8c9-shutterstock-245571625.jpg","datePublished":"2019-02-08T21:17:44+00:00","breadcrumb":{"@id":"https:\/\/meusitejuridico.com.br\/2019\/02\/08\/exame-da-oab-raio-x-da-1a-fase-iii\/#breadcrumb"},"inLanguage":"pt-BR","potentialAction":[{"@type":"ReadAction","target":["https:\/\/meusitejuridico.com.br\/2019\/02\/08\/exame-da-oab-raio-x-da-1a-fase-iii\/"]}]},{"@type":"ImageObject","inLanguage":"pt-BR","@id":"https:\/\/meusitejuridico.com.br\/2019\/02\/08\/exame-da-oab-raio-x-da-1a-fase-iii\/#primaryimage","url":"https:\/\/meusitejuridico.editorajuspodivm.com.br\/s.meusitejuridico\/2019\/02\/f40bd8c9-shutterstock-245571625.jpg","contentUrl":"https:\/\/meusitejuridico.editorajuspodivm.com.br\/s.meusitejuridico\/2019\/02\/f40bd8c9-shutterstock-245571625.jpg","width":1000,"height":667},{"@type":"BreadcrumbList","@id":"https:\/\/meusitejuridico.com.br\/2019\/02\/08\/exame-da-oab-raio-x-da-1a-fase-iii\/#breadcrumb","itemListElement":[{"@type":"ListItem","position":1,"name":"In\u00edcio","item":"https:\/\/cdn.meusitejuridico.com.br\/"},{"@type":"ListItem","position":2,"name":"Exame da OAB: Raio-X da 1\u00aa Fase (III)"}]},{"@type":"WebSite","@id":"https:\/\/cdn.meusitejuridico.com.br\/#website","url":"https:\/\/cdn.meusitejuridico.com.br\/","name":"Meu site jur\u00eddico","description":"Meu site jur\u00eddico","publisher":{"@id":"https:\/\/cdn.meusitejuridico.com.br\/#organization"},"potentialAction":[{"@type":"SearchAction","target":{"@type":"EntryPoint","urlTemplate":"https:\/\/cdn.meusitejuridico.com.br\/?s={search_term_string}"},"query-input":{"@type":"PropertyValueSpecification","valueRequired":true,"valueName":"search_term_string"}}],"inLanguage":"pt-BR"},{"@type":"Organization","@id":"https:\/\/cdn.meusitejuridico.com.br\/#organization","name":"Meu site jur\u00eddico","url":"https:\/\/cdn.meusitejuridico.com.br\/","logo":{"@type":"ImageObject","inLanguage":"pt-BR","@id":"https:\/\/cdn.meusitejuridico.com.br\/#\/schema\/logo\/image\/","url":"https:\/\/meusitejuridico.editorajuspodivm.com.br\/s.meusitejuridico\/2022\/03\/cropped-baeec2a3-msj-02-01-01.png","contentUrl":"https:\/\/meusitejuridico.editorajuspodivm.com.br\/s.meusitejuridico\/2022\/03\/cropped-baeec2a3-msj-02-01-01.png","width":349,"height":243,"caption":"Meu site jur\u00eddico"},"image":{"@id":"https:\/\/cdn.meusitejuridico.com.br\/#\/schema\/logo\/image\/"}},{"@type":"Person","@id":"https:\/\/cdn.meusitejuridico.com.br\/#\/schema\/person\/7fb7d3eebc91c10f77ac3c56326af1c9","name":"Leonardo Castro","image":{"@type":"ImageObject","inLanguage":"pt-BR","@id":"https:\/\/cdn.meusitejuridico.com.br\/#\/schema\/person\/image\/","url":"https:\/\/meusitejuridico.editorajuspodivm.com.br\/s.meusitejuridico\/2017\/08\/2cdb7a9d-img-0893-150x150.jpg","contentUrl":"https:\/\/meusitejuridico.editorajuspodivm.com.br\/s.meusitejuridico\/2017\/08\/2cdb7a9d-img-0893-150x150.jpg","caption":"Leonardo Castro"},"description":"Professor de Direito Penal. Coautor de obras jur\u00eddicas.","sameAs":["https:\/\/facebook.com\/forumcriminal"],"url":"https:\/\/meusitejuridico.editorajuspodivm.com.br\/author\/leonardocastro-com-br\/"}]}},"_links":{"self":[{"href":"https:\/\/meusitejuridico.editorajuspodivm.com.br\/api\/wp\/v2\/posts\/7618","targetHints":{"allow":["GET"]}}],"collection":[{"href":"https:\/\/meusitejuridico.editorajuspodivm.com.br\/api\/wp\/v2\/posts"}],"about":[{"href":"https:\/\/meusitejuridico.editorajuspodivm.com.br\/api\/wp\/v2\/types\/post"}],"author":[{"embeddable":true,"href":"https:\/\/meusitejuridico.editorajuspodivm.com.br\/api\/wp\/v2\/users\/31"}],"replies":[{"embeddable":true,"href":"https:\/\/meusitejuridico.editorajuspodivm.com.br\/api\/wp\/v2\/comments?post=7618"}],"version-history":[{"count":2,"href":"https:\/\/meusitejuridico.editorajuspodivm.com.br\/api\/wp\/v2\/posts\/7618\/revisions"}],"predecessor-version":[{"id":7622,"href":"https:\/\/meusitejuridico.editorajuspodivm.com.br\/api\/wp\/v2\/posts\/7618\/revisions\/7622"}],"wp:featuredmedia":[{"embeddable":true,"href":"https:\/\/meusitejuridico.editorajuspodivm.com.br\/api\/wp\/v2\/media\/7619"}],"wp:attachment":[{"href":"https:\/\/meusitejuridico.editorajuspodivm.com.br\/api\/wp\/v2\/media?parent=7618"}],"wp:term":[{"taxonomy":"category","embeddable":true,"href":"https:\/\/meusitejuridico.editorajuspodivm.com.br\/api\/wp\/v2\/categories?post=7618"},{"taxonomy":"post_tag","embeddable":true,"href":"https:\/\/meusitejuridico.editorajuspodivm.com.br\/api\/wp\/v2\/tags?post=7618"}],"curies":[{"name":"wp","href":"https:\/\/api.w.org\/{rel}","templated":true}]}}