{"id":7832,"date":"2019-03-08T14:08:25","date_gmt":"2019-03-08T17:08:25","guid":{"rendered":"https:\/\/meusitejuridico.editorajuspodivm.com.br\/?p=7832"},"modified":"2019-03-08T14:08:25","modified_gmt":"2019-03-08T17:08:25","slug":"exame-da-oab-raio-x-da-1a-fase-v","status":"publish","type":"post","link":"https:\/\/meusitejuridico.editorajuspodivm.com.br\/2019\/03\/08\/exame-da-oab-raio-x-da-1a-fase-v\/","title":{"rendered":"Exame da OAB: Raio-X da 1\u00aa Fase (V)"},"content":{"rendered":"<p><a href=\"https:\/\/play.google.com\/store\/apps\/details?id=com.app.meuappjuridico&amp;hl=pt\" target=\"_blank\" rel=\"noopener\"><img decoding=\"async\" class=\"aligncenter wp-image-4610 size-medium\" src=\"https:\/\/s3.meusitejuridico.com.br\/2018\/02\/3cdb1249-banner-app-300x166.jpeg\" alt=\"\" width=\"300\" height=\"166\" srcset=\"https:\/\/meusitejuridico.editorajuspodivm.com.br\/s.meusitejuridico\/2018\/02\/3cdb1249-banner-app-300x166.jpeg 300w, https:\/\/meusitejuridico.editorajuspodivm.com.br\/s.meusitejuridico\/2018\/02\/3cdb1249-banner-app-768x424.jpeg 768w, https:\/\/meusitejuridico.editorajuspodivm.com.br\/s.meusitejuridico\/2018\/02\/3cdb1249-banner-app-1024x566.jpeg 1024w, https:\/\/meusitejuridico.editorajuspodivm.com.br\/s.meusitejuridico\/2018\/02\/3cdb1249-banner-app-80x44.jpeg 80w, https:\/\/meusitejuridico.editorajuspodivm.com.br\/s.meusitejuridico\/2018\/02\/3cdb1249-banner-app.jpeg 1140w\" sizes=\"(max-width: 300px) 100vw, 300px\" \/><\/a><\/p>\n<p>No sexto post sobre os assuntos mais cobrados na primeira fase do Exame de Ordem, a sensa\u00e7\u00e3o de dever cumprido. Quando iniciei a s\u00e9rie, h\u00e1 mais de um m\u00eas, tive a inten\u00e7\u00e3o de demonstrar que, com estrat\u00e9gia, a prova pode ser vencida sem muito esfor\u00e7o. Disse Sun Tzu, no c\u00e9lebre \u201cA Arte da Guerra\u201d, que, aquele que conhece o seu inimigo, n\u00e3o importa quantas batalhas sejam travadas, a vit\u00f3ria sempre ser\u00e1 alcan\u00e7ada. Portanto, n\u00e3o \u00e9 de hoje que a estrat\u00e9gia \u00e9 considerada uma ferramenta essencial na busca pelo sucesso.<\/p>\n<p>N\u00e3o h\u00e1 como \u201czerar\u201d o edital. \u00c9 imposs\u00edvel esgotar todas as mat\u00e9rias cobradas na primeira fase. Em vez disso, \u00e9 muito melhor manter o foco naquilo que \u00e9 realmente cobrado. Nas \u00faltimas 10 provas, em Direito Empresarial, por exemplo, a Lei n\u00ba 11.101\/05 caiu em todas as edi\u00e7\u00f5es, sempre nas quest\u00f5es 49 ou 50. Em Direito Penal, o homic\u00eddio e os crimes contra o patrim\u00f4nio foram presen\u00e7a certa. Ou seja, h\u00e1 alguns anos, a FGV cobra a mesma prova na primeira fase do Exame de Ordem. Os exemplos s\u00e3o diversos, mas os assuntos s\u00e3o sempre os mesmos.<\/p>\n<p>Tendo isso em mente, nas \u00faltimas semanas, a minha insist\u00eancia em rela\u00e7\u00e3o ao que deve ser estudado se aproximou do proselitismo. Tentei, sempre que poss\u00edvel, convencer alunos e ex-alunos de que o \u201cestudo inteligente\u201d \u00e9 o melhor m\u00e9todo para obter aprova\u00e7\u00e3o. Ap\u00f3s algum esfor\u00e7o, a surpresa: outras pessoas come\u00e7aram a fazer levantamentos das provas passadas, na busca pela identifica\u00e7\u00e3o dos assuntos mais cobrados.<\/p>\n<p>Por isso, neste pen\u00faltimo \u201cpost\u201d, transmitirei aos leitores do MeuSiteJur\u00eddico esses levantamentos, feitos por pessoas que, assim como eu, acreditam ser poss\u00edvel prever, com certa seguran\u00e7a, os assuntos que cair\u00e3o na pr\u00f3xima primeira fase do Exame de Ordem. Caso voc\u00ea, que est\u00e1 lendo este texto, concorde com a nossa teoria, junte-se ao nosso grupo de estudos, no WhatsApp: https:\/\/chat.whatsapp.com\/FhlPPiezdNT8fUxh0fYOBA.<\/p>\n<p>Autoras dos estudos: Isabel Barbosa e Brennda Queir\u00f3z.<\/p>\n<p><strong>Clique <a href=\"https:\/\/s3.meusitejuridico.com.br\/2019\/03\/99940c33-raio-x-etica-ok.pdf\" target=\"_blank\" rel=\"noopener\">aqui<\/a> e <a href=\"https:\/\/s3.meusitejuridico.com.br\/2019\/03\/557bc31a-oab-brenda.pdf\" target=\"_blank\" rel=\"noopener\">aqui<\/a> para ler os materiais completos.<\/strong><\/p>\n","protected":false},"excerpt":{"rendered":"<p>No sexto post sobre os assuntos mais cobrados na primeira fase do Exame de Ordem, a sensa\u00e7\u00e3o de dever cumprido. Quando iniciei a s\u00e9rie, h\u00e1 mais de um m\u00eas, tive a inten\u00e7\u00e3o de demonstrar que, com estrat\u00e9gia, a prova pode ser vencida sem muito esfor\u00e7o. Disse Sun Tzu, no c\u00e9lebre \u201cA Arte da Guerra\u201d, que, [&hellip;]<\/p>\n","protected":false},"author":31,"featured_media":7833,"comment_status":"open","ping_status":"open","sticky":false,"template":"","format":"standard","meta":{"_acf_changed":false,"footnotes":""},"categories":[1],"tags":[2230,193,2365,2364],"class_list":["post-7832","post","type-post","status-publish","format-standard","has-post-thumbnail","hentry","category-artigos","tag-exame-de-ordem","tag-oab","tag-primeira-fase","tag-raio-x"],"acf":[],"yoast_head":"<!-- This site is optimized with the Yoast SEO plugin v24.8.1 - https:\/\/yoast.com\/wordpress\/plugins\/seo\/ -->\n<title>Exame da OAB: Raio-X da 1\u00aa Fase (V) - Meu site jur\u00eddico<\/title>\n<meta name=\"robots\" content=\"index, follow, max-snippet:-1, max-image-preview:large, max-video-preview:-1\" \/>\n<link rel=\"canonical\" href=\"https:\/\/meusitejuridico.com.br\/2019\/03\/08\/exame-da-oab-raio-x-da-1a-fase-v\/\" \/>\n<meta property=\"og:locale\" content=\"pt_BR\" \/>\n<meta property=\"og:type\" content=\"article\" \/>\n<meta property=\"og:title\" content=\"Exame da OAB: Raio-X da 1\u00aa Fase (V) - Meu site jur\u00eddico\" \/>\n<meta property=\"og:description\" content=\"No sexto post sobre os assuntos mais cobrados na primeira fase do Exame de Ordem, a sensa\u00e7\u00e3o de dever cumprido. Quando iniciei a s\u00e9rie, h\u00e1 mais de um m\u00eas, tive a inten\u00e7\u00e3o de demonstrar que, com estrat\u00e9gia, a prova pode ser vencida sem muito esfor\u00e7o. Disse Sun Tzu, no c\u00e9lebre \u201cA Arte da Guerra\u201d, que, [&hellip;]\" \/>\n<meta property=\"og:url\" content=\"https:\/\/meusitejuridico.com.br\/2019\/03\/08\/exame-da-oab-raio-x-da-1a-fase-v\/\" \/>\n<meta property=\"og:site_name\" content=\"Meu site jur\u00eddico\" \/>\n<meta property=\"article:author\" content=\"https:\/\/facebook.com\/forumcriminal\" \/>\n<meta property=\"article:published_time\" content=\"2019-03-08T17:08:25+00:00\" \/>\n<meta property=\"og:image\" content=\"https:\/\/meusitejuridico.com.br\/s.meusitejuridico\/2019\/03\/a64d92d0-shutterstock-216674389.jpg\" \/>\n\t<meta property=\"og:image:width\" content=\"1000\" \/>\n\t<meta property=\"og:image:height\" content=\"667\" \/>\n\t<meta property=\"og:image:type\" content=\"image\/jpeg\" \/>\n<meta name=\"author\" content=\"Leonardo Castro\" \/>\n<meta name=\"twitter:card\" content=\"summary_large_image\" \/>\n<meta name=\"twitter:label1\" content=\"Escrito por\" \/>\n\t<meta name=\"twitter:data1\" content=\"Leonardo Castro\" \/>\n\t<meta name=\"twitter:label2\" content=\"Est. tempo de leitura\" \/>\n\t<meta name=\"twitter:data2\" content=\"2 minutos\" \/>\n<script type=\"application\/ld+json\" class=\"yoast-schema-graph\">{\"@context\":\"https:\/\/schema.org\",\"@graph\":[{\"@type\":\"Article\",\"@id\":\"https:\/\/meusitejuridico.com.br\/2019\/03\/08\/exame-da-oab-raio-x-da-1a-fase-v\/#article\",\"isPartOf\":{\"@id\":\"https:\/\/meusitejuridico.com.br\/2019\/03\/08\/exame-da-oab-raio-x-da-1a-fase-v\/\"},\"author\":{\"name\":\"Leonardo Castro\",\"@id\":\"https:\/\/cdn.meusitejuridico.com.br\/#\/schema\/person\/7fb7d3eebc91c10f77ac3c56326af1c9\"},\"headline\":\"Exame da OAB: Raio-X da 1\u00aa Fase (V)\",\"datePublished\":\"2019-03-08T17:08:25+00:00\",\"mainEntityOfPage\":{\"@id\":\"https:\/\/meusitejuridico.com.br\/2019\/03\/08\/exame-da-oab-raio-x-da-1a-fase-v\/\"},\"wordCount\":366,\"commentCount\":1,\"publisher\":{\"@id\":\"https:\/\/cdn.meusitejuridico.com.br\/#organization\"},\"image\":{\"@id\":\"https:\/\/meusitejuridico.com.br\/2019\/03\/08\/exame-da-oab-raio-x-da-1a-fase-v\/#primaryimage\"},\"thumbnailUrl\":\"https:\/\/meusitejuridico.editorajuspodivm.com.br\/s.meusitejuridico\/2019\/03\/a64d92d0-shutterstock-216674389.jpg\",\"keywords\":[\"exame de ordem\",\"OAB\",\"primeira fase\",\"raio-x\"],\"articleSection\":[\"Artigos\"],\"inLanguage\":\"pt-BR\",\"potentialAction\":[{\"@type\":\"CommentAction\",\"name\":\"Comment\",\"target\":[\"https:\/\/meusitejuridico.com.br\/2019\/03\/08\/exame-da-oab-raio-x-da-1a-fase-v\/#respond\"]}]},{\"@type\":\"WebPage\",\"@id\":\"https:\/\/meusitejuridico.com.br\/2019\/03\/08\/exame-da-oab-raio-x-da-1a-fase-v\/\",\"url\":\"https:\/\/meusitejuridico.com.br\/2019\/03\/08\/exame-da-oab-raio-x-da-1a-fase-v\/\",\"name\":\"Exame da OAB: Raio-X da 1\u00aa Fase (V) - Meu site jur\u00eddico\",\"isPartOf\":{\"@id\":\"https:\/\/cdn.meusitejuridico.com.br\/#website\"},\"primaryImageOfPage\":{\"@id\":\"https:\/\/meusitejuridico.com.br\/2019\/03\/08\/exame-da-oab-raio-x-da-1a-fase-v\/#primaryimage\"},\"image\":{\"@id\":\"https:\/\/meusitejuridico.com.br\/2019\/03\/08\/exame-da-oab-raio-x-da-1a-fase-v\/#primaryimage\"},\"thumbnailUrl\":\"https:\/\/meusitejuridico.editorajuspodivm.com.br\/s.meusitejuridico\/2019\/03\/a64d92d0-shutterstock-216674389.jpg\",\"datePublished\":\"2019-03-08T17:08:25+00:00\",\"breadcrumb\":{\"@id\":\"https:\/\/meusitejuridico.com.br\/2019\/03\/08\/exame-da-oab-raio-x-da-1a-fase-v\/#breadcrumb\"},\"inLanguage\":\"pt-BR\",\"potentialAction\":[{\"@type\":\"ReadAction\",\"target\":[\"https:\/\/meusitejuridico.com.br\/2019\/03\/08\/exame-da-oab-raio-x-da-1a-fase-v\/\"]}]},{\"@type\":\"ImageObject\",\"inLanguage\":\"pt-BR\",\"@id\":\"https:\/\/meusitejuridico.com.br\/2019\/03\/08\/exame-da-oab-raio-x-da-1a-fase-v\/#primaryimage\",\"url\":\"https:\/\/meusitejuridico.editorajuspodivm.com.br\/s.meusitejuridico\/2019\/03\/a64d92d0-shutterstock-216674389.jpg\",\"contentUrl\":\"https:\/\/meusitejuridico.editorajuspodivm.com.br\/s.meusitejuridico\/2019\/03\/a64d92d0-shutterstock-216674389.jpg\",\"width\":1000,\"height\":667},{\"@type\":\"BreadcrumbList\",\"@id\":\"https:\/\/meusitejuridico.com.br\/2019\/03\/08\/exame-da-oab-raio-x-da-1a-fase-v\/#breadcrumb\",\"itemListElement\":[{\"@type\":\"ListItem\",\"position\":1,\"name\":\"In\u00edcio\",\"item\":\"https:\/\/cdn.meusitejuridico.com.br\/\"},{\"@type\":\"ListItem\",\"position\":2,\"name\":\"Exame da OAB: Raio-X da 1\u00aa Fase (V)\"}]},{\"@type\":\"WebSite\",\"@id\":\"https:\/\/cdn.meusitejuridico.com.br\/#website\",\"url\":\"https:\/\/cdn.meusitejuridico.com.br\/\",\"name\":\"Meu site jur\u00eddico\",\"description\":\"Meu site jur\u00eddico\",\"publisher\":{\"@id\":\"https:\/\/cdn.meusitejuridico.com.br\/#organization\"},\"potentialAction\":[{\"@type\":\"SearchAction\",\"target\":{\"@type\":\"EntryPoint\",\"urlTemplate\":\"https:\/\/cdn.meusitejuridico.com.br\/?s={search_term_string}\"},\"query-input\":{\"@type\":\"PropertyValueSpecification\",\"valueRequired\":true,\"valueName\":\"search_term_string\"}}],\"inLanguage\":\"pt-BR\"},{\"@type\":\"Organization\",\"@id\":\"https:\/\/cdn.meusitejuridico.com.br\/#organization\",\"name\":\"Meu site jur\u00eddico\",\"url\":\"https:\/\/cdn.meusitejuridico.com.br\/\",\"logo\":{\"@type\":\"ImageObject\",\"inLanguage\":\"pt-BR\",\"@id\":\"https:\/\/cdn.meusitejuridico.com.br\/#\/schema\/logo\/image\/\",\"url\":\"https:\/\/meusitejuridico.editorajuspodivm.com.br\/s.meusitejuridico\/2022\/03\/cropped-baeec2a3-msj-02-01-01.png\",\"contentUrl\":\"https:\/\/meusitejuridico.editorajuspodivm.com.br\/s.meusitejuridico\/2022\/03\/cropped-baeec2a3-msj-02-01-01.png\",\"width\":349,\"height\":243,\"caption\":\"Meu site jur\u00eddico\"},\"image\":{\"@id\":\"https:\/\/cdn.meusitejuridico.com.br\/#\/schema\/logo\/image\/\"}},{\"@type\":\"Person\",\"@id\":\"https:\/\/cdn.meusitejuridico.com.br\/#\/schema\/person\/7fb7d3eebc91c10f77ac3c56326af1c9\",\"name\":\"Leonardo Castro\",\"image\":{\"@type\":\"ImageObject\",\"inLanguage\":\"pt-BR\",\"@id\":\"https:\/\/cdn.meusitejuridico.com.br\/#\/schema\/person\/image\/\",\"url\":\"https:\/\/meusitejuridico.editorajuspodivm.com.br\/s.meusitejuridico\/2017\/08\/2cdb7a9d-img-0893-150x150.jpg\",\"contentUrl\":\"https:\/\/meusitejuridico.editorajuspodivm.com.br\/s.meusitejuridico\/2017\/08\/2cdb7a9d-img-0893-150x150.jpg\",\"caption\":\"Leonardo Castro\"},\"description\":\"Professor de Direito Penal. Coautor de obras jur\u00eddicas.\",\"sameAs\":[\"https:\/\/facebook.com\/forumcriminal\"],\"url\":\"https:\/\/meusitejuridico.editorajuspodivm.com.br\/author\/leonardocastro-com-br\/\"}]}<\/script>\n<!-- \/ Yoast SEO plugin. -->","yoast_head_json":{"title":"Exame da OAB: Raio-X da 1\u00aa Fase (V) - Meu site jur\u00eddico","robots":{"index":"index","follow":"follow","max-snippet":"max-snippet:-1","max-image-preview":"max-image-preview:large","max-video-preview":"max-video-preview:-1"},"canonical":"https:\/\/meusitejuridico.com.br\/2019\/03\/08\/exame-da-oab-raio-x-da-1a-fase-v\/","og_locale":"pt_BR","og_type":"article","og_title":"Exame da OAB: Raio-X da 1\u00aa Fase (V) - Meu site jur\u00eddico","og_description":"No sexto post sobre os assuntos mais cobrados na primeira fase do Exame de Ordem, a sensa\u00e7\u00e3o de dever cumprido. Quando iniciei a s\u00e9rie, h\u00e1 mais de um m\u00eas, tive a inten\u00e7\u00e3o de demonstrar que, com estrat\u00e9gia, a prova pode ser vencida sem muito esfor\u00e7o. Disse Sun Tzu, no c\u00e9lebre \u201cA Arte da Guerra\u201d, que, [&hellip;]","og_url":"https:\/\/meusitejuridico.com.br\/2019\/03\/08\/exame-da-oab-raio-x-da-1a-fase-v\/","og_site_name":"Meu site jur\u00eddico","article_author":"https:\/\/facebook.com\/forumcriminal","article_published_time":"2019-03-08T17:08:25+00:00","og_image":[{"width":1000,"height":667,"url":"https:\/\/meusitejuridico.com.br\/s.meusitejuridico\/2019\/03\/a64d92d0-shutterstock-216674389.jpg","type":"image\/jpeg"}],"author":"Leonardo Castro","twitter_card":"summary_large_image","twitter_misc":{"Escrito por":"Leonardo Castro","Est. tempo de leitura":"2 minutos"},"schema":{"@context":"https:\/\/schema.org","@graph":[{"@type":"Article","@id":"https:\/\/meusitejuridico.com.br\/2019\/03\/08\/exame-da-oab-raio-x-da-1a-fase-v\/#article","isPartOf":{"@id":"https:\/\/meusitejuridico.com.br\/2019\/03\/08\/exame-da-oab-raio-x-da-1a-fase-v\/"},"author":{"name":"Leonardo Castro","@id":"https:\/\/cdn.meusitejuridico.com.br\/#\/schema\/person\/7fb7d3eebc91c10f77ac3c56326af1c9"},"headline":"Exame da OAB: Raio-X da 1\u00aa Fase (V)","datePublished":"2019-03-08T17:08:25+00:00","mainEntityOfPage":{"@id":"https:\/\/meusitejuridico.com.br\/2019\/03\/08\/exame-da-oab-raio-x-da-1a-fase-v\/"},"wordCount":366,"commentCount":1,"publisher":{"@id":"https:\/\/cdn.meusitejuridico.com.br\/#organization"},"image":{"@id":"https:\/\/meusitejuridico.com.br\/2019\/03\/08\/exame-da-oab-raio-x-da-1a-fase-v\/#primaryimage"},"thumbnailUrl":"https:\/\/meusitejuridico.editorajuspodivm.com.br\/s.meusitejuridico\/2019\/03\/a64d92d0-shutterstock-216674389.jpg","keywords":["exame de ordem","OAB","primeira fase","raio-x"],"articleSection":["Artigos"],"inLanguage":"pt-BR","potentialAction":[{"@type":"CommentAction","name":"Comment","target":["https:\/\/meusitejuridico.com.br\/2019\/03\/08\/exame-da-oab-raio-x-da-1a-fase-v\/#respond"]}]},{"@type":"WebPage","@id":"https:\/\/meusitejuridico.com.br\/2019\/03\/08\/exame-da-oab-raio-x-da-1a-fase-v\/","url":"https:\/\/meusitejuridico.com.br\/2019\/03\/08\/exame-da-oab-raio-x-da-1a-fase-v\/","name":"Exame da OAB: Raio-X da 1\u00aa Fase (V) - Meu site jur\u00eddico","isPartOf":{"@id":"https:\/\/cdn.meusitejuridico.com.br\/#website"},"primaryImageOfPage":{"@id":"https:\/\/meusitejuridico.com.br\/2019\/03\/08\/exame-da-oab-raio-x-da-1a-fase-v\/#primaryimage"},"image":{"@id":"https:\/\/meusitejuridico.com.br\/2019\/03\/08\/exame-da-oab-raio-x-da-1a-fase-v\/#primaryimage"},"thumbnailUrl":"https:\/\/meusitejuridico.editorajuspodivm.com.br\/s.meusitejuridico\/2019\/03\/a64d92d0-shutterstock-216674389.jpg","datePublished":"2019-03-08T17:08:25+00:00","breadcrumb":{"@id":"https:\/\/meusitejuridico.com.br\/2019\/03\/08\/exame-da-oab-raio-x-da-1a-fase-v\/#breadcrumb"},"inLanguage":"pt-BR","potentialAction":[{"@type":"ReadAction","target":["https:\/\/meusitejuridico.com.br\/2019\/03\/08\/exame-da-oab-raio-x-da-1a-fase-v\/"]}]},{"@type":"ImageObject","inLanguage":"pt-BR","@id":"https:\/\/meusitejuridico.com.br\/2019\/03\/08\/exame-da-oab-raio-x-da-1a-fase-v\/#primaryimage","url":"https:\/\/meusitejuridico.editorajuspodivm.com.br\/s.meusitejuridico\/2019\/03\/a64d92d0-shutterstock-216674389.jpg","contentUrl":"https:\/\/meusitejuridico.editorajuspodivm.com.br\/s.meusitejuridico\/2019\/03\/a64d92d0-shutterstock-216674389.jpg","width":1000,"height":667},{"@type":"BreadcrumbList","@id":"https:\/\/meusitejuridico.com.br\/2019\/03\/08\/exame-da-oab-raio-x-da-1a-fase-v\/#breadcrumb","itemListElement":[{"@type":"ListItem","position":1,"name":"In\u00edcio","item":"https:\/\/cdn.meusitejuridico.com.br\/"},{"@type":"ListItem","position":2,"name":"Exame da OAB: Raio-X da 1\u00aa Fase (V)"}]},{"@type":"WebSite","@id":"https:\/\/cdn.meusitejuridico.com.br\/#website","url":"https:\/\/cdn.meusitejuridico.com.br\/","name":"Meu site jur\u00eddico","description":"Meu site jur\u00eddico","publisher":{"@id":"https:\/\/cdn.meusitejuridico.com.br\/#organization"},"potentialAction":[{"@type":"SearchAction","target":{"@type":"EntryPoint","urlTemplate":"https:\/\/cdn.meusitejuridico.com.br\/?s={search_term_string}"},"query-input":{"@type":"PropertyValueSpecification","valueRequired":true,"valueName":"search_term_string"}}],"inLanguage":"pt-BR"},{"@type":"Organization","@id":"https:\/\/cdn.meusitejuridico.com.br\/#organization","name":"Meu site jur\u00eddico","url":"https:\/\/cdn.meusitejuridico.com.br\/","logo":{"@type":"ImageObject","inLanguage":"pt-BR","@id":"https:\/\/cdn.meusitejuridico.com.br\/#\/schema\/logo\/image\/","url":"https:\/\/meusitejuridico.editorajuspodivm.com.br\/s.meusitejuridico\/2022\/03\/cropped-baeec2a3-msj-02-01-01.png","contentUrl":"https:\/\/meusitejuridico.editorajuspodivm.com.br\/s.meusitejuridico\/2022\/03\/cropped-baeec2a3-msj-02-01-01.png","width":349,"height":243,"caption":"Meu site jur\u00eddico"},"image":{"@id":"https:\/\/cdn.meusitejuridico.com.br\/#\/schema\/logo\/image\/"}},{"@type":"Person","@id":"https:\/\/cdn.meusitejuridico.com.br\/#\/schema\/person\/7fb7d3eebc91c10f77ac3c56326af1c9","name":"Leonardo Castro","image":{"@type":"ImageObject","inLanguage":"pt-BR","@id":"https:\/\/cdn.meusitejuridico.com.br\/#\/schema\/person\/image\/","url":"https:\/\/meusitejuridico.editorajuspodivm.com.br\/s.meusitejuridico\/2017\/08\/2cdb7a9d-img-0893-150x150.jpg","contentUrl":"https:\/\/meusitejuridico.editorajuspodivm.com.br\/s.meusitejuridico\/2017\/08\/2cdb7a9d-img-0893-150x150.jpg","caption":"Leonardo Castro"},"description":"Professor de Direito Penal. Coautor de obras jur\u00eddicas.","sameAs":["https:\/\/facebook.com\/forumcriminal"],"url":"https:\/\/meusitejuridico.editorajuspodivm.com.br\/author\/leonardocastro-com-br\/"}]}},"_links":{"self":[{"href":"https:\/\/meusitejuridico.editorajuspodivm.com.br\/api\/wp\/v2\/posts\/7832","targetHints":{"allow":["GET"]}}],"collection":[{"href":"https:\/\/meusitejuridico.editorajuspodivm.com.br\/api\/wp\/v2\/posts"}],"about":[{"href":"https:\/\/meusitejuridico.editorajuspodivm.com.br\/api\/wp\/v2\/types\/post"}],"author":[{"embeddable":true,"href":"https:\/\/meusitejuridico.editorajuspodivm.com.br\/api\/wp\/v2\/users\/31"}],"replies":[{"embeddable":true,"href":"https:\/\/meusitejuridico.editorajuspodivm.com.br\/api\/wp\/v2\/comments?post=7832"}],"version-history":[{"count":2,"href":"https:\/\/meusitejuridico.editorajuspodivm.com.br\/api\/wp\/v2\/posts\/7832\/revisions"}],"predecessor-version":[{"id":7837,"href":"https:\/\/meusitejuridico.editorajuspodivm.com.br\/api\/wp\/v2\/posts\/7832\/revisions\/7837"}],"wp:featuredmedia":[{"embeddable":true,"href":"https:\/\/meusitejuridico.editorajuspodivm.com.br\/api\/wp\/v2\/media\/7833"}],"wp:attachment":[{"href":"https:\/\/meusitejuridico.editorajuspodivm.com.br\/api\/wp\/v2\/media?parent=7832"}],"wp:term":[{"taxonomy":"category","embeddable":true,"href":"https:\/\/meusitejuridico.editorajuspodivm.com.br\/api\/wp\/v2\/categories?post=7832"},{"taxonomy":"post_tag","embeddable":true,"href":"https:\/\/meusitejuridico.editorajuspodivm.com.br\/api\/wp\/v2\/tags?post=7832"}],"curies":[{"name":"wp","href":"https:\/\/api.w.org\/{rel}","templated":true}]}}