{"id":8242,"date":"2019-05-05T08:30:41","date_gmt":"2019-05-05T11:30:41","guid":{"rendered":"https:\/\/meusitejuridico.editorajuspodivm.com.br\/?p=8242"},"modified":"2019-05-04T07:54:49","modified_gmt":"2019-05-04T10:54:49","slug":"certo-ou-errado-no-crime-de-transito-de-lesao-corporal-culposa-com-motorista-embriagado-e-dispensavel-representacao-e-sao-obstadas-transacao-penal-e-suspensao-condicional-processo","status":"publish","type":"post","link":"https:\/\/meusitejuridico.editorajuspodivm.com.br\/2019\/05\/05\/certo-ou-errado-no-crime-de-transito-de-lesao-corporal-culposa-com-motorista-embriagado-e-dispensavel-representacao-e-sao-obstadas-transacao-penal-e-suspensao-condicional-processo\/","title":{"rendered":"Certo ou errado? Na les\u00e3o corporal culposa com motorista embriagado \u00e9 dispens\u00e1vel a representa\u00e7\u00e3o e s\u00e3o obstadas a transa\u00e7\u00e3o penal e a suspens\u00e3o condicional do processo"},"content":{"rendered":"<p><strong>ERRADO<\/strong><\/p>\n<p>A les\u00e3o corporal culposa cometida na dire\u00e7\u00e3o de ve\u00edculo automotor, tipificada no art. 303 da Lei n\u00ba 9.503\/97, tem pena que varia de seis meses a dois anos de deten\u00e7\u00e3o, al\u00e9m da suspens\u00e3o ou da proibi\u00e7\u00e3o de se obter a permiss\u00e3o ou a habilita\u00e7\u00e3o para dirigir ve\u00edculo automotor. Por for\u00e7a do disposto no art. 291, \u00a7 1\u00ba, do mesmo diploma, \u00e0 les\u00e3o corporal culposa se aplicam as disposi\u00e7\u00f5es dos artigos 74, 76 e 88 da Lei n\u00ba 9.099\/95, que tratam, respectivamente, da composi\u00e7\u00e3o civil, da transa\u00e7\u00e3o penal e da necessidade de representa\u00e7\u00e3o do ofendido. Ocorre que o mesmo art. 291 estabelece que as medidas ben\u00e9ficas da Lei n\u00ba 9.099\/95 devem ser afastadas se o agente estiver: I \u2013 sob a influ\u00eancia de \u00e1lcool ou qualquer outra subst\u00e2ncia psicoativa que determine depend\u00eancia; II \u2013 participando, em via p\u00fablica, de corrida, disputa ou competi\u00e7\u00e3o automobil\u00edstica, de exibi\u00e7\u00e3o ou demonstra\u00e7\u00e3o de per\u00edcia em manobra de ve\u00edculo automotor, n\u00e3o autorizada pela autoridade competente; III \u2013 transitando em velocidade superior \u00e0 m\u00e1xima permitida para a via em 50 km\/h (cinquenta quil\u00f4metros por hora). Note-se, todavia, que a suspens\u00e3o condicional do processo <strong>n\u00e3o se submete<\/strong> a essas exce\u00e7\u00f5es, que, reitere-se, aplicam-se \u00e0 composi\u00e7\u00e3o civil, \u00e0 transa\u00e7\u00e3o penal e \u00e0 representa\u00e7\u00e3o do ofendido.<\/p>\n<p><a href=\"https:\/\/play.google.com\/store\/apps\/details?id=com.app.meuappjuridico&amp;hl=pt\" target=\"_blank\" rel=\"noopener\"><img decoding=\"async\" class=\"alignnone wp-image-4610 size-medium\" src=\"https:\/\/s3.meusitejuridico.com.br\/2018\/02\/3cdb1249-banner-app-300x166.jpeg\" alt=\"\" width=\"300\" height=\"166\" srcset=\"https:\/\/meusitejuridico.editorajuspodivm.com.br\/s.meusitejuridico\/2018\/02\/3cdb1249-banner-app-300x166.jpeg 300w, https:\/\/meusitejuridico.editorajuspodivm.com.br\/s.meusitejuridico\/2018\/02\/3cdb1249-banner-app-768x424.jpeg 768w, https:\/\/meusitejuridico.editorajuspodivm.com.br\/s.meusitejuridico\/2018\/02\/3cdb1249-banner-app-1024x566.jpeg 1024w, https:\/\/meusitejuridico.editorajuspodivm.com.br\/s.meusitejuridico\/2018\/02\/3cdb1249-banner-app-80x44.jpeg 80w, https:\/\/meusitejuridico.editorajuspodivm.com.br\/s.meusitejuridico\/2018\/02\/3cdb1249-banner-app.jpeg 1140w\" sizes=\"(max-width: 300px) 100vw, 300px\" \/><\/a><\/p>\n<p>Material extra\u00eddo da obra <a href=\"https:\/\/www.editorajuspodivm.com.br\/revisaco-direito-penal-2209-questoes-comentadas-alternativa-por-alternativa-2018\" target=\"_blank\" rel=\"noopener\">Revisa\u00e7o Direito Penal<\/a><\/p>\n","protected":false},"excerpt":{"rendered":"<p>ERRADO A les\u00e3o corporal culposa cometida na dire\u00e7\u00e3o de ve\u00edculo automotor, tipificada no art. 303 da Lei n\u00ba 9.503\/97, tem pena que varia de seis meses a dois anos de deten\u00e7\u00e3o, al\u00e9m da suspens\u00e3o ou da proibi\u00e7\u00e3o de se obter a permiss\u00e3o ou a habilita\u00e7\u00e3o para dirigir ve\u00edculo automotor. Por for\u00e7a do disposto no art. [&hellip;]<\/p>\n","protected":false},"author":7,"featured_media":4232,"comment_status":"open","ping_status":"open","sticky":false,"template":"","format":"standard","meta":{"_acf_changed":false,"footnotes":""},"categories":[78,437],"tags":[1712,107,839,1915,480,2605,1824],"class_list":["post-8242","post","type-post","status-publish","format-standard","has-post-thumbnail","hentry","category-material-de-aula","category-perguntas-e-respostas","tag-crimes-de-transito","tag-direito-penal","tag-embriaguez","tag-lei-9-50397","tag-lesao-corporal","tag-suspensao-condicional","tag-transacao-penal"],"acf":[],"yoast_head":"<!-- This site is optimized with the Yoast SEO plugin v24.8.1 - https:\/\/yoast.com\/wordpress\/plugins\/seo\/ -->\n<title>Certo ou errado? Na les\u00e3o corporal culposa com motorista embriagado \u00e9 dispens\u00e1vel a representa\u00e7\u00e3o e s\u00e3o obstadas a transa\u00e7\u00e3o penal e a suspens\u00e3o condicional do processo - Meu site jur\u00eddico<\/title>\n<meta name=\"robots\" content=\"index, follow, max-snippet:-1, max-image-preview:large, max-video-preview:-1\" \/>\n<link rel=\"canonical\" href=\"https:\/\/meusitejuridico.editorajuspodivm.com.br\/2019\/05\/05\/certo-ou-errado-no-crime-de-transito-de-lesao-corporal-culposa-com-motorista-embriagado-e-dispensavel-representacao-e-sao-obstadas-transacao-penal-e-suspensao-condicional-processo\/\" \/>\n<meta property=\"og:locale\" content=\"pt_BR\" \/>\n<meta property=\"og:type\" content=\"article\" \/>\n<meta property=\"og:title\" content=\"Certo ou errado? Na les\u00e3o corporal culposa com motorista embriagado \u00e9 dispens\u00e1vel a representa\u00e7\u00e3o e s\u00e3o obstadas a transa\u00e7\u00e3o penal e a suspens\u00e3o condicional do processo - Meu site jur\u00eddico\" \/>\n<meta property=\"og:description\" content=\"ERRADO A les\u00e3o corporal culposa cometida na dire\u00e7\u00e3o de ve\u00edculo automotor, tipificada no art. 303 da Lei n\u00ba 9.503\/97, tem pena que varia de seis meses a dois anos de deten\u00e7\u00e3o, al\u00e9m da suspens\u00e3o ou da proibi\u00e7\u00e3o de se obter a permiss\u00e3o ou a habilita\u00e7\u00e3o para dirigir ve\u00edculo automotor. Por for\u00e7a do disposto no art. [&hellip;]\" \/>\n<meta property=\"og:url\" content=\"https:\/\/meusitejuridico.editorajuspodivm.com.br\/2019\/05\/05\/certo-ou-errado-no-crime-de-transito-de-lesao-corporal-culposa-com-motorista-embriagado-e-dispensavel-representacao-e-sao-obstadas-transacao-penal-e-suspensao-condicional-processo\/\" \/>\n<meta property=\"og:site_name\" content=\"Meu site jur\u00eddico\" \/>\n<meta property=\"article:published_time\" content=\"2019-05-05T11:30:41+00:00\" \/>\n<meta property=\"og:image\" content=\"https:\/\/meusitejuridico.editorajuspodivm.com.br\/s.meusitejuridico\/2018\/01\/323e64f9-shutterstock-552097078.jpg\" \/>\n\t<meta property=\"og:image:width\" content=\"500\" \/>\n\t<meta property=\"og:image:height\" content=\"393\" \/>\n\t<meta property=\"og:image:type\" content=\"image\/jpeg\" \/>\n<meta name=\"author\" content=\"Equipe Meu Site Jur\u00eddico\" \/>\n<meta name=\"twitter:card\" content=\"summary_large_image\" \/>\n<meta name=\"twitter:label1\" content=\"Escrito por\" \/>\n\t<meta name=\"twitter:data1\" content=\"Equipe Meu Site Jur\u00eddico\" \/>\n\t<meta name=\"twitter:label2\" content=\"Est. tempo de leitura\" \/>\n\t<meta name=\"twitter:data2\" content=\"1 minuto\" \/>\n<script type=\"application\/ld+json\" class=\"yoast-schema-graph\">{\"@context\":\"https:\/\/schema.org\",\"@graph\":[{\"@type\":\"Article\",\"@id\":\"https:\/\/meusitejuridico.editorajuspodivm.com.br\/2019\/05\/05\/certo-ou-errado-no-crime-de-transito-de-lesao-corporal-culposa-com-motorista-embriagado-e-dispensavel-representacao-e-sao-obstadas-transacao-penal-e-suspensao-condicional-processo\/#article\",\"isPartOf\":{\"@id\":\"https:\/\/meusitejuridico.editorajuspodivm.com.br\/2019\/05\/05\/certo-ou-errado-no-crime-de-transito-de-lesao-corporal-culposa-com-motorista-embriagado-e-dispensavel-representacao-e-sao-obstadas-transacao-penal-e-suspensao-condicional-processo\/\"},\"author\":{\"name\":\"Equipe Meu Site Jur\u00eddico\",\"@id\":\"https:\/\/meusitejuridico.editorajuspodivm.com.br\/#\/schema\/person\/5c2237ac0c8ff03bcf1a09fe3e45dfce\"},\"headline\":\"Certo ou errado? Na les\u00e3o corporal culposa com motorista embriagado \u00e9 dispens\u00e1vel a representa\u00e7\u00e3o e s\u00e3o obstadas a transa\u00e7\u00e3o penal e a suspens\u00e3o condicional do processo\",\"datePublished\":\"2019-05-05T11:30:41+00:00\",\"mainEntityOfPage\":{\"@id\":\"https:\/\/meusitejuridico.editorajuspodivm.com.br\/2019\/05\/05\/certo-ou-errado-no-crime-de-transito-de-lesao-corporal-culposa-com-motorista-embriagado-e-dispensavel-representacao-e-sao-obstadas-transacao-penal-e-suspensao-condicional-processo\/\"},\"wordCount\":264,\"commentCount\":0,\"publisher\":{\"@id\":\"https:\/\/meusitejuridico.editorajuspodivm.com.br\/#organization\"},\"image\":{\"@id\":\"https:\/\/meusitejuridico.editorajuspodivm.com.br\/2019\/05\/05\/certo-ou-errado-no-crime-de-transito-de-lesao-corporal-culposa-com-motorista-embriagado-e-dispensavel-representacao-e-sao-obstadas-transacao-penal-e-suspensao-condicional-processo\/#primaryimage\"},\"thumbnailUrl\":\"https:\/\/meusitejuridico.editorajuspodivm.com.br\/s.meusitejuridico\/2018\/01\/323e64f9-shutterstock-552097078.jpg\",\"keywords\":[\"crimes de tr\u00e2nsito\",\"Direito Penal\",\"embriaguez\",\"Lei 9.503\/97\",\"les\u00e3o corporal\",\"suspens\u00e3o condicional\",\"transa\u00e7\u00e3o penal\"],\"articleSection\":[\"Material de aula\",\"Perguntas e Respostas\"],\"inLanguage\":\"pt-BR\",\"potentialAction\":[{\"@type\":\"CommentAction\",\"name\":\"Comment\",\"target\":[\"https:\/\/meusitejuridico.editorajuspodivm.com.br\/2019\/05\/05\/certo-ou-errado-no-crime-de-transito-de-lesao-corporal-culposa-com-motorista-embriagado-e-dispensavel-representacao-e-sao-obstadas-transacao-penal-e-suspensao-condicional-processo\/#respond\"]}]},{\"@type\":\"WebPage\",\"@id\":\"https:\/\/meusitejuridico.editorajuspodivm.com.br\/2019\/05\/05\/certo-ou-errado-no-crime-de-transito-de-lesao-corporal-culposa-com-motorista-embriagado-e-dispensavel-representacao-e-sao-obstadas-transacao-penal-e-suspensao-condicional-processo\/\",\"url\":\"https:\/\/meusitejuridico.editorajuspodivm.com.br\/2019\/05\/05\/certo-ou-errado-no-crime-de-transito-de-lesao-corporal-culposa-com-motorista-embriagado-e-dispensavel-representacao-e-sao-obstadas-transacao-penal-e-suspensao-condicional-processo\/\",\"name\":\"Certo ou errado? Na les\u00e3o corporal culposa com motorista embriagado \u00e9 dispens\u00e1vel a representa\u00e7\u00e3o e s\u00e3o obstadas a transa\u00e7\u00e3o penal e a suspens\u00e3o condicional do processo - Meu site jur\u00eddico\",\"isPartOf\":{\"@id\":\"https:\/\/meusitejuridico.editorajuspodivm.com.br\/#website\"},\"primaryImageOfPage\":{\"@id\":\"https:\/\/meusitejuridico.editorajuspodivm.com.br\/2019\/05\/05\/certo-ou-errado-no-crime-de-transito-de-lesao-corporal-culposa-com-motorista-embriagado-e-dispensavel-representacao-e-sao-obstadas-transacao-penal-e-suspensao-condicional-processo\/#primaryimage\"},\"image\":{\"@id\":\"https:\/\/meusitejuridico.editorajuspodivm.com.br\/2019\/05\/05\/certo-ou-errado-no-crime-de-transito-de-lesao-corporal-culposa-com-motorista-embriagado-e-dispensavel-representacao-e-sao-obstadas-transacao-penal-e-suspensao-condicional-processo\/#primaryimage\"},\"thumbnailUrl\":\"https:\/\/meusitejuridico.editorajuspodivm.com.br\/s.meusitejuridico\/2018\/01\/323e64f9-shutterstock-552097078.jpg\",\"datePublished\":\"2019-05-05T11:30:41+00:00\",\"breadcrumb\":{\"@id\":\"https:\/\/meusitejuridico.editorajuspodivm.com.br\/2019\/05\/05\/certo-ou-errado-no-crime-de-transito-de-lesao-corporal-culposa-com-motorista-embriagado-e-dispensavel-representacao-e-sao-obstadas-transacao-penal-e-suspensao-condicional-processo\/#breadcrumb\"},\"inLanguage\":\"pt-BR\",\"potentialAction\":[{\"@type\":\"ReadAction\",\"target\":[\"https:\/\/meusitejuridico.editorajuspodivm.com.br\/2019\/05\/05\/certo-ou-errado-no-crime-de-transito-de-lesao-corporal-culposa-com-motorista-embriagado-e-dispensavel-representacao-e-sao-obstadas-transacao-penal-e-suspensao-condicional-processo\/\"]}]},{\"@type\":\"ImageObject\",\"inLanguage\":\"pt-BR\",\"@id\":\"https:\/\/meusitejuridico.editorajuspodivm.com.br\/2019\/05\/05\/certo-ou-errado-no-crime-de-transito-de-lesao-corporal-culposa-com-motorista-embriagado-e-dispensavel-representacao-e-sao-obstadas-transacao-penal-e-suspensao-condicional-processo\/#primaryimage\",\"url\":\"https:\/\/meusitejuridico.editorajuspodivm.com.br\/s.meusitejuridico\/2018\/01\/323e64f9-shutterstock-552097078.jpg\",\"contentUrl\":\"https:\/\/meusitejuridico.editorajuspodivm.com.br\/s.meusitejuridico\/2018\/01\/323e64f9-shutterstock-552097078.jpg\",\"width\":500,\"height\":393},{\"@type\":\"BreadcrumbList\",\"@id\":\"https:\/\/meusitejuridico.editorajuspodivm.com.br\/2019\/05\/05\/certo-ou-errado-no-crime-de-transito-de-lesao-corporal-culposa-com-motorista-embriagado-e-dispensavel-representacao-e-sao-obstadas-transacao-penal-e-suspensao-condicional-processo\/#breadcrumb\",\"itemListElement\":[{\"@type\":\"ListItem\",\"position\":1,\"name\":\"In\u00edcio\",\"item\":\"https:\/\/meusitejuridico.editorajuspodivm.com.br\/\"},{\"@type\":\"ListItem\",\"position\":2,\"name\":\"Certo ou errado? Na les\u00e3o corporal culposa com motorista embriagado \u00e9 dispens\u00e1vel a representa\u00e7\u00e3o e s\u00e3o obstadas a transa\u00e7\u00e3o penal e a suspens\u00e3o condicional do processo\"}]},{\"@type\":\"WebSite\",\"@id\":\"https:\/\/meusitejuridico.editorajuspodivm.com.br\/#website\",\"url\":\"https:\/\/meusitejuridico.editorajuspodivm.com.br\/\",\"name\":\"Meu site jur\u00eddico\",\"description\":\"Meu site jur\u00eddico\",\"publisher\":{\"@id\":\"https:\/\/meusitejuridico.editorajuspodivm.com.br\/#organization\"},\"potentialAction\":[{\"@type\":\"SearchAction\",\"target\":{\"@type\":\"EntryPoint\",\"urlTemplate\":\"https:\/\/meusitejuridico.editorajuspodivm.com.br\/?s={search_term_string}\"},\"query-input\":{\"@type\":\"PropertyValueSpecification\",\"valueRequired\":true,\"valueName\":\"search_term_string\"}}],\"inLanguage\":\"pt-BR\"},{\"@type\":\"Organization\",\"@id\":\"https:\/\/meusitejuridico.editorajuspodivm.com.br\/#organization\",\"name\":\"Meu site jur\u00eddico\",\"url\":\"https:\/\/meusitejuridico.editorajuspodivm.com.br\/\",\"logo\":{\"@type\":\"ImageObject\",\"inLanguage\":\"pt-BR\",\"@id\":\"https:\/\/meusitejuridico.editorajuspodivm.com.br\/#\/schema\/logo\/image\/\",\"url\":\"https:\/\/meusitejuridico.editorajuspodivm.com.br\/s.meusitejuridico\/2022\/03\/cropped-baeec2a3-msj-02-01-01.png\",\"contentUrl\":\"https:\/\/meusitejuridico.editorajuspodivm.com.br\/s.meusitejuridico\/2022\/03\/cropped-baeec2a3-msj-02-01-01.png\",\"width\":349,\"height\":243,\"caption\":\"Meu site jur\u00eddico\"},\"image\":{\"@id\":\"https:\/\/meusitejuridico.editorajuspodivm.com.br\/#\/schema\/logo\/image\/\"}},{\"@type\":\"Person\",\"@id\":\"https:\/\/meusitejuridico.editorajuspodivm.com.br\/#\/schema\/person\/5c2237ac0c8ff03bcf1a09fe3e45dfce\",\"name\":\"Equipe Meu Site Jur\u00eddico\",\"image\":{\"@type\":\"ImageObject\",\"inLanguage\":\"pt-BR\",\"@id\":\"https:\/\/meusitejuridico.editorajuspodivm.com.br\/#\/schema\/person\/image\/\",\"url\":\"https:\/\/meusitejuridico.editorajuspodivm.com.br\/s.meusitejuridico\/2020\/07\/6be289aa-logo-msj.png\",\"contentUrl\":\"https:\/\/meusitejuridico.editorajuspodivm.com.br\/s.meusitejuridico\/2020\/07\/6be289aa-logo-msj.png\",\"caption\":\"Equipe Meu Site Jur\u00eddico\"},\"description\":\"Contem conosco!\",\"url\":\"https:\/\/meusitejuridico.editorajuspodivm.com.br\/author\/equipe-meu-site-juridico\/\"}]}<\/script>\n<!-- \/ Yoast SEO plugin. -->","yoast_head_json":{"title":"Certo ou errado? Na les\u00e3o corporal culposa com motorista embriagado \u00e9 dispens\u00e1vel a representa\u00e7\u00e3o e s\u00e3o obstadas a transa\u00e7\u00e3o penal e a suspens\u00e3o condicional do processo - Meu site jur\u00eddico","robots":{"index":"index","follow":"follow","max-snippet":"max-snippet:-1","max-image-preview":"max-image-preview:large","max-video-preview":"max-video-preview:-1"},"canonical":"https:\/\/meusitejuridico.editorajuspodivm.com.br\/2019\/05\/05\/certo-ou-errado-no-crime-de-transito-de-lesao-corporal-culposa-com-motorista-embriagado-e-dispensavel-representacao-e-sao-obstadas-transacao-penal-e-suspensao-condicional-processo\/","og_locale":"pt_BR","og_type":"article","og_title":"Certo ou errado? Na les\u00e3o corporal culposa com motorista embriagado \u00e9 dispens\u00e1vel a representa\u00e7\u00e3o e s\u00e3o obstadas a transa\u00e7\u00e3o penal e a suspens\u00e3o condicional do processo - Meu site jur\u00eddico","og_description":"ERRADO A les\u00e3o corporal culposa cometida na dire\u00e7\u00e3o de ve\u00edculo automotor, tipificada no art. 303 da Lei n\u00ba 9.503\/97, tem pena que varia de seis meses a dois anos de deten\u00e7\u00e3o, al\u00e9m da suspens\u00e3o ou da proibi\u00e7\u00e3o de se obter a permiss\u00e3o ou a habilita\u00e7\u00e3o para dirigir ve\u00edculo automotor. Por for\u00e7a do disposto no art. [&hellip;]","og_url":"https:\/\/meusitejuridico.editorajuspodivm.com.br\/2019\/05\/05\/certo-ou-errado-no-crime-de-transito-de-lesao-corporal-culposa-com-motorista-embriagado-e-dispensavel-representacao-e-sao-obstadas-transacao-penal-e-suspensao-condicional-processo\/","og_site_name":"Meu site jur\u00eddico","article_published_time":"2019-05-05T11:30:41+00:00","og_image":[{"width":500,"height":393,"url":"https:\/\/meusitejuridico.editorajuspodivm.com.br\/s.meusitejuridico\/2018\/01\/323e64f9-shutterstock-552097078.jpg","type":"image\/jpeg"}],"author":"Equipe Meu Site Jur\u00eddico","twitter_card":"summary_large_image","twitter_misc":{"Escrito por":"Equipe Meu Site Jur\u00eddico","Est. tempo de leitura":"1 minuto"},"schema":{"@context":"https:\/\/schema.org","@graph":[{"@type":"Article","@id":"https:\/\/meusitejuridico.editorajuspodivm.com.br\/2019\/05\/05\/certo-ou-errado-no-crime-de-transito-de-lesao-corporal-culposa-com-motorista-embriagado-e-dispensavel-representacao-e-sao-obstadas-transacao-penal-e-suspensao-condicional-processo\/#article","isPartOf":{"@id":"https:\/\/meusitejuridico.editorajuspodivm.com.br\/2019\/05\/05\/certo-ou-errado-no-crime-de-transito-de-lesao-corporal-culposa-com-motorista-embriagado-e-dispensavel-representacao-e-sao-obstadas-transacao-penal-e-suspensao-condicional-processo\/"},"author":{"name":"Equipe Meu Site Jur\u00eddico","@id":"https:\/\/meusitejuridico.editorajuspodivm.com.br\/#\/schema\/person\/5c2237ac0c8ff03bcf1a09fe3e45dfce"},"headline":"Certo ou errado? Na les\u00e3o corporal culposa com motorista embriagado \u00e9 dispens\u00e1vel a representa\u00e7\u00e3o e s\u00e3o obstadas a transa\u00e7\u00e3o penal e a suspens\u00e3o condicional do processo","datePublished":"2019-05-05T11:30:41+00:00","mainEntityOfPage":{"@id":"https:\/\/meusitejuridico.editorajuspodivm.com.br\/2019\/05\/05\/certo-ou-errado-no-crime-de-transito-de-lesao-corporal-culposa-com-motorista-embriagado-e-dispensavel-representacao-e-sao-obstadas-transacao-penal-e-suspensao-condicional-processo\/"},"wordCount":264,"commentCount":0,"publisher":{"@id":"https:\/\/meusitejuridico.editorajuspodivm.com.br\/#organization"},"image":{"@id":"https:\/\/meusitejuridico.editorajuspodivm.com.br\/2019\/05\/05\/certo-ou-errado-no-crime-de-transito-de-lesao-corporal-culposa-com-motorista-embriagado-e-dispensavel-representacao-e-sao-obstadas-transacao-penal-e-suspensao-condicional-processo\/#primaryimage"},"thumbnailUrl":"https:\/\/meusitejuridico.editorajuspodivm.com.br\/s.meusitejuridico\/2018\/01\/323e64f9-shutterstock-552097078.jpg","keywords":["crimes de tr\u00e2nsito","Direito Penal","embriaguez","Lei 9.503\/97","les\u00e3o corporal","suspens\u00e3o condicional","transa\u00e7\u00e3o penal"],"articleSection":["Material de aula","Perguntas e Respostas"],"inLanguage":"pt-BR","potentialAction":[{"@type":"CommentAction","name":"Comment","target":["https:\/\/meusitejuridico.editorajuspodivm.com.br\/2019\/05\/05\/certo-ou-errado-no-crime-de-transito-de-lesao-corporal-culposa-com-motorista-embriagado-e-dispensavel-representacao-e-sao-obstadas-transacao-penal-e-suspensao-condicional-processo\/#respond"]}]},{"@type":"WebPage","@id":"https:\/\/meusitejuridico.editorajuspodivm.com.br\/2019\/05\/05\/certo-ou-errado-no-crime-de-transito-de-lesao-corporal-culposa-com-motorista-embriagado-e-dispensavel-representacao-e-sao-obstadas-transacao-penal-e-suspensao-condicional-processo\/","url":"https:\/\/meusitejuridico.editorajuspodivm.com.br\/2019\/05\/05\/certo-ou-errado-no-crime-de-transito-de-lesao-corporal-culposa-com-motorista-embriagado-e-dispensavel-representacao-e-sao-obstadas-transacao-penal-e-suspensao-condicional-processo\/","name":"Certo ou errado? Na les\u00e3o corporal culposa com motorista embriagado \u00e9 dispens\u00e1vel a representa\u00e7\u00e3o e s\u00e3o obstadas a transa\u00e7\u00e3o penal e a suspens\u00e3o condicional do processo - Meu site jur\u00eddico","isPartOf":{"@id":"https:\/\/meusitejuridico.editorajuspodivm.com.br\/#website"},"primaryImageOfPage":{"@id":"https:\/\/meusitejuridico.editorajuspodivm.com.br\/2019\/05\/05\/certo-ou-errado-no-crime-de-transito-de-lesao-corporal-culposa-com-motorista-embriagado-e-dispensavel-representacao-e-sao-obstadas-transacao-penal-e-suspensao-condicional-processo\/#primaryimage"},"image":{"@id":"https:\/\/meusitejuridico.editorajuspodivm.com.br\/2019\/05\/05\/certo-ou-errado-no-crime-de-transito-de-lesao-corporal-culposa-com-motorista-embriagado-e-dispensavel-representacao-e-sao-obstadas-transacao-penal-e-suspensao-condicional-processo\/#primaryimage"},"thumbnailUrl":"https:\/\/meusitejuridico.editorajuspodivm.com.br\/s.meusitejuridico\/2018\/01\/323e64f9-shutterstock-552097078.jpg","datePublished":"2019-05-05T11:30:41+00:00","breadcrumb":{"@id":"https:\/\/meusitejuridico.editorajuspodivm.com.br\/2019\/05\/05\/certo-ou-errado-no-crime-de-transito-de-lesao-corporal-culposa-com-motorista-embriagado-e-dispensavel-representacao-e-sao-obstadas-transacao-penal-e-suspensao-condicional-processo\/#breadcrumb"},"inLanguage":"pt-BR","potentialAction":[{"@type":"ReadAction","target":["https:\/\/meusitejuridico.editorajuspodivm.com.br\/2019\/05\/05\/certo-ou-errado-no-crime-de-transito-de-lesao-corporal-culposa-com-motorista-embriagado-e-dispensavel-representacao-e-sao-obstadas-transacao-penal-e-suspensao-condicional-processo\/"]}]},{"@type":"ImageObject","inLanguage":"pt-BR","@id":"https:\/\/meusitejuridico.editorajuspodivm.com.br\/2019\/05\/05\/certo-ou-errado-no-crime-de-transito-de-lesao-corporal-culposa-com-motorista-embriagado-e-dispensavel-representacao-e-sao-obstadas-transacao-penal-e-suspensao-condicional-processo\/#primaryimage","url":"https:\/\/meusitejuridico.editorajuspodivm.com.br\/s.meusitejuridico\/2018\/01\/323e64f9-shutterstock-552097078.jpg","contentUrl":"https:\/\/meusitejuridico.editorajuspodivm.com.br\/s.meusitejuridico\/2018\/01\/323e64f9-shutterstock-552097078.jpg","width":500,"height":393},{"@type":"BreadcrumbList","@id":"https:\/\/meusitejuridico.editorajuspodivm.com.br\/2019\/05\/05\/certo-ou-errado-no-crime-de-transito-de-lesao-corporal-culposa-com-motorista-embriagado-e-dispensavel-representacao-e-sao-obstadas-transacao-penal-e-suspensao-condicional-processo\/#breadcrumb","itemListElement":[{"@type":"ListItem","position":1,"name":"In\u00edcio","item":"https:\/\/meusitejuridico.editorajuspodivm.com.br\/"},{"@type":"ListItem","position":2,"name":"Certo ou errado? Na les\u00e3o corporal culposa com motorista embriagado \u00e9 dispens\u00e1vel a representa\u00e7\u00e3o e s\u00e3o obstadas a transa\u00e7\u00e3o penal e a suspens\u00e3o condicional do processo"}]},{"@type":"WebSite","@id":"https:\/\/meusitejuridico.editorajuspodivm.com.br\/#website","url":"https:\/\/meusitejuridico.editorajuspodivm.com.br\/","name":"Meu site jur\u00eddico","description":"Meu site jur\u00eddico","publisher":{"@id":"https:\/\/meusitejuridico.editorajuspodivm.com.br\/#organization"},"potentialAction":[{"@type":"SearchAction","target":{"@type":"EntryPoint","urlTemplate":"https:\/\/meusitejuridico.editorajuspodivm.com.br\/?s={search_term_string}"},"query-input":{"@type":"PropertyValueSpecification","valueRequired":true,"valueName":"search_term_string"}}],"inLanguage":"pt-BR"},{"@type":"Organization","@id":"https:\/\/meusitejuridico.editorajuspodivm.com.br\/#organization","name":"Meu site jur\u00eddico","url":"https:\/\/meusitejuridico.editorajuspodivm.com.br\/","logo":{"@type":"ImageObject","inLanguage":"pt-BR","@id":"https:\/\/meusitejuridico.editorajuspodivm.com.br\/#\/schema\/logo\/image\/","url":"https:\/\/meusitejuridico.editorajuspodivm.com.br\/s.meusitejuridico\/2022\/03\/cropped-baeec2a3-msj-02-01-01.png","contentUrl":"https:\/\/meusitejuridico.editorajuspodivm.com.br\/s.meusitejuridico\/2022\/03\/cropped-baeec2a3-msj-02-01-01.png","width":349,"height":243,"caption":"Meu site jur\u00eddico"},"image":{"@id":"https:\/\/meusitejuridico.editorajuspodivm.com.br\/#\/schema\/logo\/image\/"}},{"@type":"Person","@id":"https:\/\/meusitejuridico.editorajuspodivm.com.br\/#\/schema\/person\/5c2237ac0c8ff03bcf1a09fe3e45dfce","name":"Equipe Meu Site Jur\u00eddico","image":{"@type":"ImageObject","inLanguage":"pt-BR","@id":"https:\/\/meusitejuridico.editorajuspodivm.com.br\/#\/schema\/person\/image\/","url":"https:\/\/meusitejuridico.editorajuspodivm.com.br\/s.meusitejuridico\/2020\/07\/6be289aa-logo-msj.png","contentUrl":"https:\/\/meusitejuridico.editorajuspodivm.com.br\/s.meusitejuridico\/2020\/07\/6be289aa-logo-msj.png","caption":"Equipe Meu Site Jur\u00eddico"},"description":"Contem conosco!","url":"https:\/\/meusitejuridico.editorajuspodivm.com.br\/author\/equipe-meu-site-juridico\/"}]}},"_links":{"self":[{"href":"https:\/\/meusitejuridico.editorajuspodivm.com.br\/api\/wp\/v2\/posts\/8242","targetHints":{"allow":["GET"]}}],"collection":[{"href":"https:\/\/meusitejuridico.editorajuspodivm.com.br\/api\/wp\/v2\/posts"}],"about":[{"href":"https:\/\/meusitejuridico.editorajuspodivm.com.br\/api\/wp\/v2\/types\/post"}],"author":[{"embeddable":true,"href":"https:\/\/meusitejuridico.editorajuspodivm.com.br\/api\/wp\/v2\/users\/7"}],"replies":[{"embeddable":true,"href":"https:\/\/meusitejuridico.editorajuspodivm.com.br\/api\/wp\/v2\/comments?post=8242"}],"version-history":[{"count":3,"href":"https:\/\/meusitejuridico.editorajuspodivm.com.br\/api\/wp\/v2\/posts\/8242\/revisions"}],"predecessor-version":[{"id":8245,"href":"https:\/\/meusitejuridico.editorajuspodivm.com.br\/api\/wp\/v2\/posts\/8242\/revisions\/8245"}],"wp:featuredmedia":[{"embeddable":true,"href":"https:\/\/meusitejuridico.editorajuspodivm.com.br\/api\/wp\/v2\/media\/4232"}],"wp:attachment":[{"href":"https:\/\/meusitejuridico.editorajuspodivm.com.br\/api\/wp\/v2\/media?parent=8242"}],"wp:term":[{"taxonomy":"category","embeddable":true,"href":"https:\/\/meusitejuridico.editorajuspodivm.com.br\/api\/wp\/v2\/categories?post=8242"},{"taxonomy":"post_tag","embeddable":true,"href":"https:\/\/meusitejuridico.editorajuspodivm.com.br\/api\/wp\/v2\/tags?post=8242"}],"curies":[{"name":"wp","href":"https:\/\/api.w.org\/{rel}","templated":true}]}}