{"id":8408,"date":"2019-05-24T14:01:40","date_gmt":"2019-05-24T17:01:40","guid":{"rendered":"https:\/\/meusitejuridico.editorajuspodivm.com.br\/?p=8408"},"modified":"2022-01-18T16:44:51","modified_gmt":"2022-01-18T19:44:51","slug":"940-foro-por-prerrogativa-de-funcao-nao-se-mantem-em-razao-de-delitos-cometidos-em-mandato-anterior","status":"publish","type":"post","link":"https:\/\/meusitejuridico.editorajuspodivm.com.br\/2019\/05\/24\/940-foro-por-prerrogativa-de-funcao-nao-se-mantem-em-razao-de-delitos-cometidos-em-mandato-anterior\/","title":{"rendered":"940: Foro por prerrogativa de fun\u00e7\u00e3o n\u00e3o se mant\u00e9m em raz\u00e3o de delitos cometidos em mandato anterior"},"content":{"rendered":"<p><a href=\"https:\/\/play.google.com\/store\/apps\/details?id=com.app.meuappjuridico&amp;hl=pt\" target=\"_blank\" rel=\"noopener\"><img decoding=\"async\" class=\"aligncenter wp-image-4610 size-medium\" src=\"https:\/\/s3.meusitejuridico.com.br\/2018\/02\/3cdb1249-banner-app-300x166.jpeg\" alt=\"\" width=\"300\" height=\"166\" srcset=\"https:\/\/meusitejuridico.editorajuspodivm.com.br\/s.meusitejuridico\/2018\/02\/3cdb1249-banner-app-300x166.jpeg 300w, https:\/\/meusitejuridico.editorajuspodivm.com.br\/s.meusitejuridico\/2018\/02\/3cdb1249-banner-app-768x424.jpeg 768w, https:\/\/meusitejuridico.editorajuspodivm.com.br\/s.meusitejuridico\/2018\/02\/3cdb1249-banner-app-1024x566.jpeg 1024w, https:\/\/meusitejuridico.editorajuspodivm.com.br\/s.meusitejuridico\/2018\/02\/3cdb1249-banner-app-80x44.jpeg 80w, https:\/\/meusitejuridico.editorajuspodivm.com.br\/s.meusitejuridico\/2018\/02\/3cdb1249-banner-app.jpeg 1140w\" sizes=\"(max-width: 300px) 100vw, 300px\" \/><\/a><\/p>\n<p><strong>Informativo:<\/strong>\u00a0940 do STF \u2013 Processo Penal<\/p>\n<p><strong>Resumo:<\/strong> Foro por prerrogativa de fun\u00e7\u00e3o n\u00e3o se mant\u00e9m em raz\u00e3o de delitos cometidos em mandato anterior.<\/p>\n<p><strong>Coment\u00e1rios:<\/strong><\/p>\n<p>Nos termos do artigo 53, \u00a71\u00ba da CF\/88, \u201c<em>Os Deputados e Senadores, desde a expedi\u00e7\u00e3o do diploma, ser\u00e3o submetidos a julgamento perante o Supremo Tribunal Federal\u201d<\/em>. Trata-se de foro por prerrogativa de fun\u00e7\u00e3o, exercido pelo STF.<\/p>\n<p>No julgamento de quest\u00e3o de ordem na A\u00e7\u00e3o Penal 937, o Supremo Tribunal Federal decidiu que:\u00a01) a prerrogativa de foro se limita aos crimes cometidos no exerc\u00edcio do cargo e em raz\u00e3o dele; 2) a jurisdi\u00e7\u00e3o do STF se perpetua caso tenha havido o encerramento da instru\u00e7\u00e3o processual \u2013 leia-se: intima\u00e7\u00e3o das partes para apresenta\u00e7\u00e3o das derradeiras alega\u00e7\u00f5es \u2013 antes da extin\u00e7\u00e3o do mandato.<\/p>\n<p>Ao julgar o recurso extraordin\u00e1rio 1.185.838 (j. 14\/05\/2019), a 1\u00aa Turma do Supremo Tribunal Federal reafirmou a jurisprud\u00eancia e afastou o foro por prerrogativa de fun\u00e7\u00e3o relativo a prefeito que estava sendo processo no Tribunal de Justi\u00e7a local por fatos cometidos em mandato anterior.<\/p>\n<p>Inicialmente, a ministra Rosa Weber havia negado seguimento ao recurso \u2013 no qual se pretendia o afastamento da prerrogativa de foro \u2013 por considerar que a manuten\u00e7\u00e3o do feito no Tribunal de Justi\u00e7a n\u00e3o contrariava a jurisprud\u00eancia do STF:<\/p>\n<p><em>\u201c(&#8230;) <\/em><em>Relacionada a den\u00fancia a fatos ocorridos quando o recorrente ocupava o cargo de prefeito do Munic\u00edpio de Barueri, cargo que atualmente ocupa, ainda que decorrente de nova elei\u00e7\u00e3o, a manuten\u00e7\u00e3o do julgamento da a\u00e7\u00e3o penal perante o Tribunal de Justi\u00e7a n\u00e3o afronta o art. 29, X, da Constitui\u00e7\u00e3o Federal (&#8230;).\u201d<\/em><\/p>\n<p>Interposto agravo regimental, a 1\u00aa Turma deu-lhe provimento e determinou a remessa dos autos \u00e0 primeira inst\u00e2ncia, mantida a validade de todos os atos praticados pelo Tribunal de Justi\u00e7a respons\u00e1vel pelo recebimento de den\u00fancia.<\/p>\n<p>O \u00f3rg\u00e3o colegiado reafirmou o teor da decis\u00e3o proferida na quest\u00e3o de ordem j\u00e1 mencionada no sentido de que o foro por prerrogativa de fun\u00e7\u00e3o se aplica apenas aos crimes cometidos durante o exerc\u00edcio do cargo e relacionados \u00e0s fun\u00e7\u00f5es executadas. E acrescentou que a prerrogativa decorre t\u00e3o somente de fun\u00e7\u00f5es desempenhadas na atualidade, sem abranger interregnos de mandatos.<\/p>\n<p>Naquele caso, os atos tidos como criminosos haviam sido cometidos durante determinado mandato, e, ap\u00f3s um intervalo de quatro anos sem cargo, o acusado foi eleito novamente para outro mandato de prefeito. Como n\u00e3o se tratou de um caso de reelei\u00e7\u00e3o, o STF considerou que, aplicada a orienta\u00e7\u00e3o atual do tribunal, o t\u00e9rmino do mandato ensejaria a remessa do feito \u00e0 primeira inst\u00e2ncia e a elei\u00e7\u00e3o mais recente, absolutamente distinta da anterior, s\u00f3 poderia ser considerada para estabelecer prerrogativa de foro para fatos cometidos no exerc\u00edcio do novo mandato.<\/p>\n<p><strong>Para se aprofundar, recomendamos:<\/strong><\/p>\n<p>Livro:\u00a0<a href=\"https:\/\/www.editorajuspodivm.com.br\/manual-de-direito-penal-parte-geral-2019\" target=\"_blank\" rel=\"noopener\">Manual de Direito Penal (parte geral)<\/a><\/p>\n","protected":false},"excerpt":{"rendered":"<p>Informativo:\u00a0940 do STF \u2013 Processo Penal Resumo: Foro por prerrogativa de fun\u00e7\u00e3o n\u00e3o se mant\u00e9m em raz\u00e3o de delitos cometidos em mandato anterior. Coment\u00e1rios: Nos termos do artigo 53, \u00a71\u00ba da CF\/88, \u201cOs Deputados e Senadores, desde a expedi\u00e7\u00e3o do diploma, ser\u00e3o submetidos a julgamento perante o Supremo Tribunal Federal\u201d. Trata-se de foro por prerrogativa [&hellip;]<\/p>\n","protected":false},"author":3,"featured_media":5461,"comment_status":"open","ping_status":"open","sticky":false,"template":"","format":"standard","meta":{"_acf_changed":false,"footnotes":""},"categories":[114,70,79],"tags":[566,2655,2654,565,2656,116],"class_list":["post-8408","post","type-post","status-publish","format-standard","has-post-thumbnail","hentry","category-direito-processual-penal","category-informativos-comentados","category-informativos-stf","tag-ap-937","tag-mandato-encerrado","tag-prefeito","tag-prerrogativa-de-foro","tag-reeleicao","tag-stf"],"acf":[],"yoast_head":"<!-- This site is optimized with the Yoast SEO plugin v24.8.1 - https:\/\/yoast.com\/wordpress\/plugins\/seo\/ -->\n<title>940: Foro por prerrogativa de fun\u00e7\u00e3o n\u00e3o se mant\u00e9m em raz\u00e3o de delitos cometidos em mandato anterior - Meu site jur\u00eddico<\/title>\n<meta name=\"robots\" content=\"index, follow, max-snippet:-1, max-image-preview:large, max-video-preview:-1\" \/>\n<link rel=\"canonical\" href=\"https:\/\/meusitejuridico.editorajuspodivm.com.br\/2019\/05\/24\/940-foro-por-prerrogativa-de-funcao-nao-se-mantem-em-razao-de-delitos-cometidos-em-mandato-anterior\/\" \/>\n<meta property=\"og:locale\" content=\"pt_BR\" \/>\n<meta property=\"og:type\" content=\"article\" \/>\n<meta property=\"og:title\" content=\"940: Foro por prerrogativa de fun\u00e7\u00e3o n\u00e3o se mant\u00e9m em raz\u00e3o de delitos cometidos em mandato anterior - Meu site jur\u00eddico\" \/>\n<meta property=\"og:description\" content=\"Informativo:\u00a0940 do STF \u2013 Processo Penal Resumo: Foro por prerrogativa de fun\u00e7\u00e3o n\u00e3o se mant\u00e9m em raz\u00e3o de delitos cometidos em mandato anterior. Coment\u00e1rios: Nos termos do artigo 53, \u00a71\u00ba da CF\/88, \u201cOs Deputados e Senadores, desde a expedi\u00e7\u00e3o do diploma, ser\u00e3o submetidos a julgamento perante o Supremo Tribunal Federal\u201d. Trata-se de foro por prerrogativa [&hellip;]\" \/>\n<meta property=\"og:url\" content=\"https:\/\/meusitejuridico.editorajuspodivm.com.br\/2019\/05\/24\/940-foro-por-prerrogativa-de-funcao-nao-se-mantem-em-razao-de-delitos-cometidos-em-mandato-anterior\/\" \/>\n<meta property=\"og:site_name\" content=\"Meu site jur\u00eddico\" \/>\n<meta property=\"article:author\" content=\"https:\/\/www.facebook.com\/RogerioSanchesC\" \/>\n<meta property=\"article:published_time\" content=\"2019-05-24T17:01:40+00:00\" \/>\n<meta property=\"article:modified_time\" content=\"2022-01-18T19:44:51+00:00\" \/>\n<meta property=\"og:image\" content=\"https:\/\/meusitejuridico.editorajuspodivm.com.br\/s.meusitejuridico\/2018\/06\/b4416951-shutterstock-1051647395.jpg\" \/>\n\t<meta property=\"og:image:width\" content=\"1000\" \/>\n\t<meta property=\"og:image:height\" content=\"563\" \/>\n\t<meta property=\"og:image:type\" content=\"image\/jpeg\" \/>\n<meta name=\"author\" content=\"Rog\u00e9rio Sanches Cunha\" \/>\n<meta name=\"twitter:card\" content=\"summary_large_image\" \/>\n<meta name=\"twitter:creator\" content=\"@RogerioSanchesC\" \/>\n<meta name=\"twitter:label1\" content=\"Escrito por\" \/>\n\t<meta name=\"twitter:data1\" content=\"Rog\u00e9rio Sanches Cunha\" \/>\n\t<meta name=\"twitter:label2\" content=\"Est. tempo de leitura\" \/>\n\t<meta name=\"twitter:data2\" content=\"2 minutos\" \/>\n<script type=\"application\/ld+json\" class=\"yoast-schema-graph\">{\"@context\":\"https:\/\/schema.org\",\"@graph\":[{\"@type\":\"Article\",\"@id\":\"https:\/\/meusitejuridico.editorajuspodivm.com.br\/2019\/05\/24\/940-foro-por-prerrogativa-de-funcao-nao-se-mantem-em-razao-de-delitos-cometidos-em-mandato-anterior\/#article\",\"isPartOf\":{\"@id\":\"https:\/\/meusitejuridico.editorajuspodivm.com.br\/2019\/05\/24\/940-foro-por-prerrogativa-de-funcao-nao-se-mantem-em-razao-de-delitos-cometidos-em-mandato-anterior\/\"},\"author\":{\"name\":\"Rog\u00e9rio Sanches Cunha\",\"@id\":\"https:\/\/cdn.meusitejuridico.com.br\/#\/schema\/person\/a3cebf06fd267ee700aae09eb6722d16\"},\"headline\":\"940: Foro por prerrogativa de fun\u00e7\u00e3o n\u00e3o se mant\u00e9m em raz\u00e3o de delitos cometidos em mandato anterior\",\"datePublished\":\"2019-05-24T17:01:40+00:00\",\"dateModified\":\"2022-01-18T19:44:51+00:00\",\"mainEntityOfPage\":{\"@id\":\"https:\/\/meusitejuridico.editorajuspodivm.com.br\/2019\/05\/24\/940-foro-por-prerrogativa-de-funcao-nao-se-mantem-em-razao-de-delitos-cometidos-em-mandato-anterior\/\"},\"wordCount\":507,\"commentCount\":0,\"publisher\":{\"@id\":\"https:\/\/cdn.meusitejuridico.com.br\/#organization\"},\"image\":{\"@id\":\"https:\/\/meusitejuridico.editorajuspodivm.com.br\/2019\/05\/24\/940-foro-por-prerrogativa-de-funcao-nao-se-mantem-em-razao-de-delitos-cometidos-em-mandato-anterior\/#primaryimage\"},\"thumbnailUrl\":\"https:\/\/meusitejuridico.editorajuspodivm.com.br\/s.meusitejuridico\/2018\/06\/b4416951-shutterstock-1051647395.jpg\",\"keywords\":[\"AP 937\",\"mandato encerrado\",\"prefeito\",\"prerrogativa de foro\",\"reelei\u00e7\u00e3o\",\"STF\"],\"articleSection\":[\"Direito Processual Penal\",\"Informativos\",\"STF\"],\"inLanguage\":\"pt-BR\",\"potentialAction\":[{\"@type\":\"CommentAction\",\"name\":\"Comment\",\"target\":[\"https:\/\/meusitejuridico.editorajuspodivm.com.br\/2019\/05\/24\/940-foro-por-prerrogativa-de-funcao-nao-se-mantem-em-razao-de-delitos-cometidos-em-mandato-anterior\/#respond\"]}]},{\"@type\":\"WebPage\",\"@id\":\"https:\/\/meusitejuridico.editorajuspodivm.com.br\/2019\/05\/24\/940-foro-por-prerrogativa-de-funcao-nao-se-mantem-em-razao-de-delitos-cometidos-em-mandato-anterior\/\",\"url\":\"https:\/\/meusitejuridico.editorajuspodivm.com.br\/2019\/05\/24\/940-foro-por-prerrogativa-de-funcao-nao-se-mantem-em-razao-de-delitos-cometidos-em-mandato-anterior\/\",\"name\":\"940: Foro por prerrogativa de fun\u00e7\u00e3o n\u00e3o se mant\u00e9m em raz\u00e3o de delitos cometidos em mandato anterior - Meu site jur\u00eddico\",\"isPartOf\":{\"@id\":\"https:\/\/cdn.meusitejuridico.com.br\/#website\"},\"primaryImageOfPage\":{\"@id\":\"https:\/\/meusitejuridico.editorajuspodivm.com.br\/2019\/05\/24\/940-foro-por-prerrogativa-de-funcao-nao-se-mantem-em-razao-de-delitos-cometidos-em-mandato-anterior\/#primaryimage\"},\"image\":{\"@id\":\"https:\/\/meusitejuridico.editorajuspodivm.com.br\/2019\/05\/24\/940-foro-por-prerrogativa-de-funcao-nao-se-mantem-em-razao-de-delitos-cometidos-em-mandato-anterior\/#primaryimage\"},\"thumbnailUrl\":\"https:\/\/meusitejuridico.editorajuspodivm.com.br\/s.meusitejuridico\/2018\/06\/b4416951-shutterstock-1051647395.jpg\",\"datePublished\":\"2019-05-24T17:01:40+00:00\",\"dateModified\":\"2022-01-18T19:44:51+00:00\",\"breadcrumb\":{\"@id\":\"https:\/\/meusitejuridico.editorajuspodivm.com.br\/2019\/05\/24\/940-foro-por-prerrogativa-de-funcao-nao-se-mantem-em-razao-de-delitos-cometidos-em-mandato-anterior\/#breadcrumb\"},\"inLanguage\":\"pt-BR\",\"potentialAction\":[{\"@type\":\"ReadAction\",\"target\":[\"https:\/\/meusitejuridico.editorajuspodivm.com.br\/2019\/05\/24\/940-foro-por-prerrogativa-de-funcao-nao-se-mantem-em-razao-de-delitos-cometidos-em-mandato-anterior\/\"]}]},{\"@type\":\"ImageObject\",\"inLanguage\":\"pt-BR\",\"@id\":\"https:\/\/meusitejuridico.editorajuspodivm.com.br\/2019\/05\/24\/940-foro-por-prerrogativa-de-funcao-nao-se-mantem-em-razao-de-delitos-cometidos-em-mandato-anterior\/#primaryimage\",\"url\":\"https:\/\/meusitejuridico.editorajuspodivm.com.br\/s.meusitejuridico\/2018\/06\/b4416951-shutterstock-1051647395.jpg\",\"contentUrl\":\"https:\/\/meusitejuridico.editorajuspodivm.com.br\/s.meusitejuridico\/2018\/06\/b4416951-shutterstock-1051647395.jpg\",\"width\":1000,\"height\":563},{\"@type\":\"BreadcrumbList\",\"@id\":\"https:\/\/meusitejuridico.editorajuspodivm.com.br\/2019\/05\/24\/940-foro-por-prerrogativa-de-funcao-nao-se-mantem-em-razao-de-delitos-cometidos-em-mandato-anterior\/#breadcrumb\",\"itemListElement\":[{\"@type\":\"ListItem\",\"position\":1,\"name\":\"In\u00edcio\",\"item\":\"https:\/\/cdn.meusitejuridico.com.br\/\"},{\"@type\":\"ListItem\",\"position\":2,\"name\":\"940: Foro por prerrogativa de fun\u00e7\u00e3o n\u00e3o se mant\u00e9m em raz\u00e3o de delitos cometidos em mandato anterior\"}]},{\"@type\":\"WebSite\",\"@id\":\"https:\/\/cdn.meusitejuridico.com.br\/#website\",\"url\":\"https:\/\/cdn.meusitejuridico.com.br\/\",\"name\":\"Meu site jur\u00eddico\",\"description\":\"Meu site jur\u00eddico\",\"publisher\":{\"@id\":\"https:\/\/cdn.meusitejuridico.com.br\/#organization\"},\"potentialAction\":[{\"@type\":\"SearchAction\",\"target\":{\"@type\":\"EntryPoint\",\"urlTemplate\":\"https:\/\/cdn.meusitejuridico.com.br\/?s={search_term_string}\"},\"query-input\":{\"@type\":\"PropertyValueSpecification\",\"valueRequired\":true,\"valueName\":\"search_term_string\"}}],\"inLanguage\":\"pt-BR\"},{\"@type\":\"Organization\",\"@id\":\"https:\/\/cdn.meusitejuridico.com.br\/#organization\",\"name\":\"Meu site jur\u00eddico\",\"url\":\"https:\/\/cdn.meusitejuridico.com.br\/\",\"logo\":{\"@type\":\"ImageObject\",\"inLanguage\":\"pt-BR\",\"@id\":\"https:\/\/cdn.meusitejuridico.com.br\/#\/schema\/logo\/image\/\",\"url\":\"https:\/\/meusitejuridico.editorajuspodivm.com.br\/s.meusitejuridico\/2022\/03\/cropped-baeec2a3-msj-02-01-01.png\",\"contentUrl\":\"https:\/\/meusitejuridico.editorajuspodivm.com.br\/s.meusitejuridico\/2022\/03\/cropped-baeec2a3-msj-02-01-01.png\",\"width\":349,\"height\":243,\"caption\":\"Meu site jur\u00eddico\"},\"image\":{\"@id\":\"https:\/\/cdn.meusitejuridico.com.br\/#\/schema\/logo\/image\/\"}},{\"@type\":\"Person\",\"@id\":\"https:\/\/cdn.meusitejuridico.com.br\/#\/schema\/person\/a3cebf06fd267ee700aae09eb6722d16\",\"name\":\"Rog\u00e9rio Sanches Cunha\",\"image\":{\"@type\":\"ImageObject\",\"inLanguage\":\"pt-BR\",\"@id\":\"https:\/\/cdn.meusitejuridico.com.br\/#\/schema\/person\/image\/\",\"url\":\"https:\/\/meusitejuridico.editorajuspodivm.com.br\/s.meusitejuridico\/2023\/04\/7de31285-rsc-0054-scaled-e1681840173909-150x150.jpg\",\"contentUrl\":\"https:\/\/meusitejuridico.editorajuspodivm.com.br\/s.meusitejuridico\/2023\/04\/7de31285-rsc-0054-scaled-e1681840173909-150x150.jpg\",\"caption\":\"Rog\u00e9rio Sanches Cunha\"},\"description\":\"Membro do Ministe\u0301rio Pu\u0301blico do Estado de Sa\u0303o Paulo. Professor da Escola Superior do Ministe\u0301rio Pu\u0301blico dos estados de Sa\u0303o Paulo, Mato Grosso e Santa Catarina. Coordenador Pedag\u00f3gico e Professor de Penal e Processo Penal do Curso RSConline. Fundador do site www.meusitejuridico.com.br. Cofundador e coordenador pedago\u0301gico do JUSPLAY. Autor de obras juri\u0301dicas.\",\"sameAs\":[\"https:\/\/www.editorajuspodivm.com.br\/autores\/detalhe\/107?idtag=ebe04ee0-bb3c-4b7f-96b9-fcd9428789d5\",\"https:\/\/www.facebook.com\/RogerioSanchesC\",\"https:\/\/www.instagram.com\/rogeriosanchescunha\/\",\"https:\/\/x.com\/RogerioSanchesC\",\"https:\/\/www.youtube.com\/user\/RogerioSanchesC\"],\"url\":\"https:\/\/meusitejuridico.editorajuspodivm.com.br\/author\/redesrogeriogmail-com\/\"}]}<\/script>\n<!-- \/ Yoast SEO plugin. -->","yoast_head_json":{"title":"940: Foro por prerrogativa de fun\u00e7\u00e3o n\u00e3o se mant\u00e9m em raz\u00e3o de delitos cometidos em mandato anterior - Meu site jur\u00eddico","robots":{"index":"index","follow":"follow","max-snippet":"max-snippet:-1","max-image-preview":"max-image-preview:large","max-video-preview":"max-video-preview:-1"},"canonical":"https:\/\/meusitejuridico.editorajuspodivm.com.br\/2019\/05\/24\/940-foro-por-prerrogativa-de-funcao-nao-se-mantem-em-razao-de-delitos-cometidos-em-mandato-anterior\/","og_locale":"pt_BR","og_type":"article","og_title":"940: Foro por prerrogativa de fun\u00e7\u00e3o n\u00e3o se mant\u00e9m em raz\u00e3o de delitos cometidos em mandato anterior - Meu site jur\u00eddico","og_description":"Informativo:\u00a0940 do STF \u2013 Processo Penal Resumo: Foro por prerrogativa de fun\u00e7\u00e3o n\u00e3o se mant\u00e9m em raz\u00e3o de delitos cometidos em mandato anterior. Coment\u00e1rios: Nos termos do artigo 53, \u00a71\u00ba da CF\/88, \u201cOs Deputados e Senadores, desde a expedi\u00e7\u00e3o do diploma, ser\u00e3o submetidos a julgamento perante o Supremo Tribunal Federal\u201d. Trata-se de foro por prerrogativa [&hellip;]","og_url":"https:\/\/meusitejuridico.editorajuspodivm.com.br\/2019\/05\/24\/940-foro-por-prerrogativa-de-funcao-nao-se-mantem-em-razao-de-delitos-cometidos-em-mandato-anterior\/","og_site_name":"Meu site jur\u00eddico","article_author":"https:\/\/www.facebook.com\/RogerioSanchesC","article_published_time":"2019-05-24T17:01:40+00:00","article_modified_time":"2022-01-18T19:44:51+00:00","og_image":[{"width":1000,"height":563,"url":"https:\/\/meusitejuridico.editorajuspodivm.com.br\/s.meusitejuridico\/2018\/06\/b4416951-shutterstock-1051647395.jpg","type":"image\/jpeg"}],"author":"Rog\u00e9rio Sanches Cunha","twitter_card":"summary_large_image","twitter_creator":"@RogerioSanchesC","twitter_misc":{"Escrito por":"Rog\u00e9rio Sanches Cunha","Est. tempo de leitura":"2 minutos"},"schema":{"@context":"https:\/\/schema.org","@graph":[{"@type":"Article","@id":"https:\/\/meusitejuridico.editorajuspodivm.com.br\/2019\/05\/24\/940-foro-por-prerrogativa-de-funcao-nao-se-mantem-em-razao-de-delitos-cometidos-em-mandato-anterior\/#article","isPartOf":{"@id":"https:\/\/meusitejuridico.editorajuspodivm.com.br\/2019\/05\/24\/940-foro-por-prerrogativa-de-funcao-nao-se-mantem-em-razao-de-delitos-cometidos-em-mandato-anterior\/"},"author":{"name":"Rog\u00e9rio Sanches Cunha","@id":"https:\/\/cdn.meusitejuridico.com.br\/#\/schema\/person\/a3cebf06fd267ee700aae09eb6722d16"},"headline":"940: Foro por prerrogativa de fun\u00e7\u00e3o n\u00e3o se mant\u00e9m em raz\u00e3o de delitos cometidos em mandato anterior","datePublished":"2019-05-24T17:01:40+00:00","dateModified":"2022-01-18T19:44:51+00:00","mainEntityOfPage":{"@id":"https:\/\/meusitejuridico.editorajuspodivm.com.br\/2019\/05\/24\/940-foro-por-prerrogativa-de-funcao-nao-se-mantem-em-razao-de-delitos-cometidos-em-mandato-anterior\/"},"wordCount":507,"commentCount":0,"publisher":{"@id":"https:\/\/cdn.meusitejuridico.com.br\/#organization"},"image":{"@id":"https:\/\/meusitejuridico.editorajuspodivm.com.br\/2019\/05\/24\/940-foro-por-prerrogativa-de-funcao-nao-se-mantem-em-razao-de-delitos-cometidos-em-mandato-anterior\/#primaryimage"},"thumbnailUrl":"https:\/\/meusitejuridico.editorajuspodivm.com.br\/s.meusitejuridico\/2018\/06\/b4416951-shutterstock-1051647395.jpg","keywords":["AP 937","mandato encerrado","prefeito","prerrogativa de foro","reelei\u00e7\u00e3o","STF"],"articleSection":["Direito Processual Penal","Informativos","STF"],"inLanguage":"pt-BR","potentialAction":[{"@type":"CommentAction","name":"Comment","target":["https:\/\/meusitejuridico.editorajuspodivm.com.br\/2019\/05\/24\/940-foro-por-prerrogativa-de-funcao-nao-se-mantem-em-razao-de-delitos-cometidos-em-mandato-anterior\/#respond"]}]},{"@type":"WebPage","@id":"https:\/\/meusitejuridico.editorajuspodivm.com.br\/2019\/05\/24\/940-foro-por-prerrogativa-de-funcao-nao-se-mantem-em-razao-de-delitos-cometidos-em-mandato-anterior\/","url":"https:\/\/meusitejuridico.editorajuspodivm.com.br\/2019\/05\/24\/940-foro-por-prerrogativa-de-funcao-nao-se-mantem-em-razao-de-delitos-cometidos-em-mandato-anterior\/","name":"940: Foro por prerrogativa de fun\u00e7\u00e3o n\u00e3o se mant\u00e9m em raz\u00e3o de delitos cometidos em mandato anterior - Meu site jur\u00eddico","isPartOf":{"@id":"https:\/\/cdn.meusitejuridico.com.br\/#website"},"primaryImageOfPage":{"@id":"https:\/\/meusitejuridico.editorajuspodivm.com.br\/2019\/05\/24\/940-foro-por-prerrogativa-de-funcao-nao-se-mantem-em-razao-de-delitos-cometidos-em-mandato-anterior\/#primaryimage"},"image":{"@id":"https:\/\/meusitejuridico.editorajuspodivm.com.br\/2019\/05\/24\/940-foro-por-prerrogativa-de-funcao-nao-se-mantem-em-razao-de-delitos-cometidos-em-mandato-anterior\/#primaryimage"},"thumbnailUrl":"https:\/\/meusitejuridico.editorajuspodivm.com.br\/s.meusitejuridico\/2018\/06\/b4416951-shutterstock-1051647395.jpg","datePublished":"2019-05-24T17:01:40+00:00","dateModified":"2022-01-18T19:44:51+00:00","breadcrumb":{"@id":"https:\/\/meusitejuridico.editorajuspodivm.com.br\/2019\/05\/24\/940-foro-por-prerrogativa-de-funcao-nao-se-mantem-em-razao-de-delitos-cometidos-em-mandato-anterior\/#breadcrumb"},"inLanguage":"pt-BR","potentialAction":[{"@type":"ReadAction","target":["https:\/\/meusitejuridico.editorajuspodivm.com.br\/2019\/05\/24\/940-foro-por-prerrogativa-de-funcao-nao-se-mantem-em-razao-de-delitos-cometidos-em-mandato-anterior\/"]}]},{"@type":"ImageObject","inLanguage":"pt-BR","@id":"https:\/\/meusitejuridico.editorajuspodivm.com.br\/2019\/05\/24\/940-foro-por-prerrogativa-de-funcao-nao-se-mantem-em-razao-de-delitos-cometidos-em-mandato-anterior\/#primaryimage","url":"https:\/\/meusitejuridico.editorajuspodivm.com.br\/s.meusitejuridico\/2018\/06\/b4416951-shutterstock-1051647395.jpg","contentUrl":"https:\/\/meusitejuridico.editorajuspodivm.com.br\/s.meusitejuridico\/2018\/06\/b4416951-shutterstock-1051647395.jpg","width":1000,"height":563},{"@type":"BreadcrumbList","@id":"https:\/\/meusitejuridico.editorajuspodivm.com.br\/2019\/05\/24\/940-foro-por-prerrogativa-de-funcao-nao-se-mantem-em-razao-de-delitos-cometidos-em-mandato-anterior\/#breadcrumb","itemListElement":[{"@type":"ListItem","position":1,"name":"In\u00edcio","item":"https:\/\/cdn.meusitejuridico.com.br\/"},{"@type":"ListItem","position":2,"name":"940: Foro por prerrogativa de fun\u00e7\u00e3o n\u00e3o se mant\u00e9m em raz\u00e3o de delitos cometidos em mandato anterior"}]},{"@type":"WebSite","@id":"https:\/\/cdn.meusitejuridico.com.br\/#website","url":"https:\/\/cdn.meusitejuridico.com.br\/","name":"Meu site jur\u00eddico","description":"Meu site jur\u00eddico","publisher":{"@id":"https:\/\/cdn.meusitejuridico.com.br\/#organization"},"potentialAction":[{"@type":"SearchAction","target":{"@type":"EntryPoint","urlTemplate":"https:\/\/cdn.meusitejuridico.com.br\/?s={search_term_string}"},"query-input":{"@type":"PropertyValueSpecification","valueRequired":true,"valueName":"search_term_string"}}],"inLanguage":"pt-BR"},{"@type":"Organization","@id":"https:\/\/cdn.meusitejuridico.com.br\/#organization","name":"Meu site jur\u00eddico","url":"https:\/\/cdn.meusitejuridico.com.br\/","logo":{"@type":"ImageObject","inLanguage":"pt-BR","@id":"https:\/\/cdn.meusitejuridico.com.br\/#\/schema\/logo\/image\/","url":"https:\/\/meusitejuridico.editorajuspodivm.com.br\/s.meusitejuridico\/2022\/03\/cropped-baeec2a3-msj-02-01-01.png","contentUrl":"https:\/\/meusitejuridico.editorajuspodivm.com.br\/s.meusitejuridico\/2022\/03\/cropped-baeec2a3-msj-02-01-01.png","width":349,"height":243,"caption":"Meu site jur\u00eddico"},"image":{"@id":"https:\/\/cdn.meusitejuridico.com.br\/#\/schema\/logo\/image\/"}},{"@type":"Person","@id":"https:\/\/cdn.meusitejuridico.com.br\/#\/schema\/person\/a3cebf06fd267ee700aae09eb6722d16","name":"Rog\u00e9rio Sanches Cunha","image":{"@type":"ImageObject","inLanguage":"pt-BR","@id":"https:\/\/cdn.meusitejuridico.com.br\/#\/schema\/person\/image\/","url":"https:\/\/meusitejuridico.editorajuspodivm.com.br\/s.meusitejuridico\/2023\/04\/7de31285-rsc-0054-scaled-e1681840173909-150x150.jpg","contentUrl":"https:\/\/meusitejuridico.editorajuspodivm.com.br\/s.meusitejuridico\/2023\/04\/7de31285-rsc-0054-scaled-e1681840173909-150x150.jpg","caption":"Rog\u00e9rio Sanches Cunha"},"description":"Membro do Ministe\u0301rio Pu\u0301blico do Estado de Sa\u0303o Paulo. Professor da Escola Superior do Ministe\u0301rio Pu\u0301blico dos estados de Sa\u0303o Paulo, Mato Grosso e Santa Catarina. Coordenador Pedag\u00f3gico e Professor de Penal e Processo Penal do Curso RSConline. Fundador do site www.meusitejuridico.com.br. Cofundador e coordenador pedago\u0301gico do JUSPLAY. Autor de obras juri\u0301dicas.","sameAs":["https:\/\/www.editorajuspodivm.com.br\/autores\/detalhe\/107?idtag=ebe04ee0-bb3c-4b7f-96b9-fcd9428789d5","https:\/\/www.facebook.com\/RogerioSanchesC","https:\/\/www.instagram.com\/rogeriosanchescunha\/","https:\/\/x.com\/RogerioSanchesC","https:\/\/www.youtube.com\/user\/RogerioSanchesC"],"url":"https:\/\/meusitejuridico.editorajuspodivm.com.br\/author\/redesrogeriogmail-com\/"}]}},"_links":{"self":[{"href":"https:\/\/meusitejuridico.editorajuspodivm.com.br\/api\/wp\/v2\/posts\/8408","targetHints":{"allow":["GET"]}}],"collection":[{"href":"https:\/\/meusitejuridico.editorajuspodivm.com.br\/api\/wp\/v2\/posts"}],"about":[{"href":"https:\/\/meusitejuridico.editorajuspodivm.com.br\/api\/wp\/v2\/types\/post"}],"author":[{"embeddable":true,"href":"https:\/\/meusitejuridico.editorajuspodivm.com.br\/api\/wp\/v2\/users\/3"}],"replies":[{"embeddable":true,"href":"https:\/\/meusitejuridico.editorajuspodivm.com.br\/api\/wp\/v2\/comments?post=8408"}],"version-history":[{"count":3,"href":"https:\/\/meusitejuridico.editorajuspodivm.com.br\/api\/wp\/v2\/posts\/8408\/revisions"}],"predecessor-version":[{"id":8410,"href":"https:\/\/meusitejuridico.editorajuspodivm.com.br\/api\/wp\/v2\/posts\/8408\/revisions\/8410"}],"wp:featuredmedia":[{"embeddable":true,"href":"https:\/\/meusitejuridico.editorajuspodivm.com.br\/api\/wp\/v2\/media\/5461"}],"wp:attachment":[{"href":"https:\/\/meusitejuridico.editorajuspodivm.com.br\/api\/wp\/v2\/media?parent=8408"}],"wp:term":[{"taxonomy":"category","embeddable":true,"href":"https:\/\/meusitejuridico.editorajuspodivm.com.br\/api\/wp\/v2\/categories?post=8408"},{"taxonomy":"post_tag","embeddable":true,"href":"https:\/\/meusitejuridico.editorajuspodivm.com.br\/api\/wp\/v2\/tags?post=8408"}],"curies":[{"name":"wp","href":"https:\/\/api.w.org\/{rel}","templated":true}]}}